{"id":57095,"date":"2024-01-03T20:35:19","date_gmt":"2024-01-03T19:35:19","guid":{"rendered":"https:\/\/www.fundacioires.org\/?p=57095"},"modified":"2024-01-03T20:35:25","modified_gmt":"2024-01-03T19:35:25","slug":"presentacio-llibre-adopcio-a-catalunya","status":"publish","type":"post","link":"https:\/\/www.fundacioires.org\/ca\/presentacio-llibre-adopcio-a-catalunya\/","title":{"rendered":"L&#8217;equip d&#8217;Adopcions de la Fundaci\u00f3 IRES participa en la presentaci\u00f3 del llibre &#8220;L&#8217;adopci\u00f3 a Catalunya&#8221;"},"content":{"rendered":"\n<p>El passat dimarts 19 de desembre el Servei d&#8217;Adopcions d&#8217;infants amb necessitats especials de la Fundaci\u00f3 IRES va participar en la Presentaci\u00f3 del llibre &#8220;<strong>L&#8217;adopci\u00f3 a Catalunya: experi\u00e8ncies personals, familiars i professionals<\/strong>&#8221; elaborat per en Carles Benet, cap de la Unitat de fam\u00edlies de l&#8217;ICAA i la Magda Hospital, responsable de suport a les fam\u00edlies.<\/p>\n\n\n\n<p>Aquest acte coincidia amb els 26 anys del naixement de l&#8217;<strong>ICAA<\/strong> (Institut Catal\u00e0 de l&#8217;Adopci\u00f3 i l&#8217;Acolliment). L&#8217;acte es va realitzar al <strong>Departament de Drets Socials<\/strong> on van estar presents el conseller, Carles Campuzano i el director de l&#8217;<strong>ICAA<\/strong>, <strong>Josep M\u00ba Forn\u00e9<\/strong>, aix\u00ed com els autors dels testimonis que van participar en el llibre, fam\u00edlies adoptives, infants adoptats, fam\u00edlia biol\u00f2gica i professionals.<\/p>\n\n\n\n<p>Des de la <strong>Direcci\u00f3 d&#8217;ICAA<\/strong> es fa un reconeixement de la tasca acomplerta per tots els professionals i s&#8217;agraeix la valentia de tots els testimonis que han participat en el llibre.<\/p>\n\n\n\n<p>En aquest llibre s&#8217;ha recollit per cap\u00edtols la veu dels diferents agents de l&#8217;adopci\u00f3: nens adoptats, fam\u00edlies adoptives, fam\u00edlia biol\u00f2gica i professionals. Altres cap\u00edtols s&#8217;han dedicat al treball grupal amb fam\u00edlies, al treball grupal amb joves adoptats, a l&#8217;adopci\u00f3 i l&#8217;escola i la recerca d&#8217;or\u00edgens.<\/p>\n\n\n\n<p>Durant l&#8217;acte de presentaci\u00f3, els testimonis han fet un relat de la viv\u00e8ncia de la seva realitat i participaci\u00f3 en aquest llibre i tamb\u00e9 els professionals <strong>Vinyet Miravent<\/strong>, psic\u00f2loga amb una llarga traject\u00f2ria en el camp de la formaci\u00f3, recerca i tractament de fam\u00edlies adoptives i infants adoptats i la<strong> Neus Tom\u00e0s<\/strong>, pedagoga dedicada a l&#8217;acompanyament per la recerca d&#8217;or\u00edgens i que en el llibre ha donat veu a les mares biol\u00f2giques.<\/p>\n\n\n\n<p>L&#8217;acte va finalitzar amb la cloenda del conseller assenyalant que la inf\u00e0ncia \u00e9s un b\u00e9 p\u00fablic i que s&#8217;ha de cuidar, va parlar de la taxa de pobresa infantil de l&#8217;<strong>11% a Catalunya<\/strong> i l&#8217;endarreriment de l&#8217;edat d&#8217;emancipaci\u00f3 dels joves, m\u00e9s enll\u00e0 dels <strong>30 anys<\/strong>, que reverteix en una taxa de fecunditat molt baixa sent aquest un problema col\u00b7lectiu.<\/p>\n\n\n\n<p>En aquests 25 anys s&#8217;ha pogut donar resposta a <strong>2500 infants<\/strong> que necessitaven una fam\u00edlia en l&#8217;\u00e0mbit nacional a Catalunya i <strong>14.000 a trav\u00e9s de l&#8217;adopci\u00f3 internacional<\/strong>.<\/p>\n\n\n\n<p><strong>El llibre es trobar\u00e0 virtualment accedint al Departament de Drets Socials, en l\u2019apartat de publicaci\u00f3, col\u00b7lecci\u00f3, departament, inf\u00e0ncia.<\/strong><\/p>\n","protected":false},"excerpt":{"rendered":"<p>En aquest llibre s&#8217;ha recollit per cap\u00edtols la veu dels diferents agents de l&#8217;adopci\u00f3: nens adoptats, fam\u00edlies adoptives, fam\u00edlia biol\u00f2gica i professionals.<\/p>\n","protected":false},"author":7,"featured_media":57106,"comment_status":"closed","ping_status":"open","sticky":false,"template":"","format":"standard","meta":{"_jetpack_memberships_contains_paid_content":false,"footnotes":""},"categories":[19],"tags":[155],"class_list":["post-57095","post","type-post","status-publish","format-standard","has-post-thumbnail","hentry","category-ires-blog","tag-adopcions"],"yoast_head":"<!-- This site is optimized with the Yoast SEO plugin v27.4 - https:\/\/yoast.com\/product\/yoast-seo-wordpress\/ -->\n<title>Participem en la presentaci\u00f3 del llibre &quot;L&#039;adopci\u00f3 a Catalunya&quot;<\/title>\n<meta name=\"description\" content=\"El Servei d&#039;Adopcions va participar en la Presentaci\u00f3 del llibre &quot;L&#039;adopci\u00f3 a Catalunya: experi\u00e8ncies personals, familiars i professionals&quot;\" \/>\n<meta name=\"robots\" content=\"index, follow, max-snippet:-1, max-image-preview:large, max-video-preview:-1\" \/>\n<link rel=\"canonical\" href=\"https:\/\/www.fundacioires.org\/ca\/presentacio-llibre-adopcio-a-catalunya\/\" \/>\n<meta property=\"og:locale\" content=\"ca_ES\" \/>\n<meta property=\"og:type\" content=\"article\" \/>\n<meta property=\"og:title\" content=\"Participem en la presentaci\u00f3 del llibre &quot;L&#039;adopci\u00f3 a Catalunya&quot;\" \/>\n<meta property=\"og:description\" content=\"El Servei d&#039;Adopcions va participar en la Presentaci\u00f3 del llibre &quot;L&#039;adopci\u00f3 a Catalunya: experi\u00e8ncies personals, familiars i professionals&quot;\" \/>\n<meta property=\"og:url\" content=\"https:\/\/www.fundacioires.org\/ca\/presentacio-llibre-adopcio-a-catalunya\/\" \/>\n<meta property=\"og:site_name\" content=\"Fundaci\u00f3 IRES\" \/>\n<meta property=\"article:published_time\" content=\"2024-01-03T19:35:19+00:00\" \/>\n<meta property=\"article:modified_time\" content=\"2024-01-03T19:35:25+00:00\" \/>\n<meta property=\"og:image\" content=\"https:\/\/www.fundacioires.org\/wp-content\/uploads\/PLANTILLA-NOTIS-WEB-53.png\" \/>\n\t<meta property=\"og:image:width\" content=\"1200\" \/>\n\t<meta property=\"og:image:height\" content=\"628\" \/>\n\t<meta property=\"og:image:type\" content=\"image\/png\" \/>\n<meta name=\"author\" content=\"Fundaci\u00f3 IRES\" \/>\n<meta name=\"twitter:card\" content=\"summary_large_image\" \/>\n<meta name=\"twitter:label1\" content=\"Written by\" \/>\n\t<meta name=\"twitter:data1\" content=\"Fundaci\u00f3 IRES\" \/>\n\t<meta name=\"twitter:label2\" content=\"Est. reading time\" \/>\n\t<meta name=\"twitter:data2\" content=\"2 minutes\" \/>\n<script type=\"application\/ld+json\" class=\"yoast-schema-graph\">{\"@context\":\"https:\\\/\\\/schema.org\",\"@graph\":[{\"@type\":\"Article\",\"@id\":\"https:\\\/\\\/www.fundacioires.org\\\/ca\\\/presentacio-llibre-adopcio-a-catalunya\\\/#article\",\"isPartOf\":{\"@id\":\"https:\\\/\\\/www.fundacioires.org\\\/ca\\\/presentacio-llibre-adopcio-a-catalunya\\\/\"},\"author\":{\"name\":\"Fundaci\u00f3 IRES\",\"@id\":\"https:\\\/\\\/www.fundacioires.org\\\/#\\\/schema\\\/person\\\/160af843c565221ef4664a5c7000791c\"},\"headline\":\"L&#8217;equip d&#8217;Adopcions de la Fundaci\u00f3 IRES participa en la presentaci\u00f3 del llibre &#8220;L&#8217;adopci\u00f3 a Catalunya&#8221;\",\"datePublished\":\"2024-01-03T19:35:19+00:00\",\"dateModified\":\"2024-01-03T19:35:25+00:00\",\"mainEntityOfPage\":{\"@id\":\"https:\\\/\\\/www.fundacioires.org\\\/ca\\\/presentacio-llibre-adopcio-a-catalunya\\\/\"},\"wordCount\":438,\"publisher\":{\"@id\":\"https:\\\/\\\/www.fundacioires.org\\\/#organization\"},\"image\":{\"@id\":\"https:\\\/\\\/www.fundacioires.org\\\/ca\\\/presentacio-llibre-adopcio-a-catalunya\\\/#primaryimage\"},\"thumbnailUrl\":\"https:\\\/\\\/i0.wp.com\\\/www.fundacioires.org\\\/wp-content\\\/uploads\\\/PLANTILLA-NOTIS-WEB-53.png?fit=1200%2C628&ssl=1\",\"keywords\":[\"Adopcions\"],\"articleSection\":[\"IRES-Blog\"],\"inLanguage\":\"ca-ES\"},{\"@type\":\"WebPage\",\"@id\":\"https:\\\/\\\/www.fundacioires.org\\\/ca\\\/presentacio-llibre-adopcio-a-catalunya\\\/\",\"url\":\"https:\\\/\\\/www.fundacioires.org\\\/ca\\\/presentacio-llibre-adopcio-a-catalunya\\\/\",\"name\":\"Participem en la presentaci\u00f3 del llibre \\\"L'adopci\u00f3 a Catalunya\\\"\",\"isPartOf\":{\"@id\":\"https:\\\/\\\/www.fundacioires.org\\\/#website\"},\"primaryImageOfPage\":{\"@id\":\"https:\\\/\\\/www.fundacioires.org\\\/ca\\\/presentacio-llibre-adopcio-a-catalunya\\\/#primaryimage\"},\"image\":{\"@id\":\"https:\\\/\\\/www.fundacioires.org\\\/ca\\\/presentacio-llibre-adopcio-a-catalunya\\\/#primaryimage\"},\"thumbnailUrl\":\"https:\\\/\\\/i0.wp.com\\\/www.fundacioires.org\\\/wp-content\\\/uploads\\\/PLANTILLA-NOTIS-WEB-53.png?fit=1200%2C628&ssl=1\",\"datePublished\":\"2024-01-03T19:35:19+00:00\",\"dateModified\":\"2024-01-03T19:35:25+00:00\",\"description\":\"El Servei d'Adopcions va participar en la Presentaci\u00f3 del llibre \\\"L'adopci\u00f3 a Catalunya: experi\u00e8ncies personals, familiars i professionals\\\"\",\"breadcrumb\":{\"@id\":\"https:\\\/\\\/www.fundacioires.org\\\/ca\\\/presentacio-llibre-adopcio-a-catalunya\\\/#breadcrumb\"},\"inLanguage\":\"ca-ES\",\"potentialAction\":[{\"@type\":\"ReadAction\",\"target\":[\"https:\\\/\\\/www.fundacioires.org\\\/ca\\\/presentacio-llibre-adopcio-a-catalunya\\\/\"]}]},{\"@type\":\"ImageObject\",\"inLanguage\":\"ca-ES\",\"@id\":\"https:\\\/\\\/www.fundacioires.org\\\/ca\\\/presentacio-llibre-adopcio-a-catalunya\\\/#primaryimage\",\"url\":\"https:\\\/\\\/i0.wp.com\\\/www.fundacioires.org\\\/wp-content\\\/uploads\\\/PLANTILLA-NOTIS-WEB-53.png?fit=1200%2C628&ssl=1\",\"contentUrl\":\"https:\\\/\\\/i0.wp.com\\\/www.fundacioires.org\\\/wp-content\\\/uploads\\\/PLANTILLA-NOTIS-WEB-53.png?fit=1200%2C628&ssl=1\",\"width\":1200,\"height\":628},{\"@type\":\"BreadcrumbList\",\"@id\":\"https:\\\/\\\/www.fundacioires.org\\\/ca\\\/presentacio-llibre-adopcio-a-catalunya\\\/#breadcrumb\",\"itemListElement\":[{\"@type\":\"ListItem\",\"position\":1,\"name\":\"Portada\",\"item\":\"https:\\\/\\\/www.fundacioires.org\\\/\"},{\"@type\":\"ListItem\",\"position\":2,\"name\":\"L&#8217;equip d&#8217;Adopcions de la Fundaci\u00f3 IRES participa en la presentaci\u00f3 del llibre \u00abL&#8217;adopci\u00f3 a Catalunya\u00bb\"}]},{\"@type\":\"WebSite\",\"@id\":\"https:\\\/\\\/www.fundacioires.org\\\/#website\",\"url\":\"https:\\\/\\\/www.fundacioires.org\\\/\",\"name\":\"Fundaci\u00f3 IRES\",\"description\":\"\",\"publisher\":{\"@id\":\"https:\\\/\\\/www.fundacioires.org\\\/#organization\"},\"potentialAction\":[{\"@type\":\"SearchAction\",\"target\":{\"@type\":\"EntryPoint\",\"urlTemplate\":\"https:\\\/\\\/www.fundacioires.org\\\/?s={search_term_string}\"},\"query-input\":{\"@type\":\"PropertyValueSpecification\",\"valueRequired\":true,\"valueName\":\"search_term_string\"}}],\"inLanguage\":\"ca-ES\"},{\"@type\":\"Organization\",\"@id\":\"https:\\\/\\\/www.fundacioires.org\\\/#organization\",\"name\":\"Fundanci\u00f3n IRES\",\"url\":\"https:\\\/\\\/www.fundacioires.org\\\/\",\"logo\":{\"@type\":\"ImageObject\",\"inLanguage\":\"ca-ES\",\"@id\":\"https:\\\/\\\/www.fundacioires.org\\\/#\\\/schema\\\/logo\\\/image\\\/\",\"url\":\"https:\\\/\\\/i0.wp.com\\\/www.fundacioires.org\\\/wp-content\\\/uploads\\\/faviconIRES.png?fit=32%2C32&ssl=1\",\"contentUrl\":\"https:\\\/\\\/i0.wp.com\\\/www.fundacioires.org\\\/wp-content\\\/uploads\\\/faviconIRES.png?fit=32%2C32&ssl=1\",\"width\":32,\"height\":32,\"caption\":\"Fundanci\u00f3n IRES\"},\"image\":{\"@id\":\"https:\\\/\\\/www.fundacioires.org\\\/#\\\/schema\\\/logo\\\/image\\\/\"}},{\"@type\":\"Person\",\"@id\":\"https:\\\/\\\/www.fundacioires.org\\\/#\\\/schema\\\/person\\\/160af843c565221ef4664a5c7000791c\",\"name\":\"Fundaci\u00f3 IRES\"}]}<\/script>\n<!-- \/ Yoast SEO plugin. -->","yoast_head_json":{"title":"Participem en la presentaci\u00f3 del llibre \"L'adopci\u00f3 a Catalunya\"","description":"El Servei d'Adopcions va participar en la Presentaci\u00f3 del llibre \"L'adopci\u00f3 a Catalunya: experi\u00e8ncies personals, familiars i professionals\"","robots":{"index":"index","follow":"follow","max-snippet":"max-snippet:-1","max-image-preview":"max-image-preview:large","max-video-preview":"max-video-preview:-1"},"canonical":"https:\/\/www.fundacioires.org\/ca\/presentacio-llibre-adopcio-a-catalunya\/","og_locale":"ca_ES","og_type":"article","og_title":"Participem en la presentaci\u00f3 del llibre \"L'adopci\u00f3 a Catalunya\"","og_description":"El Servei d'Adopcions va participar en la Presentaci\u00f3 del llibre \"L'adopci\u00f3 a Catalunya: experi\u00e8ncies personals, familiars i professionals\"","og_url":"https:\/\/www.fundacioires.org\/ca\/presentacio-llibre-adopcio-a-catalunya\/","og_site_name":"Fundaci\u00f3 IRES","article_published_time":"2024-01-03T19:35:19+00:00","article_modified_time":"2024-01-03T19:35:25+00:00","og_image":[{"width":1200,"height":628,"url":"https:\/\/www.fundacioires.org\/wp-content\/uploads\/PLANTILLA-NOTIS-WEB-53.png","type":"image\/png"}],"author":"Fundaci\u00f3 IRES","twitter_card":"summary_large_image","twitter_misc":{"Written by":"Fundaci\u00f3 IRES","Est. reading time":"2 minutes"},"schema":{"@context":"https:\/\/schema.org","@graph":[{"@type":"Article","@id":"https:\/\/www.fundacioires.org\/ca\/presentacio-llibre-adopcio-a-catalunya\/#article","isPartOf":{"@id":"https:\/\/www.fundacioires.org\/ca\/presentacio-llibre-adopcio-a-catalunya\/"},"author":{"name":"Fundaci\u00f3 IRES","@id":"https:\/\/www.fundacioires.org\/#\/schema\/person\/160af843c565221ef4664a5c7000791c"},"headline":"L&#8217;equip d&#8217;Adopcions de la Fundaci\u00f3 IRES participa en la presentaci\u00f3 del llibre &#8220;L&#8217;adopci\u00f3 a Catalunya&#8221;","datePublished":"2024-01-03T19:35:19+00:00","dateModified":"2024-01-03T19:35:25+00:00","mainEntityOfPage":{"@id":"https:\/\/www.fundacioires.org\/ca\/presentacio-llibre-adopcio-a-catalunya\/"},"wordCount":438,"publisher":{"@id":"https:\/\/www.fundacioires.org\/#organization"},"image":{"@id":"https:\/\/www.fundacioires.org\/ca\/presentacio-llibre-adopcio-a-catalunya\/#primaryimage"},"thumbnailUrl":"https:\/\/i0.wp.com\/www.fundacioires.org\/wp-content\/uploads\/PLANTILLA-NOTIS-WEB-53.png?fit=1200%2C628&ssl=1","keywords":["Adopcions"],"articleSection":["IRES-Blog"],"inLanguage":"ca-ES"},{"@type":"WebPage","@id":"https:\/\/www.fundacioires.org\/ca\/presentacio-llibre-adopcio-a-catalunya\/","url":"https:\/\/www.fundacioires.org\/ca\/presentacio-llibre-adopcio-a-catalunya\/","name":"Participem en la presentaci\u00f3 del llibre \"L'adopci\u00f3 a Catalunya\"","isPartOf":{"@id":"https:\/\/www.fundacioires.org\/#website"},"primaryImageOfPage":{"@id":"https:\/\/www.fundacioires.org\/ca\/presentacio-llibre-adopcio-a-catalunya\/#primaryimage"},"image":{"@id":"https:\/\/www.fundacioires.org\/ca\/presentacio-llibre-adopcio-a-catalunya\/#primaryimage"},"thumbnailUrl":"https:\/\/i0.wp.com\/www.fundacioires.org\/wp-content\/uploads\/PLANTILLA-NOTIS-WEB-53.png?fit=1200%2C628&ssl=1","datePublished":"2024-01-03T19:35:19+00:00","dateModified":"2024-01-03T19:35:25+00:00","description":"El Servei d'Adopcions va participar en la Presentaci\u00f3 del llibre \"L'adopci\u00f3 a Catalunya: experi\u00e8ncies personals, familiars i professionals\"","breadcrumb":{"@id":"https:\/\/www.fundacioires.org\/ca\/presentacio-llibre-adopcio-a-catalunya\/#breadcrumb"},"inLanguage":"ca-ES","potentialAction":[{"@type":"ReadAction","target":["https:\/\/www.fundacioires.org\/ca\/presentacio-llibre-adopcio-a-catalunya\/"]}]},{"@type":"ImageObject","inLanguage":"ca-ES","@id":"https:\/\/www.fundacioires.org\/ca\/presentacio-llibre-adopcio-a-catalunya\/#primaryimage","url":"https:\/\/i0.wp.com\/www.fundacioires.org\/wp-content\/uploads\/PLANTILLA-NOTIS-WEB-53.png?fit=1200%2C628&ssl=1","contentUrl":"https:\/\/i0.wp.com\/www.fundacioires.org\/wp-content\/uploads\/PLANTILLA-NOTIS-WEB-53.png?fit=1200%2C628&ssl=1","width":1200,"height":628},{"@type":"BreadcrumbList","@id":"https:\/\/www.fundacioires.org\/ca\/presentacio-llibre-adopcio-a-catalunya\/#breadcrumb","itemListElement":[{"@type":"ListItem","position":1,"name":"Portada","item":"https:\/\/www.fundacioires.org\/"},{"@type":"ListItem","position":2,"name":"L&#8217;equip d&#8217;Adopcions de la Fundaci\u00f3 IRES participa en la presentaci\u00f3 del llibre \u00abL&#8217;adopci\u00f3 a Catalunya\u00bb"}]},{"@type":"WebSite","@id":"https:\/\/www.fundacioires.org\/#website","url":"https:\/\/www.fundacioires.org\/","name":"Fundaci\u00f3 IRES","description":"","publisher":{"@id":"https:\/\/www.fundacioires.org\/#organization"},"potentialAction":[{"@type":"SearchAction","target":{"@type":"EntryPoint","urlTemplate":"https:\/\/www.fundacioires.org\/?s={search_term_string}"},"query-input":{"@type":"PropertyValueSpecification","valueRequired":true,"valueName":"search_term_string"}}],"inLanguage":"ca-ES"},{"@type":"Organization","@id":"https:\/\/www.fundacioires.org\/#organization","name":"Fundanci\u00f3n IRES","url":"https:\/\/www.fundacioires.org\/","logo":{"@type":"ImageObject","inLanguage":"ca-ES","@id":"https:\/\/www.fundacioires.org\/#\/schema\/logo\/image\/","url":"https:\/\/i0.wp.com\/www.fundacioires.org\/wp-content\/uploads\/faviconIRES.png?fit=32%2C32&ssl=1","contentUrl":"https:\/\/i0.wp.com\/www.fundacioires.org\/wp-content\/uploads\/faviconIRES.png?fit=32%2C32&ssl=1","width":32,"height":32,"caption":"Fundanci\u00f3n IRES"},"image":{"@id":"https:\/\/www.fundacioires.org\/#\/schema\/logo\/image\/"}},{"@type":"Person","@id":"https:\/\/www.fundacioires.org\/#\/schema\/person\/160af843c565221ef4664a5c7000791c","name":"Fundaci\u00f3 IRES"}]}},"jetpack_featured_media_url":"https:\/\/i0.wp.com\/www.fundacioires.org\/wp-content\/uploads\/PLANTILLA-NOTIS-WEB-53.png?fit=1200%2C628&ssl=1","jetpack_sharing_enabled":true,"_links":{"self":[{"href":"https:\/\/www.fundacioires.org\/ca\/wp-json\/wp\/v2\/posts\/57095","targetHints":{"allow":["GET"]}}],"collection":[{"href":"https:\/\/www.fundacioires.org\/ca\/wp-json\/wp\/v2\/posts"}],"about":[{"href":"https:\/\/www.fundacioires.org\/ca\/wp-json\/wp\/v2\/types\/post"}],"author":[{"embeddable":true,"href":"https:\/\/www.fundacioires.org\/ca\/wp-json\/wp\/v2\/users\/7"}],"replies":[{"embeddable":true,"href":"https:\/\/www.fundacioires.org\/ca\/wp-json\/wp\/v2\/comments?post=57095"}],"version-history":[{"count":1,"href":"https:\/\/www.fundacioires.org\/ca\/wp-json\/wp\/v2\/posts\/57095\/revisions"}],"predecessor-version":[{"id":57108,"href":"https:\/\/www.fundacioires.org\/ca\/wp-json\/wp\/v2\/posts\/57095\/revisions\/57108"}],"wp:featuredmedia":[{"embeddable":true,"href":"https:\/\/www.fundacioires.org\/ca\/wp-json\/wp\/v2\/media\/57106"}],"wp:attachment":[{"href":"https:\/\/www.fundacioires.org\/ca\/wp-json\/wp\/v2\/media?parent=57095"}],"wp:term":[{"taxonomy":"category","embeddable":true,"href":"https:\/\/www.fundacioires.org\/ca\/wp-json\/wp\/v2\/categories?post=57095"},{"taxonomy":"post_tag","embeddable":true,"href":"https:\/\/www.fundacioires.org\/ca\/wp-json\/wp\/v2\/tags?post=57095"}],"curies":[{"name":"wp","href":"https:\/\/api.w.org\/{rel}","templated":true}]}}