{"id":57268,"date":"2024-01-08T15:45:15","date_gmt":"2024-01-08T14:45:15","guid":{"rendered":"https:\/\/www.fundacioires.org\/?p=57268"},"modified":"2024-01-08T15:45:19","modified_gmt":"2024-01-08T14:45:19","slug":"usach-visita-ires","status":"publish","type":"post","link":"https:\/\/www.fundacioires.org\/ca\/usach-visita-ires\/","title":{"rendered":"Emprenedors de la Universitat de Santiago de Chile exploren l&#8217;ecosistema de la Fundaci\u00f3 IRES a Barcelona per impulsar la innovaci\u00f3 social i la sostenibilitat."},"content":{"rendered":"\n<p>Yolanda Estrada Fern\u00e1ndez, Responsable de l&#8217;\u00c0rea del Canvi i la Sostenibilitat a KIM, va tenir el plaer d&#8217;acollir un grup d&#8217;emprenedors d&#8217;Innovo USACH, la incubadora de negocis de la Universitat de Santiago de Chile, en la seva visita a Barcelona. La trobada, coordinada pel vincle entre la comissi\u00f3 del 22@ i la participaci\u00f3 destacada de Nat\u00e0lia Valenzuela com a referent en responsabilitat social, va tenir lloc el passat 15 de desembre a la seu de Cant\u00e0bria.<\/p>\n\n\n\n<p>L&#8217;objectiu d&#8217;aquesta trobada va ser proporcionar una visi\u00f3 detallada de l&#8217;ecosistema de projectes de la Fundaci\u00f3 IRES. Marta Pedret i Eva Alesanco, juntament amb altres membres destacats, van compartir informaci\u00f3 sobre l&#8217;enfocament de la Fundaci\u00f3 en la consecuci\u00f3 de la innovaci\u00f3 social, aix\u00ed com la metodologia utilitzada per avaluar l&#8217;impacte social. Aquesta experi\u00e8ncia es va centrar en la capacitaci\u00f3 de persones en situaci\u00f3 de vulnerabilitat i en la mesura de l&#8217;impacte social com a eines essencials per millorar la societat.<\/p>\n\n\n\n<figure class=\"wp-block-image size-large\"><img data-recalc-dims=\"1\" loading=\"lazy\" decoding=\"async\" width=\"1024\" height=\"536\" src=\"https:\/\/i0.wp.com\/www.fundacioires.org\/wp-content\/uploads\/PLANTILLA-NOTIS-WEB-55.png?resize=1024%2C536&#038;ssl=1\" alt=\"\" class=\"wp-image-57271\" srcset=\"https:\/\/i0.wp.com\/www.fundacioires.org\/wp-content\/uploads\/PLANTILLA-NOTIS-WEB-55.png?resize=1024%2C536&amp;ssl=1 1024w, https:\/\/i0.wp.com\/www.fundacioires.org\/wp-content\/uploads\/PLANTILLA-NOTIS-WEB-55.png?resize=300%2C157&amp;ssl=1 300w, https:\/\/i0.wp.com\/www.fundacioires.org\/wp-content\/uploads\/PLANTILLA-NOTIS-WEB-55.png?resize=768%2C402&amp;ssl=1 768w, https:\/\/i0.wp.com\/www.fundacioires.org\/wp-content\/uploads\/PLANTILLA-NOTIS-WEB-55.png?w=1200&amp;ssl=1 1200w\" sizes=\"(max-width: 1000px) 100vw, 1000px\" \/><\/figure>\n\n\n\n<p>Els emprenedors d&#8217;Innovo USACH es van mostrar interessats a aprendre com generar impacte social a trav\u00e9s de les empreses del tercer sector, tot garantint el compliment dels Objectius de Desenvolupament Sostenible (ODS). Durant la trobada, es va destacar la import\u00e0ncia de crear ponts entre diferents llenguatges i metodologies per aconseguir aquest objectiu, aix\u00ed com el paper fonamental que juguen les empreses socials en aquest proc\u00e9s.<\/p>\n\n\n\n<p>Aquesta col\u00b7laboraci\u00f3 entre la Fundaci\u00f3 IRES i els emprenedors de la Universitat de Santiago de Chile reflecteix una aposta conjunta per fomentar la sostenibilitat, l&#8217;impacte social positiu i el progr\u00e9s cap a un futur m\u00e9s equitatiu i sostenible.<\/p>\n","protected":false},"excerpt":{"rendered":"<p>Els guanyadors i guanyadores del programa #DespegaUSACH2022 van poder visitar les instal\u00b7lacions de la Fundaci\u00f3 IRES i con\u00e8ixer la nostra tasca social. <\/p>\n","protected":false},"author":7,"featured_media":57269,"comment_status":"closed","ping_status":"open","sticky":false,"template":"","format":"standard","meta":{"_jetpack_memberships_contains_paid_content":false,"footnotes":""},"categories":[19],"tags":[],"class_list":["post-57268","post","type-post","status-publish","format-standard","has-post-thumbnail","hentry","category-ires-blog"],"yoast_head":"<!-- This site is optimized with the Yoast SEO plugin v27.4 - https:\/\/yoast.com\/product\/yoast-seo-wordpress\/ -->\n<title>Emprenedors de la Universitat de Santiago de Chile a L&#039;IRES<\/title>\n<meta name=\"description\" content=\"L&#039;objectiu d&#039;aquesta trobada va ser proporcionar una visi\u00f3 detallada de l&#039;ecosistema de projectes de la Fundaci\u00f3 IRES.\" \/>\n<meta name=\"robots\" content=\"index, follow, max-snippet:-1, max-image-preview:large, max-video-preview:-1\" \/>\n<link rel=\"canonical\" href=\"https:\/\/www.fundacioires.org\/ca\/usach-visita-ires\/\" \/>\n<meta property=\"og:locale\" content=\"ca_ES\" \/>\n<meta property=\"og:type\" content=\"article\" \/>\n<meta property=\"og:title\" content=\"Emprenedors de la Universitat de Santiago de Chile a L&#039;IRES\" \/>\n<meta property=\"og:description\" content=\"L&#039;objectiu d&#039;aquesta trobada va ser proporcionar una visi\u00f3 detallada de l&#039;ecosistema de projectes de la Fundaci\u00f3 IRES.\" \/>\n<meta property=\"og:url\" content=\"https:\/\/www.fundacioires.org\/ca\/usach-visita-ires\/\" \/>\n<meta property=\"og:site_name\" content=\"Fundaci\u00f3 IRES\" \/>\n<meta property=\"article:published_time\" content=\"2024-01-08T14:45:15+00:00\" \/>\n<meta property=\"article:modified_time\" content=\"2024-01-08T14:45:19+00:00\" \/>\n<meta property=\"og:image\" content=\"https:\/\/www.fundacioires.org\/wp-content\/uploads\/PLANTILLA-NOTIS-WEB-54.png\" \/>\n\t<meta property=\"og:image:width\" content=\"1200\" \/>\n\t<meta property=\"og:image:height\" content=\"628\" \/>\n\t<meta property=\"og:image:type\" content=\"image\/png\" \/>\n<meta name=\"author\" content=\"Fundaci\u00f3 IRES\" \/>\n<meta name=\"twitter:card\" content=\"summary_large_image\" \/>\n<meta name=\"twitter:label1\" content=\"Written by\" \/>\n\t<meta name=\"twitter:data1\" content=\"Fundaci\u00f3 IRES\" \/>\n\t<meta name=\"twitter:label2\" content=\"Est. reading time\" \/>\n\t<meta name=\"twitter:data2\" content=\"2 minutes\" \/>\n<script type=\"application\/ld+json\" class=\"yoast-schema-graph\">{\"@context\":\"https:\\\/\\\/schema.org\",\"@graph\":[{\"@type\":\"Article\",\"@id\":\"https:\\\/\\\/www.fundacioires.org\\\/ca\\\/usach-visita-ires\\\/#article\",\"isPartOf\":{\"@id\":\"https:\\\/\\\/www.fundacioires.org\\\/ca\\\/usach-visita-ires\\\/\"},\"author\":{\"name\":\"Fundaci\u00f3 IRES\",\"@id\":\"https:\\\/\\\/www.fundacioires.org\\\/#\\\/schema\\\/person\\\/160af843c565221ef4664a5c7000791c\"},\"headline\":\"Emprenedors de la Universitat de Santiago de Chile exploren l&#8217;ecosistema de la Fundaci\u00f3 IRES a Barcelona per impulsar la innovaci\u00f3 social i la sostenibilitat.\",\"datePublished\":\"2024-01-08T14:45:15+00:00\",\"dateModified\":\"2024-01-08T14:45:19+00:00\",\"mainEntityOfPage\":{\"@id\":\"https:\\\/\\\/www.fundacioires.org\\\/ca\\\/usach-visita-ires\\\/\"},\"wordCount\":304,\"publisher\":{\"@id\":\"https:\\\/\\\/www.fundacioires.org\\\/#organization\"},\"image\":{\"@id\":\"https:\\\/\\\/www.fundacioires.org\\\/ca\\\/usach-visita-ires\\\/#primaryimage\"},\"thumbnailUrl\":\"https:\\\/\\\/i0.wp.com\\\/www.fundacioires.org\\\/wp-content\\\/uploads\\\/PLANTILLA-NOTIS-WEB-54.png?fit=1200%2C628&ssl=1\",\"articleSection\":[\"IRES-Blog\"],\"inLanguage\":\"ca-ES\"},{\"@type\":\"WebPage\",\"@id\":\"https:\\\/\\\/www.fundacioires.org\\\/ca\\\/usach-visita-ires\\\/\",\"url\":\"https:\\\/\\\/www.fundacioires.org\\\/ca\\\/usach-visita-ires\\\/\",\"name\":\"Emprenedors de la Universitat de Santiago de Chile a L'IRES\",\"isPartOf\":{\"@id\":\"https:\\\/\\\/www.fundacioires.org\\\/#website\"},\"primaryImageOfPage\":{\"@id\":\"https:\\\/\\\/www.fundacioires.org\\\/ca\\\/usach-visita-ires\\\/#primaryimage\"},\"image\":{\"@id\":\"https:\\\/\\\/www.fundacioires.org\\\/ca\\\/usach-visita-ires\\\/#primaryimage\"},\"thumbnailUrl\":\"https:\\\/\\\/i0.wp.com\\\/www.fundacioires.org\\\/wp-content\\\/uploads\\\/PLANTILLA-NOTIS-WEB-54.png?fit=1200%2C628&ssl=1\",\"datePublished\":\"2024-01-08T14:45:15+00:00\",\"dateModified\":\"2024-01-08T14:45:19+00:00\",\"description\":\"L'objectiu d'aquesta trobada va ser proporcionar una visi\u00f3 detallada de l'ecosistema de projectes de la Fundaci\u00f3 IRES.\",\"breadcrumb\":{\"@id\":\"https:\\\/\\\/www.fundacioires.org\\\/ca\\\/usach-visita-ires\\\/#breadcrumb\"},\"inLanguage\":\"ca-ES\",\"potentialAction\":[{\"@type\":\"ReadAction\",\"target\":[\"https:\\\/\\\/www.fundacioires.org\\\/ca\\\/usach-visita-ires\\\/\"]}]},{\"@type\":\"ImageObject\",\"inLanguage\":\"ca-ES\",\"@id\":\"https:\\\/\\\/www.fundacioires.org\\\/ca\\\/usach-visita-ires\\\/#primaryimage\",\"url\":\"https:\\\/\\\/i0.wp.com\\\/www.fundacioires.org\\\/wp-content\\\/uploads\\\/PLANTILLA-NOTIS-WEB-54.png?fit=1200%2C628&ssl=1\",\"contentUrl\":\"https:\\\/\\\/i0.wp.com\\\/www.fundacioires.org\\\/wp-content\\\/uploads\\\/PLANTILLA-NOTIS-WEB-54.png?fit=1200%2C628&ssl=1\",\"width\":1200,\"height\":628},{\"@type\":\"BreadcrumbList\",\"@id\":\"https:\\\/\\\/www.fundacioires.org\\\/ca\\\/usach-visita-ires\\\/#breadcrumb\",\"itemListElement\":[{\"@type\":\"ListItem\",\"position\":1,\"name\":\"Portada\",\"item\":\"https:\\\/\\\/www.fundacioires.org\\\/\"},{\"@type\":\"ListItem\",\"position\":2,\"name\":\"Emprenedors de la Universitat de Santiago de Chile exploren l&#8217;ecosistema de la Fundaci\u00f3 IRES a Barcelona per impulsar la innovaci\u00f3 social i la sostenibilitat.\"}]},{\"@type\":\"WebSite\",\"@id\":\"https:\\\/\\\/www.fundacioires.org\\\/#website\",\"url\":\"https:\\\/\\\/www.fundacioires.org\\\/\",\"name\":\"Fundaci\u00f3 IRES\",\"description\":\"\",\"publisher\":{\"@id\":\"https:\\\/\\\/www.fundacioires.org\\\/#organization\"},\"potentialAction\":[{\"@type\":\"SearchAction\",\"target\":{\"@type\":\"EntryPoint\",\"urlTemplate\":\"https:\\\/\\\/www.fundacioires.org\\\/?s={search_term_string}\"},\"query-input\":{\"@type\":\"PropertyValueSpecification\",\"valueRequired\":true,\"valueName\":\"search_term_string\"}}],\"inLanguage\":\"ca-ES\"},{\"@type\":\"Organization\",\"@id\":\"https:\\\/\\\/www.fundacioires.org\\\/#organization\",\"name\":\"Fundanci\u00f3n IRES\",\"url\":\"https:\\\/\\\/www.fundacioires.org\\\/\",\"logo\":{\"@type\":\"ImageObject\",\"inLanguage\":\"ca-ES\",\"@id\":\"https:\\\/\\\/www.fundacioires.org\\\/#\\\/schema\\\/logo\\\/image\\\/\",\"url\":\"https:\\\/\\\/i0.wp.com\\\/www.fundacioires.org\\\/wp-content\\\/uploads\\\/faviconIRES.png?fit=32%2C32&ssl=1\",\"contentUrl\":\"https:\\\/\\\/i0.wp.com\\\/www.fundacioires.org\\\/wp-content\\\/uploads\\\/faviconIRES.png?fit=32%2C32&ssl=1\",\"width\":32,\"height\":32,\"caption\":\"Fundanci\u00f3n IRES\"},\"image\":{\"@id\":\"https:\\\/\\\/www.fundacioires.org\\\/#\\\/schema\\\/logo\\\/image\\\/\"}},{\"@type\":\"Person\",\"@id\":\"https:\\\/\\\/www.fundacioires.org\\\/#\\\/schema\\\/person\\\/160af843c565221ef4664a5c7000791c\",\"name\":\"Fundaci\u00f3 IRES\"}]}<\/script>\n<!-- \/ Yoast SEO plugin. -->","yoast_head_json":{"title":"Emprenedors de la Universitat de Santiago de Chile a L'IRES","description":"L'objectiu d'aquesta trobada va ser proporcionar una visi\u00f3 detallada de l'ecosistema de projectes de la Fundaci\u00f3 IRES.","robots":{"index":"index","follow":"follow","max-snippet":"max-snippet:-1","max-image-preview":"max-image-preview:large","max-video-preview":"max-video-preview:-1"},"canonical":"https:\/\/www.fundacioires.org\/ca\/usach-visita-ires\/","og_locale":"ca_ES","og_type":"article","og_title":"Emprenedors de la Universitat de Santiago de Chile a L'IRES","og_description":"L'objectiu d'aquesta trobada va ser proporcionar una visi\u00f3 detallada de l'ecosistema de projectes de la Fundaci\u00f3 IRES.","og_url":"https:\/\/www.fundacioires.org\/ca\/usach-visita-ires\/","og_site_name":"Fundaci\u00f3 IRES","article_published_time":"2024-01-08T14:45:15+00:00","article_modified_time":"2024-01-08T14:45:19+00:00","og_image":[{"width":1200,"height":628,"url":"https:\/\/www.fundacioires.org\/wp-content\/uploads\/PLANTILLA-NOTIS-WEB-54.png","type":"image\/png"}],"author":"Fundaci\u00f3 IRES","twitter_card":"summary_large_image","twitter_misc":{"Written by":"Fundaci\u00f3 IRES","Est. reading time":"2 minutes"},"schema":{"@context":"https:\/\/schema.org","@graph":[{"@type":"Article","@id":"https:\/\/www.fundacioires.org\/ca\/usach-visita-ires\/#article","isPartOf":{"@id":"https:\/\/www.fundacioires.org\/ca\/usach-visita-ires\/"},"author":{"name":"Fundaci\u00f3 IRES","@id":"https:\/\/www.fundacioires.org\/#\/schema\/person\/160af843c565221ef4664a5c7000791c"},"headline":"Emprenedors de la Universitat de Santiago de Chile exploren l&#8217;ecosistema de la Fundaci\u00f3 IRES a Barcelona per impulsar la innovaci\u00f3 social i la sostenibilitat.","datePublished":"2024-01-08T14:45:15+00:00","dateModified":"2024-01-08T14:45:19+00:00","mainEntityOfPage":{"@id":"https:\/\/www.fundacioires.org\/ca\/usach-visita-ires\/"},"wordCount":304,"publisher":{"@id":"https:\/\/www.fundacioires.org\/#organization"},"image":{"@id":"https:\/\/www.fundacioires.org\/ca\/usach-visita-ires\/#primaryimage"},"thumbnailUrl":"https:\/\/i0.wp.com\/www.fundacioires.org\/wp-content\/uploads\/PLANTILLA-NOTIS-WEB-54.png?fit=1200%2C628&ssl=1","articleSection":["IRES-Blog"],"inLanguage":"ca-ES"},{"@type":"WebPage","@id":"https:\/\/www.fundacioires.org\/ca\/usach-visita-ires\/","url":"https:\/\/www.fundacioires.org\/ca\/usach-visita-ires\/","name":"Emprenedors de la Universitat de Santiago de Chile a L'IRES","isPartOf":{"@id":"https:\/\/www.fundacioires.org\/#website"},"primaryImageOfPage":{"@id":"https:\/\/www.fundacioires.org\/ca\/usach-visita-ires\/#primaryimage"},"image":{"@id":"https:\/\/www.fundacioires.org\/ca\/usach-visita-ires\/#primaryimage"},"thumbnailUrl":"https:\/\/i0.wp.com\/www.fundacioires.org\/wp-content\/uploads\/PLANTILLA-NOTIS-WEB-54.png?fit=1200%2C628&ssl=1","datePublished":"2024-01-08T14:45:15+00:00","dateModified":"2024-01-08T14:45:19+00:00","description":"L'objectiu d'aquesta trobada va ser proporcionar una visi\u00f3 detallada de l'ecosistema de projectes de la Fundaci\u00f3 IRES.","breadcrumb":{"@id":"https:\/\/www.fundacioires.org\/ca\/usach-visita-ires\/#breadcrumb"},"inLanguage":"ca-ES","potentialAction":[{"@type":"ReadAction","target":["https:\/\/www.fundacioires.org\/ca\/usach-visita-ires\/"]}]},{"@type":"ImageObject","inLanguage":"ca-ES","@id":"https:\/\/www.fundacioires.org\/ca\/usach-visita-ires\/#primaryimage","url":"https:\/\/i0.wp.com\/www.fundacioires.org\/wp-content\/uploads\/PLANTILLA-NOTIS-WEB-54.png?fit=1200%2C628&ssl=1","contentUrl":"https:\/\/i0.wp.com\/www.fundacioires.org\/wp-content\/uploads\/PLANTILLA-NOTIS-WEB-54.png?fit=1200%2C628&ssl=1","width":1200,"height":628},{"@type":"BreadcrumbList","@id":"https:\/\/www.fundacioires.org\/ca\/usach-visita-ires\/#breadcrumb","itemListElement":[{"@type":"ListItem","position":1,"name":"Portada","item":"https:\/\/www.fundacioires.org\/"},{"@type":"ListItem","position":2,"name":"Emprenedors de la Universitat de Santiago de Chile exploren l&#8217;ecosistema de la Fundaci\u00f3 IRES a Barcelona per impulsar la innovaci\u00f3 social i la sostenibilitat."}]},{"@type":"WebSite","@id":"https:\/\/www.fundacioires.org\/#website","url":"https:\/\/www.fundacioires.org\/","name":"Fundaci\u00f3 IRES","description":"","publisher":{"@id":"https:\/\/www.fundacioires.org\/#organization"},"potentialAction":[{"@type":"SearchAction","target":{"@type":"EntryPoint","urlTemplate":"https:\/\/www.fundacioires.org\/?s={search_term_string}"},"query-input":{"@type":"PropertyValueSpecification","valueRequired":true,"valueName":"search_term_string"}}],"inLanguage":"ca-ES"},{"@type":"Organization","@id":"https:\/\/www.fundacioires.org\/#organization","name":"Fundanci\u00f3n IRES","url":"https:\/\/www.fundacioires.org\/","logo":{"@type":"ImageObject","inLanguage":"ca-ES","@id":"https:\/\/www.fundacioires.org\/#\/schema\/logo\/image\/","url":"https:\/\/i0.wp.com\/www.fundacioires.org\/wp-content\/uploads\/faviconIRES.png?fit=32%2C32&ssl=1","contentUrl":"https:\/\/i0.wp.com\/www.fundacioires.org\/wp-content\/uploads\/faviconIRES.png?fit=32%2C32&ssl=1","width":32,"height":32,"caption":"Fundanci\u00f3n IRES"},"image":{"@id":"https:\/\/www.fundacioires.org\/#\/schema\/logo\/image\/"}},{"@type":"Person","@id":"https:\/\/www.fundacioires.org\/#\/schema\/person\/160af843c565221ef4664a5c7000791c","name":"Fundaci\u00f3 IRES"}]}},"jetpack_featured_media_url":"https:\/\/i0.wp.com\/www.fundacioires.org\/wp-content\/uploads\/PLANTILLA-NOTIS-WEB-54.png?fit=1200%2C628&ssl=1","jetpack_sharing_enabled":true,"_links":{"self":[{"href":"https:\/\/www.fundacioires.org\/ca\/wp-json\/wp\/v2\/posts\/57268","targetHints":{"allow":["GET"]}}],"collection":[{"href":"https:\/\/www.fundacioires.org\/ca\/wp-json\/wp\/v2\/posts"}],"about":[{"href":"https:\/\/www.fundacioires.org\/ca\/wp-json\/wp\/v2\/types\/post"}],"author":[{"embeddable":true,"href":"https:\/\/www.fundacioires.org\/ca\/wp-json\/wp\/v2\/users\/7"}],"replies":[{"embeddable":true,"href":"https:\/\/www.fundacioires.org\/ca\/wp-json\/wp\/v2\/comments?post=57268"}],"version-history":[{"count":1,"href":"https:\/\/www.fundacioires.org\/ca\/wp-json\/wp\/v2\/posts\/57268\/revisions"}],"predecessor-version":[{"id":57273,"href":"https:\/\/www.fundacioires.org\/ca\/wp-json\/wp\/v2\/posts\/57268\/revisions\/57273"}],"wp:featuredmedia":[{"embeddable":true,"href":"https:\/\/www.fundacioires.org\/ca\/wp-json\/wp\/v2\/media\/57269"}],"wp:attachment":[{"href":"https:\/\/www.fundacioires.org\/ca\/wp-json\/wp\/v2\/media?parent=57268"}],"wp:term":[{"taxonomy":"category","embeddable":true,"href":"https:\/\/www.fundacioires.org\/ca\/wp-json\/wp\/v2\/categories?post=57268"},{"taxonomy":"post_tag","embeddable":true,"href":"https:\/\/www.fundacioires.org\/ca\/wp-json\/wp\/v2\/tags?post=57268"}],"curies":[{"name":"wp","href":"https:\/\/api.w.org\/{rel}","templated":true}]}}