{"id":57373,"date":"2024-01-12T13:44:38","date_gmt":"2024-01-12T12:44:38","guid":{"rendered":"https:\/\/www.fundacioires.org\/?p=57373"},"modified":"2025-04-17T14:22:08","modified_gmt":"2025-04-17T12:22:08","slug":"celebrem-la-magia-del-nadal","status":"publish","type":"post","link":"https:\/\/www.fundacioires.org\/ca\/celebrem-la-magia-del-nadal\/","title":{"rendered":"Celebrem la m\u00e0gia del Nadal"},"content":{"rendered":"\n<p>El dia 22 de desembre hem celebrat el nostre taller de Nadal amb els\/les educadors\/es, volunt\u00e0ries i usuaris\/\u00e0ries de fills. Ens submergim en l&#8217;esperit festiu mitjan\u00e7ant un taller de veles amb les mares per confeccionar un centre de taula i un taller de treballs manuals per als menuts per preparar targetes de Nadal Cada activitat se centrava en la creaci\u00f3 de records inoblidables mentre celebrem la m\u00e0gia de Nadal.<br><br>Nadal \u00e9s un moment per a la<strong> connexi\u00f3 familiar,<\/strong> i el nostre taller va proporcionar un espai acollidor on mares i fills\/es han compartit rialles, hist\u00f2ries i, el m\u00e9s important, temps de qualitat junts. Mitjan\u00e7ant activitats interactives, fomentant la col\u00b7laboraci\u00f3 i el suport mutu, construint lla\u00e7os familiars m\u00e9s forts.<br><br>Per als nens i nenes, la temporada nadalenca \u00e9s un llen\u00e7 ple de <strong>possibilitats creatives<\/strong>. Des de l&#8217;elaboraci\u00f3 de targetes nadalenques personalitzades fins a la creaci\u00f3 de regals fets a m\u00e0, el nostre taller fomenta el desenvolupament creatiu dels m\u00e9s petits, permetent expressar la seva imaginaci\u00f3 i il\u00b7lusi\u00f3 per la temporada.<\/p>\n\n\n\n<div class=\"wp-block-jetpack-slideshow aligncenter\" data-effect=\"slide\"><div class=\"wp-block-jetpack-slideshow_container swiper-container\"><ul class=\"wp-block-jetpack-slideshow_swiper-wrapper swiper-wrapper\"><li class=\"wp-block-jetpack-slideshow_slide swiper-slide\"><figure><img data-recalc-dims=\"1\" loading=\"lazy\" decoding=\"async\" width=\"1024\" height=\"536\" alt=\"\" class=\"wp-block-jetpack-slideshow_image wp-image-57368\" data-id=\"57368\" src=\"https:\/\/i0.wp.com\/www.fundacioires.org\/wp-content\/uploads\/PLANTILLA-NOTIS-WEB-58-1.png?resize=1024%2C536&#038;ssl=1\" srcset=\"https:\/\/i0.wp.com\/www.fundacioires.org\/wp-content\/uploads\/PLANTILLA-NOTIS-WEB-58-1.png?resize=1024%2C536&amp;ssl=1 1024w, https:\/\/i0.wp.com\/www.fundacioires.org\/wp-content\/uploads\/PLANTILLA-NOTIS-WEB-58-1.png?resize=300%2C157&amp;ssl=1 300w, https:\/\/i0.wp.com\/www.fundacioires.org\/wp-content\/uploads\/PLANTILLA-NOTIS-WEB-58-1.png?resize=768%2C402&amp;ssl=1 768w, https:\/\/i0.wp.com\/www.fundacioires.org\/wp-content\/uploads\/PLANTILLA-NOTIS-WEB-58-1.png?w=1200&amp;ssl=1 1200w\" sizes=\"(max-width: 1000px) 100vw, 1000px\" \/><\/figure><\/li><li class=\"wp-block-jetpack-slideshow_slide swiper-slide\"><figure><img data-recalc-dims=\"1\" loading=\"lazy\" decoding=\"async\" width=\"1024\" height=\"536\" alt=\"\" class=\"wp-block-jetpack-slideshow_image wp-image-57366\" data-id=\"57366\" src=\"https:\/\/i0.wp.com\/www.fundacioires.org\/wp-content\/uploads\/PLANTILLA-NOTIS-WEB-61.png?resize=1024%2C536&#038;ssl=1\" srcset=\"https:\/\/i0.wp.com\/www.fundacioires.org\/wp-content\/uploads\/PLANTILLA-NOTIS-WEB-61.png?resize=1024%2C536&amp;ssl=1 1024w, https:\/\/i0.wp.com\/www.fundacioires.org\/wp-content\/uploads\/PLANTILLA-NOTIS-WEB-61.png?resize=300%2C157&amp;ssl=1 300w, https:\/\/i0.wp.com\/www.fundacioires.org\/wp-content\/uploads\/PLANTILLA-NOTIS-WEB-61.png?resize=768%2C402&amp;ssl=1 768w, https:\/\/i0.wp.com\/www.fundacioires.org\/wp-content\/uploads\/PLANTILLA-NOTIS-WEB-61.png?w=1200&amp;ssl=1 1200w\" sizes=\"(max-width: 1000px) 100vw, 1000px\" \/><\/figure><\/li><li class=\"wp-block-jetpack-slideshow_slide swiper-slide\"><figure><img data-recalc-dims=\"1\" loading=\"lazy\" decoding=\"async\" width=\"1024\" height=\"536\" alt=\"\" class=\"wp-block-jetpack-slideshow_image wp-image-57370\" data-id=\"57370\" src=\"https:\/\/i0.wp.com\/www.fundacioires.org\/wp-content\/uploads\/PLANTILLA-NOTIS-WEB-62.png?resize=1024%2C536&#038;ssl=1\" srcset=\"https:\/\/i0.wp.com\/www.fundacioires.org\/wp-content\/uploads\/PLANTILLA-NOTIS-WEB-62.png?resize=1024%2C536&amp;ssl=1 1024w, https:\/\/i0.wp.com\/www.fundacioires.org\/wp-content\/uploads\/PLANTILLA-NOTIS-WEB-62.png?resize=300%2C157&amp;ssl=1 300w, https:\/\/i0.wp.com\/www.fundacioires.org\/wp-content\/uploads\/PLANTILLA-NOTIS-WEB-62.png?resize=768%2C402&amp;ssl=1 768w, https:\/\/i0.wp.com\/www.fundacioires.org\/wp-content\/uploads\/PLANTILLA-NOTIS-WEB-62.png?w=1200&amp;ssl=1 1200w\" sizes=\"(max-width: 1000px) 100vw, 1000px\" \/><\/figure><\/li><li class=\"wp-block-jetpack-slideshow_slide swiper-slide\"><figure><img data-recalc-dims=\"1\" loading=\"lazy\" decoding=\"async\" width=\"1024\" height=\"536\" alt=\"\" class=\"wp-block-jetpack-slideshow_image wp-image-57364\" data-id=\"57364\" src=\"https:\/\/i0.wp.com\/www.fundacioires.org\/wp-content\/uploads\/PLANTILLA-NOTIS-WEB-60.png?resize=1024%2C536&#038;ssl=1\" srcset=\"https:\/\/i0.wp.com\/www.fundacioires.org\/wp-content\/uploads\/PLANTILLA-NOTIS-WEB-60.png?resize=1024%2C536&amp;ssl=1 1024w, https:\/\/i0.wp.com\/www.fundacioires.org\/wp-content\/uploads\/PLANTILLA-NOTIS-WEB-60.png?resize=300%2C157&amp;ssl=1 300w, https:\/\/i0.wp.com\/www.fundacioires.org\/wp-content\/uploads\/PLANTILLA-NOTIS-WEB-60.png?resize=768%2C402&amp;ssl=1 768w, https:\/\/i0.wp.com\/www.fundacioires.org\/wp-content\/uploads\/PLANTILLA-NOTIS-WEB-60.png?w=1200&amp;ssl=1 1200w\" sizes=\"(max-width: 1000px) 100vw, 1000px\" \/><\/figure><\/li><\/ul><a class=\"wp-block-jetpack-slideshow_button-prev swiper-button-prev swiper-button-white\" role=\"button\"><\/a><a class=\"wp-block-jetpack-slideshow_button-next swiper-button-next swiper-button-white\" role=\"button\"><\/a><a aria-label=\"Pause Slideshow\" class=\"wp-block-jetpack-slideshow_button-pause\" role=\"button\"><\/a><div class=\"wp-block-jetpack-slideshow_pagination swiper-pagination swiper-pagination-white\"><\/div><\/div><\/div>\n\n\n\n<p>M\u00e9s enll\u00e0 de la diversi\u00f3 i creativitat, el nostre taller tamb\u00e9 tenia la finalitat d&#8217;oferir una <strong>experi\u00e8ncia educativa.<\/strong> A trav\u00e9s d&#8217;activitats centrades en les tradicions nadalenques, proporcionant a mares i fills l&#8217;oportunitat de gaudir junts.<br><br>Cada mare i fill\/a s&#8217;han endut a casa records tangibles del nostre taller, les seves creacions fetes a m\u00e0 i un adorn per a casa seva. Volem assegurar-nos que l&#8217;experi\u00e8ncia perduri molt despr\u00e9s que s&#8217;acabi el taller, portant amb si la m\u00e0gia de Nadal a cada element creat.<br><br>El nostre taller de Nadal per a mares i fills\/es va ser una oportunitat \u00fanica per crear un vincle emocional. En proporcionar una experi\u00e8ncia plena de joia, creativitat i connexi\u00f3, no nom\u00e9s estem celebrant la temporada, sin\u00f3 tamb\u00e9 construint relacions duradores amb les nostres usu\u00e0ries i fam\u00edlia.<br><br>El nostre agra\u00efment a les usu\u00e0ries i als seus menuts per la participaci\u00f3 en les activitats nadalenques per\u00f2 tamb\u00e9 volem agrair a les volunt\u00e0ries pel seu comprom\u00eds amb la nostra tasca social i haver fet possible que la m\u00e0gia de Nadal arribi fins a les cases de cada usu\u00e0ria.<br><br>Aquest programa compta amb el suport del Departament de Drets Socials de la Generalitat de Catalunya i de l&#8217;Ajuntament de Barcelona<\/p>\n\n\n\n<div class=\"wp-block-columns is-layout-flex wp-container-core-columns-is-layout-9d6595d7 wp-block-columns-is-layout-flex\">\n<div class=\"wp-block-column is-layout-flow wp-block-column-is-layout-flow\">\n<figure class=\"wp-block-image size-full is-resized\"><img decoding=\"async\" src=\"https:\/\/www.fundacioires.org\/wp-content\/uploads\/WEB_LOGO_FINANCAMENT_GenCat_Dep_Drets_socials.svg\" alt=\"\" class=\"wp-image-54215\" style=\"width:248px;height:auto\"\/><\/figure>\n<\/div>\n\n\n\n<div class=\"wp-block-column is-layout-flow wp-block-column-is-layout-flow\">\n<figure class=\"wp-block-image size-full is-resized\"><img decoding=\"async\" src=\"https:\/\/www.fundacioires.org\/wp-content\/uploads\/WEB_LOGOS_FINANCAMENT_Ajuntament_Barcelona.svg\" alt=\"\" class=\"wp-image-54268\" style=\"width:256px;height:auto\"\/><\/figure>\n<\/div>\n<\/div>\n","protected":false},"excerpt":{"rendered":"<p>La temporada nadalenca \u00e9s un moment m\u00e0gic ple de joia, il\u00b7lusi\u00f3 i l&#8217;oportunitat de crear records duradors. \u00c9s essencial captar aquesta ess\u00e8ncia festiva i oferir experi\u00e8ncies brindin als nens moments especials que atresoraran per sempre.<\/p>\n","protected":false},"author":7,"featured_media":57361,"comment_status":"closed","ping_status":"open","sticky":false,"template":"","format":"standard","meta":{"_jetpack_memberships_contains_paid_content":false,"footnotes":""},"categories":[19],"tags":[76],"class_list":["post-57373","post","type-post","status-publish","format-standard","has-post-thumbnail","hentry","category-ires-blog","tag-fils-ca-2"],"yoast_head":"<!-- This site is optimized with the Yoast SEO plugin v27.4 - https:\/\/yoast.com\/product\/yoast-seo-wordpress\/ -->\n<title>Celebrem la m\u00e0gia del Nadal - Fundaci\u00f3 IRES<\/title>\n<meta name=\"description\" content=\"La temporada nadalenca \u00e9s un moment m\u00e0gic ple de joia, il\u00b7lusi\u00f3 i l&#039;oportunitat de crear records duradors per als m\u00e9s petits.\" \/>\n<meta name=\"robots\" content=\"index, follow, max-snippet:-1, max-image-preview:large, max-video-preview:-1\" \/>\n<link rel=\"canonical\" href=\"https:\/\/www.fundacioires.org\/ca\/celebrem-la-magia-del-nadal\/\" \/>\n<meta property=\"og:locale\" content=\"ca_ES\" \/>\n<meta property=\"og:type\" content=\"article\" \/>\n<meta property=\"og:title\" content=\"Celebrem la m\u00e0gia del Nadal - Fundaci\u00f3 IRES\" \/>\n<meta property=\"og:description\" content=\"La temporada nadalenca \u00e9s un moment m\u00e0gic ple de joia, il\u00b7lusi\u00f3 i l&#039;oportunitat de crear records duradors per als m\u00e9s petits.\" \/>\n<meta property=\"og:url\" content=\"https:\/\/www.fundacioires.org\/ca\/celebrem-la-magia-del-nadal\/\" \/>\n<meta property=\"og:site_name\" content=\"Fundaci\u00f3 IRES\" \/>\n<meta property=\"article:published_time\" content=\"2024-01-12T12:44:38+00:00\" \/>\n<meta property=\"article:modified_time\" content=\"2025-04-17T12:22:08+00:00\" \/>\n<meta property=\"og:image\" content=\"https:\/\/www.fundacioires.org\/wp-content\/uploads\/PLANTILLA-NOTIS-WEB-59.png\" \/>\n\t<meta property=\"og:image:width\" content=\"1200\" \/>\n\t<meta property=\"og:image:height\" content=\"628\" \/>\n\t<meta property=\"og:image:type\" content=\"image\/png\" \/>\n<meta name=\"author\" content=\"Fundaci\u00f3 IRES\" \/>\n<meta name=\"twitter:card\" content=\"summary_large_image\" \/>\n<meta name=\"twitter:label1\" content=\"Written by\" \/>\n\t<meta name=\"twitter:data1\" content=\"Fundaci\u00f3 IRES\" \/>\n\t<meta name=\"twitter:label2\" content=\"Est. reading time\" \/>\n\t<meta name=\"twitter:data2\" content=\"4 minutes\" \/>\n<script type=\"application\/ld+json\" class=\"yoast-schema-graph\">{\"@context\":\"https:\\\/\\\/schema.org\",\"@graph\":[{\"@type\":\"Article\",\"@id\":\"https:\\\/\\\/www.fundacioires.org\\\/ca\\\/celebrem-la-magia-del-nadal\\\/#article\",\"isPartOf\":{\"@id\":\"https:\\\/\\\/www.fundacioires.org\\\/ca\\\/celebrem-la-magia-del-nadal\\\/\"},\"author\":{\"name\":\"Fundaci\u00f3 IRES\",\"@id\":\"https:\\\/\\\/www.fundacioires.org\\\/#\\\/schema\\\/person\\\/160af843c565221ef4664a5c7000791c\"},\"headline\":\"Celebrem la m\u00e0gia del Nadal\",\"datePublished\":\"2024-01-12T12:44:38+00:00\",\"dateModified\":\"2025-04-17T12:22:08+00:00\",\"mainEntityOfPage\":{\"@id\":\"https:\\\/\\\/www.fundacioires.org\\\/ca\\\/celebrem-la-magia-del-nadal\\\/\"},\"wordCount\":416,\"publisher\":{\"@id\":\"https:\\\/\\\/www.fundacioires.org\\\/#organization\"},\"image\":{\"@id\":\"https:\\\/\\\/www.fundacioires.org\\\/ca\\\/celebrem-la-magia-del-nadal\\\/#primaryimage\"},\"thumbnailUrl\":\"https:\\\/\\\/i0.wp.com\\\/www.fundacioires.org\\\/wp-content\\\/uploads\\\/PLANTILLA-NOTIS-WEB-59.png?fit=1200%2C628&ssl=1\",\"keywords\":[\"Fils\"],\"articleSection\":[\"IRES-Blog\"],\"inLanguage\":\"ca-ES\"},{\"@type\":\"WebPage\",\"@id\":\"https:\\\/\\\/www.fundacioires.org\\\/ca\\\/celebrem-la-magia-del-nadal\\\/\",\"url\":\"https:\\\/\\\/www.fundacioires.org\\\/ca\\\/celebrem-la-magia-del-nadal\\\/\",\"name\":\"Celebrem la m\u00e0gia del Nadal - Fundaci\u00f3 IRES\",\"isPartOf\":{\"@id\":\"https:\\\/\\\/www.fundacioires.org\\\/#website\"},\"primaryImageOfPage\":{\"@id\":\"https:\\\/\\\/www.fundacioires.org\\\/ca\\\/celebrem-la-magia-del-nadal\\\/#primaryimage\"},\"image\":{\"@id\":\"https:\\\/\\\/www.fundacioires.org\\\/ca\\\/celebrem-la-magia-del-nadal\\\/#primaryimage\"},\"thumbnailUrl\":\"https:\\\/\\\/i0.wp.com\\\/www.fundacioires.org\\\/wp-content\\\/uploads\\\/PLANTILLA-NOTIS-WEB-59.png?fit=1200%2C628&ssl=1\",\"datePublished\":\"2024-01-12T12:44:38+00:00\",\"dateModified\":\"2025-04-17T12:22:08+00:00\",\"description\":\"La temporada nadalenca \u00e9s un moment m\u00e0gic ple de joia, il\u00b7lusi\u00f3 i l'oportunitat de crear records duradors per als m\u00e9s petits.\",\"breadcrumb\":{\"@id\":\"https:\\\/\\\/www.fundacioires.org\\\/ca\\\/celebrem-la-magia-del-nadal\\\/#breadcrumb\"},\"inLanguage\":\"ca-ES\",\"potentialAction\":[{\"@type\":\"ReadAction\",\"target\":[\"https:\\\/\\\/www.fundacioires.org\\\/ca\\\/celebrem-la-magia-del-nadal\\\/\"]}]},{\"@type\":\"ImageObject\",\"inLanguage\":\"ca-ES\",\"@id\":\"https:\\\/\\\/www.fundacioires.org\\\/ca\\\/celebrem-la-magia-del-nadal\\\/#primaryimage\",\"url\":\"https:\\\/\\\/i0.wp.com\\\/www.fundacioires.org\\\/wp-content\\\/uploads\\\/PLANTILLA-NOTIS-WEB-59.png?fit=1200%2C628&ssl=1\",\"contentUrl\":\"https:\\\/\\\/i0.wp.com\\\/www.fundacioires.org\\\/wp-content\\\/uploads\\\/PLANTILLA-NOTIS-WEB-59.png?fit=1200%2C628&ssl=1\",\"width\":1200,\"height\":628},{\"@type\":\"BreadcrumbList\",\"@id\":\"https:\\\/\\\/www.fundacioires.org\\\/ca\\\/celebrem-la-magia-del-nadal\\\/#breadcrumb\",\"itemListElement\":[{\"@type\":\"ListItem\",\"position\":1,\"name\":\"Portada\",\"item\":\"https:\\\/\\\/www.fundacioires.org\\\/\"},{\"@type\":\"ListItem\",\"position\":2,\"name\":\"Celebrem la m\u00e0gia del Nadal\"}]},{\"@type\":\"WebSite\",\"@id\":\"https:\\\/\\\/www.fundacioires.org\\\/#website\",\"url\":\"https:\\\/\\\/www.fundacioires.org\\\/\",\"name\":\"Fundaci\u00f3 IRES\",\"description\":\"\",\"publisher\":{\"@id\":\"https:\\\/\\\/www.fundacioires.org\\\/#organization\"},\"potentialAction\":[{\"@type\":\"SearchAction\",\"target\":{\"@type\":\"EntryPoint\",\"urlTemplate\":\"https:\\\/\\\/www.fundacioires.org\\\/?s={search_term_string}\"},\"query-input\":{\"@type\":\"PropertyValueSpecification\",\"valueRequired\":true,\"valueName\":\"search_term_string\"}}],\"inLanguage\":\"ca-ES\"},{\"@type\":\"Organization\",\"@id\":\"https:\\\/\\\/www.fundacioires.org\\\/#organization\",\"name\":\"Fundanci\u00f3n IRES\",\"url\":\"https:\\\/\\\/www.fundacioires.org\\\/\",\"logo\":{\"@type\":\"ImageObject\",\"inLanguage\":\"ca-ES\",\"@id\":\"https:\\\/\\\/www.fundacioires.org\\\/#\\\/schema\\\/logo\\\/image\\\/\",\"url\":\"https:\\\/\\\/i0.wp.com\\\/www.fundacioires.org\\\/wp-content\\\/uploads\\\/faviconIRES.png?fit=32%2C32&ssl=1\",\"contentUrl\":\"https:\\\/\\\/i0.wp.com\\\/www.fundacioires.org\\\/wp-content\\\/uploads\\\/faviconIRES.png?fit=32%2C32&ssl=1\",\"width\":32,\"height\":32,\"caption\":\"Fundanci\u00f3n IRES\"},\"image\":{\"@id\":\"https:\\\/\\\/www.fundacioires.org\\\/#\\\/schema\\\/logo\\\/image\\\/\"}},{\"@type\":\"Person\",\"@id\":\"https:\\\/\\\/www.fundacioires.org\\\/#\\\/schema\\\/person\\\/160af843c565221ef4664a5c7000791c\",\"name\":\"Fundaci\u00f3 IRES\"}]}<\/script>\n<!-- \/ Yoast SEO plugin. -->","yoast_head_json":{"title":"Celebrem la m\u00e0gia del Nadal - Fundaci\u00f3 IRES","description":"La temporada nadalenca \u00e9s un moment m\u00e0gic ple de joia, il\u00b7lusi\u00f3 i l'oportunitat de crear records duradors per als m\u00e9s petits.","robots":{"index":"index","follow":"follow","max-snippet":"max-snippet:-1","max-image-preview":"max-image-preview:large","max-video-preview":"max-video-preview:-1"},"canonical":"https:\/\/www.fundacioires.org\/ca\/celebrem-la-magia-del-nadal\/","og_locale":"ca_ES","og_type":"article","og_title":"Celebrem la m\u00e0gia del Nadal - Fundaci\u00f3 IRES","og_description":"La temporada nadalenca \u00e9s un moment m\u00e0gic ple de joia, il\u00b7lusi\u00f3 i l'oportunitat de crear records duradors per als m\u00e9s petits.","og_url":"https:\/\/www.fundacioires.org\/ca\/celebrem-la-magia-del-nadal\/","og_site_name":"Fundaci\u00f3 IRES","article_published_time":"2024-01-12T12:44:38+00:00","article_modified_time":"2025-04-17T12:22:08+00:00","og_image":[{"width":1200,"height":628,"url":"https:\/\/www.fundacioires.org\/wp-content\/uploads\/PLANTILLA-NOTIS-WEB-59.png","type":"image\/png"}],"author":"Fundaci\u00f3 IRES","twitter_card":"summary_large_image","twitter_misc":{"Written by":"Fundaci\u00f3 IRES","Est. reading time":"4 minutes"},"schema":{"@context":"https:\/\/schema.org","@graph":[{"@type":"Article","@id":"https:\/\/www.fundacioires.org\/ca\/celebrem-la-magia-del-nadal\/#article","isPartOf":{"@id":"https:\/\/www.fundacioires.org\/ca\/celebrem-la-magia-del-nadal\/"},"author":{"name":"Fundaci\u00f3 IRES","@id":"https:\/\/www.fundacioires.org\/#\/schema\/person\/160af843c565221ef4664a5c7000791c"},"headline":"Celebrem la m\u00e0gia del Nadal","datePublished":"2024-01-12T12:44:38+00:00","dateModified":"2025-04-17T12:22:08+00:00","mainEntityOfPage":{"@id":"https:\/\/www.fundacioires.org\/ca\/celebrem-la-magia-del-nadal\/"},"wordCount":416,"publisher":{"@id":"https:\/\/www.fundacioires.org\/#organization"},"image":{"@id":"https:\/\/www.fundacioires.org\/ca\/celebrem-la-magia-del-nadal\/#primaryimage"},"thumbnailUrl":"https:\/\/i0.wp.com\/www.fundacioires.org\/wp-content\/uploads\/PLANTILLA-NOTIS-WEB-59.png?fit=1200%2C628&ssl=1","keywords":["Fils"],"articleSection":["IRES-Blog"],"inLanguage":"ca-ES"},{"@type":"WebPage","@id":"https:\/\/www.fundacioires.org\/ca\/celebrem-la-magia-del-nadal\/","url":"https:\/\/www.fundacioires.org\/ca\/celebrem-la-magia-del-nadal\/","name":"Celebrem la m\u00e0gia del Nadal - Fundaci\u00f3 IRES","isPartOf":{"@id":"https:\/\/www.fundacioires.org\/#website"},"primaryImageOfPage":{"@id":"https:\/\/www.fundacioires.org\/ca\/celebrem-la-magia-del-nadal\/#primaryimage"},"image":{"@id":"https:\/\/www.fundacioires.org\/ca\/celebrem-la-magia-del-nadal\/#primaryimage"},"thumbnailUrl":"https:\/\/i0.wp.com\/www.fundacioires.org\/wp-content\/uploads\/PLANTILLA-NOTIS-WEB-59.png?fit=1200%2C628&ssl=1","datePublished":"2024-01-12T12:44:38+00:00","dateModified":"2025-04-17T12:22:08+00:00","description":"La temporada nadalenca \u00e9s un moment m\u00e0gic ple de joia, il\u00b7lusi\u00f3 i l'oportunitat de crear records duradors per als m\u00e9s petits.","breadcrumb":{"@id":"https:\/\/www.fundacioires.org\/ca\/celebrem-la-magia-del-nadal\/#breadcrumb"},"inLanguage":"ca-ES","potentialAction":[{"@type":"ReadAction","target":["https:\/\/www.fundacioires.org\/ca\/celebrem-la-magia-del-nadal\/"]}]},{"@type":"ImageObject","inLanguage":"ca-ES","@id":"https:\/\/www.fundacioires.org\/ca\/celebrem-la-magia-del-nadal\/#primaryimage","url":"https:\/\/i0.wp.com\/www.fundacioires.org\/wp-content\/uploads\/PLANTILLA-NOTIS-WEB-59.png?fit=1200%2C628&ssl=1","contentUrl":"https:\/\/i0.wp.com\/www.fundacioires.org\/wp-content\/uploads\/PLANTILLA-NOTIS-WEB-59.png?fit=1200%2C628&ssl=1","width":1200,"height":628},{"@type":"BreadcrumbList","@id":"https:\/\/www.fundacioires.org\/ca\/celebrem-la-magia-del-nadal\/#breadcrumb","itemListElement":[{"@type":"ListItem","position":1,"name":"Portada","item":"https:\/\/www.fundacioires.org\/"},{"@type":"ListItem","position":2,"name":"Celebrem la m\u00e0gia del Nadal"}]},{"@type":"WebSite","@id":"https:\/\/www.fundacioires.org\/#website","url":"https:\/\/www.fundacioires.org\/","name":"Fundaci\u00f3 IRES","description":"","publisher":{"@id":"https:\/\/www.fundacioires.org\/#organization"},"potentialAction":[{"@type":"SearchAction","target":{"@type":"EntryPoint","urlTemplate":"https:\/\/www.fundacioires.org\/?s={search_term_string}"},"query-input":{"@type":"PropertyValueSpecification","valueRequired":true,"valueName":"search_term_string"}}],"inLanguage":"ca-ES"},{"@type":"Organization","@id":"https:\/\/www.fundacioires.org\/#organization","name":"Fundanci\u00f3n IRES","url":"https:\/\/www.fundacioires.org\/","logo":{"@type":"ImageObject","inLanguage":"ca-ES","@id":"https:\/\/www.fundacioires.org\/#\/schema\/logo\/image\/","url":"https:\/\/i0.wp.com\/www.fundacioires.org\/wp-content\/uploads\/faviconIRES.png?fit=32%2C32&ssl=1","contentUrl":"https:\/\/i0.wp.com\/www.fundacioires.org\/wp-content\/uploads\/faviconIRES.png?fit=32%2C32&ssl=1","width":32,"height":32,"caption":"Fundanci\u00f3n IRES"},"image":{"@id":"https:\/\/www.fundacioires.org\/#\/schema\/logo\/image\/"}},{"@type":"Person","@id":"https:\/\/www.fundacioires.org\/#\/schema\/person\/160af843c565221ef4664a5c7000791c","name":"Fundaci\u00f3 IRES"}]}},"jetpack_featured_media_url":"https:\/\/i0.wp.com\/www.fundacioires.org\/wp-content\/uploads\/PLANTILLA-NOTIS-WEB-59.png?fit=1200%2C628&ssl=1","jetpack_sharing_enabled":true,"_links":{"self":[{"href":"https:\/\/www.fundacioires.org\/ca\/wp-json\/wp\/v2\/posts\/57373","targetHints":{"allow":["GET"]}}],"collection":[{"href":"https:\/\/www.fundacioires.org\/ca\/wp-json\/wp\/v2\/posts"}],"about":[{"href":"https:\/\/www.fundacioires.org\/ca\/wp-json\/wp\/v2\/types\/post"}],"author":[{"embeddable":true,"href":"https:\/\/www.fundacioires.org\/ca\/wp-json\/wp\/v2\/users\/7"}],"replies":[{"embeddable":true,"href":"https:\/\/www.fundacioires.org\/ca\/wp-json\/wp\/v2\/comments?post=57373"}],"version-history":[{"count":3,"href":"https:\/\/www.fundacioires.org\/ca\/wp-json\/wp\/v2\/posts\/57373\/revisions"}],"predecessor-version":[{"id":71457,"href":"https:\/\/www.fundacioires.org\/ca\/wp-json\/wp\/v2\/posts\/57373\/revisions\/71457"}],"wp:featuredmedia":[{"embeddable":true,"href":"https:\/\/www.fundacioires.org\/ca\/wp-json\/wp\/v2\/media\/57361"}],"wp:attachment":[{"href":"https:\/\/www.fundacioires.org\/ca\/wp-json\/wp\/v2\/media?parent=57373"}],"wp:term":[{"taxonomy":"category","embeddable":true,"href":"https:\/\/www.fundacioires.org\/ca\/wp-json\/wp\/v2\/categories?post=57373"},{"taxonomy":"post_tag","embeddable":true,"href":"https:\/\/www.fundacioires.org\/ca\/wp-json\/wp\/v2\/tags?post=57373"}],"curies":[{"name":"wp","href":"https:\/\/api.w.org\/{rel}","templated":true}]}}