{"id":57600,"date":"2024-01-19T11:17:15","date_gmt":"2024-01-19T10:17:15","guid":{"rendered":"https:\/\/www.fundacioires.org\/?p=57600"},"modified":"2024-01-22T14:15:38","modified_gmt":"2024-01-22T13:15:38","slug":"llencem-sense-genere-de-dubtes","status":"publish","type":"post","link":"https:\/\/www.fundacioires.org\/ca\/llencem-sense-genere-de-dubtes\/","title":{"rendered":"Llencem el projecte Sense G\u00e8nere de Dubtes"},"content":{"rendered":"\n<p><em>Sense g\u00e8nere de dubtes<\/em> va ser un dels projectes guanyadors de la convocat\u00f2ria del<strong> Memorial<br>Manuel Adroer 2023<\/strong>. L\u2019objectiu del Memorial \u00e9s promoure i premiar projectes interns innovadors, de qualitat, de comprom\u00eds social i \u00e8tic.<\/p>\n\n\n\n<p>\u00c9s un projecte de sensibilitzaci\u00f3 per a prevenir les accions masclistes a trav\u00e9s de la creaci\u00f3 de<br>materials de difusi\u00f3 en format f\u00edsic i digital. Els diferents materials acompanyaran les activitats<br>preventives que es duen a terme en els centres educatius de les Balears.<\/p>\n\n\n\n<p>Aquesta iniciativa neix de la interacci\u00f3 amb l\u2019alumnat d\u2019educaci\u00f3 prim\u00e0ria, secund\u00e0ria,<br>batxillerat, cicles formatius i joves que han assistit als tallers de prevenci\u00f3.<\/p>\n\n\n\n<p><strong><em>Sense g\u00e8nere de dubtes<\/em> pret\u00e9n donar resposta a les inquietuds de la joventut tamb\u00e9 fora de<br>les aules i configurar un espai digital on els\/les joves puguin trobar informaci\u00f3 v\u00e0lida i<br>contrastada sobre temes que tenen a veure amb la sexualitat sana, la igualtat de g\u00e8nere i les<br>relacions de parella<\/strong>. Informaci\u00f3 basada en les seves pr\u00f2pies consultes, inquietuds i dubtes.<\/p>\n\n\n\n<figure class=\"wp-block-gallery has-nested-images columns-4 is-cropped is-style-rectangular wp-block-gallery-1 is-layout-flex wp-block-gallery-is-layout-flex\">\n<figure class=\"wp-block-image size-large\"><img data-recalc-dims=\"1\" loading=\"lazy\" decoding=\"async\" width=\"1024\" height=\"1024\" data-id=\"57760\" src=\"https:\/\/i0.wp.com\/www.fundacioires.org\/wp-content\/uploads\/LagelosiaesunamostradamorLestudiafirmaqueel28dhomesiel15delesdonesentre15i29anyscreuqueenunarelaciosentimentalesnormalquehihagigelosiaperqueesunamostradamor.Lagelosi.jpg?resize=1024%2C1024&#038;ssl=1\" alt=\"\" class=\"wp-image-57760\" srcset=\"https:\/\/i0.wp.com\/www.fundacioires.org\/wp-content\/uploads\/LagelosiaesunamostradamorLestudiafirmaqueel28dhomesiel15delesdonesentre15i29anyscreuqueenunarelaciosentimentalesnormalquehihagigelosiaperqueesunamostradamor.Lagelosi.jpg?resize=1024%2C1024&amp;ssl=1 1024w, https:\/\/i0.wp.com\/www.fundacioires.org\/wp-content\/uploads\/LagelosiaesunamostradamorLestudiafirmaqueel28dhomesiel15delesdonesentre15i29anyscreuqueenunarelaciosentimentalesnormalquehihagigelosiaperqueesunamostradamor.Lagelosi.jpg?resize=300%2C300&amp;ssl=1 300w, https:\/\/i0.wp.com\/www.fundacioires.org\/wp-content\/uploads\/LagelosiaesunamostradamorLestudiafirmaqueel28dhomesiel15delesdonesentre15i29anyscreuqueenunarelaciosentimentalesnormalquehihagigelosiaperqueesunamostradamor.Lagelosi.jpg?resize=150%2C150&amp;ssl=1 150w, https:\/\/i0.wp.com\/www.fundacioires.org\/wp-content\/uploads\/LagelosiaesunamostradamorLestudiafirmaqueel28dhomesiel15delesdonesentre15i29anyscreuqueenunarelaciosentimentalesnormalquehihagigelosiaperqueesunamostradamor.Lagelosi.jpg?resize=768%2C768&amp;ssl=1 768w, https:\/\/i0.wp.com\/www.fundacioires.org\/wp-content\/uploads\/LagelosiaesunamostradamorLestudiafirmaqueel28dhomesiel15delesdonesentre15i29anyscreuqueenunarelaciosentimentalesnormalquehihagigelosiaperqueesunamostradamor.Lagelosi.jpg?resize=120%2C120&amp;ssl=1 120w, https:\/\/i0.wp.com\/www.fundacioires.org\/wp-content\/uploads\/LagelosiaesunamostradamorLestudiafirmaqueel28dhomesiel15delesdonesentre15i29anyscreuqueenunarelaciosentimentalesnormalquehihagigelosiaperqueesunamostradamor.Lagelosi.jpg?w=1080&amp;ssl=1 1080w\" sizes=\"(max-width: 1000px) 100vw, 1000px\" \/><\/figure>\n\n\n\n<figure class=\"wp-block-image size-large\"><img data-recalc-dims=\"1\" loading=\"lazy\" decoding=\"async\" width=\"1024\" height=\"1024\" data-id=\"57758\" src=\"https:\/\/i0.wp.com\/www.fundacioires.org\/wp-content\/uploads\/Lamoravegadesescomunarecepta.Construirunarelaciosaludableiigualitarianecessitaunsingredientsbasicsaltresalgustelseutempsdecocciolasevapreparacio.Quinssonelsingredientsmesimp.jpg?resize=1024%2C1024&#038;ssl=1\" alt=\"\" class=\"wp-image-57758\" srcset=\"https:\/\/i0.wp.com\/www.fundacioires.org\/wp-content\/uploads\/Lamoravegadesescomunarecepta.Construirunarelaciosaludableiigualitarianecessitaunsingredientsbasicsaltresalgustelseutempsdecocciolasevapreparacio.Quinssonelsingredientsmesimp.jpg?resize=1024%2C1024&amp;ssl=1 1024w, https:\/\/i0.wp.com\/www.fundacioires.org\/wp-content\/uploads\/Lamoravegadesescomunarecepta.Construirunarelaciosaludableiigualitarianecessitaunsingredientsbasicsaltresalgustelseutempsdecocciolasevapreparacio.Quinssonelsingredientsmesimp.jpg?resize=300%2C300&amp;ssl=1 300w, https:\/\/i0.wp.com\/www.fundacioires.org\/wp-content\/uploads\/Lamoravegadesescomunarecepta.Construirunarelaciosaludableiigualitarianecessitaunsingredientsbasicsaltresalgustelseutempsdecocciolasevapreparacio.Quinssonelsingredientsmesimp.jpg?resize=150%2C150&amp;ssl=1 150w, https:\/\/i0.wp.com\/www.fundacioires.org\/wp-content\/uploads\/Lamoravegadesescomunarecepta.Construirunarelaciosaludableiigualitarianecessitaunsingredientsbasicsaltresalgustelseutempsdecocciolasevapreparacio.Quinssonelsingredientsmesimp.jpg?resize=768%2C768&amp;ssl=1 768w, https:\/\/i0.wp.com\/www.fundacioires.org\/wp-content\/uploads\/Lamoravegadesescomunarecepta.Construirunarelaciosaludableiigualitarianecessitaunsingredientsbasicsaltresalgustelseutempsdecocciolasevapreparacio.Quinssonelsingredientsmesimp.jpg?resize=120%2C120&amp;ssl=1 120w, https:\/\/i0.wp.com\/www.fundacioires.org\/wp-content\/uploads\/Lamoravegadesescomunarecepta.Construirunarelaciosaludableiigualitarianecessitaunsingredientsbasicsaltresalgustelseutempsdecocciolasevapreparacio.Quinssonelsingredientsmesimp.jpg?w=1080&amp;ssl=1 1080w\" sizes=\"(max-width: 1000px) 100vw, 1000px\" \/><\/figure>\n\n\n\n<figure class=\"wp-block-image size-large\"><img data-recalc-dims=\"1\" loading=\"lazy\" decoding=\"async\" width=\"1024\" height=\"1024\" data-id=\"57756\" src=\"https:\/\/i0.wp.com\/www.fundacioires.org\/wp-content\/uploads\/DurantelstallershemtingutunaexperienciaqueenshacridatlatencioEndiferentsocasionsdurantlaplujadideessobresexualitatirelacionsalguhaditlaparaulaviolacioEsfonamentaldistingirla.jpg?resize=1024%2C1024&#038;ssl=1\" alt=\"\" class=\"wp-image-57756\" srcset=\"https:\/\/i0.wp.com\/www.fundacioires.org\/wp-content\/uploads\/DurantelstallershemtingutunaexperienciaqueenshacridatlatencioEndiferentsocasionsdurantlaplujadideessobresexualitatirelacionsalguhaditlaparaulaviolacioEsfonamentaldistingirla.jpg?resize=1024%2C1024&amp;ssl=1 1024w, https:\/\/i0.wp.com\/www.fundacioires.org\/wp-content\/uploads\/DurantelstallershemtingutunaexperienciaqueenshacridatlatencioEndiferentsocasionsdurantlaplujadideessobresexualitatirelacionsalguhaditlaparaulaviolacioEsfonamentaldistingirla.jpg?resize=300%2C300&amp;ssl=1 300w, https:\/\/i0.wp.com\/www.fundacioires.org\/wp-content\/uploads\/DurantelstallershemtingutunaexperienciaqueenshacridatlatencioEndiferentsocasionsdurantlaplujadideessobresexualitatirelacionsalguhaditlaparaulaviolacioEsfonamentaldistingirla.jpg?resize=150%2C150&amp;ssl=1 150w, https:\/\/i0.wp.com\/www.fundacioires.org\/wp-content\/uploads\/DurantelstallershemtingutunaexperienciaqueenshacridatlatencioEndiferentsocasionsdurantlaplujadideessobresexualitatirelacionsalguhaditlaparaulaviolacioEsfonamentaldistingirla.jpg?resize=768%2C768&amp;ssl=1 768w, https:\/\/i0.wp.com\/www.fundacioires.org\/wp-content\/uploads\/DurantelstallershemtingutunaexperienciaqueenshacridatlatencioEndiferentsocasionsdurantlaplujadideessobresexualitatirelacionsalguhaditlaparaulaviolacioEsfonamentaldistingirla.jpg?resize=120%2C120&amp;ssl=1 120w, https:\/\/i0.wp.com\/www.fundacioires.org\/wp-content\/uploads\/DurantelstallershemtingutunaexperienciaqueenshacridatlatencioEndiferentsocasionsdurantlaplujadideessobresexualitatirelacionsalguhaditlaparaulaviolacioEsfonamentaldistingirla.jpg?w=1080&amp;ssl=1 1080w\" sizes=\"(max-width: 1000px) 100vw, 1000px\" \/><\/figure>\n\n\n\n<figure class=\"wp-block-image size-large\"><img data-recalc-dims=\"1\" loading=\"lazy\" decoding=\"async\" width=\"1024\" height=\"1024\" data-id=\"57754\" src=\"https:\/\/i0.wp.com\/www.fundacioires.org\/wp-content\/uploads\/Lassetjamentalexparellaocorrequanunadelesduespartsintentacontactaramblaltraatravesdetrucadestelefoniquesrepetitivesmissatgesdetextxarxessocialscorreuelectronicamistatsopersones.jpg?resize=1024%2C1024&#038;ssl=1\" alt=\"\" class=\"wp-image-57754\" srcset=\"https:\/\/i0.wp.com\/www.fundacioires.org\/wp-content\/uploads\/Lassetjamentalexparellaocorrequanunadelesduespartsintentacontactaramblaltraatravesdetrucadestelefoniquesrepetitivesmissatgesdetextxarxessocialscorreuelectronicamistatsopersones.jpg?resize=1024%2C1024&amp;ssl=1 1024w, https:\/\/i0.wp.com\/www.fundacioires.org\/wp-content\/uploads\/Lassetjamentalexparellaocorrequanunadelesduespartsintentacontactaramblaltraatravesdetrucadestelefoniquesrepetitivesmissatgesdetextxarxessocialscorreuelectronicamistatsopersones.jpg?resize=300%2C300&amp;ssl=1 300w, https:\/\/i0.wp.com\/www.fundacioires.org\/wp-content\/uploads\/Lassetjamentalexparellaocorrequanunadelesduespartsintentacontactaramblaltraatravesdetrucadestelefoniquesrepetitivesmissatgesdetextxarxessocialscorreuelectronicamistatsopersones.jpg?resize=150%2C150&amp;ssl=1 150w, https:\/\/i0.wp.com\/www.fundacioires.org\/wp-content\/uploads\/Lassetjamentalexparellaocorrequanunadelesduespartsintentacontactaramblaltraatravesdetrucadestelefoniquesrepetitivesmissatgesdetextxarxessocialscorreuelectronicamistatsopersones.jpg?resize=768%2C768&amp;ssl=1 768w, https:\/\/i0.wp.com\/www.fundacioires.org\/wp-content\/uploads\/Lassetjamentalexparellaocorrequanunadelesduespartsintentacontactaramblaltraatravesdetrucadestelefoniquesrepetitivesmissatgesdetextxarxessocialscorreuelectronicamistatsopersones.jpg?resize=120%2C120&amp;ssl=1 120w, https:\/\/i0.wp.com\/www.fundacioires.org\/wp-content\/uploads\/Lassetjamentalexparellaocorrequanunadelesduespartsintentacontactaramblaltraatravesdetrucadestelefoniquesrepetitivesmissatgesdetextxarxessocialscorreuelectronicamistatsopersones.jpg?w=1080&amp;ssl=1 1080w\" sizes=\"(max-width: 1000px) 100vw, 1000px\" \/><\/figure>\n<\/figure>\n\n\n\n<p>En les xarxes hi ha molta informaci\u00f3 carregada de prejudicis i hem detectat la manca d\u2019una eina<br>com aquesta a l\u2019abast d\u2019un clic. Per aquest motiu, s\u2019ha creat un perfil d\u2019Instagram i de <em>Tiktok<\/em>,<br>on es comparteix informaci\u00f3 i contingut dirigit, no nom\u00e9s als\/les joves, sin\u00f3 tamb\u00e9 als\/les<br>professionals i a les fam\u00edlies, a qui els pot resultar d\u2019utilitat. <em>Sense g\u00e8nere de dubtes<\/em> tamb\u00e9<strong> vol<br>posar eines psicoeducatives a l\u2019abast de qualsevol professional o persona adulta que estigui<br>en contacte amb adolescents i joves<\/strong>.<\/p>\n\n\n\n<p>Perqu\u00e8 <strong>totes les persones, sense distincions, tenim dret a viure i relacionar-nos de manera<br>lliure, plena, sense discriminacions ni viol\u00e8ncies.<\/strong><\/p>\n\n\n\n<div class=\"wp-block-buttons is-content-justification-center is-layout-flex wp-container-core-buttons-is-layout-16018d1d wp-block-buttons-is-layout-flex\">\n<div class=\"wp-block-button is-style-fill\"><a class=\"wp-block-button__link has-background wp-element-button\" href=\"https:\/\/www.instagram.com\/sensegeneredubtes\/\" style=\"background-color:#5d32a7\">Ves al seu Instagram!<\/a><\/div>\n<\/div>\n","protected":false},"excerpt":{"rendered":"<p>Aquesta iniciativa neix de la interacci\u00f3 amb l\u2019alumnat d\u2019educaci\u00f3 prim\u00e0ria, secund\u00e0ria,<br \/>\nbatxillerat, cicles formatius i joves que han assistit als tallers de prevenci\u00f3.<\/p>\n","protected":false},"author":7,"featured_media":57601,"comment_status":"closed","ping_status":"open","sticky":false,"template":"","format":"standard","meta":{"_jetpack_memberships_contains_paid_content":false,"footnotes":""},"categories":[19],"tags":[],"class_list":["post-57600","post","type-post","status-publish","format-standard","has-post-thumbnail","hentry","category-ires-blog"],"yoast_head":"<!-- This site is optimized with the Yoast SEO plugin v27.4 - https:\/\/yoast.com\/product\/yoast-seo-wordpress\/ -->\n<title>Llencem el projecte Sense G\u00e8nere de Dubtes - Fundaci\u00f3 IRES<\/title>\n<meta name=\"description\" content=\"Sense g\u00e8nere de dubtes va ser un dels projectes guanyadors de la convocat\u00f2ria del Memorial Manuel Adroer 2023.\" \/>\n<meta name=\"robots\" content=\"index, follow, max-snippet:-1, max-image-preview:large, max-video-preview:-1\" \/>\n<link rel=\"canonical\" href=\"https:\/\/www.fundacioires.org\/ca\/llencem-sense-genere-de-dubtes\/\" \/>\n<meta property=\"og:locale\" content=\"ca_ES\" \/>\n<meta property=\"og:type\" content=\"article\" \/>\n<meta property=\"og:title\" content=\"Llencem el projecte Sense G\u00e8nere de Dubtes - Fundaci\u00f3 IRES\" \/>\n<meta property=\"og:description\" content=\"Sense g\u00e8nere de dubtes va ser un dels projectes guanyadors de la convocat\u00f2ria del Memorial Manuel Adroer 2023.\" \/>\n<meta property=\"og:url\" content=\"https:\/\/www.fundacioires.org\/ca\/llencem-sense-genere-de-dubtes\/\" \/>\n<meta property=\"og:site_name\" content=\"Fundaci\u00f3 IRES\" \/>\n<meta property=\"article:published_time\" content=\"2024-01-19T10:17:15+00:00\" \/>\n<meta property=\"article:modified_time\" content=\"2024-01-22T13:15:38+00:00\" \/>\n<meta property=\"og:image\" content=\"https:\/\/www.fundacioires.org\/wp-content\/uploads\/PLANTILLA-NOTIS-WEB-64.png\" \/>\n\t<meta property=\"og:image:width\" content=\"1200\" \/>\n\t<meta property=\"og:image:height\" content=\"628\" \/>\n\t<meta property=\"og:image:type\" content=\"image\/png\" \/>\n<meta name=\"author\" content=\"Fundaci\u00f3 IRES\" \/>\n<meta name=\"twitter:card\" content=\"summary_large_image\" \/>\n<meta name=\"twitter:label1\" content=\"Written by\" \/>\n\t<meta name=\"twitter:data1\" content=\"Fundaci\u00f3 IRES\" \/>\n\t<meta name=\"twitter:label2\" content=\"Est. reading time\" \/>\n\t<meta name=\"twitter:data2\" content=\"3 minutes\" \/>\n<script type=\"application\/ld+json\" class=\"yoast-schema-graph\">{\"@context\":\"https:\\\/\\\/schema.org\",\"@graph\":[{\"@type\":\"Article\",\"@id\":\"https:\\\/\\\/www.fundacioires.org\\\/ca\\\/llencem-sense-genere-de-dubtes\\\/#article\",\"isPartOf\":{\"@id\":\"https:\\\/\\\/www.fundacioires.org\\\/ca\\\/llencem-sense-genere-de-dubtes\\\/\"},\"author\":{\"name\":\"Fundaci\u00f3 IRES\",\"@id\":\"https:\\\/\\\/www.fundacioires.org\\\/#\\\/schema\\\/person\\\/160af843c565221ef4664a5c7000791c\"},\"headline\":\"Llencem el projecte Sense G\u00e8nere de Dubtes\",\"datePublished\":\"2024-01-19T10:17:15+00:00\",\"dateModified\":\"2024-01-22T13:15:38+00:00\",\"mainEntityOfPage\":{\"@id\":\"https:\\\/\\\/www.fundacioires.org\\\/ca\\\/llencem-sense-genere-de-dubtes\\\/\"},\"wordCount\":296,\"publisher\":{\"@id\":\"https:\\\/\\\/www.fundacioires.org\\\/#organization\"},\"image\":{\"@id\":\"https:\\\/\\\/www.fundacioires.org\\\/ca\\\/llencem-sense-genere-de-dubtes\\\/#primaryimage\"},\"thumbnailUrl\":\"https:\\\/\\\/i0.wp.com\\\/www.fundacioires.org\\\/wp-content\\\/uploads\\\/PLANTILLA-NOTIS-WEB-64.png?fit=1200%2C628&ssl=1\",\"articleSection\":[\"IRES-Blog\"],\"inLanguage\":\"ca-ES\"},{\"@type\":\"WebPage\",\"@id\":\"https:\\\/\\\/www.fundacioires.org\\\/ca\\\/llencem-sense-genere-de-dubtes\\\/\",\"url\":\"https:\\\/\\\/www.fundacioires.org\\\/ca\\\/llencem-sense-genere-de-dubtes\\\/\",\"name\":\"Llencem el projecte Sense G\u00e8nere de Dubtes - Fundaci\u00f3 IRES\",\"isPartOf\":{\"@id\":\"https:\\\/\\\/www.fundacioires.org\\\/#website\"},\"primaryImageOfPage\":{\"@id\":\"https:\\\/\\\/www.fundacioires.org\\\/ca\\\/llencem-sense-genere-de-dubtes\\\/#primaryimage\"},\"image\":{\"@id\":\"https:\\\/\\\/www.fundacioires.org\\\/ca\\\/llencem-sense-genere-de-dubtes\\\/#primaryimage\"},\"thumbnailUrl\":\"https:\\\/\\\/i0.wp.com\\\/www.fundacioires.org\\\/wp-content\\\/uploads\\\/PLANTILLA-NOTIS-WEB-64.png?fit=1200%2C628&ssl=1\",\"datePublished\":\"2024-01-19T10:17:15+00:00\",\"dateModified\":\"2024-01-22T13:15:38+00:00\",\"description\":\"Sense g\u00e8nere de dubtes va ser un dels projectes guanyadors de la convocat\u00f2ria del Memorial Manuel Adroer 2023.\",\"breadcrumb\":{\"@id\":\"https:\\\/\\\/www.fundacioires.org\\\/ca\\\/llencem-sense-genere-de-dubtes\\\/#breadcrumb\"},\"inLanguage\":\"ca-ES\",\"potentialAction\":[{\"@type\":\"ReadAction\",\"target\":[\"https:\\\/\\\/www.fundacioires.org\\\/ca\\\/llencem-sense-genere-de-dubtes\\\/\"]}]},{\"@type\":\"ImageObject\",\"inLanguage\":\"ca-ES\",\"@id\":\"https:\\\/\\\/www.fundacioires.org\\\/ca\\\/llencem-sense-genere-de-dubtes\\\/#primaryimage\",\"url\":\"https:\\\/\\\/i0.wp.com\\\/www.fundacioires.org\\\/wp-content\\\/uploads\\\/PLANTILLA-NOTIS-WEB-64.png?fit=1200%2C628&ssl=1\",\"contentUrl\":\"https:\\\/\\\/i0.wp.com\\\/www.fundacioires.org\\\/wp-content\\\/uploads\\\/PLANTILLA-NOTIS-WEB-64.png?fit=1200%2C628&ssl=1\",\"width\":1200,\"height\":628},{\"@type\":\"BreadcrumbList\",\"@id\":\"https:\\\/\\\/www.fundacioires.org\\\/ca\\\/llencem-sense-genere-de-dubtes\\\/#breadcrumb\",\"itemListElement\":[{\"@type\":\"ListItem\",\"position\":1,\"name\":\"Portada\",\"item\":\"https:\\\/\\\/www.fundacioires.org\\\/\"},{\"@type\":\"ListItem\",\"position\":2,\"name\":\"Llencem el projecte Sense G\u00e8nere de Dubtes\"}]},{\"@type\":\"WebSite\",\"@id\":\"https:\\\/\\\/www.fundacioires.org\\\/#website\",\"url\":\"https:\\\/\\\/www.fundacioires.org\\\/\",\"name\":\"Fundaci\u00f3 IRES\",\"description\":\"\",\"publisher\":{\"@id\":\"https:\\\/\\\/www.fundacioires.org\\\/#organization\"},\"potentialAction\":[{\"@type\":\"SearchAction\",\"target\":{\"@type\":\"EntryPoint\",\"urlTemplate\":\"https:\\\/\\\/www.fundacioires.org\\\/?s={search_term_string}\"},\"query-input\":{\"@type\":\"PropertyValueSpecification\",\"valueRequired\":true,\"valueName\":\"search_term_string\"}}],\"inLanguage\":\"ca-ES\"},{\"@type\":\"Organization\",\"@id\":\"https:\\\/\\\/www.fundacioires.org\\\/#organization\",\"name\":\"Fundanci\u00f3n IRES\",\"url\":\"https:\\\/\\\/www.fundacioires.org\\\/\",\"logo\":{\"@type\":\"ImageObject\",\"inLanguage\":\"ca-ES\",\"@id\":\"https:\\\/\\\/www.fundacioires.org\\\/#\\\/schema\\\/logo\\\/image\\\/\",\"url\":\"https:\\\/\\\/i0.wp.com\\\/www.fundacioires.org\\\/wp-content\\\/uploads\\\/faviconIRES.png?fit=32%2C32&ssl=1\",\"contentUrl\":\"https:\\\/\\\/i0.wp.com\\\/www.fundacioires.org\\\/wp-content\\\/uploads\\\/faviconIRES.png?fit=32%2C32&ssl=1\",\"width\":32,\"height\":32,\"caption\":\"Fundanci\u00f3n IRES\"},\"image\":{\"@id\":\"https:\\\/\\\/www.fundacioires.org\\\/#\\\/schema\\\/logo\\\/image\\\/\"}},{\"@type\":\"Person\",\"@id\":\"https:\\\/\\\/www.fundacioires.org\\\/#\\\/schema\\\/person\\\/160af843c565221ef4664a5c7000791c\",\"name\":\"Fundaci\u00f3 IRES\"}]}<\/script>\n<!-- \/ Yoast SEO plugin. -->","yoast_head_json":{"title":"Llencem el projecte Sense G\u00e8nere de Dubtes - Fundaci\u00f3 IRES","description":"Sense g\u00e8nere de dubtes va ser un dels projectes guanyadors de la convocat\u00f2ria del Memorial Manuel Adroer 2023.","robots":{"index":"index","follow":"follow","max-snippet":"max-snippet:-1","max-image-preview":"max-image-preview:large","max-video-preview":"max-video-preview:-1"},"canonical":"https:\/\/www.fundacioires.org\/ca\/llencem-sense-genere-de-dubtes\/","og_locale":"ca_ES","og_type":"article","og_title":"Llencem el projecte Sense G\u00e8nere de Dubtes - Fundaci\u00f3 IRES","og_description":"Sense g\u00e8nere de dubtes va ser un dels projectes guanyadors de la convocat\u00f2ria del Memorial Manuel Adroer 2023.","og_url":"https:\/\/www.fundacioires.org\/ca\/llencem-sense-genere-de-dubtes\/","og_site_name":"Fundaci\u00f3 IRES","article_published_time":"2024-01-19T10:17:15+00:00","article_modified_time":"2024-01-22T13:15:38+00:00","og_image":[{"width":1200,"height":628,"url":"https:\/\/www.fundacioires.org\/wp-content\/uploads\/PLANTILLA-NOTIS-WEB-64.png","type":"image\/png"}],"author":"Fundaci\u00f3 IRES","twitter_card":"summary_large_image","twitter_misc":{"Written by":"Fundaci\u00f3 IRES","Est. reading time":"3 minutes"},"schema":{"@context":"https:\/\/schema.org","@graph":[{"@type":"Article","@id":"https:\/\/www.fundacioires.org\/ca\/llencem-sense-genere-de-dubtes\/#article","isPartOf":{"@id":"https:\/\/www.fundacioires.org\/ca\/llencem-sense-genere-de-dubtes\/"},"author":{"name":"Fundaci\u00f3 IRES","@id":"https:\/\/www.fundacioires.org\/#\/schema\/person\/160af843c565221ef4664a5c7000791c"},"headline":"Llencem el projecte Sense G\u00e8nere de Dubtes","datePublished":"2024-01-19T10:17:15+00:00","dateModified":"2024-01-22T13:15:38+00:00","mainEntityOfPage":{"@id":"https:\/\/www.fundacioires.org\/ca\/llencem-sense-genere-de-dubtes\/"},"wordCount":296,"publisher":{"@id":"https:\/\/www.fundacioires.org\/#organization"},"image":{"@id":"https:\/\/www.fundacioires.org\/ca\/llencem-sense-genere-de-dubtes\/#primaryimage"},"thumbnailUrl":"https:\/\/i0.wp.com\/www.fundacioires.org\/wp-content\/uploads\/PLANTILLA-NOTIS-WEB-64.png?fit=1200%2C628&ssl=1","articleSection":["IRES-Blog"],"inLanguage":"ca-ES"},{"@type":"WebPage","@id":"https:\/\/www.fundacioires.org\/ca\/llencem-sense-genere-de-dubtes\/","url":"https:\/\/www.fundacioires.org\/ca\/llencem-sense-genere-de-dubtes\/","name":"Llencem el projecte Sense G\u00e8nere de Dubtes - Fundaci\u00f3 IRES","isPartOf":{"@id":"https:\/\/www.fundacioires.org\/#website"},"primaryImageOfPage":{"@id":"https:\/\/www.fundacioires.org\/ca\/llencem-sense-genere-de-dubtes\/#primaryimage"},"image":{"@id":"https:\/\/www.fundacioires.org\/ca\/llencem-sense-genere-de-dubtes\/#primaryimage"},"thumbnailUrl":"https:\/\/i0.wp.com\/www.fundacioires.org\/wp-content\/uploads\/PLANTILLA-NOTIS-WEB-64.png?fit=1200%2C628&ssl=1","datePublished":"2024-01-19T10:17:15+00:00","dateModified":"2024-01-22T13:15:38+00:00","description":"Sense g\u00e8nere de dubtes va ser un dels projectes guanyadors de la convocat\u00f2ria del Memorial Manuel Adroer 2023.","breadcrumb":{"@id":"https:\/\/www.fundacioires.org\/ca\/llencem-sense-genere-de-dubtes\/#breadcrumb"},"inLanguage":"ca-ES","potentialAction":[{"@type":"ReadAction","target":["https:\/\/www.fundacioires.org\/ca\/llencem-sense-genere-de-dubtes\/"]}]},{"@type":"ImageObject","inLanguage":"ca-ES","@id":"https:\/\/www.fundacioires.org\/ca\/llencem-sense-genere-de-dubtes\/#primaryimage","url":"https:\/\/i0.wp.com\/www.fundacioires.org\/wp-content\/uploads\/PLANTILLA-NOTIS-WEB-64.png?fit=1200%2C628&ssl=1","contentUrl":"https:\/\/i0.wp.com\/www.fundacioires.org\/wp-content\/uploads\/PLANTILLA-NOTIS-WEB-64.png?fit=1200%2C628&ssl=1","width":1200,"height":628},{"@type":"BreadcrumbList","@id":"https:\/\/www.fundacioires.org\/ca\/llencem-sense-genere-de-dubtes\/#breadcrumb","itemListElement":[{"@type":"ListItem","position":1,"name":"Portada","item":"https:\/\/www.fundacioires.org\/"},{"@type":"ListItem","position":2,"name":"Llencem el projecte Sense G\u00e8nere de Dubtes"}]},{"@type":"WebSite","@id":"https:\/\/www.fundacioires.org\/#website","url":"https:\/\/www.fundacioires.org\/","name":"Fundaci\u00f3 IRES","description":"","publisher":{"@id":"https:\/\/www.fundacioires.org\/#organization"},"potentialAction":[{"@type":"SearchAction","target":{"@type":"EntryPoint","urlTemplate":"https:\/\/www.fundacioires.org\/?s={search_term_string}"},"query-input":{"@type":"PropertyValueSpecification","valueRequired":true,"valueName":"search_term_string"}}],"inLanguage":"ca-ES"},{"@type":"Organization","@id":"https:\/\/www.fundacioires.org\/#organization","name":"Fundanci\u00f3n IRES","url":"https:\/\/www.fundacioires.org\/","logo":{"@type":"ImageObject","inLanguage":"ca-ES","@id":"https:\/\/www.fundacioires.org\/#\/schema\/logo\/image\/","url":"https:\/\/i0.wp.com\/www.fundacioires.org\/wp-content\/uploads\/faviconIRES.png?fit=32%2C32&ssl=1","contentUrl":"https:\/\/i0.wp.com\/www.fundacioires.org\/wp-content\/uploads\/faviconIRES.png?fit=32%2C32&ssl=1","width":32,"height":32,"caption":"Fundanci\u00f3n IRES"},"image":{"@id":"https:\/\/www.fundacioires.org\/#\/schema\/logo\/image\/"}},{"@type":"Person","@id":"https:\/\/www.fundacioires.org\/#\/schema\/person\/160af843c565221ef4664a5c7000791c","name":"Fundaci\u00f3 IRES"}]}},"jetpack_featured_media_url":"https:\/\/i0.wp.com\/www.fundacioires.org\/wp-content\/uploads\/PLANTILLA-NOTIS-WEB-64.png?fit=1200%2C628&ssl=1","jetpack_sharing_enabled":true,"_links":{"self":[{"href":"https:\/\/www.fundacioires.org\/ca\/wp-json\/wp\/v2\/posts\/57600","targetHints":{"allow":["GET"]}}],"collection":[{"href":"https:\/\/www.fundacioires.org\/ca\/wp-json\/wp\/v2\/posts"}],"about":[{"href":"https:\/\/www.fundacioires.org\/ca\/wp-json\/wp\/v2\/types\/post"}],"author":[{"embeddable":true,"href":"https:\/\/www.fundacioires.org\/ca\/wp-json\/wp\/v2\/users\/7"}],"replies":[{"embeddable":true,"href":"https:\/\/www.fundacioires.org\/ca\/wp-json\/wp\/v2\/comments?post=57600"}],"version-history":[{"count":4,"href":"https:\/\/www.fundacioires.org\/ca\/wp-json\/wp\/v2\/posts\/57600\/revisions"}],"predecessor-version":[{"id":60647,"href":"https:\/\/www.fundacioires.org\/ca\/wp-json\/wp\/v2\/posts\/57600\/revisions\/60647"}],"wp:featuredmedia":[{"embeddable":true,"href":"https:\/\/www.fundacioires.org\/ca\/wp-json\/wp\/v2\/media\/57601"}],"wp:attachment":[{"href":"https:\/\/www.fundacioires.org\/ca\/wp-json\/wp\/v2\/media?parent=57600"}],"wp:term":[{"taxonomy":"category","embeddable":true,"href":"https:\/\/www.fundacioires.org\/ca\/wp-json\/wp\/v2\/categories?post=57600"},{"taxonomy":"post_tag","embeddable":true,"href":"https:\/\/www.fundacioires.org\/ca\/wp-json\/wp\/v2\/tags?post=57600"}],"curies":[{"name":"wp","href":"https:\/\/api.w.org\/{rel}","templated":true}]}}