{"id":58281,"date":"2023-11-04T12:05:00","date_gmt":"2023-11-04T11:05:00","guid":{"rendered":"https:\/\/www.fundacioires.org\/?p=58281"},"modified":"2024-02-04T13:45:32","modified_gmt":"2024-02-04T12:45:32","slug":"inici-curs-balears-manacor","status":"publish","type":"post","link":"https:\/\/www.fundacioires.org\/ca\/inici-curs-balears-manacor\/","title":{"rendered":"Comencem el curs als serveis de Manacor amb energies!"},"content":{"rendered":"\n<p>Comencem nou curs i ja s\u2019han iniciat els serveis de Caixa Proinf\u00e0ncia i Fundaci\u00f3 IRES. A m\u00e9s de les activitats que s\u00f3n constants a cada curs per la gran demanda que tenen: Casal en Fam\u00edlia, Click, Centres oberts Dit i Fet, Refor\u00e7 educatiu de secund\u00e0ria i el Futbol mascul\u00ed; aquest any sumem noves activitats.<\/p>\n\n\n\n<p>Una d\u2019elles \u00e9s el teatre, un entreteniment pedag\u00f2gic que estimula als infants a trav\u00e9s del joc de la representaci\u00f3 i on els nens i nenes se sentiran protagonistes no nom\u00e9s com a possibles participants sin\u00f3 tamb\u00e9 com a espectadors, en aquesta activitat faran treball en equip, adquiriran riquesa de vocabulari i gaudiran unes hores de desconnexi\u00f3 tecnol\u00f2gica.<\/p>\n\n\n\n<p>Una altra \u00e9s catal\u00e0 per a infants nouvinguts, on volem donar les eines d\u2019aprenentatge b\u00e0siques perqu\u00e8 els participants de proced\u00e8ncies culturals i geogr\u00e0fiques diverses, adquireixin la compet\u00e8ncia b\u00e0sica i facin un primer contacte amb la llengua catalana.<\/p>\n\n\n\n<p>Esperem aix\u00ed donar cobertura a altres necessitats que s\u2019han detectat en el territori i que siguin ben profitoses per les fam\u00edlies, infants i adolescents que atenem.<\/p>\n","protected":false},"excerpt":{"rendered":"<p>Els serveis de la Fundaci\u00f3 IRES estan plens d&#8217;activitats. Amb l&#8217;inici del curs escolar a les Balears en coneixem algunes d&#8217;elles<\/p>\n","protected":false},"author":7,"featured_media":58288,"comment_status":"closed","ping_status":"open","sticky":false,"template":"","format":"standard","meta":{"_jetpack_memberships_contains_paid_content":false,"footnotes":""},"categories":[19],"tags":[],"class_list":["post-58281","post","type-post","status-publish","format-standard","has-post-thumbnail","hentry","category-ires-blog"],"yoast_head":"<!-- This site is optimized with the Yoast SEO plugin v27.4 - https:\/\/yoast.com\/product\/yoast-seo-wordpress\/ -->\n<title>Comencem el curs als serveis de Manacor amb energies! - Fundaci\u00f3 IRES<\/title>\n<meta name=\"description\" content=\"Els serveis de la Fundaci\u00f3 IRES estan plens d&#039;activitats. Amb l&#039;inici del curs escolar a les Balears en coneixem algunes d&#039;elles\" \/>\n<meta name=\"robots\" content=\"index, follow, max-snippet:-1, max-image-preview:large, max-video-preview:-1\" \/>\n<link rel=\"canonical\" href=\"https:\/\/www.fundacioires.org\/ca\/inici-curs-balears-manacor\/\" \/>\n<meta property=\"og:locale\" content=\"ca_ES\" \/>\n<meta property=\"og:type\" content=\"article\" \/>\n<meta property=\"og:title\" content=\"Comencem el curs als serveis de Manacor amb energies! - Fundaci\u00f3 IRES\" \/>\n<meta property=\"og:description\" content=\"Els serveis de la Fundaci\u00f3 IRES estan plens d&#039;activitats. Amb l&#039;inici del curs escolar a les Balears en coneixem algunes d&#039;elles\" \/>\n<meta property=\"og:url\" content=\"https:\/\/www.fundacioires.org\/ca\/inici-curs-balears-manacor\/\" \/>\n<meta property=\"og:site_name\" content=\"Fundaci\u00f3 IRES\" \/>\n<meta property=\"article:published_time\" content=\"2023-11-04T11:05:00+00:00\" \/>\n<meta property=\"article:modified_time\" content=\"2024-02-04T12:45:32+00:00\" \/>\n<meta property=\"og:image\" content=\"https:\/\/www.fundacioires.org\/wp-content\/uploads\/PLANTILLA-NOTIS-WEB-72.png\" \/>\n\t<meta property=\"og:image:width\" content=\"1200\" \/>\n\t<meta property=\"og:image:height\" content=\"628\" \/>\n\t<meta property=\"og:image:type\" content=\"image\/png\" \/>\n<meta name=\"author\" content=\"Fundaci\u00f3 IRES\" \/>\n<meta name=\"twitter:card\" content=\"summary_large_image\" \/>\n<meta name=\"twitter:label1\" content=\"Written by\" \/>\n\t<meta name=\"twitter:data1\" content=\"Fundaci\u00f3 IRES\" \/>\n\t<meta name=\"twitter:label2\" content=\"Est. reading time\" \/>\n\t<meta name=\"twitter:data2\" content=\"1 minute\" \/>\n<script type=\"application\/ld+json\" class=\"yoast-schema-graph\">{\"@context\":\"https:\\\/\\\/schema.org\",\"@graph\":[{\"@type\":\"Article\",\"@id\":\"https:\\\/\\\/www.fundacioires.org\\\/ca\\\/inici-curs-balears-manacor\\\/#article\",\"isPartOf\":{\"@id\":\"https:\\\/\\\/www.fundacioires.org\\\/ca\\\/inici-curs-balears-manacor\\\/\"},\"author\":{\"name\":\"Fundaci\u00f3 IRES\",\"@id\":\"https:\\\/\\\/www.fundacioires.org\\\/#\\\/schema\\\/person\\\/160af843c565221ef4664a5c7000791c\"},\"headline\":\"Comencem el curs als serveis de Manacor amb energies!\",\"datePublished\":\"2023-11-04T11:05:00+00:00\",\"dateModified\":\"2024-02-04T12:45:32+00:00\",\"mainEntityOfPage\":{\"@id\":\"https:\\\/\\\/www.fundacioires.org\\\/ca\\\/inici-curs-balears-manacor\\\/\"},\"wordCount\":202,\"publisher\":{\"@id\":\"https:\\\/\\\/www.fundacioires.org\\\/#organization\"},\"image\":{\"@id\":\"https:\\\/\\\/www.fundacioires.org\\\/ca\\\/inici-curs-balears-manacor\\\/#primaryimage\"},\"thumbnailUrl\":\"https:\\\/\\\/i0.wp.com\\\/www.fundacioires.org\\\/wp-content\\\/uploads\\\/PLANTILLA-NOTIS-WEB-72.png?fit=1200%2C628&ssl=1\",\"articleSection\":[\"IRES-Blog\"],\"inLanguage\":\"ca-ES\"},{\"@type\":\"WebPage\",\"@id\":\"https:\\\/\\\/www.fundacioires.org\\\/ca\\\/inici-curs-balears-manacor\\\/\",\"url\":\"https:\\\/\\\/www.fundacioires.org\\\/ca\\\/inici-curs-balears-manacor\\\/\",\"name\":\"Comencem el curs als serveis de Manacor amb energies! - Fundaci\u00f3 IRES\",\"isPartOf\":{\"@id\":\"https:\\\/\\\/www.fundacioires.org\\\/#website\"},\"primaryImageOfPage\":{\"@id\":\"https:\\\/\\\/www.fundacioires.org\\\/ca\\\/inici-curs-balears-manacor\\\/#primaryimage\"},\"image\":{\"@id\":\"https:\\\/\\\/www.fundacioires.org\\\/ca\\\/inici-curs-balears-manacor\\\/#primaryimage\"},\"thumbnailUrl\":\"https:\\\/\\\/i0.wp.com\\\/www.fundacioires.org\\\/wp-content\\\/uploads\\\/PLANTILLA-NOTIS-WEB-72.png?fit=1200%2C628&ssl=1\",\"datePublished\":\"2023-11-04T11:05:00+00:00\",\"dateModified\":\"2024-02-04T12:45:32+00:00\",\"description\":\"Els serveis de la Fundaci\u00f3 IRES estan plens d'activitats. Amb l'inici del curs escolar a les Balears en coneixem algunes d'elles\",\"breadcrumb\":{\"@id\":\"https:\\\/\\\/www.fundacioires.org\\\/ca\\\/inici-curs-balears-manacor\\\/#breadcrumb\"},\"inLanguage\":\"ca-ES\",\"potentialAction\":[{\"@type\":\"ReadAction\",\"target\":[\"https:\\\/\\\/www.fundacioires.org\\\/ca\\\/inici-curs-balears-manacor\\\/\"]}]},{\"@type\":\"ImageObject\",\"inLanguage\":\"ca-ES\",\"@id\":\"https:\\\/\\\/www.fundacioires.org\\\/ca\\\/inici-curs-balears-manacor\\\/#primaryimage\",\"url\":\"https:\\\/\\\/i0.wp.com\\\/www.fundacioires.org\\\/wp-content\\\/uploads\\\/PLANTILLA-NOTIS-WEB-72.png?fit=1200%2C628&ssl=1\",\"contentUrl\":\"https:\\\/\\\/i0.wp.com\\\/www.fundacioires.org\\\/wp-content\\\/uploads\\\/PLANTILLA-NOTIS-WEB-72.png?fit=1200%2C628&ssl=1\",\"width\":1200,\"height\":628},{\"@type\":\"BreadcrumbList\",\"@id\":\"https:\\\/\\\/www.fundacioires.org\\\/ca\\\/inici-curs-balears-manacor\\\/#breadcrumb\",\"itemListElement\":[{\"@type\":\"ListItem\",\"position\":1,\"name\":\"Portada\",\"item\":\"https:\\\/\\\/www.fundacioires.org\\\/\"},{\"@type\":\"ListItem\",\"position\":2,\"name\":\"Comencem el curs als serveis de Manacor amb energies!\"}]},{\"@type\":\"WebSite\",\"@id\":\"https:\\\/\\\/www.fundacioires.org\\\/#website\",\"url\":\"https:\\\/\\\/www.fundacioires.org\\\/\",\"name\":\"Fundaci\u00f3 IRES\",\"description\":\"\",\"publisher\":{\"@id\":\"https:\\\/\\\/www.fundacioires.org\\\/#organization\"},\"potentialAction\":[{\"@type\":\"SearchAction\",\"target\":{\"@type\":\"EntryPoint\",\"urlTemplate\":\"https:\\\/\\\/www.fundacioires.org\\\/?s={search_term_string}\"},\"query-input\":{\"@type\":\"PropertyValueSpecification\",\"valueRequired\":true,\"valueName\":\"search_term_string\"}}],\"inLanguage\":\"ca-ES\"},{\"@type\":\"Organization\",\"@id\":\"https:\\\/\\\/www.fundacioires.org\\\/#organization\",\"name\":\"Fundanci\u00f3n IRES\",\"url\":\"https:\\\/\\\/www.fundacioires.org\\\/\",\"logo\":{\"@type\":\"ImageObject\",\"inLanguage\":\"ca-ES\",\"@id\":\"https:\\\/\\\/www.fundacioires.org\\\/#\\\/schema\\\/logo\\\/image\\\/\",\"url\":\"https:\\\/\\\/i0.wp.com\\\/www.fundacioires.org\\\/wp-content\\\/uploads\\\/faviconIRES.png?fit=32%2C32&ssl=1\",\"contentUrl\":\"https:\\\/\\\/i0.wp.com\\\/www.fundacioires.org\\\/wp-content\\\/uploads\\\/faviconIRES.png?fit=32%2C32&ssl=1\",\"width\":32,\"height\":32,\"caption\":\"Fundanci\u00f3n IRES\"},\"image\":{\"@id\":\"https:\\\/\\\/www.fundacioires.org\\\/#\\\/schema\\\/logo\\\/image\\\/\"}},{\"@type\":\"Person\",\"@id\":\"https:\\\/\\\/www.fundacioires.org\\\/#\\\/schema\\\/person\\\/160af843c565221ef4664a5c7000791c\",\"name\":\"Fundaci\u00f3 IRES\"}]}<\/script>\n<!-- \/ Yoast SEO plugin. -->","yoast_head_json":{"title":"Comencem el curs als serveis de Manacor amb energies! - Fundaci\u00f3 IRES","description":"Els serveis de la Fundaci\u00f3 IRES estan plens d'activitats. Amb l'inici del curs escolar a les Balears en coneixem algunes d'elles","robots":{"index":"index","follow":"follow","max-snippet":"max-snippet:-1","max-image-preview":"max-image-preview:large","max-video-preview":"max-video-preview:-1"},"canonical":"https:\/\/www.fundacioires.org\/ca\/inici-curs-balears-manacor\/","og_locale":"ca_ES","og_type":"article","og_title":"Comencem el curs als serveis de Manacor amb energies! - Fundaci\u00f3 IRES","og_description":"Els serveis de la Fundaci\u00f3 IRES estan plens d'activitats. Amb l'inici del curs escolar a les Balears en coneixem algunes d'elles","og_url":"https:\/\/www.fundacioires.org\/ca\/inici-curs-balears-manacor\/","og_site_name":"Fundaci\u00f3 IRES","article_published_time":"2023-11-04T11:05:00+00:00","article_modified_time":"2024-02-04T12:45:32+00:00","og_image":[{"width":1200,"height":628,"url":"https:\/\/www.fundacioires.org\/wp-content\/uploads\/PLANTILLA-NOTIS-WEB-72.png","type":"image\/png"}],"author":"Fundaci\u00f3 IRES","twitter_card":"summary_large_image","twitter_misc":{"Written by":"Fundaci\u00f3 IRES","Est. reading time":"1 minute"},"schema":{"@context":"https:\/\/schema.org","@graph":[{"@type":"Article","@id":"https:\/\/www.fundacioires.org\/ca\/inici-curs-balears-manacor\/#article","isPartOf":{"@id":"https:\/\/www.fundacioires.org\/ca\/inici-curs-balears-manacor\/"},"author":{"name":"Fundaci\u00f3 IRES","@id":"https:\/\/www.fundacioires.org\/#\/schema\/person\/160af843c565221ef4664a5c7000791c"},"headline":"Comencem el curs als serveis de Manacor amb energies!","datePublished":"2023-11-04T11:05:00+00:00","dateModified":"2024-02-04T12:45:32+00:00","mainEntityOfPage":{"@id":"https:\/\/www.fundacioires.org\/ca\/inici-curs-balears-manacor\/"},"wordCount":202,"publisher":{"@id":"https:\/\/www.fundacioires.org\/#organization"},"image":{"@id":"https:\/\/www.fundacioires.org\/ca\/inici-curs-balears-manacor\/#primaryimage"},"thumbnailUrl":"https:\/\/i0.wp.com\/www.fundacioires.org\/wp-content\/uploads\/PLANTILLA-NOTIS-WEB-72.png?fit=1200%2C628&ssl=1","articleSection":["IRES-Blog"],"inLanguage":"ca-ES"},{"@type":"WebPage","@id":"https:\/\/www.fundacioires.org\/ca\/inici-curs-balears-manacor\/","url":"https:\/\/www.fundacioires.org\/ca\/inici-curs-balears-manacor\/","name":"Comencem el curs als serveis de Manacor amb energies! - Fundaci\u00f3 IRES","isPartOf":{"@id":"https:\/\/www.fundacioires.org\/#website"},"primaryImageOfPage":{"@id":"https:\/\/www.fundacioires.org\/ca\/inici-curs-balears-manacor\/#primaryimage"},"image":{"@id":"https:\/\/www.fundacioires.org\/ca\/inici-curs-balears-manacor\/#primaryimage"},"thumbnailUrl":"https:\/\/i0.wp.com\/www.fundacioires.org\/wp-content\/uploads\/PLANTILLA-NOTIS-WEB-72.png?fit=1200%2C628&ssl=1","datePublished":"2023-11-04T11:05:00+00:00","dateModified":"2024-02-04T12:45:32+00:00","description":"Els serveis de la Fundaci\u00f3 IRES estan plens d'activitats. Amb l'inici del curs escolar a les Balears en coneixem algunes d'elles","breadcrumb":{"@id":"https:\/\/www.fundacioires.org\/ca\/inici-curs-balears-manacor\/#breadcrumb"},"inLanguage":"ca-ES","potentialAction":[{"@type":"ReadAction","target":["https:\/\/www.fundacioires.org\/ca\/inici-curs-balears-manacor\/"]}]},{"@type":"ImageObject","inLanguage":"ca-ES","@id":"https:\/\/www.fundacioires.org\/ca\/inici-curs-balears-manacor\/#primaryimage","url":"https:\/\/i0.wp.com\/www.fundacioires.org\/wp-content\/uploads\/PLANTILLA-NOTIS-WEB-72.png?fit=1200%2C628&ssl=1","contentUrl":"https:\/\/i0.wp.com\/www.fundacioires.org\/wp-content\/uploads\/PLANTILLA-NOTIS-WEB-72.png?fit=1200%2C628&ssl=1","width":1200,"height":628},{"@type":"BreadcrumbList","@id":"https:\/\/www.fundacioires.org\/ca\/inici-curs-balears-manacor\/#breadcrumb","itemListElement":[{"@type":"ListItem","position":1,"name":"Portada","item":"https:\/\/www.fundacioires.org\/"},{"@type":"ListItem","position":2,"name":"Comencem el curs als serveis de Manacor amb energies!"}]},{"@type":"WebSite","@id":"https:\/\/www.fundacioires.org\/#website","url":"https:\/\/www.fundacioires.org\/","name":"Fundaci\u00f3 IRES","description":"","publisher":{"@id":"https:\/\/www.fundacioires.org\/#organization"},"potentialAction":[{"@type":"SearchAction","target":{"@type":"EntryPoint","urlTemplate":"https:\/\/www.fundacioires.org\/?s={search_term_string}"},"query-input":{"@type":"PropertyValueSpecification","valueRequired":true,"valueName":"search_term_string"}}],"inLanguage":"ca-ES"},{"@type":"Organization","@id":"https:\/\/www.fundacioires.org\/#organization","name":"Fundanci\u00f3n IRES","url":"https:\/\/www.fundacioires.org\/","logo":{"@type":"ImageObject","inLanguage":"ca-ES","@id":"https:\/\/www.fundacioires.org\/#\/schema\/logo\/image\/","url":"https:\/\/i0.wp.com\/www.fundacioires.org\/wp-content\/uploads\/faviconIRES.png?fit=32%2C32&ssl=1","contentUrl":"https:\/\/i0.wp.com\/www.fundacioires.org\/wp-content\/uploads\/faviconIRES.png?fit=32%2C32&ssl=1","width":32,"height":32,"caption":"Fundanci\u00f3n IRES"},"image":{"@id":"https:\/\/www.fundacioires.org\/#\/schema\/logo\/image\/"}},{"@type":"Person","@id":"https:\/\/www.fundacioires.org\/#\/schema\/person\/160af843c565221ef4664a5c7000791c","name":"Fundaci\u00f3 IRES"}]}},"jetpack_featured_media_url":"https:\/\/i0.wp.com\/www.fundacioires.org\/wp-content\/uploads\/PLANTILLA-NOTIS-WEB-72.png?fit=1200%2C628&ssl=1","jetpack_sharing_enabled":true,"_links":{"self":[{"href":"https:\/\/www.fundacioires.org\/ca\/wp-json\/wp\/v2\/posts\/58281","targetHints":{"allow":["GET"]}}],"collection":[{"href":"https:\/\/www.fundacioires.org\/ca\/wp-json\/wp\/v2\/posts"}],"about":[{"href":"https:\/\/www.fundacioires.org\/ca\/wp-json\/wp\/v2\/types\/post"}],"author":[{"embeddable":true,"href":"https:\/\/www.fundacioires.org\/ca\/wp-json\/wp\/v2\/users\/7"}],"replies":[{"embeddable":true,"href":"https:\/\/www.fundacioires.org\/ca\/wp-json\/wp\/v2\/comments?post=58281"}],"version-history":[{"count":1,"href":"https:\/\/www.fundacioires.org\/ca\/wp-json\/wp\/v2\/posts\/58281\/revisions"}],"predecessor-version":[{"id":58291,"href":"https:\/\/www.fundacioires.org\/ca\/wp-json\/wp\/v2\/posts\/58281\/revisions\/58291"}],"wp:featuredmedia":[{"embeddable":true,"href":"https:\/\/www.fundacioires.org\/ca\/wp-json\/wp\/v2\/media\/58288"}],"wp:attachment":[{"href":"https:\/\/www.fundacioires.org\/ca\/wp-json\/wp\/v2\/media?parent=58281"}],"wp:term":[{"taxonomy":"category","embeddable":true,"href":"https:\/\/www.fundacioires.org\/ca\/wp-json\/wp\/v2\/categories?post=58281"},{"taxonomy":"post_tag","embeddable":true,"href":"https:\/\/www.fundacioires.org\/ca\/wp-json\/wp\/v2\/tags?post=58281"}],"curies":[{"name":"wp","href":"https:\/\/api.w.org\/{rel}","templated":true}]}}