{"id":58662,"date":"2024-02-20T14:52:03","date_gmt":"2024-02-20T13:52:03","guid":{"rendered":"https:\/\/www.fundacioires.org\/?p=58662"},"modified":"2024-02-20T15:01:37","modified_gmt":"2024-02-20T14:01:37","slug":"premi-no-hi-ha-espai-per-al-masclisme","status":"publish","type":"post","link":"https:\/\/www.fundacioires.org\/ca\/premi-no-hi-ha-espai-per-al-masclisme\/","title":{"rendered":"Premi a la millor campanya de sensibilitzaci\u00f3 d\u2019innovaci\u00f3 social (IMAS)"},"content":{"rendered":"\n<p>La campanya \u201c<strong>No hi ha espai per al masclisme<\/strong>\u201d de <strong>Mancomunitat Pla de Mallorca<\/strong>, executada per Fundaci\u00f3 IRES, ha rebut el premi 2023 a la millor campanya de sensibilitzaci\u00f3 social i innovaci\u00f3, atorgat per l\u2019<strong>Institut Mallorqu\u00ed d\u2019Afers Socials del Consell de Mallorca (IMAS)<\/strong>.<\/p>\n\n\n\n<p>Un dels seus punts forts \u00e9s la participaci\u00f3 i responsabilitat compartida dels 14 municipis que conformen la Mancomunitat del Pla: Algaida, Ariany, Costitx, Lloret, Llub\u00ed, Maria de la Salut, Montu\u00efri, Petra, Porreres, Sant Joan, Santa Eug\u00e8nia, Sencelles, Sineu i Vilafranca.<\/p>\n\n\n\n<p>Tamb\u00e9 destaca per la innovaci\u00f3 social aplicada a la prevenci\u00f3, com \u00e9s la difusi\u00f3 de serveis d\u2019ajuda mitjan\u00e7ant una guia disponible a trav\u00e9s d\u2019un QR, i el car\u00e0cter continuat i estrat\u00e8gic del projecte, que actualment es troba en la seva tercera edici\u00f3 i s\u2019est\u00e9n a tots els \u00e0mbits, des dels espais p\u00fablics (2022), l\u2019administraci\u00f3 p\u00fablica, el sector d\u2019oci i restauraci\u00f3 (2023) o l\u2019\u00e0mbit de l\u2019esport (2024). <strong>La campanya fomenta el comprom\u00eds social, la resposta col\u00b7lectiva en la prevenci\u00f3 i resposta davant les viol\u00e8ncies masclistes i la desigualtat de g\u00e8nere.<\/strong><\/p>\n\n\n\n<div class=\"wp-block-buttons is-content-justification-center is-layout-flex wp-container-core-buttons-is-layout-16018d1d wp-block-buttons-is-layout-flex\">\n<div class=\"wp-block-button is-style-fill\"><a class=\"wp-block-button__link has-background wp-element-button\" href=\"https:\/\/www.imasmallorca.net\/ca\/noticia\/2241\" style=\"background-color:#1cab8b\">Aix\u00ed va anar l&#8217;entrega de premis!<\/a><\/div>\n<\/div>\n","protected":false},"excerpt":{"rendered":"<p>La campanya fomenta el comprom\u00eds social, la resposta col\u00b7lectiva en la prevenci\u00f3 i resposta davant les viol\u00e8ncies masclistes.<\/p>\n","protected":false},"author":7,"featured_media":58663,"comment_status":"closed","ping_status":"open","sticky":false,"template":"","format":"standard","meta":{"_jetpack_memberships_contains_paid_content":false,"footnotes":""},"categories":[19],"tags":[],"class_list":["post-58662","post","type-post","status-publish","format-standard","has-post-thumbnail","hentry","category-ires-blog"],"yoast_head":"<!-- This site is optimized with the Yoast SEO plugin v27.4 - https:\/\/yoast.com\/product\/yoast-seo-wordpress\/ -->\n<title>Premi a la millor campanya de sensibilitzaci\u00f3 i d&#039;innovaci\u00f3 social<\/title>\n<meta name=\"description\" content=\"La campanya fomenta el comprom\u00eds social, la resposta col\u00b7lectiva en la prevenci\u00f3 i resposta davant les viol\u00e8ncies masclistes.\" \/>\n<meta name=\"robots\" content=\"index, follow, max-snippet:-1, max-image-preview:large, max-video-preview:-1\" \/>\n<link rel=\"canonical\" href=\"https:\/\/www.fundacioires.org\/ca\/premi-no-hi-ha-espai-per-al-masclisme\/\" \/>\n<meta property=\"og:locale\" content=\"ca_ES\" \/>\n<meta property=\"og:type\" content=\"article\" \/>\n<meta property=\"og:title\" content=\"Premi a la millor campanya de sensibilitzaci\u00f3 i d&#039;innovaci\u00f3 social\" \/>\n<meta property=\"og:description\" content=\"La campanya fomenta el comprom\u00eds social, la resposta col\u00b7lectiva en la prevenci\u00f3 i resposta davant les viol\u00e8ncies masclistes.\" \/>\n<meta property=\"og:url\" content=\"https:\/\/www.fundacioires.org\/ca\/premi-no-hi-ha-espai-per-al-masclisme\/\" \/>\n<meta property=\"og:site_name\" content=\"Fundaci\u00f3 IRES\" \/>\n<meta property=\"article:published_time\" content=\"2024-02-20T13:52:03+00:00\" \/>\n<meta property=\"article:modified_time\" content=\"2024-02-20T14:01:37+00:00\" \/>\n<meta property=\"og:image\" content=\"https:\/\/www.fundacioires.org\/wp-content\/uploads\/PLANTILLA-NOTIS-WEB-74.png\" \/>\n\t<meta property=\"og:image:width\" content=\"1200\" \/>\n\t<meta property=\"og:image:height\" content=\"628\" \/>\n\t<meta property=\"og:image:type\" content=\"image\/png\" \/>\n<meta name=\"author\" content=\"Fundaci\u00f3 IRES\" \/>\n<meta name=\"twitter:card\" content=\"summary_large_image\" \/>\n<meta name=\"twitter:label1\" content=\"Written by\" \/>\n\t<meta name=\"twitter:data1\" content=\"Fundaci\u00f3 IRES\" \/>\n\t<meta name=\"twitter:label2\" content=\"Est. reading time\" \/>\n\t<meta name=\"twitter:data2\" content=\"1 minute\" \/>\n<script type=\"application\/ld+json\" class=\"yoast-schema-graph\">{\"@context\":\"https:\\\/\\\/schema.org\",\"@graph\":[{\"@type\":\"Article\",\"@id\":\"https:\\\/\\\/www.fundacioires.org\\\/ca\\\/premi-no-hi-ha-espai-per-al-masclisme\\\/#article\",\"isPartOf\":{\"@id\":\"https:\\\/\\\/www.fundacioires.org\\\/ca\\\/premi-no-hi-ha-espai-per-al-masclisme\\\/\"},\"author\":{\"name\":\"Fundaci\u00f3 IRES\",\"@id\":\"https:\\\/\\\/www.fundacioires.org\\\/#\\\/schema\\\/person\\\/160af843c565221ef4664a5c7000791c\"},\"headline\":\"Premi a la millor campanya de sensibilitzaci\u00f3 d\u2019innovaci\u00f3 social (IMAS)\",\"datePublished\":\"2024-02-20T13:52:03+00:00\",\"dateModified\":\"2024-02-20T14:01:37+00:00\",\"mainEntityOfPage\":{\"@id\":\"https:\\\/\\\/www.fundacioires.org\\\/ca\\\/premi-no-hi-ha-espai-per-al-masclisme\\\/\"},\"wordCount\":207,\"publisher\":{\"@id\":\"https:\\\/\\\/www.fundacioires.org\\\/#organization\"},\"image\":{\"@id\":\"https:\\\/\\\/www.fundacioires.org\\\/ca\\\/premi-no-hi-ha-espai-per-al-masclisme\\\/#primaryimage\"},\"thumbnailUrl\":\"https:\\\/\\\/i0.wp.com\\\/www.fundacioires.org\\\/wp-content\\\/uploads\\\/PLANTILLA-NOTIS-WEB-74.png?fit=1200%2C628&ssl=1\",\"articleSection\":[\"IRES-Blog\"],\"inLanguage\":\"ca-ES\"},{\"@type\":\"WebPage\",\"@id\":\"https:\\\/\\\/www.fundacioires.org\\\/ca\\\/premi-no-hi-ha-espai-per-al-masclisme\\\/\",\"url\":\"https:\\\/\\\/www.fundacioires.org\\\/ca\\\/premi-no-hi-ha-espai-per-al-masclisme\\\/\",\"name\":\"Premi a la millor campanya de sensibilitzaci\u00f3 i d'innovaci\u00f3 social\",\"isPartOf\":{\"@id\":\"https:\\\/\\\/www.fundacioires.org\\\/#website\"},\"primaryImageOfPage\":{\"@id\":\"https:\\\/\\\/www.fundacioires.org\\\/ca\\\/premi-no-hi-ha-espai-per-al-masclisme\\\/#primaryimage\"},\"image\":{\"@id\":\"https:\\\/\\\/www.fundacioires.org\\\/ca\\\/premi-no-hi-ha-espai-per-al-masclisme\\\/#primaryimage\"},\"thumbnailUrl\":\"https:\\\/\\\/i0.wp.com\\\/www.fundacioires.org\\\/wp-content\\\/uploads\\\/PLANTILLA-NOTIS-WEB-74.png?fit=1200%2C628&ssl=1\",\"datePublished\":\"2024-02-20T13:52:03+00:00\",\"dateModified\":\"2024-02-20T14:01:37+00:00\",\"description\":\"La campanya fomenta el comprom\u00eds social, la resposta col\u00b7lectiva en la prevenci\u00f3 i resposta davant les viol\u00e8ncies masclistes.\",\"breadcrumb\":{\"@id\":\"https:\\\/\\\/www.fundacioires.org\\\/ca\\\/premi-no-hi-ha-espai-per-al-masclisme\\\/#breadcrumb\"},\"inLanguage\":\"ca-ES\",\"potentialAction\":[{\"@type\":\"ReadAction\",\"target\":[\"https:\\\/\\\/www.fundacioires.org\\\/ca\\\/premi-no-hi-ha-espai-per-al-masclisme\\\/\"]}]},{\"@type\":\"ImageObject\",\"inLanguage\":\"ca-ES\",\"@id\":\"https:\\\/\\\/www.fundacioires.org\\\/ca\\\/premi-no-hi-ha-espai-per-al-masclisme\\\/#primaryimage\",\"url\":\"https:\\\/\\\/i0.wp.com\\\/www.fundacioires.org\\\/wp-content\\\/uploads\\\/PLANTILLA-NOTIS-WEB-74.png?fit=1200%2C628&ssl=1\",\"contentUrl\":\"https:\\\/\\\/i0.wp.com\\\/www.fundacioires.org\\\/wp-content\\\/uploads\\\/PLANTILLA-NOTIS-WEB-74.png?fit=1200%2C628&ssl=1\",\"width\":1200,\"height\":628},{\"@type\":\"BreadcrumbList\",\"@id\":\"https:\\\/\\\/www.fundacioires.org\\\/ca\\\/premi-no-hi-ha-espai-per-al-masclisme\\\/#breadcrumb\",\"itemListElement\":[{\"@type\":\"ListItem\",\"position\":1,\"name\":\"Portada\",\"item\":\"https:\\\/\\\/www.fundacioires.org\\\/\"},{\"@type\":\"ListItem\",\"position\":2,\"name\":\"Premi a la millor campanya de sensibilitzaci\u00f3 d\u2019innovaci\u00f3 social (IMAS)\"}]},{\"@type\":\"WebSite\",\"@id\":\"https:\\\/\\\/www.fundacioires.org\\\/#website\",\"url\":\"https:\\\/\\\/www.fundacioires.org\\\/\",\"name\":\"Fundaci\u00f3 IRES\",\"description\":\"\",\"publisher\":{\"@id\":\"https:\\\/\\\/www.fundacioires.org\\\/#organization\"},\"potentialAction\":[{\"@type\":\"SearchAction\",\"target\":{\"@type\":\"EntryPoint\",\"urlTemplate\":\"https:\\\/\\\/www.fundacioires.org\\\/?s={search_term_string}\"},\"query-input\":{\"@type\":\"PropertyValueSpecification\",\"valueRequired\":true,\"valueName\":\"search_term_string\"}}],\"inLanguage\":\"ca-ES\"},{\"@type\":\"Organization\",\"@id\":\"https:\\\/\\\/www.fundacioires.org\\\/#organization\",\"name\":\"Fundanci\u00f3n IRES\",\"url\":\"https:\\\/\\\/www.fundacioires.org\\\/\",\"logo\":{\"@type\":\"ImageObject\",\"inLanguage\":\"ca-ES\",\"@id\":\"https:\\\/\\\/www.fundacioires.org\\\/#\\\/schema\\\/logo\\\/image\\\/\",\"url\":\"https:\\\/\\\/i0.wp.com\\\/www.fundacioires.org\\\/wp-content\\\/uploads\\\/faviconIRES.png?fit=32%2C32&ssl=1\",\"contentUrl\":\"https:\\\/\\\/i0.wp.com\\\/www.fundacioires.org\\\/wp-content\\\/uploads\\\/faviconIRES.png?fit=32%2C32&ssl=1\",\"width\":32,\"height\":32,\"caption\":\"Fundanci\u00f3n IRES\"},\"image\":{\"@id\":\"https:\\\/\\\/www.fundacioires.org\\\/#\\\/schema\\\/logo\\\/image\\\/\"}},{\"@type\":\"Person\",\"@id\":\"https:\\\/\\\/www.fundacioires.org\\\/#\\\/schema\\\/person\\\/160af843c565221ef4664a5c7000791c\",\"name\":\"Fundaci\u00f3 IRES\"}]}<\/script>\n<!-- \/ Yoast SEO plugin. -->","yoast_head_json":{"title":"Premi a la millor campanya de sensibilitzaci\u00f3 i d'innovaci\u00f3 social","description":"La campanya fomenta el comprom\u00eds social, la resposta col\u00b7lectiva en la prevenci\u00f3 i resposta davant les viol\u00e8ncies masclistes.","robots":{"index":"index","follow":"follow","max-snippet":"max-snippet:-1","max-image-preview":"max-image-preview:large","max-video-preview":"max-video-preview:-1"},"canonical":"https:\/\/www.fundacioires.org\/ca\/premi-no-hi-ha-espai-per-al-masclisme\/","og_locale":"ca_ES","og_type":"article","og_title":"Premi a la millor campanya de sensibilitzaci\u00f3 i d'innovaci\u00f3 social","og_description":"La campanya fomenta el comprom\u00eds social, la resposta col\u00b7lectiva en la prevenci\u00f3 i resposta davant les viol\u00e8ncies masclistes.","og_url":"https:\/\/www.fundacioires.org\/ca\/premi-no-hi-ha-espai-per-al-masclisme\/","og_site_name":"Fundaci\u00f3 IRES","article_published_time":"2024-02-20T13:52:03+00:00","article_modified_time":"2024-02-20T14:01:37+00:00","og_image":[{"width":1200,"height":628,"url":"https:\/\/www.fundacioires.org\/wp-content\/uploads\/PLANTILLA-NOTIS-WEB-74.png","type":"image\/png"}],"author":"Fundaci\u00f3 IRES","twitter_card":"summary_large_image","twitter_misc":{"Written by":"Fundaci\u00f3 IRES","Est. reading time":"1 minute"},"schema":{"@context":"https:\/\/schema.org","@graph":[{"@type":"Article","@id":"https:\/\/www.fundacioires.org\/ca\/premi-no-hi-ha-espai-per-al-masclisme\/#article","isPartOf":{"@id":"https:\/\/www.fundacioires.org\/ca\/premi-no-hi-ha-espai-per-al-masclisme\/"},"author":{"name":"Fundaci\u00f3 IRES","@id":"https:\/\/www.fundacioires.org\/#\/schema\/person\/160af843c565221ef4664a5c7000791c"},"headline":"Premi a la millor campanya de sensibilitzaci\u00f3 d\u2019innovaci\u00f3 social (IMAS)","datePublished":"2024-02-20T13:52:03+00:00","dateModified":"2024-02-20T14:01:37+00:00","mainEntityOfPage":{"@id":"https:\/\/www.fundacioires.org\/ca\/premi-no-hi-ha-espai-per-al-masclisme\/"},"wordCount":207,"publisher":{"@id":"https:\/\/www.fundacioires.org\/#organization"},"image":{"@id":"https:\/\/www.fundacioires.org\/ca\/premi-no-hi-ha-espai-per-al-masclisme\/#primaryimage"},"thumbnailUrl":"https:\/\/i0.wp.com\/www.fundacioires.org\/wp-content\/uploads\/PLANTILLA-NOTIS-WEB-74.png?fit=1200%2C628&ssl=1","articleSection":["IRES-Blog"],"inLanguage":"ca-ES"},{"@type":"WebPage","@id":"https:\/\/www.fundacioires.org\/ca\/premi-no-hi-ha-espai-per-al-masclisme\/","url":"https:\/\/www.fundacioires.org\/ca\/premi-no-hi-ha-espai-per-al-masclisme\/","name":"Premi a la millor campanya de sensibilitzaci\u00f3 i d'innovaci\u00f3 social","isPartOf":{"@id":"https:\/\/www.fundacioires.org\/#website"},"primaryImageOfPage":{"@id":"https:\/\/www.fundacioires.org\/ca\/premi-no-hi-ha-espai-per-al-masclisme\/#primaryimage"},"image":{"@id":"https:\/\/www.fundacioires.org\/ca\/premi-no-hi-ha-espai-per-al-masclisme\/#primaryimage"},"thumbnailUrl":"https:\/\/i0.wp.com\/www.fundacioires.org\/wp-content\/uploads\/PLANTILLA-NOTIS-WEB-74.png?fit=1200%2C628&ssl=1","datePublished":"2024-02-20T13:52:03+00:00","dateModified":"2024-02-20T14:01:37+00:00","description":"La campanya fomenta el comprom\u00eds social, la resposta col\u00b7lectiva en la prevenci\u00f3 i resposta davant les viol\u00e8ncies masclistes.","breadcrumb":{"@id":"https:\/\/www.fundacioires.org\/ca\/premi-no-hi-ha-espai-per-al-masclisme\/#breadcrumb"},"inLanguage":"ca-ES","potentialAction":[{"@type":"ReadAction","target":["https:\/\/www.fundacioires.org\/ca\/premi-no-hi-ha-espai-per-al-masclisme\/"]}]},{"@type":"ImageObject","inLanguage":"ca-ES","@id":"https:\/\/www.fundacioires.org\/ca\/premi-no-hi-ha-espai-per-al-masclisme\/#primaryimage","url":"https:\/\/i0.wp.com\/www.fundacioires.org\/wp-content\/uploads\/PLANTILLA-NOTIS-WEB-74.png?fit=1200%2C628&ssl=1","contentUrl":"https:\/\/i0.wp.com\/www.fundacioires.org\/wp-content\/uploads\/PLANTILLA-NOTIS-WEB-74.png?fit=1200%2C628&ssl=1","width":1200,"height":628},{"@type":"BreadcrumbList","@id":"https:\/\/www.fundacioires.org\/ca\/premi-no-hi-ha-espai-per-al-masclisme\/#breadcrumb","itemListElement":[{"@type":"ListItem","position":1,"name":"Portada","item":"https:\/\/www.fundacioires.org\/"},{"@type":"ListItem","position":2,"name":"Premi a la millor campanya de sensibilitzaci\u00f3 d\u2019innovaci\u00f3 social (IMAS)"}]},{"@type":"WebSite","@id":"https:\/\/www.fundacioires.org\/#website","url":"https:\/\/www.fundacioires.org\/","name":"Fundaci\u00f3 IRES","description":"","publisher":{"@id":"https:\/\/www.fundacioires.org\/#organization"},"potentialAction":[{"@type":"SearchAction","target":{"@type":"EntryPoint","urlTemplate":"https:\/\/www.fundacioires.org\/?s={search_term_string}"},"query-input":{"@type":"PropertyValueSpecification","valueRequired":true,"valueName":"search_term_string"}}],"inLanguage":"ca-ES"},{"@type":"Organization","@id":"https:\/\/www.fundacioires.org\/#organization","name":"Fundanci\u00f3n IRES","url":"https:\/\/www.fundacioires.org\/","logo":{"@type":"ImageObject","inLanguage":"ca-ES","@id":"https:\/\/www.fundacioires.org\/#\/schema\/logo\/image\/","url":"https:\/\/i0.wp.com\/www.fundacioires.org\/wp-content\/uploads\/faviconIRES.png?fit=32%2C32&ssl=1","contentUrl":"https:\/\/i0.wp.com\/www.fundacioires.org\/wp-content\/uploads\/faviconIRES.png?fit=32%2C32&ssl=1","width":32,"height":32,"caption":"Fundanci\u00f3n IRES"},"image":{"@id":"https:\/\/www.fundacioires.org\/#\/schema\/logo\/image\/"}},{"@type":"Person","@id":"https:\/\/www.fundacioires.org\/#\/schema\/person\/160af843c565221ef4664a5c7000791c","name":"Fundaci\u00f3 IRES"}]}},"jetpack_featured_media_url":"https:\/\/i0.wp.com\/www.fundacioires.org\/wp-content\/uploads\/PLANTILLA-NOTIS-WEB-74.png?fit=1200%2C628&ssl=1","jetpack_sharing_enabled":true,"_links":{"self":[{"href":"https:\/\/www.fundacioires.org\/ca\/wp-json\/wp\/v2\/posts\/58662","targetHints":{"allow":["GET"]}}],"collection":[{"href":"https:\/\/www.fundacioires.org\/ca\/wp-json\/wp\/v2\/posts"}],"about":[{"href":"https:\/\/www.fundacioires.org\/ca\/wp-json\/wp\/v2\/types\/post"}],"author":[{"embeddable":true,"href":"https:\/\/www.fundacioires.org\/ca\/wp-json\/wp\/v2\/users\/7"}],"replies":[{"embeddable":true,"href":"https:\/\/www.fundacioires.org\/ca\/wp-json\/wp\/v2\/comments?post=58662"}],"version-history":[{"count":1,"href":"https:\/\/www.fundacioires.org\/ca\/wp-json\/wp\/v2\/posts\/58662\/revisions"}],"predecessor-version":[{"id":58665,"href":"https:\/\/www.fundacioires.org\/ca\/wp-json\/wp\/v2\/posts\/58662\/revisions\/58665"}],"wp:featuredmedia":[{"embeddable":true,"href":"https:\/\/www.fundacioires.org\/ca\/wp-json\/wp\/v2\/media\/58663"}],"wp:attachment":[{"href":"https:\/\/www.fundacioires.org\/ca\/wp-json\/wp\/v2\/media?parent=58662"}],"wp:term":[{"taxonomy":"category","embeddable":true,"href":"https:\/\/www.fundacioires.org\/ca\/wp-json\/wp\/v2\/categories?post=58662"},{"taxonomy":"post_tag","embeddable":true,"href":"https:\/\/www.fundacioires.org\/ca\/wp-json\/wp\/v2\/tags?post=58662"}],"curies":[{"name":"wp","href":"https:\/\/api.w.org\/{rel}","templated":true}]}}