{"id":60192,"date":"2024-04-24T15:17:45","date_gmt":"2024-04-24T13:17:45","guid":{"rendered":"https:\/\/www.fundacioires.org\/?p=60192"},"modified":"2024-04-24T15:50:10","modified_gmt":"2024-04-24T13:50:10","slug":"un-sant-jordi-on-la-generositat-va-ser-la-protagonista","status":"publish","type":"post","link":"https:\/\/www.fundacioires.org\/ca\/un-sant-jordi-on-la-generositat-va-ser-la-protagonista\/","title":{"rendered":"Un Sant Jordi on la generositat va ser la protagonista"},"content":{"rendered":"\n<p>Aquest Sant Jordi, amb #UnaRosaPerUnaCausa, vam celebrar la import\u00e0ncia de la xarxa quan ens trobem en moments de dificultat. Ahir vam fer pinya a favor dels infants i fam\u00edlies que travessen moments de dificultat i necessiten ajuda per poder tirar endavant.<\/p>\n\n\n\n<p>Gr\u00e0cies al suport de la ciutadania, de les empreses, i de les entitats catalanes que han col\u00b7laborat en la campanya \u201c<strong>Una Rosa Per Una Causa<\/strong>\u201d, hem recaptat\u00a0<strong>11.271,40\u20ac<\/strong>. D\u2019aquesta xifra,\u00a0<strong>5.869,90\u20ac<\/strong>\u00a0van ser recaptats a la parada del\u00a0<strong>Majestic Hotel &amp; Spa Barcelona<\/strong>, on 90 persones volunt\u00e0ries van aportar el seu entusiasme per donar a con\u00e8ixer el significat de les nostres roses solid\u00e0ries.<\/p>\n\n\n\n<p>Tota la recaptaci\u00f3 anir\u00e0 \u00edntegrament destinada als&nbsp;projectes d\u2019atenci\u00f3 integral&nbsp;de persones i fam\u00edlies en situaci\u00f3 de vulnerabilitat.<\/p>\n\n\n\n<p>Durant la Diada vam tenir moltes sorpreses. Una de les m\u00e9s especials va ser la participaci\u00f3 la <strong>colla castellera de la URL (Engrescats<\/strong>), la qual ens vam transmetre els valors d\u2019uni\u00f3 i for\u00e7a dels castellers i les castelleres. A m\u00e9s, el nostre drac i el cor gegant vam ser els protagonistes de la parada durant tot el dia.<\/p>\n\n\n\n<div class=\"wp-block-jetpack-tiled-gallery aligncenter is-style-rectangular\"><div class=\"tiled-gallery__gallery\"><div class=\"tiled-gallery__row\"><div class=\"tiled-gallery__col\" style=\"flex-basis:66.78744%\"><figure class=\"tiled-gallery__item\"><a href=\"https:\/\/i0.wp.com\/www.fundacioires.org\/wp-content\/uploads\/St-Jordi-H-1457-1024x683.jpg?ssl=1\"><img decoding=\"async\" srcset=\"https:\/\/i2.wp.com\/www.fundacioires.org\/wp-content\/uploads\/St-Jordi-H-1457-1024x683.jpg?strip=info&#038;w=600&#038;ssl=1 600w,https:\/\/i2.wp.com\/www.fundacioires.org\/wp-content\/uploads\/St-Jordi-H-1457-1024x683.jpg?strip=info&#038;w=900&#038;ssl=1 900w,https:\/\/i2.wp.com\/www.fundacioires.org\/wp-content\/uploads\/St-Jordi-H-1457-1024x683.jpg?strip=info&#038;w=1200&#038;ssl=1 1200w,https:\/\/i2.wp.com\/www.fundacioires.org\/wp-content\/uploads\/St-Jordi-H-1457-1024x683.jpg?strip=info&#038;w=1500&#038;ssl=1 1500w,https:\/\/i2.wp.com\/www.fundacioires.org\/wp-content\/uploads\/St-Jordi-H-1457-1024x683.jpg?strip=info&#038;w=1800&#038;ssl=1 1800w\" alt=\"\" data-height=\"1200\" data-id=\"60247\" data-link=\"https:\/\/www.fundacioires.org\/ca\/?attachment_id=60247\" data-url=\"https:\/\/www.fundacioires.org\/wp-content\/uploads\/St-Jordi-H-1457-1024x683.jpg\" data-width=\"1800\" src=\"https:\/\/i2.wp.com\/www.fundacioires.org\/wp-content\/uploads\/St-Jordi-H-1457-1024x683.jpg?ssl=1\" data-amp-layout=\"responsive\"\/><\/a><\/figure><\/div><div class=\"tiled-gallery__col\" style=\"flex-basis:33.21256%\"><figure class=\"tiled-gallery__item\"><a href=\"https:\/\/i0.wp.com\/www.fundacioires.org\/wp-content\/uploads\/St-Jordi-H-1459-1-1024x683.jpg?ssl=1\"><img decoding=\"async\" srcset=\"https:\/\/i1.wp.com\/www.fundacioires.org\/wp-content\/uploads\/St-Jordi-H-1459-1-1024x683.jpg?strip=info&#038;w=600&#038;ssl=1 600w,https:\/\/i1.wp.com\/www.fundacioires.org\/wp-content\/uploads\/St-Jordi-H-1459-1-1024x683.jpg?strip=info&#038;w=900&#038;ssl=1 900w,https:\/\/i1.wp.com\/www.fundacioires.org\/wp-content\/uploads\/St-Jordi-H-1459-1-1024x683.jpg?strip=info&#038;w=1200&#038;ssl=1 1200w,https:\/\/i1.wp.com\/www.fundacioires.org\/wp-content\/uploads\/St-Jordi-H-1459-1-1024x683.jpg?strip=info&#038;w=1500&#038;ssl=1 1500w,https:\/\/i1.wp.com\/www.fundacioires.org\/wp-content\/uploads\/St-Jordi-H-1459-1-1024x683.jpg?strip=info&#038;w=1800&#038;ssl=1 1800w\" alt=\"\" data-height=\"1200\" data-id=\"60253\" data-link=\"https:\/\/www.fundacioires.org\/ca\/?attachment_id=60253\" data-url=\"https:\/\/www.fundacioires.org\/wp-content\/uploads\/St-Jordi-H-1459-1-1024x683.jpg\" data-width=\"1800\" src=\"https:\/\/i1.wp.com\/www.fundacioires.org\/wp-content\/uploads\/St-Jordi-H-1459-1-1024x683.jpg?ssl=1\" data-amp-layout=\"responsive\"\/><\/a><\/figure><figure class=\"tiled-gallery__item\"><a href=\"https:\/\/i0.wp.com\/www.fundacioires.org\/wp-content\/uploads\/St-Jordi-H-1454-1-1024x683.jpg?ssl=1\"><img decoding=\"async\" srcset=\"https:\/\/i2.wp.com\/www.fundacioires.org\/wp-content\/uploads\/St-Jordi-H-1454-1-1024x683.jpg?strip=info&#038;w=600&#038;ssl=1 600w,https:\/\/i2.wp.com\/www.fundacioires.org\/wp-content\/uploads\/St-Jordi-H-1454-1-1024x683.jpg?strip=info&#038;w=900&#038;ssl=1 900w,https:\/\/i2.wp.com\/www.fundacioires.org\/wp-content\/uploads\/St-Jordi-H-1454-1-1024x683.jpg?strip=info&#038;w=1200&#038;ssl=1 1200w,https:\/\/i2.wp.com\/www.fundacioires.org\/wp-content\/uploads\/St-Jordi-H-1454-1-1024x683.jpg?strip=info&#038;w=1500&#038;ssl=1 1500w,https:\/\/i2.wp.com\/www.fundacioires.org\/wp-content\/uploads\/St-Jordi-H-1454-1-1024x683.jpg?strip=info&#038;w=1800&#038;ssl=1 1800w\" alt=\"\" data-height=\"1200\" data-id=\"60245\" data-link=\"https:\/\/www.fundacioires.org\/ca\/?attachment_id=60245\" data-url=\"https:\/\/www.fundacioires.org\/wp-content\/uploads\/St-Jordi-H-1454-1-1024x683.jpg\" data-width=\"1800\" src=\"https:\/\/i2.wp.com\/www.fundacioires.org\/wp-content\/uploads\/St-Jordi-H-1454-1-1024x683.jpg?ssl=1\" data-amp-layout=\"responsive\"\/><\/a><\/figure><\/div><\/div><div class=\"tiled-gallery__row\"><div class=\"tiled-gallery__col\" style=\"flex-basis:67.67717%\"><figure class=\"tiled-gallery__item\"><a href=\"https:\/\/i0.wp.com\/www.fundacioires.org\/wp-content\/uploads\/St-Jordi-H-1462-1-1024x683.jpg?ssl=1\"><img decoding=\"async\" srcset=\"https:\/\/i0.wp.com\/www.fundacioires.org\/wp-content\/uploads\/St-Jordi-H-1462-1-1024x683.jpg?strip=info&#038;w=600&#038;ssl=1 600w,https:\/\/i0.wp.com\/www.fundacioires.org\/wp-content\/uploads\/St-Jordi-H-1462-1-1024x683.jpg?strip=info&#038;w=900&#038;ssl=1 900w,https:\/\/i0.wp.com\/www.fundacioires.org\/wp-content\/uploads\/St-Jordi-H-1462-1-1024x683.jpg?strip=info&#038;w=1200&#038;ssl=1 1200w,https:\/\/i0.wp.com\/www.fundacioires.org\/wp-content\/uploads\/St-Jordi-H-1462-1-1024x683.jpg?strip=info&#038;w=1500&#038;ssl=1 1500w,https:\/\/i0.wp.com\/www.fundacioires.org\/wp-content\/uploads\/St-Jordi-H-1462-1-1024x683.jpg?strip=info&#038;w=1800&#038;ssl=1 1800w\" alt=\"\" data-height=\"1200\" data-id=\"60251\" data-link=\"https:\/\/www.fundacioires.org\/ca\/?attachment_id=60251\" data-url=\"https:\/\/www.fundacioires.org\/wp-content\/uploads\/St-Jordi-H-1462-1-1024x683.jpg\" data-width=\"1800\" src=\"https:\/\/i0.wp.com\/www.fundacioires.org\/wp-content\/uploads\/St-Jordi-H-1462-1-1024x683.jpg?ssl=1\" data-amp-layout=\"responsive\"\/><\/a><\/figure><\/div><div class=\"tiled-gallery__col\" style=\"flex-basis:32.32283%\"><figure class=\"tiled-gallery__item\"><a href=\"https:\/\/i0.wp.com\/www.fundacioires.org\/wp-content\/uploads\/St-Jordi-H-1451-2-732x1024.jpg?ssl=1\"><img decoding=\"async\" srcset=\"https:\/\/i2.wp.com\/www.fundacioires.org\/wp-content\/uploads\/St-Jordi-H-1451-2-732x1024.jpg?strip=info&#038;w=600&#038;ssl=1 600w,https:\/\/i2.wp.com\/www.fundacioires.org\/wp-content\/uploads\/St-Jordi-H-1451-2-732x1024.jpg?strip=info&#038;w=900&#038;ssl=1 900w,https:\/\/i2.wp.com\/www.fundacioires.org\/wp-content\/uploads\/St-Jordi-H-1451-2-732x1024.jpg?strip=info&#038;w=1200&#038;ssl=1 1200w,https:\/\/i2.wp.com\/www.fundacioires.org\/wp-content\/uploads\/St-Jordi-H-1451-2-732x1024.jpg?strip=info&#038;w=1500&#038;ssl=1 1500w,https:\/\/i2.wp.com\/www.fundacioires.org\/wp-content\/uploads\/St-Jordi-H-1451-2-732x1024.jpg?strip=info&#038;w=1800&#038;ssl=1 1800w\" alt=\"\" data-height=\"2518\" data-id=\"60249\" data-link=\"https:\/\/www.fundacioires.org\/ca\/?attachment_id=60249\" data-url=\"https:\/\/www.fundacioires.org\/wp-content\/uploads\/St-Jordi-H-1451-2-732x1024.jpg\" data-width=\"1800\" src=\"https:\/\/i2.wp.com\/www.fundacioires.org\/wp-content\/uploads\/St-Jordi-H-1451-2-732x1024.jpg?ssl=1\" data-amp-layout=\"responsive\"\/><\/a><\/figure><\/div><\/div><\/div><\/div>\n\n\n\n<p>Un any m\u00e9s, hem comptat amb la col\u00b7laboraci\u00f3 del\u00a0<strong>Majestic Hotel &amp; Spa Barcelona, \u00a0<\/strong>a qui volem agrair el seu comprom\u00eds social amb els infants i fam\u00edlies en situaci\u00f3 de vulnerabilitat que atenem des de la Fundaci\u00f3 IRES. Com sempre, ha estat un veritable plaer poder comptar amb el suport de tot l&#8217;equip.<\/p>\n\n\n\n<p>Tamb\u00e9 volem agrair la col\u00b7laboraci\u00f3 de la\u00a0<strong>Facultat de Comunicaci\u00f3 Blanquerna<\/strong>\u00a0\u2013 Universitat Ramon Llull, i de les alumnes guanyadores del concurs #UnaRosaPerUnaCausa,\u00a0Angela Quesada Medina i Mireia Miquel Eroles, que van dissenyar la caixa d\u2019enguany inspirada en els castellers.<\/p>\n\n\n\n<p>Tot aix\u00f2 va ser possible gr\u00e0cies a la col\u00b7laboraci\u00f3 i empatia de moltes persones, organitzacions i de les empreses socialment compromeses com:\u00a0 22@Network Barcelona, Comercial Masoliver S.A.U., Beveland, S.A, Manglar Coworking, INETUM, Innovat Hotels SL (Twentytu), Felca, Carburos Met\u00e1licos, LG Barcelona \u2013 Concesionario Mercedez-Benz, Falaise S.L, Audiconsultores ETL Global, S.L., Inveniam Group, Fundaci\u00f3 Casa Miseric\u00f2rdia de Barcelona, Asesoria Sainz de Baranda S.A.P.<\/p>\n\n\n\n<p>Amb #UnaRosaPerUnaCausa moltes fam\u00edlies en situaci\u00f3 de vulnerabilitat podran reescriure el seu futur. Moltes gr\u00e0cies per fer-ho possible i fins a l\u2019any que ve!<\/p>\n","protected":false},"excerpt":{"rendered":"<p>Gr\u00e0cies per una Diada plena d\u2019il\u00b7lusi\u00f3 i noves oportunitats! <\/p>\n","protected":false},"author":7,"featured_media":60283,"comment_status":"closed","ping_status":"open","sticky":false,"template":"","format":"standard","meta":{"_jetpack_memberships_contains_paid_content":false,"footnotes":""},"categories":[19],"tags":[],"class_list":["post-60192","post","type-post","status-publish","format-standard","has-post-thumbnail","hentry","category-ires-blog"],"yoast_head":"<!-- This site is optimized with the Yoast SEO plugin v27.4 - https:\/\/yoast.com\/product\/yoast-seo-wordpress\/ -->\n<title>Un Sant Jordi on la generositat va ser la protagonista - Fundaci\u00f3 IRES<\/title>\n<meta name=\"description\" content=\"Gr\u00e0cies per una Diada plena d\u2019il\u00b7lusi\u00f3 i noves oportunitats per als usuaris i usu\u00e0ries de la Fundaci\u00f3 IRES.\" \/>\n<meta name=\"robots\" content=\"index, follow, max-snippet:-1, max-image-preview:large, max-video-preview:-1\" \/>\n<link rel=\"canonical\" href=\"https:\/\/www.fundacioires.org\/ca\/un-sant-jordi-on-la-generositat-va-ser-la-protagonista\/\" \/>\n<meta property=\"og:locale\" content=\"ca_ES\" \/>\n<meta property=\"og:type\" content=\"article\" \/>\n<meta property=\"og:title\" content=\"Un Sant Jordi on la generositat va ser la protagonista - Fundaci\u00f3 IRES\" \/>\n<meta property=\"og:description\" content=\"Gr\u00e0cies per una Diada plena d\u2019il\u00b7lusi\u00f3 i noves oportunitats per als usuaris i usu\u00e0ries de la Fundaci\u00f3 IRES.\" \/>\n<meta property=\"og:url\" content=\"https:\/\/www.fundacioires.org\/ca\/un-sant-jordi-on-la-generositat-va-ser-la-protagonista\/\" \/>\n<meta property=\"og:site_name\" content=\"Fundaci\u00f3 IRES\" \/>\n<meta property=\"article:published_time\" content=\"2024-04-24T13:17:45+00:00\" \/>\n<meta property=\"article:modified_time\" content=\"2024-04-24T13:50:10+00:00\" \/>\n<meta property=\"og:image\" content=\"https:\/\/www.fundacioires.org\/wp-content\/uploads\/PLANTILLA-NOTIS-WEB-10-1.jpg\" \/>\n\t<meta property=\"og:image:width\" content=\"1200\" \/>\n\t<meta property=\"og:image:height\" content=\"628\" \/>\n\t<meta property=\"og:image:type\" content=\"image\/jpeg\" \/>\n<meta name=\"author\" content=\"Fundaci\u00f3 IRES\" \/>\n<meta name=\"twitter:card\" content=\"summary_large_image\" \/>\n<meta name=\"twitter:label1\" content=\"Written by\" \/>\n\t<meta name=\"twitter:data1\" content=\"Fundaci\u00f3 IRES\" \/>\n\t<meta name=\"twitter:label2\" content=\"Est. reading time\" \/>\n\t<meta name=\"twitter:data2\" content=\"3 minutes\" \/>\n<script type=\"application\/ld+json\" class=\"yoast-schema-graph\">{\"@context\":\"https:\\\/\\\/schema.org\",\"@graph\":[{\"@type\":\"Article\",\"@id\":\"https:\\\/\\\/www.fundacioires.org\\\/ca\\\/un-sant-jordi-on-la-generositat-va-ser-la-protagonista\\\/#article\",\"isPartOf\":{\"@id\":\"https:\\\/\\\/www.fundacioires.org\\\/ca\\\/un-sant-jordi-on-la-generositat-va-ser-la-protagonista\\\/\"},\"author\":{\"name\":\"Fundaci\u00f3 IRES\",\"@id\":\"https:\\\/\\\/www.fundacioires.org\\\/#\\\/schema\\\/person\\\/160af843c565221ef4664a5c7000791c\"},\"headline\":\"Un Sant Jordi on la generositat va ser la protagonista\",\"datePublished\":\"2024-04-24T13:17:45+00:00\",\"dateModified\":\"2024-04-24T13:50:10+00:00\",\"mainEntityOfPage\":{\"@id\":\"https:\\\/\\\/www.fundacioires.org\\\/ca\\\/un-sant-jordi-on-la-generositat-va-ser-la-protagonista\\\/\"},\"wordCount\":401,\"publisher\":{\"@id\":\"https:\\\/\\\/www.fundacioires.org\\\/#organization\"},\"image\":{\"@id\":\"https:\\\/\\\/www.fundacioires.org\\\/ca\\\/un-sant-jordi-on-la-generositat-va-ser-la-protagonista\\\/#primaryimage\"},\"thumbnailUrl\":\"https:\\\/\\\/i0.wp.com\\\/www.fundacioires.org\\\/wp-content\\\/uploads\\\/PLANTILLA-NOTIS-WEB-10-1.jpg?fit=1200%2C628&ssl=1\",\"articleSection\":[\"IRES-Blog\"],\"inLanguage\":\"ca-ES\"},{\"@type\":\"WebPage\",\"@id\":\"https:\\\/\\\/www.fundacioires.org\\\/ca\\\/un-sant-jordi-on-la-generositat-va-ser-la-protagonista\\\/\",\"url\":\"https:\\\/\\\/www.fundacioires.org\\\/ca\\\/un-sant-jordi-on-la-generositat-va-ser-la-protagonista\\\/\",\"name\":\"Un Sant Jordi on la generositat va ser la protagonista - Fundaci\u00f3 IRES\",\"isPartOf\":{\"@id\":\"https:\\\/\\\/www.fundacioires.org\\\/#website\"},\"primaryImageOfPage\":{\"@id\":\"https:\\\/\\\/www.fundacioires.org\\\/ca\\\/un-sant-jordi-on-la-generositat-va-ser-la-protagonista\\\/#primaryimage\"},\"image\":{\"@id\":\"https:\\\/\\\/www.fundacioires.org\\\/ca\\\/un-sant-jordi-on-la-generositat-va-ser-la-protagonista\\\/#primaryimage\"},\"thumbnailUrl\":\"https:\\\/\\\/i0.wp.com\\\/www.fundacioires.org\\\/wp-content\\\/uploads\\\/PLANTILLA-NOTIS-WEB-10-1.jpg?fit=1200%2C628&ssl=1\",\"datePublished\":\"2024-04-24T13:17:45+00:00\",\"dateModified\":\"2024-04-24T13:50:10+00:00\",\"description\":\"Gr\u00e0cies per una Diada plena d\u2019il\u00b7lusi\u00f3 i noves oportunitats per als usuaris i usu\u00e0ries de la Fundaci\u00f3 IRES.\",\"breadcrumb\":{\"@id\":\"https:\\\/\\\/www.fundacioires.org\\\/ca\\\/un-sant-jordi-on-la-generositat-va-ser-la-protagonista\\\/#breadcrumb\"},\"inLanguage\":\"ca-ES\",\"potentialAction\":[{\"@type\":\"ReadAction\",\"target\":[\"https:\\\/\\\/www.fundacioires.org\\\/ca\\\/un-sant-jordi-on-la-generositat-va-ser-la-protagonista\\\/\"]}]},{\"@type\":\"ImageObject\",\"inLanguage\":\"ca-ES\",\"@id\":\"https:\\\/\\\/www.fundacioires.org\\\/ca\\\/un-sant-jordi-on-la-generositat-va-ser-la-protagonista\\\/#primaryimage\",\"url\":\"https:\\\/\\\/i0.wp.com\\\/www.fundacioires.org\\\/wp-content\\\/uploads\\\/PLANTILLA-NOTIS-WEB-10-1.jpg?fit=1200%2C628&ssl=1\",\"contentUrl\":\"https:\\\/\\\/i0.wp.com\\\/www.fundacioires.org\\\/wp-content\\\/uploads\\\/PLANTILLA-NOTIS-WEB-10-1.jpg?fit=1200%2C628&ssl=1\",\"width\":1200,\"height\":628},{\"@type\":\"BreadcrumbList\",\"@id\":\"https:\\\/\\\/www.fundacioires.org\\\/ca\\\/un-sant-jordi-on-la-generositat-va-ser-la-protagonista\\\/#breadcrumb\",\"itemListElement\":[{\"@type\":\"ListItem\",\"position\":1,\"name\":\"Portada\",\"item\":\"https:\\\/\\\/www.fundacioires.org\\\/\"},{\"@type\":\"ListItem\",\"position\":2,\"name\":\"Un Sant Jordi on la generositat va ser la protagonista\"}]},{\"@type\":\"WebSite\",\"@id\":\"https:\\\/\\\/www.fundacioires.org\\\/#website\",\"url\":\"https:\\\/\\\/www.fundacioires.org\\\/\",\"name\":\"Fundaci\u00f3 IRES\",\"description\":\"\",\"publisher\":{\"@id\":\"https:\\\/\\\/www.fundacioires.org\\\/#organization\"},\"potentialAction\":[{\"@type\":\"SearchAction\",\"target\":{\"@type\":\"EntryPoint\",\"urlTemplate\":\"https:\\\/\\\/www.fundacioires.org\\\/?s={search_term_string}\"},\"query-input\":{\"@type\":\"PropertyValueSpecification\",\"valueRequired\":true,\"valueName\":\"search_term_string\"}}],\"inLanguage\":\"ca-ES\"},{\"@type\":\"Organization\",\"@id\":\"https:\\\/\\\/www.fundacioires.org\\\/#organization\",\"name\":\"Fundanci\u00f3n IRES\",\"url\":\"https:\\\/\\\/www.fundacioires.org\\\/\",\"logo\":{\"@type\":\"ImageObject\",\"inLanguage\":\"ca-ES\",\"@id\":\"https:\\\/\\\/www.fundacioires.org\\\/#\\\/schema\\\/logo\\\/image\\\/\",\"url\":\"https:\\\/\\\/i0.wp.com\\\/www.fundacioires.org\\\/wp-content\\\/uploads\\\/faviconIRES.png?fit=32%2C32&ssl=1\",\"contentUrl\":\"https:\\\/\\\/i0.wp.com\\\/www.fundacioires.org\\\/wp-content\\\/uploads\\\/faviconIRES.png?fit=32%2C32&ssl=1\",\"width\":32,\"height\":32,\"caption\":\"Fundanci\u00f3n IRES\"},\"image\":{\"@id\":\"https:\\\/\\\/www.fundacioires.org\\\/#\\\/schema\\\/logo\\\/image\\\/\"}},{\"@type\":\"Person\",\"@id\":\"https:\\\/\\\/www.fundacioires.org\\\/#\\\/schema\\\/person\\\/160af843c565221ef4664a5c7000791c\",\"name\":\"Fundaci\u00f3 IRES\"}]}<\/script>\n<!-- \/ Yoast SEO plugin. -->","yoast_head_json":{"title":"Un Sant Jordi on la generositat va ser la protagonista - Fundaci\u00f3 IRES","description":"Gr\u00e0cies per una Diada plena d\u2019il\u00b7lusi\u00f3 i noves oportunitats per als usuaris i usu\u00e0ries de la Fundaci\u00f3 IRES.","robots":{"index":"index","follow":"follow","max-snippet":"max-snippet:-1","max-image-preview":"max-image-preview:large","max-video-preview":"max-video-preview:-1"},"canonical":"https:\/\/www.fundacioires.org\/ca\/un-sant-jordi-on-la-generositat-va-ser-la-protagonista\/","og_locale":"ca_ES","og_type":"article","og_title":"Un Sant Jordi on la generositat va ser la protagonista - Fundaci\u00f3 IRES","og_description":"Gr\u00e0cies per una Diada plena d\u2019il\u00b7lusi\u00f3 i noves oportunitats per als usuaris i usu\u00e0ries de la Fundaci\u00f3 IRES.","og_url":"https:\/\/www.fundacioires.org\/ca\/un-sant-jordi-on-la-generositat-va-ser-la-protagonista\/","og_site_name":"Fundaci\u00f3 IRES","article_published_time":"2024-04-24T13:17:45+00:00","article_modified_time":"2024-04-24T13:50:10+00:00","og_image":[{"width":1200,"height":628,"url":"https:\/\/www.fundacioires.org\/wp-content\/uploads\/PLANTILLA-NOTIS-WEB-10-1.jpg","type":"image\/jpeg"}],"author":"Fundaci\u00f3 IRES","twitter_card":"summary_large_image","twitter_misc":{"Written by":"Fundaci\u00f3 IRES","Est. reading time":"3 minutes"},"schema":{"@context":"https:\/\/schema.org","@graph":[{"@type":"Article","@id":"https:\/\/www.fundacioires.org\/ca\/un-sant-jordi-on-la-generositat-va-ser-la-protagonista\/#article","isPartOf":{"@id":"https:\/\/www.fundacioires.org\/ca\/un-sant-jordi-on-la-generositat-va-ser-la-protagonista\/"},"author":{"name":"Fundaci\u00f3 IRES","@id":"https:\/\/www.fundacioires.org\/#\/schema\/person\/160af843c565221ef4664a5c7000791c"},"headline":"Un Sant Jordi on la generositat va ser la protagonista","datePublished":"2024-04-24T13:17:45+00:00","dateModified":"2024-04-24T13:50:10+00:00","mainEntityOfPage":{"@id":"https:\/\/www.fundacioires.org\/ca\/un-sant-jordi-on-la-generositat-va-ser-la-protagonista\/"},"wordCount":401,"publisher":{"@id":"https:\/\/www.fundacioires.org\/#organization"},"image":{"@id":"https:\/\/www.fundacioires.org\/ca\/un-sant-jordi-on-la-generositat-va-ser-la-protagonista\/#primaryimage"},"thumbnailUrl":"https:\/\/i0.wp.com\/www.fundacioires.org\/wp-content\/uploads\/PLANTILLA-NOTIS-WEB-10-1.jpg?fit=1200%2C628&ssl=1","articleSection":["IRES-Blog"],"inLanguage":"ca-ES"},{"@type":"WebPage","@id":"https:\/\/www.fundacioires.org\/ca\/un-sant-jordi-on-la-generositat-va-ser-la-protagonista\/","url":"https:\/\/www.fundacioires.org\/ca\/un-sant-jordi-on-la-generositat-va-ser-la-protagonista\/","name":"Un Sant Jordi on la generositat va ser la protagonista - Fundaci\u00f3 IRES","isPartOf":{"@id":"https:\/\/www.fundacioires.org\/#website"},"primaryImageOfPage":{"@id":"https:\/\/www.fundacioires.org\/ca\/un-sant-jordi-on-la-generositat-va-ser-la-protagonista\/#primaryimage"},"image":{"@id":"https:\/\/www.fundacioires.org\/ca\/un-sant-jordi-on-la-generositat-va-ser-la-protagonista\/#primaryimage"},"thumbnailUrl":"https:\/\/i0.wp.com\/www.fundacioires.org\/wp-content\/uploads\/PLANTILLA-NOTIS-WEB-10-1.jpg?fit=1200%2C628&ssl=1","datePublished":"2024-04-24T13:17:45+00:00","dateModified":"2024-04-24T13:50:10+00:00","description":"Gr\u00e0cies per una Diada plena d\u2019il\u00b7lusi\u00f3 i noves oportunitats per als usuaris i usu\u00e0ries de la Fundaci\u00f3 IRES.","breadcrumb":{"@id":"https:\/\/www.fundacioires.org\/ca\/un-sant-jordi-on-la-generositat-va-ser-la-protagonista\/#breadcrumb"},"inLanguage":"ca-ES","potentialAction":[{"@type":"ReadAction","target":["https:\/\/www.fundacioires.org\/ca\/un-sant-jordi-on-la-generositat-va-ser-la-protagonista\/"]}]},{"@type":"ImageObject","inLanguage":"ca-ES","@id":"https:\/\/www.fundacioires.org\/ca\/un-sant-jordi-on-la-generositat-va-ser-la-protagonista\/#primaryimage","url":"https:\/\/i0.wp.com\/www.fundacioires.org\/wp-content\/uploads\/PLANTILLA-NOTIS-WEB-10-1.jpg?fit=1200%2C628&ssl=1","contentUrl":"https:\/\/i0.wp.com\/www.fundacioires.org\/wp-content\/uploads\/PLANTILLA-NOTIS-WEB-10-1.jpg?fit=1200%2C628&ssl=1","width":1200,"height":628},{"@type":"BreadcrumbList","@id":"https:\/\/www.fundacioires.org\/ca\/un-sant-jordi-on-la-generositat-va-ser-la-protagonista\/#breadcrumb","itemListElement":[{"@type":"ListItem","position":1,"name":"Portada","item":"https:\/\/www.fundacioires.org\/"},{"@type":"ListItem","position":2,"name":"Un Sant Jordi on la generositat va ser la protagonista"}]},{"@type":"WebSite","@id":"https:\/\/www.fundacioires.org\/#website","url":"https:\/\/www.fundacioires.org\/","name":"Fundaci\u00f3 IRES","description":"","publisher":{"@id":"https:\/\/www.fundacioires.org\/#organization"},"potentialAction":[{"@type":"SearchAction","target":{"@type":"EntryPoint","urlTemplate":"https:\/\/www.fundacioires.org\/?s={search_term_string}"},"query-input":{"@type":"PropertyValueSpecification","valueRequired":true,"valueName":"search_term_string"}}],"inLanguage":"ca-ES"},{"@type":"Organization","@id":"https:\/\/www.fundacioires.org\/#organization","name":"Fundanci\u00f3n IRES","url":"https:\/\/www.fundacioires.org\/","logo":{"@type":"ImageObject","inLanguage":"ca-ES","@id":"https:\/\/www.fundacioires.org\/#\/schema\/logo\/image\/","url":"https:\/\/i0.wp.com\/www.fundacioires.org\/wp-content\/uploads\/faviconIRES.png?fit=32%2C32&ssl=1","contentUrl":"https:\/\/i0.wp.com\/www.fundacioires.org\/wp-content\/uploads\/faviconIRES.png?fit=32%2C32&ssl=1","width":32,"height":32,"caption":"Fundanci\u00f3n IRES"},"image":{"@id":"https:\/\/www.fundacioires.org\/#\/schema\/logo\/image\/"}},{"@type":"Person","@id":"https:\/\/www.fundacioires.org\/#\/schema\/person\/160af843c565221ef4664a5c7000791c","name":"Fundaci\u00f3 IRES"}]}},"jetpack_featured_media_url":"https:\/\/i0.wp.com\/www.fundacioires.org\/wp-content\/uploads\/PLANTILLA-NOTIS-WEB-10-1.jpg?fit=1200%2C628&ssl=1","jetpack_sharing_enabled":true,"_links":{"self":[{"href":"https:\/\/www.fundacioires.org\/ca\/wp-json\/wp\/v2\/posts\/60192","targetHints":{"allow":["GET"]}}],"collection":[{"href":"https:\/\/www.fundacioires.org\/ca\/wp-json\/wp\/v2\/posts"}],"about":[{"href":"https:\/\/www.fundacioires.org\/ca\/wp-json\/wp\/v2\/types\/post"}],"author":[{"embeddable":true,"href":"https:\/\/www.fundacioires.org\/ca\/wp-json\/wp\/v2\/users\/7"}],"replies":[{"embeddable":true,"href":"https:\/\/www.fundacioires.org\/ca\/wp-json\/wp\/v2\/comments?post=60192"}],"version-history":[{"count":3,"href":"https:\/\/www.fundacioires.org\/ca\/wp-json\/wp\/v2\/posts\/60192\/revisions"}],"predecessor-version":[{"id":60304,"href":"https:\/\/www.fundacioires.org\/ca\/wp-json\/wp\/v2\/posts\/60192\/revisions\/60304"}],"wp:featuredmedia":[{"embeddable":true,"href":"https:\/\/www.fundacioires.org\/ca\/wp-json\/wp\/v2\/media\/60283"}],"wp:attachment":[{"href":"https:\/\/www.fundacioires.org\/ca\/wp-json\/wp\/v2\/media?parent=60192"}],"wp:term":[{"taxonomy":"category","embeddable":true,"href":"https:\/\/www.fundacioires.org\/ca\/wp-json\/wp\/v2\/categories?post=60192"},{"taxonomy":"post_tag","embeddable":true,"href":"https:\/\/www.fundacioires.org\/ca\/wp-json\/wp\/v2\/tags?post=60192"}],"curies":[{"name":"wp","href":"https:\/\/api.w.org\/{rel}","templated":true}]}}