{"id":60645,"date":"2024-05-02T14:12:54","date_gmt":"2024-05-02T12:12:54","guid":{"rendered":"https:\/\/www.fundacioires.org\/?p=60645"},"modified":"2024-05-03T14:55:27","modified_gmt":"2024-05-03T12:55:27","slug":"ires-a-la-i-jornada-convivexit-2024","status":"publish","type":"post","link":"https:\/\/www.fundacioires.org\/ca\/ires-a-la-i-jornada-convivexit-2024\/","title":{"rendered":"IRES a la I Jornada Conviv\u00e8xit: fomentem entorns coeducatius"},"content":{"rendered":"\n<p>El passat mes de mar\u00e7, <strong><a href=\"https:\/\/apps.caib.es\/sites\/convivexit\/ca\/finalitat_i_objectius\/\">Convivexit<\/a><\/strong> va organitzar la I Jornada de la xarxa de centres coeducatius de les Illes Balears, amb el lema \u201cFomentem entorns coeducatius\u201d. &nbsp;<\/p>\n\n\n\n<p><strong>A la Fundaci\u00f3 IRES v\u00e0rem tenir el plaer de ser una de les entitats convidades a participar<\/strong> com a ponents en la mostra de tallers amb el projecte propi<strong> \u201c<a href=\"https:\/\/fundacioires.org\/ca\/llencem-sense-genere-de-dubtes\/\">Sense g\u00e8nere de dubtes<\/a>\u201d <\/strong>i en el cercle de recursos amb \u201c<strong>Relacions sanes<\/strong>\u201d i els programes d\u2019<strong>\u201cAtenci\u00f3 psicol\u00f2gica a v\u00edctimes de viol\u00e8ncies masclistes\u201d <\/strong>i d\u2019\u201c<strong>Atenci\u00f3 a Homes Agressors\u201d<\/strong> del Consell de Mallorca i de l\u2019Ajuntament de Palma respectivament, gestionats per la Fundaci\u00f3 IRES.<\/p>\n\n\n\n<p>Des dels diferents serveis que oferim, <strong>la nostra missi\u00f3 \u00e9s treballar dia a dia, des de la prevenci\u00f3 i la intervenci\u00f3 directa, per a reduir la probabilitat d\u2019aparici\u00f3 de les viol\u00e8ncies masclistes i reparar les seves conseq\u00fc\u00e8ncies quan es produeixen<\/strong>. Que els centres educatius coneguin noves eines, aix\u00ed com els serveis d\u2019ajuda, \u00e9s fonamental per a garantir una coeducaci\u00f3 real i efectiva. Ens agradaria destacar la important tasca de Conviv\u00e8xit, els centres educatius i el professorat en la implementaci\u00f3 de la perspectiva de g\u00e8nere i en la sensibilitzaci\u00f3 de l\u2019alumnat i les seves fam\u00edlies. La igualtat de g\u00e8nere nom\u00e9s \u00e9s possible amb la corresponsabilitat de tots i totes.<\/p>\n\n\n\n<p class=\"has-text-align-center has-background\" style=\"background-color:#eefff9\"><strong><mark style=\"background-color:rgba(0, 0, 0, 0)\" class=\"has-inline-color has-black-color\">SENSE G\u00c8NERE DE DUBTES<br><\/mark><\/strong>Un projecte de sensibilitzaci\u00f3 que pret\u00e9n donar resposta a les inquietuds de la joventut tamb\u00e9 fora de les aules i configurar un espai digital on els\/les joves puguin trobar informaci\u00f3 v\u00e0lida i contrastada sobre temes que tenen a veure amb la sexualitat sana, la igualtat de g\u00e8nere i les relacions de parella.<br><a href=\"https:\/\/www.fundacioires.org\/ca\/llencem-sense-genere-de-dubtes\/\"><strong>Vols saber-ne m\u00e9s?<\/strong><\/a><\/p>\n\n\n\n<p class=\"has-text-align-center has-background\" style=\"background-color:#eefff9\"><strong>RELACIONS SANES<mark style=\"background-color:rgba(0, 0, 0, 0)\" class=\"has-inline-color has-black-color\"><br><\/mark><\/strong>El nostre projecte neix a Balears de la necessitat d\u2019oferir un servei espec\u00edfic d\u2019atenci\u00f3 psicol\u00f2gica al col\u00b7lectiu LGTBI i el seu objectiu primigeni \u00e9s prevenir la perpetraci\u00f3 de situacions de viol\u00e8ncia en la parella.<br><a href=\"https:\/\/www.fundacioires.org\/ca\/que-fem\/ecosistema-de-projectes\/relacions-sanes\/\"><strong>Vols saber-ne m\u00e9s?<\/strong><\/a><\/p>\n","protected":false},"excerpt":{"rendered":"<p>A la Fundaci\u00f3 IRES v\u00e0rem ser una de les entitats convidades a participar com a ponents en la mostra de tallers.<\/p>\n","protected":false},"author":7,"featured_media":60674,"comment_status":"closed","ping_status":"open","sticky":false,"template":"","format":"standard","meta":{"_jetpack_memberships_contains_paid_content":false,"footnotes":""},"categories":[19],"tags":[186],"class_list":["post-60645","post","type-post","status-publish","format-standard","has-post-thumbnail","hentry","category-ires-blog","tag-sense-genere-de-dubtes"],"yoast_head":"<!-- This site is optimized with the Yoast SEO plugin v27.4 - https:\/\/yoast.com\/product\/yoast-seo-wordpress\/ -->\n<title>IRES a la I Jornada Conviv\u00e8xit: fomentem entorns coeducatius - Fundaci\u00f3 IRES<\/title>\n<meta name=\"robots\" content=\"index, follow, max-snippet:-1, max-image-preview:large, max-video-preview:-1\" \/>\n<link rel=\"canonical\" href=\"https:\/\/www.fundacioires.org\/ca\/ires-a-la-i-jornada-convivexit-2024\/\" \/>\n<meta property=\"og:locale\" content=\"ca_ES\" \/>\n<meta property=\"og:type\" content=\"article\" \/>\n<meta property=\"og:title\" content=\"IRES a la I Jornada Conviv\u00e8xit: fomentem entorns coeducatius - Fundaci\u00f3 IRES\" \/>\n<meta property=\"og:description\" content=\"A la Fundaci\u00f3 IRES v\u00e0rem ser una de les entitats convidades a participar com a ponents en la mostra de tallers.\" \/>\n<meta property=\"og:url\" content=\"https:\/\/www.fundacioires.org\/ca\/ires-a-la-i-jornada-convivexit-2024\/\" \/>\n<meta property=\"og:site_name\" content=\"Fundaci\u00f3 IRES\" \/>\n<meta property=\"article:published_time\" content=\"2024-05-02T12:12:54+00:00\" \/>\n<meta property=\"article:modified_time\" content=\"2024-05-03T12:55:27+00:00\" \/>\n<meta property=\"og:image\" content=\"https:\/\/www.fundacioires.org\/wp-content\/uploads\/PLANTILLA-NOTIS-WEB-1-3.jpg\" \/>\n\t<meta property=\"og:image:width\" content=\"1200\" \/>\n\t<meta property=\"og:image:height\" content=\"628\" \/>\n\t<meta property=\"og:image:type\" content=\"image\/jpeg\" \/>\n<meta name=\"author\" content=\"Fundaci\u00f3 IRES\" \/>\n<meta name=\"twitter:card\" content=\"summary_large_image\" \/>\n<meta name=\"twitter:label1\" content=\"Written by\" \/>\n\t<meta name=\"twitter:data1\" content=\"Fundaci\u00f3 IRES\" \/>\n\t<meta name=\"twitter:label2\" content=\"Est. reading time\" \/>\n\t<meta name=\"twitter:data2\" content=\"2 minutes\" \/>\n<script type=\"application\/ld+json\" class=\"yoast-schema-graph\">{\"@context\":\"https:\\\/\\\/schema.org\",\"@graph\":[{\"@type\":\"Article\",\"@id\":\"https:\\\/\\\/www.fundacioires.org\\\/ca\\\/ires-a-la-i-jornada-convivexit-2024\\\/#article\",\"isPartOf\":{\"@id\":\"https:\\\/\\\/www.fundacioires.org\\\/ca\\\/ires-a-la-i-jornada-convivexit-2024\\\/\"},\"author\":{\"name\":\"Fundaci\u00f3 IRES\",\"@id\":\"https:\\\/\\\/www.fundacioires.org\\\/#\\\/schema\\\/person\\\/160af843c565221ef4664a5c7000791c\"},\"headline\":\"IRES a la I Jornada Conviv\u00e8xit: fomentem entorns coeducatius\",\"datePublished\":\"2024-05-02T12:12:54+00:00\",\"dateModified\":\"2024-05-03T12:55:27+00:00\",\"mainEntityOfPage\":{\"@id\":\"https:\\\/\\\/www.fundacioires.org\\\/ca\\\/ires-a-la-i-jornada-convivexit-2024\\\/\"},\"wordCount\":347,\"publisher\":{\"@id\":\"https:\\\/\\\/www.fundacioires.org\\\/#organization\"},\"image\":{\"@id\":\"https:\\\/\\\/www.fundacioires.org\\\/ca\\\/ires-a-la-i-jornada-convivexit-2024\\\/#primaryimage\"},\"thumbnailUrl\":\"https:\\\/\\\/i0.wp.com\\\/www.fundacioires.org\\\/wp-content\\\/uploads\\\/PLANTILLA-NOTIS-WEB-1-3.jpg?fit=1200%2C628&ssl=1\",\"keywords\":[\"Sense G\u00e8nere de Dubtes\"],\"articleSection\":[\"IRES-Blog\"],\"inLanguage\":\"ca-ES\"},{\"@type\":\"WebPage\",\"@id\":\"https:\\\/\\\/www.fundacioires.org\\\/ca\\\/ires-a-la-i-jornada-convivexit-2024\\\/\",\"url\":\"https:\\\/\\\/www.fundacioires.org\\\/ca\\\/ires-a-la-i-jornada-convivexit-2024\\\/\",\"name\":\"IRES a la I Jornada Conviv\u00e8xit: fomentem entorns coeducatius - Fundaci\u00f3 IRES\",\"isPartOf\":{\"@id\":\"https:\\\/\\\/www.fundacioires.org\\\/#website\"},\"primaryImageOfPage\":{\"@id\":\"https:\\\/\\\/www.fundacioires.org\\\/ca\\\/ires-a-la-i-jornada-convivexit-2024\\\/#primaryimage\"},\"image\":{\"@id\":\"https:\\\/\\\/www.fundacioires.org\\\/ca\\\/ires-a-la-i-jornada-convivexit-2024\\\/#primaryimage\"},\"thumbnailUrl\":\"https:\\\/\\\/i0.wp.com\\\/www.fundacioires.org\\\/wp-content\\\/uploads\\\/PLANTILLA-NOTIS-WEB-1-3.jpg?fit=1200%2C628&ssl=1\",\"datePublished\":\"2024-05-02T12:12:54+00:00\",\"dateModified\":\"2024-05-03T12:55:27+00:00\",\"breadcrumb\":{\"@id\":\"https:\\\/\\\/www.fundacioires.org\\\/ca\\\/ires-a-la-i-jornada-convivexit-2024\\\/#breadcrumb\"},\"inLanguage\":\"ca-ES\",\"potentialAction\":[{\"@type\":\"ReadAction\",\"target\":[\"https:\\\/\\\/www.fundacioires.org\\\/ca\\\/ires-a-la-i-jornada-convivexit-2024\\\/\"]}]},{\"@type\":\"ImageObject\",\"inLanguage\":\"ca-ES\",\"@id\":\"https:\\\/\\\/www.fundacioires.org\\\/ca\\\/ires-a-la-i-jornada-convivexit-2024\\\/#primaryimage\",\"url\":\"https:\\\/\\\/i0.wp.com\\\/www.fundacioires.org\\\/wp-content\\\/uploads\\\/PLANTILLA-NOTIS-WEB-1-3.jpg?fit=1200%2C628&ssl=1\",\"contentUrl\":\"https:\\\/\\\/i0.wp.com\\\/www.fundacioires.org\\\/wp-content\\\/uploads\\\/PLANTILLA-NOTIS-WEB-1-3.jpg?fit=1200%2C628&ssl=1\",\"width\":1200,\"height\":628},{\"@type\":\"BreadcrumbList\",\"@id\":\"https:\\\/\\\/www.fundacioires.org\\\/ca\\\/ires-a-la-i-jornada-convivexit-2024\\\/#breadcrumb\",\"itemListElement\":[{\"@type\":\"ListItem\",\"position\":1,\"name\":\"Portada\",\"item\":\"https:\\\/\\\/www.fundacioires.org\\\/\"},{\"@type\":\"ListItem\",\"position\":2,\"name\":\"IRES a la I Jornada Conviv\u00e8xit: fomentem entorns coeducatius\"}]},{\"@type\":\"WebSite\",\"@id\":\"https:\\\/\\\/www.fundacioires.org\\\/#website\",\"url\":\"https:\\\/\\\/www.fundacioires.org\\\/\",\"name\":\"Fundaci\u00f3 IRES\",\"description\":\"\",\"publisher\":{\"@id\":\"https:\\\/\\\/www.fundacioires.org\\\/#organization\"},\"potentialAction\":[{\"@type\":\"SearchAction\",\"target\":{\"@type\":\"EntryPoint\",\"urlTemplate\":\"https:\\\/\\\/www.fundacioires.org\\\/?s={search_term_string}\"},\"query-input\":{\"@type\":\"PropertyValueSpecification\",\"valueRequired\":true,\"valueName\":\"search_term_string\"}}],\"inLanguage\":\"ca-ES\"},{\"@type\":\"Organization\",\"@id\":\"https:\\\/\\\/www.fundacioires.org\\\/#organization\",\"name\":\"Fundanci\u00f3n IRES\",\"url\":\"https:\\\/\\\/www.fundacioires.org\\\/\",\"logo\":{\"@type\":\"ImageObject\",\"inLanguage\":\"ca-ES\",\"@id\":\"https:\\\/\\\/www.fundacioires.org\\\/#\\\/schema\\\/logo\\\/image\\\/\",\"url\":\"https:\\\/\\\/i0.wp.com\\\/www.fundacioires.org\\\/wp-content\\\/uploads\\\/faviconIRES.png?fit=32%2C32&ssl=1\",\"contentUrl\":\"https:\\\/\\\/i0.wp.com\\\/www.fundacioires.org\\\/wp-content\\\/uploads\\\/faviconIRES.png?fit=32%2C32&ssl=1\",\"width\":32,\"height\":32,\"caption\":\"Fundanci\u00f3n IRES\"},\"image\":{\"@id\":\"https:\\\/\\\/www.fundacioires.org\\\/#\\\/schema\\\/logo\\\/image\\\/\"}},{\"@type\":\"Person\",\"@id\":\"https:\\\/\\\/www.fundacioires.org\\\/#\\\/schema\\\/person\\\/160af843c565221ef4664a5c7000791c\",\"name\":\"Fundaci\u00f3 IRES\"}]}<\/script>\n<!-- \/ Yoast SEO plugin. -->","yoast_head_json":{"title":"IRES a la I Jornada Conviv\u00e8xit: fomentem entorns coeducatius - Fundaci\u00f3 IRES","robots":{"index":"index","follow":"follow","max-snippet":"max-snippet:-1","max-image-preview":"max-image-preview:large","max-video-preview":"max-video-preview:-1"},"canonical":"https:\/\/www.fundacioires.org\/ca\/ires-a-la-i-jornada-convivexit-2024\/","og_locale":"ca_ES","og_type":"article","og_title":"IRES a la I Jornada Conviv\u00e8xit: fomentem entorns coeducatius - Fundaci\u00f3 IRES","og_description":"A la Fundaci\u00f3 IRES v\u00e0rem ser una de les entitats convidades a participar com a ponents en la mostra de tallers.","og_url":"https:\/\/www.fundacioires.org\/ca\/ires-a-la-i-jornada-convivexit-2024\/","og_site_name":"Fundaci\u00f3 IRES","article_published_time":"2024-05-02T12:12:54+00:00","article_modified_time":"2024-05-03T12:55:27+00:00","og_image":[{"width":1200,"height":628,"url":"https:\/\/www.fundacioires.org\/wp-content\/uploads\/PLANTILLA-NOTIS-WEB-1-3.jpg","type":"image\/jpeg"}],"author":"Fundaci\u00f3 IRES","twitter_card":"summary_large_image","twitter_misc":{"Written by":"Fundaci\u00f3 IRES","Est. reading time":"2 minutes"},"schema":{"@context":"https:\/\/schema.org","@graph":[{"@type":"Article","@id":"https:\/\/www.fundacioires.org\/ca\/ires-a-la-i-jornada-convivexit-2024\/#article","isPartOf":{"@id":"https:\/\/www.fundacioires.org\/ca\/ires-a-la-i-jornada-convivexit-2024\/"},"author":{"name":"Fundaci\u00f3 IRES","@id":"https:\/\/www.fundacioires.org\/#\/schema\/person\/160af843c565221ef4664a5c7000791c"},"headline":"IRES a la I Jornada Conviv\u00e8xit: fomentem entorns coeducatius","datePublished":"2024-05-02T12:12:54+00:00","dateModified":"2024-05-03T12:55:27+00:00","mainEntityOfPage":{"@id":"https:\/\/www.fundacioires.org\/ca\/ires-a-la-i-jornada-convivexit-2024\/"},"wordCount":347,"publisher":{"@id":"https:\/\/www.fundacioires.org\/#organization"},"image":{"@id":"https:\/\/www.fundacioires.org\/ca\/ires-a-la-i-jornada-convivexit-2024\/#primaryimage"},"thumbnailUrl":"https:\/\/i0.wp.com\/www.fundacioires.org\/wp-content\/uploads\/PLANTILLA-NOTIS-WEB-1-3.jpg?fit=1200%2C628&ssl=1","keywords":["Sense G\u00e8nere de Dubtes"],"articleSection":["IRES-Blog"],"inLanguage":"ca-ES"},{"@type":"WebPage","@id":"https:\/\/www.fundacioires.org\/ca\/ires-a-la-i-jornada-convivexit-2024\/","url":"https:\/\/www.fundacioires.org\/ca\/ires-a-la-i-jornada-convivexit-2024\/","name":"IRES a la I Jornada Conviv\u00e8xit: fomentem entorns coeducatius - Fundaci\u00f3 IRES","isPartOf":{"@id":"https:\/\/www.fundacioires.org\/#website"},"primaryImageOfPage":{"@id":"https:\/\/www.fundacioires.org\/ca\/ires-a-la-i-jornada-convivexit-2024\/#primaryimage"},"image":{"@id":"https:\/\/www.fundacioires.org\/ca\/ires-a-la-i-jornada-convivexit-2024\/#primaryimage"},"thumbnailUrl":"https:\/\/i0.wp.com\/www.fundacioires.org\/wp-content\/uploads\/PLANTILLA-NOTIS-WEB-1-3.jpg?fit=1200%2C628&ssl=1","datePublished":"2024-05-02T12:12:54+00:00","dateModified":"2024-05-03T12:55:27+00:00","breadcrumb":{"@id":"https:\/\/www.fundacioires.org\/ca\/ires-a-la-i-jornada-convivexit-2024\/#breadcrumb"},"inLanguage":"ca-ES","potentialAction":[{"@type":"ReadAction","target":["https:\/\/www.fundacioires.org\/ca\/ires-a-la-i-jornada-convivexit-2024\/"]}]},{"@type":"ImageObject","inLanguage":"ca-ES","@id":"https:\/\/www.fundacioires.org\/ca\/ires-a-la-i-jornada-convivexit-2024\/#primaryimage","url":"https:\/\/i0.wp.com\/www.fundacioires.org\/wp-content\/uploads\/PLANTILLA-NOTIS-WEB-1-3.jpg?fit=1200%2C628&ssl=1","contentUrl":"https:\/\/i0.wp.com\/www.fundacioires.org\/wp-content\/uploads\/PLANTILLA-NOTIS-WEB-1-3.jpg?fit=1200%2C628&ssl=1","width":1200,"height":628},{"@type":"BreadcrumbList","@id":"https:\/\/www.fundacioires.org\/ca\/ires-a-la-i-jornada-convivexit-2024\/#breadcrumb","itemListElement":[{"@type":"ListItem","position":1,"name":"Portada","item":"https:\/\/www.fundacioires.org\/"},{"@type":"ListItem","position":2,"name":"IRES a la I Jornada Conviv\u00e8xit: fomentem entorns coeducatius"}]},{"@type":"WebSite","@id":"https:\/\/www.fundacioires.org\/#website","url":"https:\/\/www.fundacioires.org\/","name":"Fundaci\u00f3 IRES","description":"","publisher":{"@id":"https:\/\/www.fundacioires.org\/#organization"},"potentialAction":[{"@type":"SearchAction","target":{"@type":"EntryPoint","urlTemplate":"https:\/\/www.fundacioires.org\/?s={search_term_string}"},"query-input":{"@type":"PropertyValueSpecification","valueRequired":true,"valueName":"search_term_string"}}],"inLanguage":"ca-ES"},{"@type":"Organization","@id":"https:\/\/www.fundacioires.org\/#organization","name":"Fundanci\u00f3n IRES","url":"https:\/\/www.fundacioires.org\/","logo":{"@type":"ImageObject","inLanguage":"ca-ES","@id":"https:\/\/www.fundacioires.org\/#\/schema\/logo\/image\/","url":"https:\/\/i0.wp.com\/www.fundacioires.org\/wp-content\/uploads\/faviconIRES.png?fit=32%2C32&ssl=1","contentUrl":"https:\/\/i0.wp.com\/www.fundacioires.org\/wp-content\/uploads\/faviconIRES.png?fit=32%2C32&ssl=1","width":32,"height":32,"caption":"Fundanci\u00f3n IRES"},"image":{"@id":"https:\/\/www.fundacioires.org\/#\/schema\/logo\/image\/"}},{"@type":"Person","@id":"https:\/\/www.fundacioires.org\/#\/schema\/person\/160af843c565221ef4664a5c7000791c","name":"Fundaci\u00f3 IRES"}]}},"jetpack_featured_media_url":"https:\/\/i0.wp.com\/www.fundacioires.org\/wp-content\/uploads\/PLANTILLA-NOTIS-WEB-1-3.jpg?fit=1200%2C628&ssl=1","jetpack_sharing_enabled":true,"_links":{"self":[{"href":"https:\/\/www.fundacioires.org\/ca\/wp-json\/wp\/v2\/posts\/60645","targetHints":{"allow":["GET"]}}],"collection":[{"href":"https:\/\/www.fundacioires.org\/ca\/wp-json\/wp\/v2\/posts"}],"about":[{"href":"https:\/\/www.fundacioires.org\/ca\/wp-json\/wp\/v2\/types\/post"}],"author":[{"embeddable":true,"href":"https:\/\/www.fundacioires.org\/ca\/wp-json\/wp\/v2\/users\/7"}],"replies":[{"embeddable":true,"href":"https:\/\/www.fundacioires.org\/ca\/wp-json\/wp\/v2\/comments?post=60645"}],"version-history":[{"count":5,"href":"https:\/\/www.fundacioires.org\/ca\/wp-json\/wp\/v2\/posts\/60645\/revisions"}],"predecessor-version":[{"id":60717,"href":"https:\/\/www.fundacioires.org\/ca\/wp-json\/wp\/v2\/posts\/60645\/revisions\/60717"}],"wp:featuredmedia":[{"embeddable":true,"href":"https:\/\/www.fundacioires.org\/ca\/wp-json\/wp\/v2\/media\/60674"}],"wp:attachment":[{"href":"https:\/\/www.fundacioires.org\/ca\/wp-json\/wp\/v2\/media?parent=60645"}],"wp:term":[{"taxonomy":"category","embeddable":true,"href":"https:\/\/www.fundacioires.org\/ca\/wp-json\/wp\/v2\/categories?post=60645"},{"taxonomy":"post_tag","embeddable":true,"href":"https:\/\/www.fundacioires.org\/ca\/wp-json\/wp\/v2\/tags?post=60645"}],"curies":[{"name":"wp","href":"https:\/\/api.w.org\/{rel}","templated":true}]}}