{"id":60718,"date":"2024-05-03T15:04:02","date_gmt":"2024-05-03T13:04:02","guid":{"rendered":"https:\/\/www.fundacioires.org\/?p=60718"},"modified":"2024-05-03T15:18:21","modified_gmt":"2024-05-03T13:18:21","slug":"festival-sororitat-promocio-de-lempoderament-de-les-dones-en-la-industria-musical-i-de-lart","status":"publish","type":"post","link":"https:\/\/www.fundacioires.org\/ca\/festival-sororitat-promocio-de-lempoderament-de-les-dones-en-la-industria-musical-i-de-lart\/","title":{"rendered":"Festival Sororitat: promoci\u00f3 de l\u2019empoderament de les dones en la ind\u00fastria musical i de l\u2019art"},"content":{"rendered":"\n<p>Aquest any ha tingut lloc el <strong><a href=\"https:\/\/www.instagram.com\/sororitat_fest\/\">III Festival Sororitat<\/a><\/strong>, organitzat per l\u2019<a href=\"https:\/\/www.instagram.com\/associacioatzur\/?hl=de\">associaci\u00f3 feminista Atzur<\/a>, que t\u00e9 per finalitat visibilitzar la tasca de les dones en el m\u00f3n de l\u2019art i de la ind\u00fastria musical.<\/p>\n\n\n\n<p>El concepte \u201csororitat\u201d \u202ffa refer\u00e8ncia a l\u2019alian\u00e7a que s\u2019estableix entre dones basat en la solidaritat i en compartir reflexions i experi\u00e8ncies per l\u2019empoderament individual i col\u00b7lectiu, en resposta al masclisme estructural i social. El Festival Sororitat va n\u00e9ixer a Mallorca i t\u00e9 l\u2019objectiu de <strong>donar major visibilitat a les dones artistes <\/strong>i de <strong>reivindicar el paper de la dona a la ind\u00fastria musical, no nom\u00e9s sobre els escenaris, sin\u00f3 en totes les funcions fonamentals de l\u2019organitzaci\u00f3 de l\u2019esdeveniment<\/strong>.<\/p>\n\n\n\n<p>Per altra part, tamb\u00e9 permet crear espais per al di\u00e0leg i la construcci\u00f3 col\u00b7lectiva de comunitat. Aquest any 2024, l\u2019organitzaci\u00f3 va convidar a la Fundaci\u00f3 IRES a participar, sol\u00b7licitant una <strong>formaci\u00f3 sobre empoderament i resposta davant el masclisme quotidi\u00e0, tan present dintre d\u2019aquest \u00e0mbit.<\/strong> Durant la sessi\u00f3 formativa i reflexiva, varen reflectir-se importants punts claus des de la identificaci\u00f3 de masclismes, l\u2019enteniment dels efectes que aquests tenen sobre la conducta i pensament de les dones, la reparaci\u00f3 de les conseq\u00fc\u00e8ncies negatives i la promoci\u00f3 de la reflexi\u00f3 i resposta davant les viol\u00e8ncies directes o indirectes quan es produeixen, des d&#8217;un enfocament de g\u00e8nere.<\/p>\n\n\n\n<p>Gr\u00e0cies a l\u2019Associaci\u00f3 Atzur per comptar amb nosaltres. Va ser un plaer col\u00b7laborar en aquesta xarxa de sororitat!<\/p>\n","protected":false},"excerpt":{"rendered":"<p>L&#8217;organitzaci\u00f3 va convidar a la Fundaci\u00f3 IRES a participar, sol\u00b7licitant una formaci\u00f3 sobre empoderament i resposta davant el masclisme quotidi\u00e0, tan present dintre d\u2019aquest \u00e0mbit.<\/p>\n","protected":false},"author":7,"featured_media":60719,"comment_status":"closed","ping_status":"open","sticky":false,"template":"","format":"standard","meta":{"_jetpack_memberships_contains_paid_content":false,"footnotes":""},"categories":[19],"tags":[],"class_list":["post-60718","post","type-post","status-publish","format-standard","has-post-thumbnail","hentry","category-ires-blog"],"yoast_head":"<!-- This site is optimized with the Yoast SEO plugin v27.4 - https:\/\/yoast.com\/product\/yoast-seo-wordpress\/ -->\n<title>Festival Sororitat: promoci\u00f3 de l\u2019empoderament de les dones en la ind\u00fastria musical i de l\u2019art - Fundaci\u00f3 IRES<\/title>\n<meta name=\"robots\" content=\"index, follow, max-snippet:-1, max-image-preview:large, max-video-preview:-1\" \/>\n<link rel=\"canonical\" href=\"https:\/\/www.fundacioires.org\/ca\/festival-sororitat-promocio-de-lempoderament-de-les-dones-en-la-industria-musical-i-de-lart\/\" \/>\n<meta property=\"og:locale\" content=\"ca_ES\" \/>\n<meta property=\"og:type\" content=\"article\" \/>\n<meta property=\"og:title\" content=\"Festival Sororitat: promoci\u00f3 de l\u2019empoderament de les dones en la ind\u00fastria musical i de l\u2019art - Fundaci\u00f3 IRES\" \/>\n<meta property=\"og:description\" content=\"L&#039;organitzaci\u00f3 va convidar a la Fundaci\u00f3 IRES a participar, sol\u00b7licitant una formaci\u00f3 sobre empoderament i resposta davant el masclisme quotidi\u00e0, tan present dintre d\u2019aquest \u00e0mbit.\" \/>\n<meta property=\"og:url\" content=\"https:\/\/www.fundacioires.org\/ca\/festival-sororitat-promocio-de-lempoderament-de-les-dones-en-la-industria-musical-i-de-lart\/\" \/>\n<meta property=\"og:site_name\" content=\"Fundaci\u00f3 IRES\" \/>\n<meta property=\"article:published_time\" content=\"2024-05-03T13:04:02+00:00\" \/>\n<meta property=\"article:modified_time\" content=\"2024-05-03T13:18:21+00:00\" \/>\n<meta property=\"og:image\" content=\"https:\/\/www.fundacioires.org\/wp-content\/uploads\/PLANTILLA-NOTIS-WEB-2-4.jpg\" \/>\n\t<meta property=\"og:image:width\" content=\"1200\" \/>\n\t<meta property=\"og:image:height\" content=\"628\" \/>\n\t<meta property=\"og:image:type\" content=\"image\/jpeg\" \/>\n<meta name=\"author\" content=\"Fundaci\u00f3 IRES\" \/>\n<meta name=\"twitter:card\" content=\"summary_large_image\" \/>\n<meta name=\"twitter:label1\" content=\"Written by\" \/>\n\t<meta name=\"twitter:data1\" content=\"Fundaci\u00f3 IRES\" \/>\n\t<meta name=\"twitter:label2\" content=\"Est. reading time\" \/>\n\t<meta name=\"twitter:data2\" content=\"2 minutes\" \/>\n<script type=\"application\/ld+json\" class=\"yoast-schema-graph\">{\"@context\":\"https:\\\/\\\/schema.org\",\"@graph\":[{\"@type\":\"Article\",\"@id\":\"https:\\\/\\\/www.fundacioires.org\\\/ca\\\/festival-sororitat-promocio-de-lempoderament-de-les-dones-en-la-industria-musical-i-de-lart\\\/#article\",\"isPartOf\":{\"@id\":\"https:\\\/\\\/www.fundacioires.org\\\/ca\\\/festival-sororitat-promocio-de-lempoderament-de-les-dones-en-la-industria-musical-i-de-lart\\\/\"},\"author\":{\"name\":\"Fundaci\u00f3 IRES\",\"@id\":\"https:\\\/\\\/www.fundacioires.org\\\/#\\\/schema\\\/person\\\/160af843c565221ef4664a5c7000791c\"},\"headline\":\"Festival Sororitat: promoci\u00f3 de l\u2019empoderament de les dones en la ind\u00fastria musical i de l\u2019art\",\"datePublished\":\"2024-05-03T13:04:02+00:00\",\"dateModified\":\"2024-05-03T13:18:21+00:00\",\"mainEntityOfPage\":{\"@id\":\"https:\\\/\\\/www.fundacioires.org\\\/ca\\\/festival-sororitat-promocio-de-lempoderament-de-les-dones-en-la-industria-musical-i-de-lart\\\/\"},\"wordCount\":280,\"publisher\":{\"@id\":\"https:\\\/\\\/www.fundacioires.org\\\/#organization\"},\"image\":{\"@id\":\"https:\\\/\\\/www.fundacioires.org\\\/ca\\\/festival-sororitat-promocio-de-lempoderament-de-les-dones-en-la-industria-musical-i-de-lart\\\/#primaryimage\"},\"thumbnailUrl\":\"https:\\\/\\\/i0.wp.com\\\/www.fundacioires.org\\\/wp-content\\\/uploads\\\/PLANTILLA-NOTIS-WEB-2-4.jpg?fit=1200%2C628&ssl=1\",\"articleSection\":[\"IRES-Blog\"],\"inLanguage\":\"ca-ES\"},{\"@type\":\"WebPage\",\"@id\":\"https:\\\/\\\/www.fundacioires.org\\\/ca\\\/festival-sororitat-promocio-de-lempoderament-de-les-dones-en-la-industria-musical-i-de-lart\\\/\",\"url\":\"https:\\\/\\\/www.fundacioires.org\\\/ca\\\/festival-sororitat-promocio-de-lempoderament-de-les-dones-en-la-industria-musical-i-de-lart\\\/\",\"name\":\"Festival Sororitat: promoci\u00f3 de l\u2019empoderament de les dones en la ind\u00fastria musical i de l\u2019art - Fundaci\u00f3 IRES\",\"isPartOf\":{\"@id\":\"https:\\\/\\\/www.fundacioires.org\\\/#website\"},\"primaryImageOfPage\":{\"@id\":\"https:\\\/\\\/www.fundacioires.org\\\/ca\\\/festival-sororitat-promocio-de-lempoderament-de-les-dones-en-la-industria-musical-i-de-lart\\\/#primaryimage\"},\"image\":{\"@id\":\"https:\\\/\\\/www.fundacioires.org\\\/ca\\\/festival-sororitat-promocio-de-lempoderament-de-les-dones-en-la-industria-musical-i-de-lart\\\/#primaryimage\"},\"thumbnailUrl\":\"https:\\\/\\\/i0.wp.com\\\/www.fundacioires.org\\\/wp-content\\\/uploads\\\/PLANTILLA-NOTIS-WEB-2-4.jpg?fit=1200%2C628&ssl=1\",\"datePublished\":\"2024-05-03T13:04:02+00:00\",\"dateModified\":\"2024-05-03T13:18:21+00:00\",\"breadcrumb\":{\"@id\":\"https:\\\/\\\/www.fundacioires.org\\\/ca\\\/festival-sororitat-promocio-de-lempoderament-de-les-dones-en-la-industria-musical-i-de-lart\\\/#breadcrumb\"},\"inLanguage\":\"ca-ES\",\"potentialAction\":[{\"@type\":\"ReadAction\",\"target\":[\"https:\\\/\\\/www.fundacioires.org\\\/ca\\\/festival-sororitat-promocio-de-lempoderament-de-les-dones-en-la-industria-musical-i-de-lart\\\/\"]}]},{\"@type\":\"ImageObject\",\"inLanguage\":\"ca-ES\",\"@id\":\"https:\\\/\\\/www.fundacioires.org\\\/ca\\\/festival-sororitat-promocio-de-lempoderament-de-les-dones-en-la-industria-musical-i-de-lart\\\/#primaryimage\",\"url\":\"https:\\\/\\\/i0.wp.com\\\/www.fundacioires.org\\\/wp-content\\\/uploads\\\/PLANTILLA-NOTIS-WEB-2-4.jpg?fit=1200%2C628&ssl=1\",\"contentUrl\":\"https:\\\/\\\/i0.wp.com\\\/www.fundacioires.org\\\/wp-content\\\/uploads\\\/PLANTILLA-NOTIS-WEB-2-4.jpg?fit=1200%2C628&ssl=1\",\"width\":1200,\"height\":628},{\"@type\":\"BreadcrumbList\",\"@id\":\"https:\\\/\\\/www.fundacioires.org\\\/ca\\\/festival-sororitat-promocio-de-lempoderament-de-les-dones-en-la-industria-musical-i-de-lart\\\/#breadcrumb\",\"itemListElement\":[{\"@type\":\"ListItem\",\"position\":1,\"name\":\"Portada\",\"item\":\"https:\\\/\\\/www.fundacioires.org\\\/\"},{\"@type\":\"ListItem\",\"position\":2,\"name\":\"Festival Sororitat: promoci\u00f3 de l\u2019empoderament de les dones en la ind\u00fastria musical i de l\u2019art\"}]},{\"@type\":\"WebSite\",\"@id\":\"https:\\\/\\\/www.fundacioires.org\\\/#website\",\"url\":\"https:\\\/\\\/www.fundacioires.org\\\/\",\"name\":\"Fundaci\u00f3 IRES\",\"description\":\"\",\"publisher\":{\"@id\":\"https:\\\/\\\/www.fundacioires.org\\\/#organization\"},\"potentialAction\":[{\"@type\":\"SearchAction\",\"target\":{\"@type\":\"EntryPoint\",\"urlTemplate\":\"https:\\\/\\\/www.fundacioires.org\\\/?s={search_term_string}\"},\"query-input\":{\"@type\":\"PropertyValueSpecification\",\"valueRequired\":true,\"valueName\":\"search_term_string\"}}],\"inLanguage\":\"ca-ES\"},{\"@type\":\"Organization\",\"@id\":\"https:\\\/\\\/www.fundacioires.org\\\/#organization\",\"name\":\"Fundanci\u00f3n IRES\",\"url\":\"https:\\\/\\\/www.fundacioires.org\\\/\",\"logo\":{\"@type\":\"ImageObject\",\"inLanguage\":\"ca-ES\",\"@id\":\"https:\\\/\\\/www.fundacioires.org\\\/#\\\/schema\\\/logo\\\/image\\\/\",\"url\":\"https:\\\/\\\/i0.wp.com\\\/www.fundacioires.org\\\/wp-content\\\/uploads\\\/faviconIRES.png?fit=32%2C32&ssl=1\",\"contentUrl\":\"https:\\\/\\\/i0.wp.com\\\/www.fundacioires.org\\\/wp-content\\\/uploads\\\/faviconIRES.png?fit=32%2C32&ssl=1\",\"width\":32,\"height\":32,\"caption\":\"Fundanci\u00f3n IRES\"},\"image\":{\"@id\":\"https:\\\/\\\/www.fundacioires.org\\\/#\\\/schema\\\/logo\\\/image\\\/\"}},{\"@type\":\"Person\",\"@id\":\"https:\\\/\\\/www.fundacioires.org\\\/#\\\/schema\\\/person\\\/160af843c565221ef4664a5c7000791c\",\"name\":\"Fundaci\u00f3 IRES\"}]}<\/script>\n<!-- \/ Yoast SEO plugin. -->","yoast_head_json":{"title":"Festival Sororitat: promoci\u00f3 de l\u2019empoderament de les dones en la ind\u00fastria musical i de l\u2019art - Fundaci\u00f3 IRES","robots":{"index":"index","follow":"follow","max-snippet":"max-snippet:-1","max-image-preview":"max-image-preview:large","max-video-preview":"max-video-preview:-1"},"canonical":"https:\/\/www.fundacioires.org\/ca\/festival-sororitat-promocio-de-lempoderament-de-les-dones-en-la-industria-musical-i-de-lart\/","og_locale":"ca_ES","og_type":"article","og_title":"Festival Sororitat: promoci\u00f3 de l\u2019empoderament de les dones en la ind\u00fastria musical i de l\u2019art - Fundaci\u00f3 IRES","og_description":"L'organitzaci\u00f3 va convidar a la Fundaci\u00f3 IRES a participar, sol\u00b7licitant una formaci\u00f3 sobre empoderament i resposta davant el masclisme quotidi\u00e0, tan present dintre d\u2019aquest \u00e0mbit.","og_url":"https:\/\/www.fundacioires.org\/ca\/festival-sororitat-promocio-de-lempoderament-de-les-dones-en-la-industria-musical-i-de-lart\/","og_site_name":"Fundaci\u00f3 IRES","article_published_time":"2024-05-03T13:04:02+00:00","article_modified_time":"2024-05-03T13:18:21+00:00","og_image":[{"width":1200,"height":628,"url":"https:\/\/www.fundacioires.org\/wp-content\/uploads\/PLANTILLA-NOTIS-WEB-2-4.jpg","type":"image\/jpeg"}],"author":"Fundaci\u00f3 IRES","twitter_card":"summary_large_image","twitter_misc":{"Written by":"Fundaci\u00f3 IRES","Est. reading time":"2 minutes"},"schema":{"@context":"https:\/\/schema.org","@graph":[{"@type":"Article","@id":"https:\/\/www.fundacioires.org\/ca\/festival-sororitat-promocio-de-lempoderament-de-les-dones-en-la-industria-musical-i-de-lart\/#article","isPartOf":{"@id":"https:\/\/www.fundacioires.org\/ca\/festival-sororitat-promocio-de-lempoderament-de-les-dones-en-la-industria-musical-i-de-lart\/"},"author":{"name":"Fundaci\u00f3 IRES","@id":"https:\/\/www.fundacioires.org\/#\/schema\/person\/160af843c565221ef4664a5c7000791c"},"headline":"Festival Sororitat: promoci\u00f3 de l\u2019empoderament de les dones en la ind\u00fastria musical i de l\u2019art","datePublished":"2024-05-03T13:04:02+00:00","dateModified":"2024-05-03T13:18:21+00:00","mainEntityOfPage":{"@id":"https:\/\/www.fundacioires.org\/ca\/festival-sororitat-promocio-de-lempoderament-de-les-dones-en-la-industria-musical-i-de-lart\/"},"wordCount":280,"publisher":{"@id":"https:\/\/www.fundacioires.org\/#organization"},"image":{"@id":"https:\/\/www.fundacioires.org\/ca\/festival-sororitat-promocio-de-lempoderament-de-les-dones-en-la-industria-musical-i-de-lart\/#primaryimage"},"thumbnailUrl":"https:\/\/i0.wp.com\/www.fundacioires.org\/wp-content\/uploads\/PLANTILLA-NOTIS-WEB-2-4.jpg?fit=1200%2C628&ssl=1","articleSection":["IRES-Blog"],"inLanguage":"ca-ES"},{"@type":"WebPage","@id":"https:\/\/www.fundacioires.org\/ca\/festival-sororitat-promocio-de-lempoderament-de-les-dones-en-la-industria-musical-i-de-lart\/","url":"https:\/\/www.fundacioires.org\/ca\/festival-sororitat-promocio-de-lempoderament-de-les-dones-en-la-industria-musical-i-de-lart\/","name":"Festival Sororitat: promoci\u00f3 de l\u2019empoderament de les dones en la ind\u00fastria musical i de l\u2019art - Fundaci\u00f3 IRES","isPartOf":{"@id":"https:\/\/www.fundacioires.org\/#website"},"primaryImageOfPage":{"@id":"https:\/\/www.fundacioires.org\/ca\/festival-sororitat-promocio-de-lempoderament-de-les-dones-en-la-industria-musical-i-de-lart\/#primaryimage"},"image":{"@id":"https:\/\/www.fundacioires.org\/ca\/festival-sororitat-promocio-de-lempoderament-de-les-dones-en-la-industria-musical-i-de-lart\/#primaryimage"},"thumbnailUrl":"https:\/\/i0.wp.com\/www.fundacioires.org\/wp-content\/uploads\/PLANTILLA-NOTIS-WEB-2-4.jpg?fit=1200%2C628&ssl=1","datePublished":"2024-05-03T13:04:02+00:00","dateModified":"2024-05-03T13:18:21+00:00","breadcrumb":{"@id":"https:\/\/www.fundacioires.org\/ca\/festival-sororitat-promocio-de-lempoderament-de-les-dones-en-la-industria-musical-i-de-lart\/#breadcrumb"},"inLanguage":"ca-ES","potentialAction":[{"@type":"ReadAction","target":["https:\/\/www.fundacioires.org\/ca\/festival-sororitat-promocio-de-lempoderament-de-les-dones-en-la-industria-musical-i-de-lart\/"]}]},{"@type":"ImageObject","inLanguage":"ca-ES","@id":"https:\/\/www.fundacioires.org\/ca\/festival-sororitat-promocio-de-lempoderament-de-les-dones-en-la-industria-musical-i-de-lart\/#primaryimage","url":"https:\/\/i0.wp.com\/www.fundacioires.org\/wp-content\/uploads\/PLANTILLA-NOTIS-WEB-2-4.jpg?fit=1200%2C628&ssl=1","contentUrl":"https:\/\/i0.wp.com\/www.fundacioires.org\/wp-content\/uploads\/PLANTILLA-NOTIS-WEB-2-4.jpg?fit=1200%2C628&ssl=1","width":1200,"height":628},{"@type":"BreadcrumbList","@id":"https:\/\/www.fundacioires.org\/ca\/festival-sororitat-promocio-de-lempoderament-de-les-dones-en-la-industria-musical-i-de-lart\/#breadcrumb","itemListElement":[{"@type":"ListItem","position":1,"name":"Portada","item":"https:\/\/www.fundacioires.org\/"},{"@type":"ListItem","position":2,"name":"Festival Sororitat: promoci\u00f3 de l\u2019empoderament de les dones en la ind\u00fastria musical i de l\u2019art"}]},{"@type":"WebSite","@id":"https:\/\/www.fundacioires.org\/#website","url":"https:\/\/www.fundacioires.org\/","name":"Fundaci\u00f3 IRES","description":"","publisher":{"@id":"https:\/\/www.fundacioires.org\/#organization"},"potentialAction":[{"@type":"SearchAction","target":{"@type":"EntryPoint","urlTemplate":"https:\/\/www.fundacioires.org\/?s={search_term_string}"},"query-input":{"@type":"PropertyValueSpecification","valueRequired":true,"valueName":"search_term_string"}}],"inLanguage":"ca-ES"},{"@type":"Organization","@id":"https:\/\/www.fundacioires.org\/#organization","name":"Fundanci\u00f3n IRES","url":"https:\/\/www.fundacioires.org\/","logo":{"@type":"ImageObject","inLanguage":"ca-ES","@id":"https:\/\/www.fundacioires.org\/#\/schema\/logo\/image\/","url":"https:\/\/i0.wp.com\/www.fundacioires.org\/wp-content\/uploads\/faviconIRES.png?fit=32%2C32&ssl=1","contentUrl":"https:\/\/i0.wp.com\/www.fundacioires.org\/wp-content\/uploads\/faviconIRES.png?fit=32%2C32&ssl=1","width":32,"height":32,"caption":"Fundanci\u00f3n IRES"},"image":{"@id":"https:\/\/www.fundacioires.org\/#\/schema\/logo\/image\/"}},{"@type":"Person","@id":"https:\/\/www.fundacioires.org\/#\/schema\/person\/160af843c565221ef4664a5c7000791c","name":"Fundaci\u00f3 IRES"}]}},"jetpack_featured_media_url":"https:\/\/i0.wp.com\/www.fundacioires.org\/wp-content\/uploads\/PLANTILLA-NOTIS-WEB-2-4.jpg?fit=1200%2C628&ssl=1","jetpack_sharing_enabled":true,"_links":{"self":[{"href":"https:\/\/www.fundacioires.org\/ca\/wp-json\/wp\/v2\/posts\/60718","targetHints":{"allow":["GET"]}}],"collection":[{"href":"https:\/\/www.fundacioires.org\/ca\/wp-json\/wp\/v2\/posts"}],"about":[{"href":"https:\/\/www.fundacioires.org\/ca\/wp-json\/wp\/v2\/types\/post"}],"author":[{"embeddable":true,"href":"https:\/\/www.fundacioires.org\/ca\/wp-json\/wp\/v2\/users\/7"}],"replies":[{"embeddable":true,"href":"https:\/\/www.fundacioires.org\/ca\/wp-json\/wp\/v2\/comments?post=60718"}],"version-history":[{"count":5,"href":"https:\/\/www.fundacioires.org\/ca\/wp-json\/wp\/v2\/posts\/60718\/revisions"}],"predecessor-version":[{"id":60809,"href":"https:\/\/www.fundacioires.org\/ca\/wp-json\/wp\/v2\/posts\/60718\/revisions\/60809"}],"wp:featuredmedia":[{"embeddable":true,"href":"https:\/\/www.fundacioires.org\/ca\/wp-json\/wp\/v2\/media\/60719"}],"wp:attachment":[{"href":"https:\/\/www.fundacioires.org\/ca\/wp-json\/wp\/v2\/media?parent=60718"}],"wp:term":[{"taxonomy":"category","embeddable":true,"href":"https:\/\/www.fundacioires.org\/ca\/wp-json\/wp\/v2\/categories?post=60718"},{"taxonomy":"post_tag","embeddable":true,"href":"https:\/\/www.fundacioires.org\/ca\/wp-json\/wp\/v2\/tags?post=60718"}],"curies":[{"name":"wp","href":"https:\/\/api.w.org\/{rel}","templated":true}]}}