{"id":61029,"date":"2024-04-24T17:46:13","date_gmt":"2024-04-24T15:46:13","guid":{"rendered":"https:\/\/www.fundacioires.org\/?p=61029"},"modified":"2025-02-28T13:50:47","modified_gmt":"2025-02-28T12:50:47","slug":"sant-jordi-al-trobemnos","status":"publish","type":"post","link":"https:\/\/www.fundacioires.org\/ca\/sant-jordi-al-trobemnos\/","title":{"rendered":"Aix\u00ed han celebrat Sant Jordi els usuaris i usu\u00e0ries del Trobem-nos!"},"content":{"rendered":"\n<p>El passat 23 d&#8217;abril, diada de Sant Jordi, vam fer una sortida a la rambla del Raval amb les usu\u00e0ries del Trobem-nos. Vam veure la rambla plena de llibres, roses, entitats, cultura i art. Vam con\u00e8ixer les entitats socials del barri, vam visitar la paradeta d&#8217;en Samir @emcirimas, usuari del <strong>Trobem-no<\/strong>s que estava exponent el seu nou llibre de poesia i les obres de les companyes que presenta al seu Festival Katharsis. Vam veure activitats pels infants, associacions per dones, per persones migrants, un concurs de poesia en directe, despr\u00e9s un concert de l&#8217;Escola de M\u00fasics&#8230; va ser una diada molt completa que sens dubte repetirem l&#8217;any vinent!<\/p>\n\n\n\n<p>Vam voler fer aquesta sortida per donar-li valor a espais comunitaris com el que es creen en un dia com Sant Jordi, ja que va m\u00e9s enll\u00e0 d&#8217;una llegenda, el m\u00e9s important \u00e9s que genera xarxa, apropa a la cultura i a la comunitat, \u00e9s intergeneracional, i per a tothom.<\/p>\n\n\n\n<p><strong>Testimoni d&#8217;una usu\u00e0ria del Trobem-nos:<\/strong><\/p>\n\n\n\n<p>&#8220;<em>Para m\u00ed Sant Jordi siempre ha sido una fiesta muy simb\u00f3lica. En la vida de nosotras no todo son ollas y lavadoras. El saber que hay libros, flores, historia y tradici\u00f3n catalana, hace que esta fiesta sea especial para nosotras que hemos migrado y hemos venido especialmente a Catalu\u00f1a. Es interesante que la Fundaci\u00f3n nos haga part\u00edcipes de la tradici\u00f3n y fiesta catalana. Hubo m\u00fasica, poes\u00eda, cosas que de forma cotidiana no tenemos. Fue un d\u00eda rom\u00e1ntico y especial, algunas de nosotras recibimos flores. Me gust\u00f3 mucho tambi\u00e9n ver a los y las autoras firmando. En la Rambla del Raval dan protagonismo a las entidades del barrio para que puedan expresar y exponer lo que hacen, sienten apoyo de la gente y eso les motiva. \u00a1Fue un d\u00eda muy bonito!<\/em>&#8220;<\/p>\n\n\n\n<p>Aquest servei compta amb el suport del <strong>Departament de Drets Socials de la Generalitat de Catalunya<\/strong> i de la<strong> Diputaci\u00f3 de Barcelona<\/strong>. <\/p>\n\n\n\n<div class=\"wp-block-columns is-layout-flex wp-container-core-columns-is-layout-9d6595d7 wp-block-columns-is-layout-flex\">\n<div class=\"wp-block-column is-layout-flow wp-block-column-is-layout-flow\">\n<figure class=\"wp-block-image size-full is-resized\"><img data-recalc-dims=\"1\" loading=\"lazy\" decoding=\"async\" width=\"513\" height=\"170\" src=\"https:\/\/i0.wp.com\/www.fundacioires.org\/wp-content\/uploads\/image-16.png?resize=513%2C170&#038;ssl=1\" alt=\"\" class=\"wp-image-69078\" style=\"width:283px;height:auto\" srcset=\"https:\/\/i0.wp.com\/www.fundacioires.org\/wp-content\/uploads\/image-16.png?w=513&amp;ssl=1 513w, https:\/\/i0.wp.com\/www.fundacioires.org\/wp-content\/uploads\/image-16.png?resize=300%2C99&amp;ssl=1 300w\" sizes=\"(max-width: 513px) 100vw, 513px\" \/><\/figure>\n<\/div>\n\n\n\n<div class=\"wp-block-column is-layout-flow wp-block-column-is-layout-flow\">\n<figure class=\"wp-block-image size-full is-resized\"><img data-recalc-dims=\"1\" loading=\"lazy\" decoding=\"async\" width=\"325\" height=\"78\" src=\"https:\/\/i0.wp.com\/www.fundacioires.org\/wp-content\/uploads\/WhatsApp-Image-2024-12-19-at-13.14.06.jpeg?resize=325%2C78&#038;ssl=1\" alt=\"\" class=\"wp-image-66324\" style=\"width:359px;height:auto\" srcset=\"https:\/\/i0.wp.com\/www.fundacioires.org\/wp-content\/uploads\/WhatsApp-Image-2024-12-19-at-13.14.06.jpeg?w=325&amp;ssl=1 325w, https:\/\/i0.wp.com\/www.fundacioires.org\/wp-content\/uploads\/WhatsApp-Image-2024-12-19-at-13.14.06.jpeg?resize=300%2C72&amp;ssl=1 300w\" sizes=\"(max-width: 325px) 100vw, 325px\" \/><\/figure>\n<\/div>\n<\/div>\n","protected":false},"excerpt":{"rendered":"<p>&#8220;Para m\u00ed Sant Jordi siempre ha sido una fiesta muy simb\u00f3lica. En la vida de nosotras no todo son ollas y lavadoras. El saber que hay libros, flores, historia y tradici\u00f3n catalana, hace que esta fiesta sea especial para nosotras que hemos migrado y hemos venido especialmente a Catalu\u00f1a. &#8220;<\/p>\n","protected":false},"author":7,"featured_media":61030,"comment_status":"closed","ping_status":"open","sticky":false,"template":"","format":"standard","meta":{"_jetpack_memberships_contains_paid_content":false,"footnotes":""},"categories":[19],"tags":[],"class_list":["post-61029","post","type-post","status-publish","format-standard","has-post-thumbnail","hentry","category-ires-blog"],"yoast_head":"<!-- This site is optimized with the Yoast SEO plugin v27.4 - https:\/\/yoast.com\/product\/yoast-seo-wordpress\/ -->\n<title>Aix\u00ed han celebrat Sant Jordi els usuaris i usu\u00e0ries del Trobem-nos! - Fundaci\u00f3 IRES<\/title>\n<meta name=\"description\" content=\"Aix\u00ed han celebrat la diada de Sant Jordi els usuaris i usu\u00e0ries del Trobem-nos. Una jornada d&#039;all\u00f2 m\u00e9s enriquidora per passejar per la ciutat\" \/>\n<meta name=\"robots\" content=\"index, follow, max-snippet:-1, max-image-preview:large, max-video-preview:-1\" \/>\n<link rel=\"canonical\" href=\"https:\/\/www.fundacioires.org\/ca\/sant-jordi-al-trobemnos\/\" \/>\n<meta property=\"og:locale\" content=\"ca_ES\" \/>\n<meta property=\"og:type\" content=\"article\" \/>\n<meta property=\"og:title\" content=\"Aix\u00ed han celebrat Sant Jordi els usuaris i usu\u00e0ries del Trobem-nos! - Fundaci\u00f3 IRES\" \/>\n<meta property=\"og:description\" content=\"Aix\u00ed han celebrat la diada de Sant Jordi els usuaris i usu\u00e0ries del Trobem-nos. Una jornada d&#039;all\u00f2 m\u00e9s enriquidora per passejar per la ciutat\" \/>\n<meta property=\"og:url\" content=\"https:\/\/www.fundacioires.org\/ca\/sant-jordi-al-trobemnos\/\" \/>\n<meta property=\"og:site_name\" content=\"Fundaci\u00f3 IRES\" \/>\n<meta property=\"article:published_time\" content=\"2024-04-24T15:46:13+00:00\" \/>\n<meta property=\"article:modified_time\" content=\"2025-02-28T12:50:47+00:00\" \/>\n<meta property=\"og:image\" content=\"https:\/\/www.fundacioires.org\/wp-content\/uploads\/PLANTILLA-NOTIS-WEB-13-1.jpg\" \/>\n\t<meta property=\"og:image:width\" content=\"1200\" \/>\n\t<meta property=\"og:image:height\" content=\"628\" \/>\n\t<meta property=\"og:image:type\" content=\"image\/jpeg\" \/>\n<meta name=\"author\" content=\"Fundaci\u00f3 IRES\" \/>\n<meta name=\"twitter:card\" content=\"summary_large_image\" \/>\n<meta name=\"twitter:label1\" content=\"Written by\" \/>\n\t<meta name=\"twitter:data1\" content=\"Fundaci\u00f3 IRES\" \/>\n\t<meta name=\"twitter:label2\" content=\"Est. reading time\" \/>\n\t<meta name=\"twitter:data2\" content=\"3 minutes\" \/>\n<script type=\"application\/ld+json\" class=\"yoast-schema-graph\">{\"@context\":\"https:\\\/\\\/schema.org\",\"@graph\":[{\"@type\":\"Article\",\"@id\":\"https:\\\/\\\/www.fundacioires.org\\\/ca\\\/sant-jordi-al-trobemnos\\\/#article\",\"isPartOf\":{\"@id\":\"https:\\\/\\\/www.fundacioires.org\\\/ca\\\/sant-jordi-al-trobemnos\\\/\"},\"author\":{\"name\":\"Fundaci\u00f3 IRES\",\"@id\":\"https:\\\/\\\/www.fundacioires.org\\\/#\\\/schema\\\/person\\\/160af843c565221ef4664a5c7000791c\"},\"headline\":\"Aix\u00ed han celebrat Sant Jordi els usuaris i usu\u00e0ries del Trobem-nos!\",\"datePublished\":\"2024-04-24T15:46:13+00:00\",\"dateModified\":\"2025-02-28T12:50:47+00:00\",\"mainEntityOfPage\":{\"@id\":\"https:\\\/\\\/www.fundacioires.org\\\/ca\\\/sant-jordi-al-trobemnos\\\/\"},\"wordCount\":351,\"publisher\":{\"@id\":\"https:\\\/\\\/www.fundacioires.org\\\/#organization\"},\"image\":{\"@id\":\"https:\\\/\\\/www.fundacioires.org\\\/ca\\\/sant-jordi-al-trobemnos\\\/#primaryimage\"},\"thumbnailUrl\":\"https:\\\/\\\/i0.wp.com\\\/www.fundacioires.org\\\/wp-content\\\/uploads\\\/PLANTILLA-NOTIS-WEB-13-1.jpg?fit=1200%2C628&ssl=1\",\"articleSection\":[\"IRES-Blog\"],\"inLanguage\":\"ca-ES\"},{\"@type\":\"WebPage\",\"@id\":\"https:\\\/\\\/www.fundacioires.org\\\/ca\\\/sant-jordi-al-trobemnos\\\/\",\"url\":\"https:\\\/\\\/www.fundacioires.org\\\/ca\\\/sant-jordi-al-trobemnos\\\/\",\"name\":\"Aix\u00ed han celebrat Sant Jordi els usuaris i usu\u00e0ries del Trobem-nos! - Fundaci\u00f3 IRES\",\"isPartOf\":{\"@id\":\"https:\\\/\\\/www.fundacioires.org\\\/#website\"},\"primaryImageOfPage\":{\"@id\":\"https:\\\/\\\/www.fundacioires.org\\\/ca\\\/sant-jordi-al-trobemnos\\\/#primaryimage\"},\"image\":{\"@id\":\"https:\\\/\\\/www.fundacioires.org\\\/ca\\\/sant-jordi-al-trobemnos\\\/#primaryimage\"},\"thumbnailUrl\":\"https:\\\/\\\/i0.wp.com\\\/www.fundacioires.org\\\/wp-content\\\/uploads\\\/PLANTILLA-NOTIS-WEB-13-1.jpg?fit=1200%2C628&ssl=1\",\"datePublished\":\"2024-04-24T15:46:13+00:00\",\"dateModified\":\"2025-02-28T12:50:47+00:00\",\"description\":\"Aix\u00ed han celebrat la diada de Sant Jordi els usuaris i usu\u00e0ries del Trobem-nos. Una jornada d'all\u00f2 m\u00e9s enriquidora per passejar per la ciutat\",\"breadcrumb\":{\"@id\":\"https:\\\/\\\/www.fundacioires.org\\\/ca\\\/sant-jordi-al-trobemnos\\\/#breadcrumb\"},\"inLanguage\":\"ca-ES\",\"potentialAction\":[{\"@type\":\"ReadAction\",\"target\":[\"https:\\\/\\\/www.fundacioires.org\\\/ca\\\/sant-jordi-al-trobemnos\\\/\"]}]},{\"@type\":\"ImageObject\",\"inLanguage\":\"ca-ES\",\"@id\":\"https:\\\/\\\/www.fundacioires.org\\\/ca\\\/sant-jordi-al-trobemnos\\\/#primaryimage\",\"url\":\"https:\\\/\\\/i0.wp.com\\\/www.fundacioires.org\\\/wp-content\\\/uploads\\\/PLANTILLA-NOTIS-WEB-13-1.jpg?fit=1200%2C628&ssl=1\",\"contentUrl\":\"https:\\\/\\\/i0.wp.com\\\/www.fundacioires.org\\\/wp-content\\\/uploads\\\/PLANTILLA-NOTIS-WEB-13-1.jpg?fit=1200%2C628&ssl=1\",\"width\":1200,\"height\":628},{\"@type\":\"BreadcrumbList\",\"@id\":\"https:\\\/\\\/www.fundacioires.org\\\/ca\\\/sant-jordi-al-trobemnos\\\/#breadcrumb\",\"itemListElement\":[{\"@type\":\"ListItem\",\"position\":1,\"name\":\"Portada\",\"item\":\"https:\\\/\\\/www.fundacioires.org\\\/\"},{\"@type\":\"ListItem\",\"position\":2,\"name\":\"Aix\u00ed han celebrat Sant Jordi els usuaris i usu\u00e0ries del Trobem-nos!\"}]},{\"@type\":\"WebSite\",\"@id\":\"https:\\\/\\\/www.fundacioires.org\\\/#website\",\"url\":\"https:\\\/\\\/www.fundacioires.org\\\/\",\"name\":\"Fundaci\u00f3 IRES\",\"description\":\"\",\"publisher\":{\"@id\":\"https:\\\/\\\/www.fundacioires.org\\\/#organization\"},\"potentialAction\":[{\"@type\":\"SearchAction\",\"target\":{\"@type\":\"EntryPoint\",\"urlTemplate\":\"https:\\\/\\\/www.fundacioires.org\\\/?s={search_term_string}\"},\"query-input\":{\"@type\":\"PropertyValueSpecification\",\"valueRequired\":true,\"valueName\":\"search_term_string\"}}],\"inLanguage\":\"ca-ES\"},{\"@type\":\"Organization\",\"@id\":\"https:\\\/\\\/www.fundacioires.org\\\/#organization\",\"name\":\"Fundanci\u00f3n IRES\",\"url\":\"https:\\\/\\\/www.fundacioires.org\\\/\",\"logo\":{\"@type\":\"ImageObject\",\"inLanguage\":\"ca-ES\",\"@id\":\"https:\\\/\\\/www.fundacioires.org\\\/#\\\/schema\\\/logo\\\/image\\\/\",\"url\":\"https:\\\/\\\/i0.wp.com\\\/www.fundacioires.org\\\/wp-content\\\/uploads\\\/faviconIRES.png?fit=32%2C32&ssl=1\",\"contentUrl\":\"https:\\\/\\\/i0.wp.com\\\/www.fundacioires.org\\\/wp-content\\\/uploads\\\/faviconIRES.png?fit=32%2C32&ssl=1\",\"width\":32,\"height\":32,\"caption\":\"Fundanci\u00f3n IRES\"},\"image\":{\"@id\":\"https:\\\/\\\/www.fundacioires.org\\\/#\\\/schema\\\/logo\\\/image\\\/\"}},{\"@type\":\"Person\",\"@id\":\"https:\\\/\\\/www.fundacioires.org\\\/#\\\/schema\\\/person\\\/160af843c565221ef4664a5c7000791c\",\"name\":\"Fundaci\u00f3 IRES\"}]}<\/script>\n<!-- \/ Yoast SEO plugin. -->","yoast_head_json":{"title":"Aix\u00ed han celebrat Sant Jordi els usuaris i usu\u00e0ries del Trobem-nos! - Fundaci\u00f3 IRES","description":"Aix\u00ed han celebrat la diada de Sant Jordi els usuaris i usu\u00e0ries del Trobem-nos. Una jornada d'all\u00f2 m\u00e9s enriquidora per passejar per la ciutat","robots":{"index":"index","follow":"follow","max-snippet":"max-snippet:-1","max-image-preview":"max-image-preview:large","max-video-preview":"max-video-preview:-1"},"canonical":"https:\/\/www.fundacioires.org\/ca\/sant-jordi-al-trobemnos\/","og_locale":"ca_ES","og_type":"article","og_title":"Aix\u00ed han celebrat Sant Jordi els usuaris i usu\u00e0ries del Trobem-nos! - Fundaci\u00f3 IRES","og_description":"Aix\u00ed han celebrat la diada de Sant Jordi els usuaris i usu\u00e0ries del Trobem-nos. Una jornada d'all\u00f2 m\u00e9s enriquidora per passejar per la ciutat","og_url":"https:\/\/www.fundacioires.org\/ca\/sant-jordi-al-trobemnos\/","og_site_name":"Fundaci\u00f3 IRES","article_published_time":"2024-04-24T15:46:13+00:00","article_modified_time":"2025-02-28T12:50:47+00:00","og_image":[{"width":1200,"height":628,"url":"https:\/\/www.fundacioires.org\/wp-content\/uploads\/PLANTILLA-NOTIS-WEB-13-1.jpg","type":"image\/jpeg"}],"author":"Fundaci\u00f3 IRES","twitter_card":"summary_large_image","twitter_misc":{"Written by":"Fundaci\u00f3 IRES","Est. reading time":"3 minutes"},"schema":{"@context":"https:\/\/schema.org","@graph":[{"@type":"Article","@id":"https:\/\/www.fundacioires.org\/ca\/sant-jordi-al-trobemnos\/#article","isPartOf":{"@id":"https:\/\/www.fundacioires.org\/ca\/sant-jordi-al-trobemnos\/"},"author":{"name":"Fundaci\u00f3 IRES","@id":"https:\/\/www.fundacioires.org\/#\/schema\/person\/160af843c565221ef4664a5c7000791c"},"headline":"Aix\u00ed han celebrat Sant Jordi els usuaris i usu\u00e0ries del Trobem-nos!","datePublished":"2024-04-24T15:46:13+00:00","dateModified":"2025-02-28T12:50:47+00:00","mainEntityOfPage":{"@id":"https:\/\/www.fundacioires.org\/ca\/sant-jordi-al-trobemnos\/"},"wordCount":351,"publisher":{"@id":"https:\/\/www.fundacioires.org\/#organization"},"image":{"@id":"https:\/\/www.fundacioires.org\/ca\/sant-jordi-al-trobemnos\/#primaryimage"},"thumbnailUrl":"https:\/\/i0.wp.com\/www.fundacioires.org\/wp-content\/uploads\/PLANTILLA-NOTIS-WEB-13-1.jpg?fit=1200%2C628&ssl=1","articleSection":["IRES-Blog"],"inLanguage":"ca-ES"},{"@type":"WebPage","@id":"https:\/\/www.fundacioires.org\/ca\/sant-jordi-al-trobemnos\/","url":"https:\/\/www.fundacioires.org\/ca\/sant-jordi-al-trobemnos\/","name":"Aix\u00ed han celebrat Sant Jordi els usuaris i usu\u00e0ries del Trobem-nos! - Fundaci\u00f3 IRES","isPartOf":{"@id":"https:\/\/www.fundacioires.org\/#website"},"primaryImageOfPage":{"@id":"https:\/\/www.fundacioires.org\/ca\/sant-jordi-al-trobemnos\/#primaryimage"},"image":{"@id":"https:\/\/www.fundacioires.org\/ca\/sant-jordi-al-trobemnos\/#primaryimage"},"thumbnailUrl":"https:\/\/i0.wp.com\/www.fundacioires.org\/wp-content\/uploads\/PLANTILLA-NOTIS-WEB-13-1.jpg?fit=1200%2C628&ssl=1","datePublished":"2024-04-24T15:46:13+00:00","dateModified":"2025-02-28T12:50:47+00:00","description":"Aix\u00ed han celebrat la diada de Sant Jordi els usuaris i usu\u00e0ries del Trobem-nos. Una jornada d'all\u00f2 m\u00e9s enriquidora per passejar per la ciutat","breadcrumb":{"@id":"https:\/\/www.fundacioires.org\/ca\/sant-jordi-al-trobemnos\/#breadcrumb"},"inLanguage":"ca-ES","potentialAction":[{"@type":"ReadAction","target":["https:\/\/www.fundacioires.org\/ca\/sant-jordi-al-trobemnos\/"]}]},{"@type":"ImageObject","inLanguage":"ca-ES","@id":"https:\/\/www.fundacioires.org\/ca\/sant-jordi-al-trobemnos\/#primaryimage","url":"https:\/\/i0.wp.com\/www.fundacioires.org\/wp-content\/uploads\/PLANTILLA-NOTIS-WEB-13-1.jpg?fit=1200%2C628&ssl=1","contentUrl":"https:\/\/i0.wp.com\/www.fundacioires.org\/wp-content\/uploads\/PLANTILLA-NOTIS-WEB-13-1.jpg?fit=1200%2C628&ssl=1","width":1200,"height":628},{"@type":"BreadcrumbList","@id":"https:\/\/www.fundacioires.org\/ca\/sant-jordi-al-trobemnos\/#breadcrumb","itemListElement":[{"@type":"ListItem","position":1,"name":"Portada","item":"https:\/\/www.fundacioires.org\/"},{"@type":"ListItem","position":2,"name":"Aix\u00ed han celebrat Sant Jordi els usuaris i usu\u00e0ries del Trobem-nos!"}]},{"@type":"WebSite","@id":"https:\/\/www.fundacioires.org\/#website","url":"https:\/\/www.fundacioires.org\/","name":"Fundaci\u00f3 IRES","description":"","publisher":{"@id":"https:\/\/www.fundacioires.org\/#organization"},"potentialAction":[{"@type":"SearchAction","target":{"@type":"EntryPoint","urlTemplate":"https:\/\/www.fundacioires.org\/?s={search_term_string}"},"query-input":{"@type":"PropertyValueSpecification","valueRequired":true,"valueName":"search_term_string"}}],"inLanguage":"ca-ES"},{"@type":"Organization","@id":"https:\/\/www.fundacioires.org\/#organization","name":"Fundanci\u00f3n IRES","url":"https:\/\/www.fundacioires.org\/","logo":{"@type":"ImageObject","inLanguage":"ca-ES","@id":"https:\/\/www.fundacioires.org\/#\/schema\/logo\/image\/","url":"https:\/\/i0.wp.com\/www.fundacioires.org\/wp-content\/uploads\/faviconIRES.png?fit=32%2C32&ssl=1","contentUrl":"https:\/\/i0.wp.com\/www.fundacioires.org\/wp-content\/uploads\/faviconIRES.png?fit=32%2C32&ssl=1","width":32,"height":32,"caption":"Fundanci\u00f3n IRES"},"image":{"@id":"https:\/\/www.fundacioires.org\/#\/schema\/logo\/image\/"}},{"@type":"Person","@id":"https:\/\/www.fundacioires.org\/#\/schema\/person\/160af843c565221ef4664a5c7000791c","name":"Fundaci\u00f3 IRES"}]}},"jetpack_featured_media_url":"https:\/\/i0.wp.com\/www.fundacioires.org\/wp-content\/uploads\/PLANTILLA-NOTIS-WEB-13-1.jpg?fit=1200%2C628&ssl=1","jetpack_sharing_enabled":true,"_links":{"self":[{"href":"https:\/\/www.fundacioires.org\/ca\/wp-json\/wp\/v2\/posts\/61029","targetHints":{"allow":["GET"]}}],"collection":[{"href":"https:\/\/www.fundacioires.org\/ca\/wp-json\/wp\/v2\/posts"}],"about":[{"href":"https:\/\/www.fundacioires.org\/ca\/wp-json\/wp\/v2\/types\/post"}],"author":[{"embeddable":true,"href":"https:\/\/www.fundacioires.org\/ca\/wp-json\/wp\/v2\/users\/7"}],"replies":[{"embeddable":true,"href":"https:\/\/www.fundacioires.org\/ca\/wp-json\/wp\/v2\/comments?post=61029"}],"version-history":[{"count":4,"href":"https:\/\/www.fundacioires.org\/ca\/wp-json\/wp\/v2\/posts\/61029\/revisions"}],"predecessor-version":[{"id":69094,"href":"https:\/\/www.fundacioires.org\/ca\/wp-json\/wp\/v2\/posts\/61029\/revisions\/69094"}],"wp:featuredmedia":[{"embeddable":true,"href":"https:\/\/www.fundacioires.org\/ca\/wp-json\/wp\/v2\/media\/61030"}],"wp:attachment":[{"href":"https:\/\/www.fundacioires.org\/ca\/wp-json\/wp\/v2\/media?parent=61029"}],"wp:term":[{"taxonomy":"category","embeddable":true,"href":"https:\/\/www.fundacioires.org\/ca\/wp-json\/wp\/v2\/categories?post=61029"},{"taxonomy":"post_tag","embeddable":true,"href":"https:\/\/www.fundacioires.org\/ca\/wp-json\/wp\/v2\/tags?post=61029"}],"curies":[{"name":"wp","href":"https:\/\/api.w.org\/{rel}","templated":true}]}}