{"id":61113,"date":"2024-04-25T21:12:00","date_gmt":"2024-04-25T19:12:00","guid":{"rendered":"https:\/\/www.fundacioires.org\/?p=61113"},"modified":"2024-05-28T15:02:37","modified_gmt":"2024-05-28T13:02:37","slug":"sant-jordi-2024-narciso","status":"publish","type":"post","link":"https:\/\/www.fundacioires.org\/ca\/sant-jordi-2024-narciso\/","title":{"rendered":"Un Sant Jordi per a recordar"},"content":{"rendered":"\n<p>Sant Jordi \u00e9s un dia molt especial per a molts. Ens trobem voluntaris interns i externs per celebrar aquesta festivitat i per comunicar a tots i totes la tasca social de la Fundaci\u00f3 IRES. Compartim amb vosaltres el testimoni d\u2019en Narciso, educador del Medi Obert La Mina i voluntari d\u2019aquest Sant Jordi emmarcat dins el programa de voluntariat, Tu ho fas possible. Gr\u00e0cies a l&#8217;esfor\u00e7 i a la motivaci\u00f3 de persones com el Narciso podem tirar endavant la campanya <strong>Una Rosa Per Una Causa<\/strong> a favor de les persones en situaci\u00f3 de vulnerabilitat que atenem des de la Fundaci\u00f3 IRES<\/p>\n\n\n\n<p><em>Per fi, va arribar Sant Jordi. Aquest dia a la fam\u00edlia \u00e9s important, ja que el meu sogre, el meu cunyat i el meu germ\u00e0 es diuen Jorge i se celebra amb magnific\u00e8ncia. Per\u00f2 aquest any tornava a reprendre el que es podria dir una preciosa tradici\u00f3: disfressar-me de drac a l\u2019estand de la Fundaci\u00f3 IRES.<\/em><\/p>\n\n\n\n<p><em><strong>Tenia les expectatives molt altes, ja que la primera vegada que ho vaig fer va ser impressionant, per\u00f2 dir\u00e9 que aquest any les ha superat amb escreix.<\/strong><\/em><\/p>\n\n\n\n<p><em>Per comen\u00e7ar l\u2019equip que hi \u00e9rem, ho vam donar tot; a entusiasme i ganes no ens superava ning\u00fa. Despr\u00e9s, la sensaci\u00f3 quan algun nen s\u2019acostava per fer-se una foto o per abra\u00e7ar-me era brutal, se\u2019m posaven els p\u00e8ls de puntes de l\u2019emoci\u00f3. Molts em miraven amb por, intentava acostar-me perqu\u00e8 canviessin d\u2019opini\u00f3 dient-los \u201c<strong>soc un nen que \u00e9s aqu\u00ed dins<\/strong>\u201d, per\u00f2 no sempre feia efecte. Per\u00f2 el que m\u00e9s m\u2019agradava era quan uns altres s\u2019acostaven amb un drac de peluix i jo els deia que era company meu de l\u2019escola, per\u00f2 que no havien crescut tant com jo perqu\u00e8 no havia menjat verdures i fruites. Era molt graci\u00f3s la cara que posaven. I els pares rient aprofitaven per comprar la rosa de la Fundaci\u00f3. Molts no coneixien la Fundaci\u00f3, aix\u00ed que els explicava la tasca integral que fem amb les fam\u00edlies que estan en situaci\u00f3 de vulnerabilitat i que amb els diferents projectes i serveis, intentem construir un nou futur per a elles. En aquell moment m\u2019adonava de la quantitat de gent aliena a aquests problemes i a aquest tipus d\u2019institucions, per\u00f2 que de seguida volen aportar un granet de sorra. I jo com a bon drac sensible que era, m\u2019emocionava veure aquesta feina que est\u00e0vem fent.<\/em><\/p>\n\n\n\n<p><em>Va ser una tarda divertida, sense parar d\u2019una banda a l\u2019altra intentant captar l\u2019atenci\u00f3 de tothom que hi pass\u00e9s. Si compraven una rosa, millor; si no almenys els treia un somriure. Aix\u00f2 s\u00ed en alguna foto que em feien, m\u2019estava menjant m\u00e9s d\u2019un (aquests ullals s\u2019havien d\u2019aprofitar).<\/em><\/p>\n\n\n\n<p><em>Cal comentar que en aquesta ocasi\u00f3 no estava sol i m\u2019acompanyaven dos grans amics que quan els vaig explicar el pla, van acceptar sense pensar-s\u2019ho dues vegades. Van fer que fos molt am\u00e8 l\u2019ambient i que fos m\u00e9s lleugera la calor dins del drac. Tot i que el m\u00e9s al\u00b7lucinant va ser saber que tinc persones a prop disposades a donar el seu temps i les seves ganes, de franc i motivats per una bona causa i que per descomptat diuen que volen repetir.<\/em><\/p>\n\n\n\n<p>A la Fundaci\u00f3 IRES, Tu Ho Fas Possible. Informa\u2019t dels nostres voluntariats a https:\/\/www.fundacioires.org\/ca\/voluntariat\/. Aquest servei compta amb el suport del Departament de Drets Socials de la Generalitat de Catalunya. <\/p>\n\n\n<div class=\"wp-block-image\">\n<figure class=\"aligncenter size-full is-resized\"><img data-recalc-dims=\"1\" loading=\"lazy\" decoding=\"async\" width=\"454\" height=\"108\" src=\"https:\/\/i0.wp.com\/www.fundacioires.org\/wp-content\/uploads\/drets_socials_h3-1.png?resize=454%2C108&#038;ssl=1\" alt=\"\" class=\"wp-image-60950\" style=\"width:323px;height:auto\" srcset=\"https:\/\/i0.wp.com\/www.fundacioires.org\/wp-content\/uploads\/drets_socials_h3-1.png?w=454&amp;ssl=1 454w, https:\/\/i0.wp.com\/www.fundacioires.org\/wp-content\/uploads\/drets_socials_h3-1.png?resize=300%2C71&amp;ssl=1 300w\" sizes=\"(max-width: 454px) 100vw, 454px\" \/><\/figure>\n<\/div>","protected":false},"excerpt":{"rendered":"<p>&#8220;Tenia les expectatives molt altes, ja que la primera vegada que ho vaig fer va ser impressionant, per\u00f2 dir\u00e9 que aquest any les ha superat amb escreix.&#8221; Descobreix el testimoni del Narciso, voluntari i educador del Medi Obert La Mina.<\/p>\n","protected":false},"author":7,"featured_media":61109,"comment_status":"closed","ping_status":"open","sticky":false,"template":"","format":"standard","meta":{"_jetpack_memberships_contains_paid_content":false,"footnotes":""},"categories":[19],"tags":[],"class_list":["post-61113","post","type-post","status-publish","format-standard","has-post-thumbnail","hentry","category-ires-blog"],"yoast_head":"<!-- This site is optimized with the Yoast SEO plugin v27.4 - https:\/\/yoast.com\/product\/yoast-seo-wordpress\/ -->\n<title>Un Sant Jordi per a recordar - Fundaci\u00f3 IRES<\/title>\n<meta name=\"description\" content=\"Descobreix el testimoni del Narciso, voluntari i educador del Medi Obert La Mina i la seva participaci\u00f3 aquest Sant Jordi\" \/>\n<meta name=\"robots\" content=\"index, follow, max-snippet:-1, max-image-preview:large, max-video-preview:-1\" \/>\n<link rel=\"canonical\" href=\"https:\/\/www.fundacioires.org\/ca\/sant-jordi-2024-narciso\/\" \/>\n<meta property=\"og:locale\" content=\"ca_ES\" \/>\n<meta property=\"og:type\" content=\"article\" \/>\n<meta property=\"og:title\" content=\"Un Sant Jordi per a recordar - Fundaci\u00f3 IRES\" \/>\n<meta property=\"og:description\" content=\"Descobreix el testimoni del Narciso, voluntari i educador del Medi Obert La Mina i la seva participaci\u00f3 aquest Sant Jordi\" \/>\n<meta property=\"og:url\" content=\"https:\/\/www.fundacioires.org\/ca\/sant-jordi-2024-narciso\/\" \/>\n<meta property=\"og:site_name\" content=\"Fundaci\u00f3 IRES\" \/>\n<meta property=\"article:published_time\" content=\"2024-04-25T19:12:00+00:00\" \/>\n<meta property=\"article:modified_time\" content=\"2024-05-28T13:02:37+00:00\" \/>\n<meta property=\"og:image\" content=\"https:\/\/www.fundacioires.org\/wp-content\/uploads\/PLANTILLA-NOTIS-WEB-14-2.jpg\" \/>\n\t<meta property=\"og:image:width\" content=\"1200\" \/>\n\t<meta property=\"og:image:height\" content=\"628\" \/>\n\t<meta property=\"og:image:type\" content=\"image\/jpeg\" \/>\n<meta name=\"author\" content=\"Fundaci\u00f3 IRES\" \/>\n<meta name=\"twitter:card\" content=\"summary_large_image\" \/>\n<meta name=\"twitter:label1\" content=\"Written by\" \/>\n\t<meta name=\"twitter:data1\" content=\"Fundaci\u00f3 IRES\" \/>\n\t<meta name=\"twitter:label2\" content=\"Est. reading time\" \/>\n\t<meta name=\"twitter:data2\" content=\"3 minutes\" \/>\n<script type=\"application\/ld+json\" class=\"yoast-schema-graph\">{\"@context\":\"https:\\\/\\\/schema.org\",\"@graph\":[{\"@type\":\"Article\",\"@id\":\"https:\\\/\\\/www.fundacioires.org\\\/ca\\\/sant-jordi-2024-narciso\\\/#article\",\"isPartOf\":{\"@id\":\"https:\\\/\\\/www.fundacioires.org\\\/ca\\\/sant-jordi-2024-narciso\\\/\"},\"author\":{\"name\":\"Fundaci\u00f3 IRES\",\"@id\":\"https:\\\/\\\/www.fundacioires.org\\\/#\\\/schema\\\/person\\\/160af843c565221ef4664a5c7000791c\"},\"headline\":\"Un Sant Jordi per a recordar\",\"datePublished\":\"2024-04-25T19:12:00+00:00\",\"dateModified\":\"2024-05-28T13:02:37+00:00\",\"mainEntityOfPage\":{\"@id\":\"https:\\\/\\\/www.fundacioires.org\\\/ca\\\/sant-jordi-2024-narciso\\\/\"},\"wordCount\":604,\"publisher\":{\"@id\":\"https:\\\/\\\/www.fundacioires.org\\\/#organization\"},\"image\":{\"@id\":\"https:\\\/\\\/www.fundacioires.org\\\/ca\\\/sant-jordi-2024-narciso\\\/#primaryimage\"},\"thumbnailUrl\":\"https:\\\/\\\/i0.wp.com\\\/www.fundacioires.org\\\/wp-content\\\/uploads\\\/PLANTILLA-NOTIS-WEB-14-2.jpg?fit=1200%2C628&ssl=1\",\"articleSection\":[\"IRES-Blog\"],\"inLanguage\":\"ca-ES\"},{\"@type\":\"WebPage\",\"@id\":\"https:\\\/\\\/www.fundacioires.org\\\/ca\\\/sant-jordi-2024-narciso\\\/\",\"url\":\"https:\\\/\\\/www.fundacioires.org\\\/ca\\\/sant-jordi-2024-narciso\\\/\",\"name\":\"Un Sant Jordi per a recordar - Fundaci\u00f3 IRES\",\"isPartOf\":{\"@id\":\"https:\\\/\\\/www.fundacioires.org\\\/#website\"},\"primaryImageOfPage\":{\"@id\":\"https:\\\/\\\/www.fundacioires.org\\\/ca\\\/sant-jordi-2024-narciso\\\/#primaryimage\"},\"image\":{\"@id\":\"https:\\\/\\\/www.fundacioires.org\\\/ca\\\/sant-jordi-2024-narciso\\\/#primaryimage\"},\"thumbnailUrl\":\"https:\\\/\\\/i0.wp.com\\\/www.fundacioires.org\\\/wp-content\\\/uploads\\\/PLANTILLA-NOTIS-WEB-14-2.jpg?fit=1200%2C628&ssl=1\",\"datePublished\":\"2024-04-25T19:12:00+00:00\",\"dateModified\":\"2024-05-28T13:02:37+00:00\",\"description\":\"Descobreix el testimoni del Narciso, voluntari i educador del Medi Obert La Mina i la seva participaci\u00f3 aquest Sant Jordi\",\"breadcrumb\":{\"@id\":\"https:\\\/\\\/www.fundacioires.org\\\/ca\\\/sant-jordi-2024-narciso\\\/#breadcrumb\"},\"inLanguage\":\"ca-ES\",\"potentialAction\":[{\"@type\":\"ReadAction\",\"target\":[\"https:\\\/\\\/www.fundacioires.org\\\/ca\\\/sant-jordi-2024-narciso\\\/\"]}]},{\"@type\":\"ImageObject\",\"inLanguage\":\"ca-ES\",\"@id\":\"https:\\\/\\\/www.fundacioires.org\\\/ca\\\/sant-jordi-2024-narciso\\\/#primaryimage\",\"url\":\"https:\\\/\\\/i0.wp.com\\\/www.fundacioires.org\\\/wp-content\\\/uploads\\\/PLANTILLA-NOTIS-WEB-14-2.jpg?fit=1200%2C628&ssl=1\",\"contentUrl\":\"https:\\\/\\\/i0.wp.com\\\/www.fundacioires.org\\\/wp-content\\\/uploads\\\/PLANTILLA-NOTIS-WEB-14-2.jpg?fit=1200%2C628&ssl=1\",\"width\":1200,\"height\":628},{\"@type\":\"BreadcrumbList\",\"@id\":\"https:\\\/\\\/www.fundacioires.org\\\/ca\\\/sant-jordi-2024-narciso\\\/#breadcrumb\",\"itemListElement\":[{\"@type\":\"ListItem\",\"position\":1,\"name\":\"Portada\",\"item\":\"https:\\\/\\\/www.fundacioires.org\\\/\"},{\"@type\":\"ListItem\",\"position\":2,\"name\":\"Un Sant Jordi per a recordar\"}]},{\"@type\":\"WebSite\",\"@id\":\"https:\\\/\\\/www.fundacioires.org\\\/#website\",\"url\":\"https:\\\/\\\/www.fundacioires.org\\\/\",\"name\":\"Fundaci\u00f3 IRES\",\"description\":\"\",\"publisher\":{\"@id\":\"https:\\\/\\\/www.fundacioires.org\\\/#organization\"},\"potentialAction\":[{\"@type\":\"SearchAction\",\"target\":{\"@type\":\"EntryPoint\",\"urlTemplate\":\"https:\\\/\\\/www.fundacioires.org\\\/?s={search_term_string}\"},\"query-input\":{\"@type\":\"PropertyValueSpecification\",\"valueRequired\":true,\"valueName\":\"search_term_string\"}}],\"inLanguage\":\"ca-ES\"},{\"@type\":\"Organization\",\"@id\":\"https:\\\/\\\/www.fundacioires.org\\\/#organization\",\"name\":\"Fundanci\u00f3n IRES\",\"url\":\"https:\\\/\\\/www.fundacioires.org\\\/\",\"logo\":{\"@type\":\"ImageObject\",\"inLanguage\":\"ca-ES\",\"@id\":\"https:\\\/\\\/www.fundacioires.org\\\/#\\\/schema\\\/logo\\\/image\\\/\",\"url\":\"https:\\\/\\\/i0.wp.com\\\/www.fundacioires.org\\\/wp-content\\\/uploads\\\/faviconIRES.png?fit=32%2C32&ssl=1\",\"contentUrl\":\"https:\\\/\\\/i0.wp.com\\\/www.fundacioires.org\\\/wp-content\\\/uploads\\\/faviconIRES.png?fit=32%2C32&ssl=1\",\"width\":32,\"height\":32,\"caption\":\"Fundanci\u00f3n IRES\"},\"image\":{\"@id\":\"https:\\\/\\\/www.fundacioires.org\\\/#\\\/schema\\\/logo\\\/image\\\/\"}},{\"@type\":\"Person\",\"@id\":\"https:\\\/\\\/www.fundacioires.org\\\/#\\\/schema\\\/person\\\/160af843c565221ef4664a5c7000791c\",\"name\":\"Fundaci\u00f3 IRES\"}]}<\/script>\n<!-- \/ Yoast SEO plugin. -->","yoast_head_json":{"title":"Un Sant Jordi per a recordar - Fundaci\u00f3 IRES","description":"Descobreix el testimoni del Narciso, voluntari i educador del Medi Obert La Mina i la seva participaci\u00f3 aquest Sant Jordi","robots":{"index":"index","follow":"follow","max-snippet":"max-snippet:-1","max-image-preview":"max-image-preview:large","max-video-preview":"max-video-preview:-1"},"canonical":"https:\/\/www.fundacioires.org\/ca\/sant-jordi-2024-narciso\/","og_locale":"ca_ES","og_type":"article","og_title":"Un Sant Jordi per a recordar - Fundaci\u00f3 IRES","og_description":"Descobreix el testimoni del Narciso, voluntari i educador del Medi Obert La Mina i la seva participaci\u00f3 aquest Sant Jordi","og_url":"https:\/\/www.fundacioires.org\/ca\/sant-jordi-2024-narciso\/","og_site_name":"Fundaci\u00f3 IRES","article_published_time":"2024-04-25T19:12:00+00:00","article_modified_time":"2024-05-28T13:02:37+00:00","og_image":[{"width":1200,"height":628,"url":"https:\/\/www.fundacioires.org\/wp-content\/uploads\/PLANTILLA-NOTIS-WEB-14-2.jpg","type":"image\/jpeg"}],"author":"Fundaci\u00f3 IRES","twitter_card":"summary_large_image","twitter_misc":{"Written by":"Fundaci\u00f3 IRES","Est. reading time":"3 minutes"},"schema":{"@context":"https:\/\/schema.org","@graph":[{"@type":"Article","@id":"https:\/\/www.fundacioires.org\/ca\/sant-jordi-2024-narciso\/#article","isPartOf":{"@id":"https:\/\/www.fundacioires.org\/ca\/sant-jordi-2024-narciso\/"},"author":{"name":"Fundaci\u00f3 IRES","@id":"https:\/\/www.fundacioires.org\/#\/schema\/person\/160af843c565221ef4664a5c7000791c"},"headline":"Un Sant Jordi per a recordar","datePublished":"2024-04-25T19:12:00+00:00","dateModified":"2024-05-28T13:02:37+00:00","mainEntityOfPage":{"@id":"https:\/\/www.fundacioires.org\/ca\/sant-jordi-2024-narciso\/"},"wordCount":604,"publisher":{"@id":"https:\/\/www.fundacioires.org\/#organization"},"image":{"@id":"https:\/\/www.fundacioires.org\/ca\/sant-jordi-2024-narciso\/#primaryimage"},"thumbnailUrl":"https:\/\/i0.wp.com\/www.fundacioires.org\/wp-content\/uploads\/PLANTILLA-NOTIS-WEB-14-2.jpg?fit=1200%2C628&ssl=1","articleSection":["IRES-Blog"],"inLanguage":"ca-ES"},{"@type":"WebPage","@id":"https:\/\/www.fundacioires.org\/ca\/sant-jordi-2024-narciso\/","url":"https:\/\/www.fundacioires.org\/ca\/sant-jordi-2024-narciso\/","name":"Un Sant Jordi per a recordar - Fundaci\u00f3 IRES","isPartOf":{"@id":"https:\/\/www.fundacioires.org\/#website"},"primaryImageOfPage":{"@id":"https:\/\/www.fundacioires.org\/ca\/sant-jordi-2024-narciso\/#primaryimage"},"image":{"@id":"https:\/\/www.fundacioires.org\/ca\/sant-jordi-2024-narciso\/#primaryimage"},"thumbnailUrl":"https:\/\/i0.wp.com\/www.fundacioires.org\/wp-content\/uploads\/PLANTILLA-NOTIS-WEB-14-2.jpg?fit=1200%2C628&ssl=1","datePublished":"2024-04-25T19:12:00+00:00","dateModified":"2024-05-28T13:02:37+00:00","description":"Descobreix el testimoni del Narciso, voluntari i educador del Medi Obert La Mina i la seva participaci\u00f3 aquest Sant Jordi","breadcrumb":{"@id":"https:\/\/www.fundacioires.org\/ca\/sant-jordi-2024-narciso\/#breadcrumb"},"inLanguage":"ca-ES","potentialAction":[{"@type":"ReadAction","target":["https:\/\/www.fundacioires.org\/ca\/sant-jordi-2024-narciso\/"]}]},{"@type":"ImageObject","inLanguage":"ca-ES","@id":"https:\/\/www.fundacioires.org\/ca\/sant-jordi-2024-narciso\/#primaryimage","url":"https:\/\/i0.wp.com\/www.fundacioires.org\/wp-content\/uploads\/PLANTILLA-NOTIS-WEB-14-2.jpg?fit=1200%2C628&ssl=1","contentUrl":"https:\/\/i0.wp.com\/www.fundacioires.org\/wp-content\/uploads\/PLANTILLA-NOTIS-WEB-14-2.jpg?fit=1200%2C628&ssl=1","width":1200,"height":628},{"@type":"BreadcrumbList","@id":"https:\/\/www.fundacioires.org\/ca\/sant-jordi-2024-narciso\/#breadcrumb","itemListElement":[{"@type":"ListItem","position":1,"name":"Portada","item":"https:\/\/www.fundacioires.org\/"},{"@type":"ListItem","position":2,"name":"Un Sant Jordi per a recordar"}]},{"@type":"WebSite","@id":"https:\/\/www.fundacioires.org\/#website","url":"https:\/\/www.fundacioires.org\/","name":"Fundaci\u00f3 IRES","description":"","publisher":{"@id":"https:\/\/www.fundacioires.org\/#organization"},"potentialAction":[{"@type":"SearchAction","target":{"@type":"EntryPoint","urlTemplate":"https:\/\/www.fundacioires.org\/?s={search_term_string}"},"query-input":{"@type":"PropertyValueSpecification","valueRequired":true,"valueName":"search_term_string"}}],"inLanguage":"ca-ES"},{"@type":"Organization","@id":"https:\/\/www.fundacioires.org\/#organization","name":"Fundanci\u00f3n IRES","url":"https:\/\/www.fundacioires.org\/","logo":{"@type":"ImageObject","inLanguage":"ca-ES","@id":"https:\/\/www.fundacioires.org\/#\/schema\/logo\/image\/","url":"https:\/\/i0.wp.com\/www.fundacioires.org\/wp-content\/uploads\/faviconIRES.png?fit=32%2C32&ssl=1","contentUrl":"https:\/\/i0.wp.com\/www.fundacioires.org\/wp-content\/uploads\/faviconIRES.png?fit=32%2C32&ssl=1","width":32,"height":32,"caption":"Fundanci\u00f3n IRES"},"image":{"@id":"https:\/\/www.fundacioires.org\/#\/schema\/logo\/image\/"}},{"@type":"Person","@id":"https:\/\/www.fundacioires.org\/#\/schema\/person\/160af843c565221ef4664a5c7000791c","name":"Fundaci\u00f3 IRES"}]}},"jetpack_featured_media_url":"https:\/\/i0.wp.com\/www.fundacioires.org\/wp-content\/uploads\/PLANTILLA-NOTIS-WEB-14-2.jpg?fit=1200%2C628&ssl=1","jetpack_sharing_enabled":true,"_links":{"self":[{"href":"https:\/\/www.fundacioires.org\/ca\/wp-json\/wp\/v2\/posts\/61113","targetHints":{"allow":["GET"]}}],"collection":[{"href":"https:\/\/www.fundacioires.org\/ca\/wp-json\/wp\/v2\/posts"}],"about":[{"href":"https:\/\/www.fundacioires.org\/ca\/wp-json\/wp\/v2\/types\/post"}],"author":[{"embeddable":true,"href":"https:\/\/www.fundacioires.org\/ca\/wp-json\/wp\/v2\/users\/7"}],"replies":[{"embeddable":true,"href":"https:\/\/www.fundacioires.org\/ca\/wp-json\/wp\/v2\/comments?post=61113"}],"version-history":[{"count":5,"href":"https:\/\/www.fundacioires.org\/ca\/wp-json\/wp\/v2\/posts\/61113\/revisions"}],"predecessor-version":[{"id":61136,"href":"https:\/\/www.fundacioires.org\/ca\/wp-json\/wp\/v2\/posts\/61113\/revisions\/61136"}],"wp:featuredmedia":[{"embeddable":true,"href":"https:\/\/www.fundacioires.org\/ca\/wp-json\/wp\/v2\/media\/61109"}],"wp:attachment":[{"href":"https:\/\/www.fundacioires.org\/ca\/wp-json\/wp\/v2\/media?parent=61113"}],"wp:term":[{"taxonomy":"category","embeddable":true,"href":"https:\/\/www.fundacioires.org\/ca\/wp-json\/wp\/v2\/categories?post=61113"},{"taxonomy":"post_tag","embeddable":true,"href":"https:\/\/www.fundacioires.org\/ca\/wp-json\/wp\/v2\/tags?post=61113"}],"curies":[{"name":"wp","href":"https:\/\/api.w.org\/{rel}","templated":true}]}}