{"id":61255,"date":"2024-06-05T10:47:51","date_gmt":"2024-06-05T08:47:51","guid":{"rendered":"https:\/\/www.fundacioires.org\/?p=61255"},"modified":"2024-06-05T10:47:53","modified_gmt":"2024-06-05T08:47:53","slug":"parlem-de-vulnerabilitat-al-via-15","status":"publish","type":"post","link":"https:\/\/www.fundacioires.org\/ca\/parlem-de-vulnerabilitat-al-via-15\/","title":{"rendered":"Parlem de vulnerabilitat al programa Via 15!"},"content":{"rendered":"\n<p>Atesos els preus actuals del mercat d\u2019habitatge que hi ha a Barcelona i l\u2019\u00e0rea metropolitana, moltes fam\u00edlies estan excloses<strong> per a accedir a un habitatge propi<\/strong> i es veuen en la tessitura de compartir pis amb altres persones o s\u2019exposen a una alta rotaci\u00f3 residencial. La volatilitat del mercat de l\u2019habitatge associada a la pobresa t\u00e9 un alt impacte multidimensional en vers a les fam\u00edlies i en el benestar dels infants, afectant el seu desenvolupament educatiu, emocional, social, f\u00edsic i familiar. Ocasiona\u00a0la <strong>p\u00e8rdua de vincles i referents<\/strong>, de xarxa de suport i la manca de sentiments de pertinen\u00e7a. De tot aix\u00f2 en parlen <strong>una usu\u00e0ria de la Fundaci\u00f3 IRES i Marta Pedret, coordinadora de projectes de l&#8217;ecosistema Sant Mart\u00ed al programa Via 15.<\/strong><\/p>\n\n\n<div class=\"wp-block-image\">\n<figure class=\"aligncenter size-large is-resized\"><a href=\"https:\/\/beteve.cat\/via-15\/sobreviure-a-la-regio-metropolitana\/\"><img data-recalc-dims=\"1\" loading=\"lazy\" decoding=\"async\" width=\"1024\" height=\"576\" src=\"https:\/\/i0.wp.com\/www.fundacioires.org\/wp-content\/uploads\/image-13.png?resize=1024%2C576&#038;ssl=1\" alt=\"\" class=\"wp-image-61251\" style=\"width:685px;height:auto\" srcset=\"https:\/\/i0.wp.com\/www.fundacioires.org\/wp-content\/uploads\/image-13.png?resize=1024%2C576&amp;ssl=1 1024w, https:\/\/i0.wp.com\/www.fundacioires.org\/wp-content\/uploads\/image-13.png?resize=300%2C169&amp;ssl=1 300w, https:\/\/i0.wp.com\/www.fundacioires.org\/wp-content\/uploads\/image-13.png?resize=768%2C432&amp;ssl=1 768w, https:\/\/i0.wp.com\/www.fundacioires.org\/wp-content\/uploads\/image-13.png?resize=1536%2C864&amp;ssl=1 1536w, https:\/\/i0.wp.com\/www.fundacioires.org\/wp-content\/uploads\/image-13.png?w=1920&amp;ssl=1 1920w\" sizes=\"(max-width: 1000px) 100vw, 1000px\" \/><\/a><\/figure>\n<\/div>\n\n\n<p>Actualment, en el si de les fam\u00edlies en situaci\u00f3 de vulnerabilitat, la inf\u00e0ncia \u00e9s el grup d\u2019edat de poblaci\u00f3 m\u00e9s empobrida, <strong>1 de cada 3 infants a Catalunya<\/strong> es troba en situaci\u00f3 de pobresa o exclusi\u00f3\u00a0(Estrat\u00e8gia de Lluita Contra la pobresa infantil, 2024). La inestabilitat del mercat de l\u2019habitatge i la situaci\u00f3 de vulnerabilitat pot generar desarrelament i desconnexi\u00f3 de la xarxa social aix\u00ed com incrementar l\u2019estr\u00e8s en el si de la fam\u00edlia. I en els infants, influenciar negativament les seves expectatives i objectius de vida, rendiment acad\u00e8mic i la seva motivaci\u00f3 en un entorn estressant que viuen amb la incertesa de no saber on viuran a continuaci\u00f3.<\/p>\n\n\n\n<p>Des de la Fundaci\u00f3 IRES seguim treballant per donar oportunitats a aquelles fam\u00edlies que es troben en situaci\u00f3 de vulnerabilitat i els acompanyem amb una xarxa de projectes socials per tal d&#8217;ajudar-los a construir un futur. Informa&#8217;t de la nostra causa social a fundacioires.org<\/p>\n\n\n\n<p>Moltes gr\u00e0cies a La Xarxa per fer ress\u00f2 de la nostra tasca social i per aquest reportatge! <\/p>\n","protected":false},"excerpt":{"rendered":"<p>Marta Pedret, coordinadora de projectes i una usu\u00e0ria de la Fundaci\u00f3, comparteixen el testimoni.<\/p>\n","protected":false},"author":7,"featured_media":61253,"comment_status":"closed","ping_status":"open","sticky":false,"template":"","format":"standard","meta":{"_jetpack_memberships_contains_paid_content":false,"footnotes":""},"categories":[19],"tags":[],"class_list":["post-61255","post","type-post","status-publish","format-standard","has-post-thumbnail","hentry","category-ires-blog"],"yoast_head":"<!-- This site is optimized with the Yoast SEO plugin v27.4 - https:\/\/yoast.com\/product\/yoast-seo-wordpress\/ -->\n<title>Parlem de vulnerabilitat al programa Via 15! - Fundaci\u00f3 IRES<\/title>\n<meta name=\"description\" content=\"Marta Pedret, coordinadora de projectes i una usu\u00e0ria de la Fundaci\u00f3, comparteixen el testimoni en el programa Via 15.\" \/>\n<meta name=\"robots\" content=\"index, follow, max-snippet:-1, max-image-preview:large, max-video-preview:-1\" \/>\n<link rel=\"canonical\" href=\"https:\/\/www.fundacioires.org\/ca\/parlem-de-vulnerabilitat-al-via-15\/\" \/>\n<meta property=\"og:locale\" content=\"ca_ES\" \/>\n<meta property=\"og:type\" content=\"article\" \/>\n<meta property=\"og:title\" content=\"Parlem de vulnerabilitat al programa Via 15! - Fundaci\u00f3 IRES\" \/>\n<meta property=\"og:description\" content=\"Marta Pedret, coordinadora de projectes i una usu\u00e0ria de la Fundaci\u00f3, comparteixen el testimoni en el programa Via 15.\" \/>\n<meta property=\"og:url\" content=\"https:\/\/www.fundacioires.org\/ca\/parlem-de-vulnerabilitat-al-via-15\/\" \/>\n<meta property=\"og:site_name\" content=\"Fundaci\u00f3 IRES\" \/>\n<meta property=\"article:published_time\" content=\"2024-06-05T08:47:51+00:00\" \/>\n<meta property=\"article:modified_time\" content=\"2024-06-05T08:47:53+00:00\" \/>\n<meta property=\"og:image\" content=\"https:\/\/www.fundacioires.org\/wp-content\/uploads\/PLANTILLA-NOTIS-WEB-15-1.jpg\" \/>\n\t<meta property=\"og:image:width\" content=\"1200\" \/>\n\t<meta property=\"og:image:height\" content=\"628\" \/>\n\t<meta property=\"og:image:type\" content=\"image\/jpeg\" \/>\n<meta name=\"author\" content=\"Fundaci\u00f3 IRES\" \/>\n<meta name=\"twitter:card\" content=\"summary_large_image\" \/>\n<meta name=\"twitter:label1\" content=\"Written by\" \/>\n\t<meta name=\"twitter:data1\" content=\"Fundaci\u00f3 IRES\" \/>\n\t<meta name=\"twitter:label2\" content=\"Est. reading time\" \/>\n\t<meta name=\"twitter:data2\" content=\"2 minutes\" \/>\n<script type=\"application\/ld+json\" class=\"yoast-schema-graph\">{\"@context\":\"https:\\\/\\\/schema.org\",\"@graph\":[{\"@type\":\"Article\",\"@id\":\"https:\\\/\\\/www.fundacioires.org\\\/ca\\\/parlem-de-vulnerabilitat-al-via-15\\\/#article\",\"isPartOf\":{\"@id\":\"https:\\\/\\\/www.fundacioires.org\\\/ca\\\/parlem-de-vulnerabilitat-al-via-15\\\/\"},\"author\":{\"name\":\"Fundaci\u00f3 IRES\",\"@id\":\"https:\\\/\\\/www.fundacioires.org\\\/#\\\/schema\\\/person\\\/160af843c565221ef4664a5c7000791c\"},\"headline\":\"Parlem de vulnerabilitat al programa Via 15!\",\"datePublished\":\"2024-06-05T08:47:51+00:00\",\"dateModified\":\"2024-06-05T08:47:53+00:00\",\"mainEntityOfPage\":{\"@id\":\"https:\\\/\\\/www.fundacioires.org\\\/ca\\\/parlem-de-vulnerabilitat-al-via-15\\\/\"},\"wordCount\":322,\"publisher\":{\"@id\":\"https:\\\/\\\/www.fundacioires.org\\\/#organization\"},\"image\":{\"@id\":\"https:\\\/\\\/www.fundacioires.org\\\/ca\\\/parlem-de-vulnerabilitat-al-via-15\\\/#primaryimage\"},\"thumbnailUrl\":\"https:\\\/\\\/i0.wp.com\\\/www.fundacioires.org\\\/wp-content\\\/uploads\\\/PLANTILLA-NOTIS-WEB-15-1.jpg?fit=1200%2C628&ssl=1\",\"articleSection\":[\"IRES-Blog\"],\"inLanguage\":\"ca-ES\"},{\"@type\":\"WebPage\",\"@id\":\"https:\\\/\\\/www.fundacioires.org\\\/ca\\\/parlem-de-vulnerabilitat-al-via-15\\\/\",\"url\":\"https:\\\/\\\/www.fundacioires.org\\\/ca\\\/parlem-de-vulnerabilitat-al-via-15\\\/\",\"name\":\"Parlem de vulnerabilitat al programa Via 15! - Fundaci\u00f3 IRES\",\"isPartOf\":{\"@id\":\"https:\\\/\\\/www.fundacioires.org\\\/#website\"},\"primaryImageOfPage\":{\"@id\":\"https:\\\/\\\/www.fundacioires.org\\\/ca\\\/parlem-de-vulnerabilitat-al-via-15\\\/#primaryimage\"},\"image\":{\"@id\":\"https:\\\/\\\/www.fundacioires.org\\\/ca\\\/parlem-de-vulnerabilitat-al-via-15\\\/#primaryimage\"},\"thumbnailUrl\":\"https:\\\/\\\/i0.wp.com\\\/www.fundacioires.org\\\/wp-content\\\/uploads\\\/PLANTILLA-NOTIS-WEB-15-1.jpg?fit=1200%2C628&ssl=1\",\"datePublished\":\"2024-06-05T08:47:51+00:00\",\"dateModified\":\"2024-06-05T08:47:53+00:00\",\"description\":\"Marta Pedret, coordinadora de projectes i una usu\u00e0ria de la Fundaci\u00f3, comparteixen el testimoni en el programa Via 15.\",\"breadcrumb\":{\"@id\":\"https:\\\/\\\/www.fundacioires.org\\\/ca\\\/parlem-de-vulnerabilitat-al-via-15\\\/#breadcrumb\"},\"inLanguage\":\"ca-ES\",\"potentialAction\":[{\"@type\":\"ReadAction\",\"target\":[\"https:\\\/\\\/www.fundacioires.org\\\/ca\\\/parlem-de-vulnerabilitat-al-via-15\\\/\"]}]},{\"@type\":\"ImageObject\",\"inLanguage\":\"ca-ES\",\"@id\":\"https:\\\/\\\/www.fundacioires.org\\\/ca\\\/parlem-de-vulnerabilitat-al-via-15\\\/#primaryimage\",\"url\":\"https:\\\/\\\/i0.wp.com\\\/www.fundacioires.org\\\/wp-content\\\/uploads\\\/PLANTILLA-NOTIS-WEB-15-1.jpg?fit=1200%2C628&ssl=1\",\"contentUrl\":\"https:\\\/\\\/i0.wp.com\\\/www.fundacioires.org\\\/wp-content\\\/uploads\\\/PLANTILLA-NOTIS-WEB-15-1.jpg?fit=1200%2C628&ssl=1\",\"width\":1200,\"height\":628},{\"@type\":\"BreadcrumbList\",\"@id\":\"https:\\\/\\\/www.fundacioires.org\\\/ca\\\/parlem-de-vulnerabilitat-al-via-15\\\/#breadcrumb\",\"itemListElement\":[{\"@type\":\"ListItem\",\"position\":1,\"name\":\"Portada\",\"item\":\"https:\\\/\\\/www.fundacioires.org\\\/\"},{\"@type\":\"ListItem\",\"position\":2,\"name\":\"Parlem de vulnerabilitat al programa Via 15!\"}]},{\"@type\":\"WebSite\",\"@id\":\"https:\\\/\\\/www.fundacioires.org\\\/#website\",\"url\":\"https:\\\/\\\/www.fundacioires.org\\\/\",\"name\":\"Fundaci\u00f3 IRES\",\"description\":\"\",\"publisher\":{\"@id\":\"https:\\\/\\\/www.fundacioires.org\\\/#organization\"},\"potentialAction\":[{\"@type\":\"SearchAction\",\"target\":{\"@type\":\"EntryPoint\",\"urlTemplate\":\"https:\\\/\\\/www.fundacioires.org\\\/?s={search_term_string}\"},\"query-input\":{\"@type\":\"PropertyValueSpecification\",\"valueRequired\":true,\"valueName\":\"search_term_string\"}}],\"inLanguage\":\"ca-ES\"},{\"@type\":\"Organization\",\"@id\":\"https:\\\/\\\/www.fundacioires.org\\\/#organization\",\"name\":\"Fundanci\u00f3n IRES\",\"url\":\"https:\\\/\\\/www.fundacioires.org\\\/\",\"logo\":{\"@type\":\"ImageObject\",\"inLanguage\":\"ca-ES\",\"@id\":\"https:\\\/\\\/www.fundacioires.org\\\/#\\\/schema\\\/logo\\\/image\\\/\",\"url\":\"https:\\\/\\\/i0.wp.com\\\/www.fundacioires.org\\\/wp-content\\\/uploads\\\/faviconIRES.png?fit=32%2C32&ssl=1\",\"contentUrl\":\"https:\\\/\\\/i0.wp.com\\\/www.fundacioires.org\\\/wp-content\\\/uploads\\\/faviconIRES.png?fit=32%2C32&ssl=1\",\"width\":32,\"height\":32,\"caption\":\"Fundanci\u00f3n IRES\"},\"image\":{\"@id\":\"https:\\\/\\\/www.fundacioires.org\\\/#\\\/schema\\\/logo\\\/image\\\/\"}},{\"@type\":\"Person\",\"@id\":\"https:\\\/\\\/www.fundacioires.org\\\/#\\\/schema\\\/person\\\/160af843c565221ef4664a5c7000791c\",\"name\":\"Fundaci\u00f3 IRES\"}]}<\/script>\n<!-- \/ Yoast SEO plugin. -->","yoast_head_json":{"title":"Parlem de vulnerabilitat al programa Via 15! - Fundaci\u00f3 IRES","description":"Marta Pedret, coordinadora de projectes i una usu\u00e0ria de la Fundaci\u00f3, comparteixen el testimoni en el programa Via 15.","robots":{"index":"index","follow":"follow","max-snippet":"max-snippet:-1","max-image-preview":"max-image-preview:large","max-video-preview":"max-video-preview:-1"},"canonical":"https:\/\/www.fundacioires.org\/ca\/parlem-de-vulnerabilitat-al-via-15\/","og_locale":"ca_ES","og_type":"article","og_title":"Parlem de vulnerabilitat al programa Via 15! - Fundaci\u00f3 IRES","og_description":"Marta Pedret, coordinadora de projectes i una usu\u00e0ria de la Fundaci\u00f3, comparteixen el testimoni en el programa Via 15.","og_url":"https:\/\/www.fundacioires.org\/ca\/parlem-de-vulnerabilitat-al-via-15\/","og_site_name":"Fundaci\u00f3 IRES","article_published_time":"2024-06-05T08:47:51+00:00","article_modified_time":"2024-06-05T08:47:53+00:00","og_image":[{"width":1200,"height":628,"url":"https:\/\/www.fundacioires.org\/wp-content\/uploads\/PLANTILLA-NOTIS-WEB-15-1.jpg","type":"image\/jpeg"}],"author":"Fundaci\u00f3 IRES","twitter_card":"summary_large_image","twitter_misc":{"Written by":"Fundaci\u00f3 IRES","Est. reading time":"2 minutes"},"schema":{"@context":"https:\/\/schema.org","@graph":[{"@type":"Article","@id":"https:\/\/www.fundacioires.org\/ca\/parlem-de-vulnerabilitat-al-via-15\/#article","isPartOf":{"@id":"https:\/\/www.fundacioires.org\/ca\/parlem-de-vulnerabilitat-al-via-15\/"},"author":{"name":"Fundaci\u00f3 IRES","@id":"https:\/\/www.fundacioires.org\/#\/schema\/person\/160af843c565221ef4664a5c7000791c"},"headline":"Parlem de vulnerabilitat al programa Via 15!","datePublished":"2024-06-05T08:47:51+00:00","dateModified":"2024-06-05T08:47:53+00:00","mainEntityOfPage":{"@id":"https:\/\/www.fundacioires.org\/ca\/parlem-de-vulnerabilitat-al-via-15\/"},"wordCount":322,"publisher":{"@id":"https:\/\/www.fundacioires.org\/#organization"},"image":{"@id":"https:\/\/www.fundacioires.org\/ca\/parlem-de-vulnerabilitat-al-via-15\/#primaryimage"},"thumbnailUrl":"https:\/\/i0.wp.com\/www.fundacioires.org\/wp-content\/uploads\/PLANTILLA-NOTIS-WEB-15-1.jpg?fit=1200%2C628&ssl=1","articleSection":["IRES-Blog"],"inLanguage":"ca-ES"},{"@type":"WebPage","@id":"https:\/\/www.fundacioires.org\/ca\/parlem-de-vulnerabilitat-al-via-15\/","url":"https:\/\/www.fundacioires.org\/ca\/parlem-de-vulnerabilitat-al-via-15\/","name":"Parlem de vulnerabilitat al programa Via 15! - Fundaci\u00f3 IRES","isPartOf":{"@id":"https:\/\/www.fundacioires.org\/#website"},"primaryImageOfPage":{"@id":"https:\/\/www.fundacioires.org\/ca\/parlem-de-vulnerabilitat-al-via-15\/#primaryimage"},"image":{"@id":"https:\/\/www.fundacioires.org\/ca\/parlem-de-vulnerabilitat-al-via-15\/#primaryimage"},"thumbnailUrl":"https:\/\/i0.wp.com\/www.fundacioires.org\/wp-content\/uploads\/PLANTILLA-NOTIS-WEB-15-1.jpg?fit=1200%2C628&ssl=1","datePublished":"2024-06-05T08:47:51+00:00","dateModified":"2024-06-05T08:47:53+00:00","description":"Marta Pedret, coordinadora de projectes i una usu\u00e0ria de la Fundaci\u00f3, comparteixen el testimoni en el programa Via 15.","breadcrumb":{"@id":"https:\/\/www.fundacioires.org\/ca\/parlem-de-vulnerabilitat-al-via-15\/#breadcrumb"},"inLanguage":"ca-ES","potentialAction":[{"@type":"ReadAction","target":["https:\/\/www.fundacioires.org\/ca\/parlem-de-vulnerabilitat-al-via-15\/"]}]},{"@type":"ImageObject","inLanguage":"ca-ES","@id":"https:\/\/www.fundacioires.org\/ca\/parlem-de-vulnerabilitat-al-via-15\/#primaryimage","url":"https:\/\/i0.wp.com\/www.fundacioires.org\/wp-content\/uploads\/PLANTILLA-NOTIS-WEB-15-1.jpg?fit=1200%2C628&ssl=1","contentUrl":"https:\/\/i0.wp.com\/www.fundacioires.org\/wp-content\/uploads\/PLANTILLA-NOTIS-WEB-15-1.jpg?fit=1200%2C628&ssl=1","width":1200,"height":628},{"@type":"BreadcrumbList","@id":"https:\/\/www.fundacioires.org\/ca\/parlem-de-vulnerabilitat-al-via-15\/#breadcrumb","itemListElement":[{"@type":"ListItem","position":1,"name":"Portada","item":"https:\/\/www.fundacioires.org\/"},{"@type":"ListItem","position":2,"name":"Parlem de vulnerabilitat al programa Via 15!"}]},{"@type":"WebSite","@id":"https:\/\/www.fundacioires.org\/#website","url":"https:\/\/www.fundacioires.org\/","name":"Fundaci\u00f3 IRES","description":"","publisher":{"@id":"https:\/\/www.fundacioires.org\/#organization"},"potentialAction":[{"@type":"SearchAction","target":{"@type":"EntryPoint","urlTemplate":"https:\/\/www.fundacioires.org\/?s={search_term_string}"},"query-input":{"@type":"PropertyValueSpecification","valueRequired":true,"valueName":"search_term_string"}}],"inLanguage":"ca-ES"},{"@type":"Organization","@id":"https:\/\/www.fundacioires.org\/#organization","name":"Fundanci\u00f3n IRES","url":"https:\/\/www.fundacioires.org\/","logo":{"@type":"ImageObject","inLanguage":"ca-ES","@id":"https:\/\/www.fundacioires.org\/#\/schema\/logo\/image\/","url":"https:\/\/i0.wp.com\/www.fundacioires.org\/wp-content\/uploads\/faviconIRES.png?fit=32%2C32&ssl=1","contentUrl":"https:\/\/i0.wp.com\/www.fundacioires.org\/wp-content\/uploads\/faviconIRES.png?fit=32%2C32&ssl=1","width":32,"height":32,"caption":"Fundanci\u00f3n IRES"},"image":{"@id":"https:\/\/www.fundacioires.org\/#\/schema\/logo\/image\/"}},{"@type":"Person","@id":"https:\/\/www.fundacioires.org\/#\/schema\/person\/160af843c565221ef4664a5c7000791c","name":"Fundaci\u00f3 IRES"}]}},"jetpack_featured_media_url":"https:\/\/i0.wp.com\/www.fundacioires.org\/wp-content\/uploads\/PLANTILLA-NOTIS-WEB-15-1.jpg?fit=1200%2C628&ssl=1","jetpack_sharing_enabled":true,"_links":{"self":[{"href":"https:\/\/www.fundacioires.org\/ca\/wp-json\/wp\/v2\/posts\/61255","targetHints":{"allow":["GET"]}}],"collection":[{"href":"https:\/\/www.fundacioires.org\/ca\/wp-json\/wp\/v2\/posts"}],"about":[{"href":"https:\/\/www.fundacioires.org\/ca\/wp-json\/wp\/v2\/types\/post"}],"author":[{"embeddable":true,"href":"https:\/\/www.fundacioires.org\/ca\/wp-json\/wp\/v2\/users\/7"}],"replies":[{"embeddable":true,"href":"https:\/\/www.fundacioires.org\/ca\/wp-json\/wp\/v2\/comments?post=61255"}],"version-history":[{"count":1,"href":"https:\/\/www.fundacioires.org\/ca\/wp-json\/wp\/v2\/posts\/61255\/revisions"}],"predecessor-version":[{"id":61259,"href":"https:\/\/www.fundacioires.org\/ca\/wp-json\/wp\/v2\/posts\/61255\/revisions\/61259"}],"wp:featuredmedia":[{"embeddable":true,"href":"https:\/\/www.fundacioires.org\/ca\/wp-json\/wp\/v2\/media\/61253"}],"wp:attachment":[{"href":"https:\/\/www.fundacioires.org\/ca\/wp-json\/wp\/v2\/media?parent=61255"}],"wp:term":[{"taxonomy":"category","embeddable":true,"href":"https:\/\/www.fundacioires.org\/ca\/wp-json\/wp\/v2\/categories?post=61255"},{"taxonomy":"post_tag","embeddable":true,"href":"https:\/\/www.fundacioires.org\/ca\/wp-json\/wp\/v2\/tags?post=61255"}],"curies":[{"name":"wp","href":"https:\/\/api.w.org\/{rel}","templated":true}]}}