{"id":61647,"date":"2024-07-11T13:57:53","date_gmt":"2024-07-11T11:57:53","guid":{"rendered":"https:\/\/www.fundacioires.org\/?p=61647"},"modified":"2024-07-11T15:04:51","modified_gmt":"2024-07-11T13:04:51","slug":"conclusions-no-hi-ha-espai-per-al-masclisme-2024","status":"publish","type":"post","link":"https:\/\/www.fundacioires.org\/ca\/conclusions-no-hi-ha-espai-per-al-masclisme-2024\/","title":{"rendered":"S\u2019ha assolit la igualtat a l\u2019\u00e0mbit esportiu?"},"content":{"rendered":"\n<h3 class=\"wp-block-heading has-medium-font-size\"><strong>Sabies qu\u00e8?<\/strong><\/h3>\n\n\n\n<ul style=\"color:#360881;background-color:#9b51e00f\" class=\"has-text-color has-background has-link-color wp-block-list wp-elements-6a58b05b306705cce55784602efe406a\">\n<li><strong>L\u2019esport continua essent una pr\u00e0ctica majorit\u00e0riament masculina, afectant de manera directa a la salut de les dones. De fet, els homes joves practiquem m\u00e9s del doble d\u2019esport que les dones de la seva edat.<\/strong><\/li>\n\n\n\n<li><strong>23,5% de persones federades s\u00f3n dones a l\u2019\u00e0mbit esportiu.<\/strong><\/li>\n\n\n\n<li><strong>Encara existeixen esports feminitzats i masculinitzats segons estereotips i rols de g\u00e8nere imposats.<\/strong><\/li>\n\n\n\n<li><strong>A Espanya, hi ha un 25% de dones en \u00f2rgans de direcci\u00f3 a les juntes dels clubs esportius.<\/strong><\/li>\n\n\n\n<li><strong>M\u00e9s d&#8217;1 de cada 5 dones professionals de l\u2019esport ha patit alguna forma d\u2019assetjament sexual.<\/strong><\/li>\n\n\n\n<li><strong>Nom\u00e9s el 6% de la premsa esportiva \u00e9s protagonitzada per dones<\/strong><\/li>\n\n\n\n<li><strong>L\u20191% del patrocini comercial global es destina a l\u2019esport femen\u00ed.<\/strong><\/li>\n<\/ul>\n\n\n\n<p>I un llarg etc\u00e8tera de dades que demostren aquesta realitat de desigualtat.<\/p>\n\n\n\n<p>Conscients d\u2019aquest fenomen, la Unitat d\u2019Igualtat de <strong>la Mancomunitat del Pla de Mallorca ha tornat a confiar en Fundaci\u00f3 IRES per desenvolupar la campanya de sensibilitzaci\u00f3, prevenci\u00f3 i formaci\u00f3 \u201cNo hi ha espai per al masclisme\u201d, aquest any 2023-24 orientada al m\u00f3n de l\u2019esport<\/strong> i als\/les professionals p\u00fablics de l\u2019Administraci\u00f3 dels 14 municipis que la conformen. I gr\u00e0cies als fons de Pacte d\u2019Estat contra la viol\u00e8ncia masclista atorgats a les poblacions locals.<\/p>\n\n\n\n<p><strong>La campanya s\u2019ha configurat a partir d\u2019un programa de formacions estrat\u00e8giques i m\u00faltiples accions de sensibilitzaci\u00f3.<\/strong> Nom\u00e9s aquest any, <strong>s\u2019han dut a terme 18 formacions amb una participaci\u00f3 total de 145 persones.<\/strong><\/p>\n\n\n\n<p>Dels professionals de l\u2019\u00e0mbit esportiu que participaren, la major part eren directors\/es dels clubs esportius o federacions, entrenadors\/es, regidors\/es d\u2019esports i esportistes. Al llarg de les diferents sessions, reflectiren algunes necessitats detectades en el seu propi territori d\u2019acci\u00f3:<\/p>\n\n\n\n<ul style=\"color:#360881;background-color:#9b51e00f\" class=\"has-text-color has-background has-link-color wp-block-list wp-elements-50f0fe4be26ce7f38e78ff35c0f8805d\">\n<li>Falta de sensibilitzaci\u00f3 social vers el masclisme i lgtbif\u00f2bia.<\/li>\n\n\n\n<li>M\u00faltiples formes de discriminaci\u00f3 i viol\u00e8ncia.<\/li>\n\n\n\n<li>Rols estereotipats fomentats en la inf\u00e0ncia i des de les fam\u00edlies.<\/li>\n\n\n\n<li>Desconeixement dels protocols i normatives.<\/li>\n\n\n\n<li>Diferents instal\u00b7lacions esportives i equipaments segons g\u00e8nere.<\/li>\n\n\n\n<li>Manca recursos i suport en l\u2019esport femen\u00ed.<\/li>\n\n\n\n<li>Barreres per la conciliaci\u00f3 en les dones.<\/li>\n\n\n\n<li>Invisibilitzaci\u00f3 de l\u2019esport femen\u00ed.<\/li>\n\n\n\n<li>Aparici\u00f3 de viol\u00e8ncies f\u00edsiques, sexuals i psicol\u00f2giques en els espais esportius.<\/li>\n<\/ul>\n\n\n\n<p>Paral\u00b7lelament, es varen realitzar formacions avan\u00e7ades en l\u2019aplicaci\u00f3 de la perspectiva de g\u00e8nere a professionals de l\u2019administraci\u00f3 que ja havien estat formats\/es pr\u00e8viament. En aquestes sessions, pogueren elaborar una pr\u00f2pia proposta aplicada al seu \u00e0mbit professional (policia, educaci\u00f3, treball social, administraci\u00f3, manteniment, neteja i altres). En l\u00ednies generals, proposaren el seu comprom\u00eds en:<\/p>\n\n\n\n<ul style=\"color:#360881;background-color:#9b51e00f\" class=\"has-text-color has-background has-link-color wp-block-list wp-elements-644baecd0b510c1cc4d59d2bd9cd5909\">\n<li>Treballar en xarxa i de manera coordinada.<\/li>\n\n\n\n<li>Reaccionar davant la viol\u00e8ncia masclista quan es produeix, en totes les seves formes.<\/li>\n\n\n\n<li>Informar-se amb fonts fiables per tal de poder contraargumentar els discursos d\u2019odi masclistes que es produeixen a la comunitat.<\/li>\n\n\n\n<li>Participar en les formacions que s\u2019ofereixen en el municipi.<\/li>\n\n\n\n<li>Revisar metodologies i actualitzar-se per tal de donar garanties en la lluita davant el masclisme.<\/li>\n\n\n\n<li>Conscienciar a la societat de la import\u00e0ncia de prevenir la desigualtat de g\u00e8nere.<\/li>\n\n\n\n<li>Fer tamb\u00e9 un canvi personal que possibiliti una millor atenci\u00f3 a les v\u00edctimes.<\/li>\n\n\n\n<li>Instaurar el paper corresponsable de tothom en la reacci\u00f3 davant les viol\u00e8ncies.<\/li>\n\n\n\n<li>Aplicar la perspectiva de g\u00e8nere de manera decidida i protocol\u00b7litzada.<\/li>\n<\/ul>\n\n\n\n<p>A m\u00e9s de les formacions, s\u2019han instal\u00b7lat <strong>24 pancartes, 140 adhesius i 1400 ferratines<\/strong> que s\u2019han ubicat a diferents espais p\u00fablics i esportius. Tamb\u00e9 s\u2019ha apropat la campanya a la ciutadania <strong>mitjan\u00e7ant tres punts informatius o \u201cpunts liles\u201d en dies de fira i mercats<\/strong>, accions especialment dirigides a dones majors que usualment no arriben a la informaci\u00f3 proporcionada a trav\u00e9s dels altres canals utilitzats (com les xarxes socials o els distintius amb QR). Quant a la poblaci\u00f3 m\u00e9s jove, es dugueren a terme <strong>dues confer\u00e8ncies en format de taula rodona amb la participaci\u00f3 de dones referents de l\u2019esport<\/strong>. En total, m\u00e9s de <strong>1258 persones han estat benefici\u00e0ries<\/strong> d\u2019aquestes activitats, emmarcades en els 14 petits municipis del Pla de Mallorca.<\/p>\n\n\n\n<p>Totes aquestes accions es complementen amb les originades en el <a href=\"https:\/\/www.fundacioires.org\/ca\/no-hi-ha-espai-per-al-masclisme\/\"><strong>2022<\/strong><\/a> i <a href=\"https:\/\/www.fundacioires.org\/ca\/no-hi-ha-espai-per-al-masclisme-seguim-avancant\/\"><strong>2023<\/strong><\/a> en les altres edicions de la campanya <strong>No hi ha espai per al masclisme<\/strong>, essent guardonada en la <strong><a href=\"https:\/\/www.fundacioires.org\/ca\/premi-no-hi-ha-espai-per-al-masclisme\/\">Convocat\u00f2ria de Premis d\u2019Innovaci\u00f3 Social de l\u2019IMAS a l\u2019any 2023<\/a>.<\/strong><\/p>\n","protected":false},"excerpt":{"rendered":"<p>El projecte No hi ha espai per al masclisme publica les seves conclusions de la campanya d&#8217;enguany.<\/p>\n","protected":false},"author":7,"featured_media":61649,"comment_status":"closed","ping_status":"open","sticky":false,"template":"","format":"standard","meta":{"_jetpack_memberships_contains_paid_content":false,"footnotes":""},"categories":[19],"tags":[],"class_list":["post-61647","post","type-post","status-publish","format-standard","has-post-thumbnail","hentry","category-ires-blog"],"yoast_head":"<!-- This site is optimized with the Yoast SEO plugin v27.4 - https:\/\/yoast.com\/product\/yoast-seo-wordpress\/ -->\n<title>S\u2019ha assolit la igualtat a l\u2019\u00e0mbit esportiu? - Fundaci\u00f3 IRES<\/title>\n<meta name=\"description\" content=\"El projecte No hi ha espai per al masclisme publica les seves conclusions de la campanya d\u2019enguany. Descubreix-les!\" \/>\n<meta name=\"robots\" content=\"index, follow, max-snippet:-1, max-image-preview:large, max-video-preview:-1\" \/>\n<link rel=\"canonical\" href=\"https:\/\/www.fundacioires.org\/ca\/conclusions-no-hi-ha-espai-per-al-masclisme-2024\/\" \/>\n<meta property=\"og:locale\" content=\"ca_ES\" \/>\n<meta property=\"og:type\" content=\"article\" \/>\n<meta property=\"og:title\" content=\"S\u2019ha assolit la igualtat a l\u2019\u00e0mbit esportiu? - Fundaci\u00f3 IRES\" \/>\n<meta property=\"og:description\" content=\"El projecte No hi ha espai per al masclisme publica les seves conclusions de la campanya d\u2019enguany. Descubreix-les!\" \/>\n<meta property=\"og:url\" content=\"https:\/\/www.fundacioires.org\/ca\/conclusions-no-hi-ha-espai-per-al-masclisme-2024\/\" \/>\n<meta property=\"og:site_name\" content=\"Fundaci\u00f3 IRES\" \/>\n<meta property=\"article:published_time\" content=\"2024-07-11T11:57:53+00:00\" \/>\n<meta property=\"article:modified_time\" content=\"2024-07-11T13:04:51+00:00\" \/>\n<meta property=\"og:image\" content=\"https:\/\/www.fundacioires.org\/wp-content\/uploads\/PLANTILLA-NOTIS-WEB-20-1.jpg\" \/>\n\t<meta property=\"og:image:width\" content=\"900\" \/>\n\t<meta property=\"og:image:height\" content=\"471\" \/>\n\t<meta property=\"og:image:type\" content=\"image\/jpeg\" \/>\n<meta name=\"author\" content=\"Fundaci\u00f3 IRES\" \/>\n<meta name=\"twitter:card\" content=\"summary_large_image\" \/>\n<meta name=\"twitter:label1\" content=\"Written by\" \/>\n\t<meta name=\"twitter:data1\" content=\"Fundaci\u00f3 IRES\" \/>\n\t<meta name=\"twitter:label2\" content=\"Est. reading time\" \/>\n\t<meta name=\"twitter:data2\" content=\"4 minutes\" \/>\n<script type=\"application\/ld+json\" class=\"yoast-schema-graph\">{\"@context\":\"https:\\\/\\\/schema.org\",\"@graph\":[{\"@type\":\"Article\",\"@id\":\"https:\\\/\\\/www.fundacioires.org\\\/ca\\\/conclusions-no-hi-ha-espai-per-al-masclisme-2024\\\/#article\",\"isPartOf\":{\"@id\":\"https:\\\/\\\/www.fundacioires.org\\\/ca\\\/conclusions-no-hi-ha-espai-per-al-masclisme-2024\\\/\"},\"author\":{\"name\":\"Fundaci\u00f3 IRES\",\"@id\":\"https:\\\/\\\/www.fundacioires.org\\\/#\\\/schema\\\/person\\\/160af843c565221ef4664a5c7000791c\"},\"headline\":\"S\u2019ha assolit la igualtat a l\u2019\u00e0mbit esportiu?\",\"datePublished\":\"2024-07-11T11:57:53+00:00\",\"dateModified\":\"2024-07-11T13:04:51+00:00\",\"mainEntityOfPage\":{\"@id\":\"https:\\\/\\\/www.fundacioires.org\\\/ca\\\/conclusions-no-hi-ha-espai-per-al-masclisme-2024\\\/\"},\"wordCount\":736,\"publisher\":{\"@id\":\"https:\\\/\\\/www.fundacioires.org\\\/#organization\"},\"image\":{\"@id\":\"https:\\\/\\\/www.fundacioires.org\\\/ca\\\/conclusions-no-hi-ha-espai-per-al-masclisme-2024\\\/#primaryimage\"},\"thumbnailUrl\":\"https:\\\/\\\/i0.wp.com\\\/www.fundacioires.org\\\/wp-content\\\/uploads\\\/PLANTILLA-NOTIS-WEB-20-1.jpg?fit=900%2C471&ssl=1\",\"articleSection\":[\"IRES-Blog\"],\"inLanguage\":\"ca-ES\"},{\"@type\":\"WebPage\",\"@id\":\"https:\\\/\\\/www.fundacioires.org\\\/ca\\\/conclusions-no-hi-ha-espai-per-al-masclisme-2024\\\/\",\"url\":\"https:\\\/\\\/www.fundacioires.org\\\/ca\\\/conclusions-no-hi-ha-espai-per-al-masclisme-2024\\\/\",\"name\":\"S\u2019ha assolit la igualtat a l\u2019\u00e0mbit esportiu? - Fundaci\u00f3 IRES\",\"isPartOf\":{\"@id\":\"https:\\\/\\\/www.fundacioires.org\\\/#website\"},\"primaryImageOfPage\":{\"@id\":\"https:\\\/\\\/www.fundacioires.org\\\/ca\\\/conclusions-no-hi-ha-espai-per-al-masclisme-2024\\\/#primaryimage\"},\"image\":{\"@id\":\"https:\\\/\\\/www.fundacioires.org\\\/ca\\\/conclusions-no-hi-ha-espai-per-al-masclisme-2024\\\/#primaryimage\"},\"thumbnailUrl\":\"https:\\\/\\\/i0.wp.com\\\/www.fundacioires.org\\\/wp-content\\\/uploads\\\/PLANTILLA-NOTIS-WEB-20-1.jpg?fit=900%2C471&ssl=1\",\"datePublished\":\"2024-07-11T11:57:53+00:00\",\"dateModified\":\"2024-07-11T13:04:51+00:00\",\"description\":\"El projecte No hi ha espai per al masclisme publica les seves conclusions de la campanya d\u2019enguany. Descubreix-les!\",\"breadcrumb\":{\"@id\":\"https:\\\/\\\/www.fundacioires.org\\\/ca\\\/conclusions-no-hi-ha-espai-per-al-masclisme-2024\\\/#breadcrumb\"},\"inLanguage\":\"ca-ES\",\"potentialAction\":[{\"@type\":\"ReadAction\",\"target\":[\"https:\\\/\\\/www.fundacioires.org\\\/ca\\\/conclusions-no-hi-ha-espai-per-al-masclisme-2024\\\/\"]}]},{\"@type\":\"ImageObject\",\"inLanguage\":\"ca-ES\",\"@id\":\"https:\\\/\\\/www.fundacioires.org\\\/ca\\\/conclusions-no-hi-ha-espai-per-al-masclisme-2024\\\/#primaryimage\",\"url\":\"https:\\\/\\\/i0.wp.com\\\/www.fundacioires.org\\\/wp-content\\\/uploads\\\/PLANTILLA-NOTIS-WEB-20-1.jpg?fit=900%2C471&ssl=1\",\"contentUrl\":\"https:\\\/\\\/i0.wp.com\\\/www.fundacioires.org\\\/wp-content\\\/uploads\\\/PLANTILLA-NOTIS-WEB-20-1.jpg?fit=900%2C471&ssl=1\",\"width\":900,\"height\":471},{\"@type\":\"BreadcrumbList\",\"@id\":\"https:\\\/\\\/www.fundacioires.org\\\/ca\\\/conclusions-no-hi-ha-espai-per-al-masclisme-2024\\\/#breadcrumb\",\"itemListElement\":[{\"@type\":\"ListItem\",\"position\":1,\"name\":\"Portada\",\"item\":\"https:\\\/\\\/www.fundacioires.org\\\/\"},{\"@type\":\"ListItem\",\"position\":2,\"name\":\"S\u2019ha assolit la igualtat a l\u2019\u00e0mbit esportiu?\"}]},{\"@type\":\"WebSite\",\"@id\":\"https:\\\/\\\/www.fundacioires.org\\\/#website\",\"url\":\"https:\\\/\\\/www.fundacioires.org\\\/\",\"name\":\"Fundaci\u00f3 IRES\",\"description\":\"\",\"publisher\":{\"@id\":\"https:\\\/\\\/www.fundacioires.org\\\/#organization\"},\"potentialAction\":[{\"@type\":\"SearchAction\",\"target\":{\"@type\":\"EntryPoint\",\"urlTemplate\":\"https:\\\/\\\/www.fundacioires.org\\\/?s={search_term_string}\"},\"query-input\":{\"@type\":\"PropertyValueSpecification\",\"valueRequired\":true,\"valueName\":\"search_term_string\"}}],\"inLanguage\":\"ca-ES\"},{\"@type\":\"Organization\",\"@id\":\"https:\\\/\\\/www.fundacioires.org\\\/#organization\",\"name\":\"Fundanci\u00f3n IRES\",\"url\":\"https:\\\/\\\/www.fundacioires.org\\\/\",\"logo\":{\"@type\":\"ImageObject\",\"inLanguage\":\"ca-ES\",\"@id\":\"https:\\\/\\\/www.fundacioires.org\\\/#\\\/schema\\\/logo\\\/image\\\/\",\"url\":\"https:\\\/\\\/i0.wp.com\\\/www.fundacioires.org\\\/wp-content\\\/uploads\\\/faviconIRES.png?fit=32%2C32&ssl=1\",\"contentUrl\":\"https:\\\/\\\/i0.wp.com\\\/www.fundacioires.org\\\/wp-content\\\/uploads\\\/faviconIRES.png?fit=32%2C32&ssl=1\",\"width\":32,\"height\":32,\"caption\":\"Fundanci\u00f3n IRES\"},\"image\":{\"@id\":\"https:\\\/\\\/www.fundacioires.org\\\/#\\\/schema\\\/logo\\\/image\\\/\"}},{\"@type\":\"Person\",\"@id\":\"https:\\\/\\\/www.fundacioires.org\\\/#\\\/schema\\\/person\\\/160af843c565221ef4664a5c7000791c\",\"name\":\"Fundaci\u00f3 IRES\"}]}<\/script>\n<!-- \/ Yoast SEO plugin. -->","yoast_head_json":{"title":"S\u2019ha assolit la igualtat a l\u2019\u00e0mbit esportiu? - Fundaci\u00f3 IRES","description":"El projecte No hi ha espai per al masclisme publica les seves conclusions de la campanya d\u2019enguany. Descubreix-les!","robots":{"index":"index","follow":"follow","max-snippet":"max-snippet:-1","max-image-preview":"max-image-preview:large","max-video-preview":"max-video-preview:-1"},"canonical":"https:\/\/www.fundacioires.org\/ca\/conclusions-no-hi-ha-espai-per-al-masclisme-2024\/","og_locale":"ca_ES","og_type":"article","og_title":"S\u2019ha assolit la igualtat a l\u2019\u00e0mbit esportiu? - Fundaci\u00f3 IRES","og_description":"El projecte No hi ha espai per al masclisme publica les seves conclusions de la campanya d\u2019enguany. Descubreix-les!","og_url":"https:\/\/www.fundacioires.org\/ca\/conclusions-no-hi-ha-espai-per-al-masclisme-2024\/","og_site_name":"Fundaci\u00f3 IRES","article_published_time":"2024-07-11T11:57:53+00:00","article_modified_time":"2024-07-11T13:04:51+00:00","og_image":[{"width":900,"height":471,"url":"https:\/\/www.fundacioires.org\/wp-content\/uploads\/PLANTILLA-NOTIS-WEB-20-1.jpg","type":"image\/jpeg"}],"author":"Fundaci\u00f3 IRES","twitter_card":"summary_large_image","twitter_misc":{"Written by":"Fundaci\u00f3 IRES","Est. reading time":"4 minutes"},"schema":{"@context":"https:\/\/schema.org","@graph":[{"@type":"Article","@id":"https:\/\/www.fundacioires.org\/ca\/conclusions-no-hi-ha-espai-per-al-masclisme-2024\/#article","isPartOf":{"@id":"https:\/\/www.fundacioires.org\/ca\/conclusions-no-hi-ha-espai-per-al-masclisme-2024\/"},"author":{"name":"Fundaci\u00f3 IRES","@id":"https:\/\/www.fundacioires.org\/#\/schema\/person\/160af843c565221ef4664a5c7000791c"},"headline":"S\u2019ha assolit la igualtat a l\u2019\u00e0mbit esportiu?","datePublished":"2024-07-11T11:57:53+00:00","dateModified":"2024-07-11T13:04:51+00:00","mainEntityOfPage":{"@id":"https:\/\/www.fundacioires.org\/ca\/conclusions-no-hi-ha-espai-per-al-masclisme-2024\/"},"wordCount":736,"publisher":{"@id":"https:\/\/www.fundacioires.org\/#organization"},"image":{"@id":"https:\/\/www.fundacioires.org\/ca\/conclusions-no-hi-ha-espai-per-al-masclisme-2024\/#primaryimage"},"thumbnailUrl":"https:\/\/i0.wp.com\/www.fundacioires.org\/wp-content\/uploads\/PLANTILLA-NOTIS-WEB-20-1.jpg?fit=900%2C471&ssl=1","articleSection":["IRES-Blog"],"inLanguage":"ca-ES"},{"@type":"WebPage","@id":"https:\/\/www.fundacioires.org\/ca\/conclusions-no-hi-ha-espai-per-al-masclisme-2024\/","url":"https:\/\/www.fundacioires.org\/ca\/conclusions-no-hi-ha-espai-per-al-masclisme-2024\/","name":"S\u2019ha assolit la igualtat a l\u2019\u00e0mbit esportiu? - Fundaci\u00f3 IRES","isPartOf":{"@id":"https:\/\/www.fundacioires.org\/#website"},"primaryImageOfPage":{"@id":"https:\/\/www.fundacioires.org\/ca\/conclusions-no-hi-ha-espai-per-al-masclisme-2024\/#primaryimage"},"image":{"@id":"https:\/\/www.fundacioires.org\/ca\/conclusions-no-hi-ha-espai-per-al-masclisme-2024\/#primaryimage"},"thumbnailUrl":"https:\/\/i0.wp.com\/www.fundacioires.org\/wp-content\/uploads\/PLANTILLA-NOTIS-WEB-20-1.jpg?fit=900%2C471&ssl=1","datePublished":"2024-07-11T11:57:53+00:00","dateModified":"2024-07-11T13:04:51+00:00","description":"El projecte No hi ha espai per al masclisme publica les seves conclusions de la campanya d\u2019enguany. Descubreix-les!","breadcrumb":{"@id":"https:\/\/www.fundacioires.org\/ca\/conclusions-no-hi-ha-espai-per-al-masclisme-2024\/#breadcrumb"},"inLanguage":"ca-ES","potentialAction":[{"@type":"ReadAction","target":["https:\/\/www.fundacioires.org\/ca\/conclusions-no-hi-ha-espai-per-al-masclisme-2024\/"]}]},{"@type":"ImageObject","inLanguage":"ca-ES","@id":"https:\/\/www.fundacioires.org\/ca\/conclusions-no-hi-ha-espai-per-al-masclisme-2024\/#primaryimage","url":"https:\/\/i0.wp.com\/www.fundacioires.org\/wp-content\/uploads\/PLANTILLA-NOTIS-WEB-20-1.jpg?fit=900%2C471&ssl=1","contentUrl":"https:\/\/i0.wp.com\/www.fundacioires.org\/wp-content\/uploads\/PLANTILLA-NOTIS-WEB-20-1.jpg?fit=900%2C471&ssl=1","width":900,"height":471},{"@type":"BreadcrumbList","@id":"https:\/\/www.fundacioires.org\/ca\/conclusions-no-hi-ha-espai-per-al-masclisme-2024\/#breadcrumb","itemListElement":[{"@type":"ListItem","position":1,"name":"Portada","item":"https:\/\/www.fundacioires.org\/"},{"@type":"ListItem","position":2,"name":"S\u2019ha assolit la igualtat a l\u2019\u00e0mbit esportiu?"}]},{"@type":"WebSite","@id":"https:\/\/www.fundacioires.org\/#website","url":"https:\/\/www.fundacioires.org\/","name":"Fundaci\u00f3 IRES","description":"","publisher":{"@id":"https:\/\/www.fundacioires.org\/#organization"},"potentialAction":[{"@type":"SearchAction","target":{"@type":"EntryPoint","urlTemplate":"https:\/\/www.fundacioires.org\/?s={search_term_string}"},"query-input":{"@type":"PropertyValueSpecification","valueRequired":true,"valueName":"search_term_string"}}],"inLanguage":"ca-ES"},{"@type":"Organization","@id":"https:\/\/www.fundacioires.org\/#organization","name":"Fundanci\u00f3n IRES","url":"https:\/\/www.fundacioires.org\/","logo":{"@type":"ImageObject","inLanguage":"ca-ES","@id":"https:\/\/www.fundacioires.org\/#\/schema\/logo\/image\/","url":"https:\/\/i0.wp.com\/www.fundacioires.org\/wp-content\/uploads\/faviconIRES.png?fit=32%2C32&ssl=1","contentUrl":"https:\/\/i0.wp.com\/www.fundacioires.org\/wp-content\/uploads\/faviconIRES.png?fit=32%2C32&ssl=1","width":32,"height":32,"caption":"Fundanci\u00f3n IRES"},"image":{"@id":"https:\/\/www.fundacioires.org\/#\/schema\/logo\/image\/"}},{"@type":"Person","@id":"https:\/\/www.fundacioires.org\/#\/schema\/person\/160af843c565221ef4664a5c7000791c","name":"Fundaci\u00f3 IRES"}]}},"jetpack_featured_media_url":"https:\/\/i0.wp.com\/www.fundacioires.org\/wp-content\/uploads\/PLANTILLA-NOTIS-WEB-20-1.jpg?fit=900%2C471&ssl=1","jetpack_sharing_enabled":true,"_links":{"self":[{"href":"https:\/\/www.fundacioires.org\/ca\/wp-json\/wp\/v2\/posts\/61647","targetHints":{"allow":["GET"]}}],"collection":[{"href":"https:\/\/www.fundacioires.org\/ca\/wp-json\/wp\/v2\/posts"}],"about":[{"href":"https:\/\/www.fundacioires.org\/ca\/wp-json\/wp\/v2\/types\/post"}],"author":[{"embeddable":true,"href":"https:\/\/www.fundacioires.org\/ca\/wp-json\/wp\/v2\/users\/7"}],"replies":[{"embeddable":true,"href":"https:\/\/www.fundacioires.org\/ca\/wp-json\/wp\/v2\/comments?post=61647"}],"version-history":[{"count":5,"href":"https:\/\/www.fundacioires.org\/ca\/wp-json\/wp\/v2\/posts\/61647\/revisions"}],"predecessor-version":[{"id":61661,"href":"https:\/\/www.fundacioires.org\/ca\/wp-json\/wp\/v2\/posts\/61647\/revisions\/61661"}],"wp:featuredmedia":[{"embeddable":true,"href":"https:\/\/www.fundacioires.org\/ca\/wp-json\/wp\/v2\/media\/61649"}],"wp:attachment":[{"href":"https:\/\/www.fundacioires.org\/ca\/wp-json\/wp\/v2\/media?parent=61647"}],"wp:term":[{"taxonomy":"category","embeddable":true,"href":"https:\/\/www.fundacioires.org\/ca\/wp-json\/wp\/v2\/categories?post=61647"},{"taxonomy":"post_tag","embeddable":true,"href":"https:\/\/www.fundacioires.org\/ca\/wp-json\/wp\/v2\/tags?post=61647"}],"curies":[{"name":"wp","href":"https:\/\/api.w.org\/{rel}","templated":true}]}}