{"id":61668,"date":"2024-07-18T14:06:11","date_gmt":"2024-07-18T12:06:11","guid":{"rendered":"https:\/\/www.fundacioires.org\/?p=61668"},"modified":"2025-02-28T13:22:48","modified_gmt":"2025-02-28T12:22:48","slug":"la-festa-destiu-del-projecte-trobem-nos","status":"publish","type":"post","link":"https:\/\/www.fundacioires.org\/ca\/la-festa-destiu-del-projecte-trobem-nos\/","title":{"rendered":"La festa d\u2019estiu del Projecte Trobem-nos"},"content":{"rendered":"\n<p>El passat 30 de juny, el Projecte Trobem-nos vam celebrar La Festa d\u2019Estiu a Torre Jussana, un espai amb molt encant que ens va permetre poder portar a terme les diferents activitats que ten\u00edem previstes per aquesta trobada. Vam iniciar el dia amb l\u2019art del Samir (@emcirimas) que ens va encisar amb la seva poesia i, seguidament, vam poder gaudir del concert del Seny (@thiarecland) i el Diaga.<\/p>\n\n\n\n<p>Despr\u00e9s del concert, vam poder tastar un pica-pica variat amb menjar t\u00edpic de diferents pa\u00efsos, elaborat per les diferents persones usu\u00e0ries del projecte. Aquest pica-pica ens va permetre con\u00e8ixer i apreciar les tradicions culin\u00e0ries de diverses parts del m\u00f3n. A continuaci\u00f3, la festa va seguir amb un Bingo Musical, una activitat que va fer riure i participar a tothom&#8230; A m\u00e9s, ens va permetre descobrir que entre nosaltres hi ha unes quantes cantants!!!<\/p>\n\n\n<div class=\"wp-block-image\">\n<figure class=\"aligncenter size-large is-resized\"><img data-recalc-dims=\"1\" loading=\"lazy\" decoding=\"async\" width=\"1024\" height=\"536\" src=\"https:\/\/i0.wp.com\/www.fundacioires.org\/wp-content\/uploads\/PLANTILLA-NOTIS-WEB-21-1.jpg?resize=1024%2C536&#038;ssl=1\" alt=\"\" class=\"wp-image-61670\" style=\"width:633px;height:auto\" srcset=\"https:\/\/i0.wp.com\/www.fundacioires.org\/wp-content\/uploads\/PLANTILLA-NOTIS-WEB-21-1.jpg?resize=1024%2C536&amp;ssl=1 1024w, https:\/\/i0.wp.com\/www.fundacioires.org\/wp-content\/uploads\/PLANTILLA-NOTIS-WEB-21-1.jpg?resize=300%2C157&amp;ssl=1 300w, https:\/\/i0.wp.com\/www.fundacioires.org\/wp-content\/uploads\/PLANTILLA-NOTIS-WEB-21-1.jpg?resize=768%2C402&amp;ssl=1 768w, https:\/\/i0.wp.com\/www.fundacioires.org\/wp-content\/uploads\/PLANTILLA-NOTIS-WEB-21-1.jpg?w=1200&amp;ssl=1 1200w\" sizes=\"(max-width: 1000px) 100vw, 1000px\" \/><\/figure>\n<\/div>\n\n\n<p>Finalment, vam projectar un v\u00eddeo sorpresa que recollia les fotografies de les diverses activitats que hem dut a terme durant l\u2019any, immortalitzant els moments m\u00e9s especials i les experi\u00e8ncies compartides pel grup. Algunes de les persones usu\u00e0ries del projecte van aprofitar aquest v\u00eddeo per dedicar unes paraules i expressar la seva gratitud per les viv\u00e8ncies i els vincles creats al llarg del curs.<\/p>\n\n\n\n<p><strong>Testimoni d\u2019una usu\u00e0ria del Trobem-nos<\/strong>: \u201c<em>Asistir a&nbsp; la fiesta de fin de curso es una oportunidad de encontrarme con las amigas y compa\u00f1eras de diferentes actividades que hemos realizado durante el a\u00f1o, es un lugar de encuentro relajado, alegre y l\u00fadico donde compartimos parte de nuestras culturas en lo culinario, art\u00edstico y personal. Nos alegra mucho este encuentro, por eso lo esperamos con mucho cari\u00f1o. Gracias por darnos la oportunidad de compartir y ser felices.\u201d<\/em><\/p>\n\n\n\n<p>Estem molt contentes i satisfetes, ja que aquesta celebraci\u00f3 no nom\u00e9s va permetre viure una jornada festiva, sin\u00f3 tamb\u00e9 recon\u00e8ixer i valorar la import\u00e0ncia de les relacions i el suport mutu que caracteritzen el Trobem-nos. Volem agrair la implicaci\u00f3 de totes les persones que hi van participar i que estimen tant com nosaltres el projecte.<\/p>\n\n\n\n<p>Aquest servei compta amb el recolzament del <strong>Departament de Drets Socials de la Generalitat de Catalunya<\/strong> i de la <strong>Diputaci\u00f3 de Barcelona<\/strong><\/p>\n\n\n\n<div class=\"wp-block-columns is-layout-flex wp-container-core-columns-is-layout-9d6595d7 wp-block-columns-is-layout-flex\">\n<div class=\"wp-block-column is-layout-flow wp-block-column-is-layout-flow\">\n<figure class=\"wp-block-image size-full is-resized\"><img data-recalc-dims=\"1\" loading=\"lazy\" decoding=\"async\" width=\"513\" height=\"170\" src=\"https:\/\/i0.wp.com\/www.fundacioires.org\/wp-content\/uploads\/image-16.png?resize=513%2C170&#038;ssl=1\" alt=\"\" class=\"wp-image-69078\" style=\"width:296px;height:auto\" srcset=\"https:\/\/i0.wp.com\/www.fundacioires.org\/wp-content\/uploads\/image-16.png?w=513&amp;ssl=1 513w, https:\/\/i0.wp.com\/www.fundacioires.org\/wp-content\/uploads\/image-16.png?resize=300%2C99&amp;ssl=1 300w\" sizes=\"(max-width: 513px) 100vw, 513px\" \/><\/figure>\n<\/div>\n\n\n\n<div class=\"wp-block-column is-layout-flow wp-block-column-is-layout-flow\">\n<figure class=\"wp-block-image size-full\"><img data-recalc-dims=\"1\" loading=\"lazy\" decoding=\"async\" width=\"325\" height=\"78\" src=\"https:\/\/i0.wp.com\/www.fundacioires.org\/wp-content\/uploads\/WhatsApp-Image-2024-12-19-at-13.14.06.jpeg?resize=325%2C78&#038;ssl=1\" alt=\"\" class=\"wp-image-66324\" srcset=\"https:\/\/i0.wp.com\/www.fundacioires.org\/wp-content\/uploads\/WhatsApp-Image-2024-12-19-at-13.14.06.jpeg?w=325&amp;ssl=1 325w, https:\/\/i0.wp.com\/www.fundacioires.org\/wp-content\/uploads\/WhatsApp-Image-2024-12-19-at-13.14.06.jpeg?resize=300%2C72&amp;ssl=1 300w\" sizes=\"(max-width: 325px) 100vw, 325px\" \/><\/figure>\n<\/div>\n<\/div>\n","protected":false},"excerpt":{"rendered":"<p>Acomiadem el curs 2023-24 amb una diada a Torre Jussana amb les persones usu\u00e0ries i t\u00e8cniques del Projecte Trobem-nos.<\/p>\n","protected":false},"author":7,"featured_media":61672,"comment_status":"closed","ping_status":"open","sticky":false,"template":"","format":"standard","meta":{"_jetpack_memberships_contains_paid_content":false,"footnotes":""},"categories":[19],"tags":[],"class_list":["post-61668","post","type-post","status-publish","format-standard","has-post-thumbnail","hentry","category-ires-blog"],"yoast_head":"<!-- This site is optimized with the Yoast SEO plugin v27.4 - https:\/\/yoast.com\/product\/yoast-seo-wordpress\/ -->\n<title>La festa d\u2019estiu del Projecte Trobem-nos - Fundaci\u00f3 IRES<\/title>\n<meta name=\"description\" content=\"Acomiadem el curs 2023-24 amb una diada a Torre Jussana amb les persones usu\u00e0ries i t\u00e8cniques del Projecte Trobem-nos.\" \/>\n<meta name=\"robots\" content=\"index, follow, max-snippet:-1, max-image-preview:large, max-video-preview:-1\" \/>\n<link rel=\"canonical\" href=\"https:\/\/www.fundacioires.org\/ca\/la-festa-destiu-del-projecte-trobem-nos\/\" \/>\n<meta property=\"og:locale\" content=\"ca_ES\" \/>\n<meta property=\"og:type\" content=\"article\" \/>\n<meta property=\"og:title\" content=\"La festa d\u2019estiu del Projecte Trobem-nos - Fundaci\u00f3 IRES\" \/>\n<meta property=\"og:description\" content=\"Acomiadem el curs 2023-24 amb una diada a Torre Jussana amb les persones usu\u00e0ries i t\u00e8cniques del Projecte Trobem-nos.\" \/>\n<meta property=\"og:url\" content=\"https:\/\/www.fundacioires.org\/ca\/la-festa-destiu-del-projecte-trobem-nos\/\" \/>\n<meta property=\"og:site_name\" content=\"Fundaci\u00f3 IRES\" \/>\n<meta property=\"article:published_time\" content=\"2024-07-18T12:06:11+00:00\" \/>\n<meta property=\"article:modified_time\" content=\"2025-02-28T12:22:48+00:00\" \/>\n<meta property=\"og:image\" content=\"https:\/\/www.fundacioires.org\/wp-content\/uploads\/PLANTILLA-NOTIS-WEB-22-1.jpg\" \/>\n\t<meta property=\"og:image:width\" content=\"1200\" \/>\n\t<meta property=\"og:image:height\" content=\"628\" \/>\n\t<meta property=\"og:image:type\" content=\"image\/jpeg\" \/>\n<meta name=\"author\" content=\"Fundaci\u00f3 IRES\" \/>\n<meta name=\"twitter:card\" content=\"summary_large_image\" \/>\n<meta name=\"twitter:label1\" content=\"Written by\" \/>\n\t<meta name=\"twitter:data1\" content=\"Fundaci\u00f3 IRES\" \/>\n\t<meta name=\"twitter:label2\" content=\"Est. reading time\" \/>\n\t<meta name=\"twitter:data2\" content=\"3 minutes\" \/>\n<script type=\"application\/ld+json\" class=\"yoast-schema-graph\">{\"@context\":\"https:\\\/\\\/schema.org\",\"@graph\":[{\"@type\":\"Article\",\"@id\":\"https:\\\/\\\/www.fundacioires.org\\\/ca\\\/la-festa-destiu-del-projecte-trobem-nos\\\/#article\",\"isPartOf\":{\"@id\":\"https:\\\/\\\/www.fundacioires.org\\\/ca\\\/la-festa-destiu-del-projecte-trobem-nos\\\/\"},\"author\":{\"name\":\"Fundaci\u00f3 IRES\",\"@id\":\"https:\\\/\\\/www.fundacioires.org\\\/#\\\/schema\\\/person\\\/160af843c565221ef4664a5c7000791c\"},\"headline\":\"La festa d\u2019estiu del Projecte Trobem-nos\",\"datePublished\":\"2024-07-18T12:06:11+00:00\",\"dateModified\":\"2025-02-28T12:22:48+00:00\",\"mainEntityOfPage\":{\"@id\":\"https:\\\/\\\/www.fundacioires.org\\\/ca\\\/la-festa-destiu-del-projecte-trobem-nos\\\/\"},\"wordCount\":391,\"publisher\":{\"@id\":\"https:\\\/\\\/www.fundacioires.org\\\/#organization\"},\"image\":{\"@id\":\"https:\\\/\\\/www.fundacioires.org\\\/ca\\\/la-festa-destiu-del-projecte-trobem-nos\\\/#primaryimage\"},\"thumbnailUrl\":\"https:\\\/\\\/i0.wp.com\\\/www.fundacioires.org\\\/wp-content\\\/uploads\\\/PLANTILLA-NOTIS-WEB-22-1.jpg?fit=1200%2C628&ssl=1\",\"articleSection\":[\"IRES-Blog\"],\"inLanguage\":\"ca-ES\"},{\"@type\":\"WebPage\",\"@id\":\"https:\\\/\\\/www.fundacioires.org\\\/ca\\\/la-festa-destiu-del-projecte-trobem-nos\\\/\",\"url\":\"https:\\\/\\\/www.fundacioires.org\\\/ca\\\/la-festa-destiu-del-projecte-trobem-nos\\\/\",\"name\":\"La festa d\u2019estiu del Projecte Trobem-nos - Fundaci\u00f3 IRES\",\"isPartOf\":{\"@id\":\"https:\\\/\\\/www.fundacioires.org\\\/#website\"},\"primaryImageOfPage\":{\"@id\":\"https:\\\/\\\/www.fundacioires.org\\\/ca\\\/la-festa-destiu-del-projecte-trobem-nos\\\/#primaryimage\"},\"image\":{\"@id\":\"https:\\\/\\\/www.fundacioires.org\\\/ca\\\/la-festa-destiu-del-projecte-trobem-nos\\\/#primaryimage\"},\"thumbnailUrl\":\"https:\\\/\\\/i0.wp.com\\\/www.fundacioires.org\\\/wp-content\\\/uploads\\\/PLANTILLA-NOTIS-WEB-22-1.jpg?fit=1200%2C628&ssl=1\",\"datePublished\":\"2024-07-18T12:06:11+00:00\",\"dateModified\":\"2025-02-28T12:22:48+00:00\",\"description\":\"Acomiadem el curs 2023-24 amb una diada a Torre Jussana amb les persones usu\u00e0ries i t\u00e8cniques del Projecte Trobem-nos.\",\"breadcrumb\":{\"@id\":\"https:\\\/\\\/www.fundacioires.org\\\/ca\\\/la-festa-destiu-del-projecte-trobem-nos\\\/#breadcrumb\"},\"inLanguage\":\"ca-ES\",\"potentialAction\":[{\"@type\":\"ReadAction\",\"target\":[\"https:\\\/\\\/www.fundacioires.org\\\/ca\\\/la-festa-destiu-del-projecte-trobem-nos\\\/\"]}]},{\"@type\":\"ImageObject\",\"inLanguage\":\"ca-ES\",\"@id\":\"https:\\\/\\\/www.fundacioires.org\\\/ca\\\/la-festa-destiu-del-projecte-trobem-nos\\\/#primaryimage\",\"url\":\"https:\\\/\\\/i0.wp.com\\\/www.fundacioires.org\\\/wp-content\\\/uploads\\\/PLANTILLA-NOTIS-WEB-22-1.jpg?fit=1200%2C628&ssl=1\",\"contentUrl\":\"https:\\\/\\\/i0.wp.com\\\/www.fundacioires.org\\\/wp-content\\\/uploads\\\/PLANTILLA-NOTIS-WEB-22-1.jpg?fit=1200%2C628&ssl=1\",\"width\":1200,\"height\":628},{\"@type\":\"BreadcrumbList\",\"@id\":\"https:\\\/\\\/www.fundacioires.org\\\/ca\\\/la-festa-destiu-del-projecte-trobem-nos\\\/#breadcrumb\",\"itemListElement\":[{\"@type\":\"ListItem\",\"position\":1,\"name\":\"Portada\",\"item\":\"https:\\\/\\\/www.fundacioires.org\\\/\"},{\"@type\":\"ListItem\",\"position\":2,\"name\":\"La festa d\u2019estiu del Projecte Trobem-nos\"}]},{\"@type\":\"WebSite\",\"@id\":\"https:\\\/\\\/www.fundacioires.org\\\/#website\",\"url\":\"https:\\\/\\\/www.fundacioires.org\\\/\",\"name\":\"Fundaci\u00f3 IRES\",\"description\":\"\",\"publisher\":{\"@id\":\"https:\\\/\\\/www.fundacioires.org\\\/#organization\"},\"potentialAction\":[{\"@type\":\"SearchAction\",\"target\":{\"@type\":\"EntryPoint\",\"urlTemplate\":\"https:\\\/\\\/www.fundacioires.org\\\/?s={search_term_string}\"},\"query-input\":{\"@type\":\"PropertyValueSpecification\",\"valueRequired\":true,\"valueName\":\"search_term_string\"}}],\"inLanguage\":\"ca-ES\"},{\"@type\":\"Organization\",\"@id\":\"https:\\\/\\\/www.fundacioires.org\\\/#organization\",\"name\":\"Fundanci\u00f3n IRES\",\"url\":\"https:\\\/\\\/www.fundacioires.org\\\/\",\"logo\":{\"@type\":\"ImageObject\",\"inLanguage\":\"ca-ES\",\"@id\":\"https:\\\/\\\/www.fundacioires.org\\\/#\\\/schema\\\/logo\\\/image\\\/\",\"url\":\"https:\\\/\\\/i0.wp.com\\\/www.fundacioires.org\\\/wp-content\\\/uploads\\\/faviconIRES.png?fit=32%2C32&ssl=1\",\"contentUrl\":\"https:\\\/\\\/i0.wp.com\\\/www.fundacioires.org\\\/wp-content\\\/uploads\\\/faviconIRES.png?fit=32%2C32&ssl=1\",\"width\":32,\"height\":32,\"caption\":\"Fundanci\u00f3n IRES\"},\"image\":{\"@id\":\"https:\\\/\\\/www.fundacioires.org\\\/#\\\/schema\\\/logo\\\/image\\\/\"}},{\"@type\":\"Person\",\"@id\":\"https:\\\/\\\/www.fundacioires.org\\\/#\\\/schema\\\/person\\\/160af843c565221ef4664a5c7000791c\",\"name\":\"Fundaci\u00f3 IRES\"}]}<\/script>\n<!-- \/ Yoast SEO plugin. -->","yoast_head_json":{"title":"La festa d\u2019estiu del Projecte Trobem-nos - Fundaci\u00f3 IRES","description":"Acomiadem el curs 2023-24 amb una diada a Torre Jussana amb les persones usu\u00e0ries i t\u00e8cniques del Projecte Trobem-nos.","robots":{"index":"index","follow":"follow","max-snippet":"max-snippet:-1","max-image-preview":"max-image-preview:large","max-video-preview":"max-video-preview:-1"},"canonical":"https:\/\/www.fundacioires.org\/ca\/la-festa-destiu-del-projecte-trobem-nos\/","og_locale":"ca_ES","og_type":"article","og_title":"La festa d\u2019estiu del Projecte Trobem-nos - Fundaci\u00f3 IRES","og_description":"Acomiadem el curs 2023-24 amb una diada a Torre Jussana amb les persones usu\u00e0ries i t\u00e8cniques del Projecte Trobem-nos.","og_url":"https:\/\/www.fundacioires.org\/ca\/la-festa-destiu-del-projecte-trobem-nos\/","og_site_name":"Fundaci\u00f3 IRES","article_published_time":"2024-07-18T12:06:11+00:00","article_modified_time":"2025-02-28T12:22:48+00:00","og_image":[{"width":1200,"height":628,"url":"https:\/\/www.fundacioires.org\/wp-content\/uploads\/PLANTILLA-NOTIS-WEB-22-1.jpg","type":"image\/jpeg"}],"author":"Fundaci\u00f3 IRES","twitter_card":"summary_large_image","twitter_misc":{"Written by":"Fundaci\u00f3 IRES","Est. reading time":"3 minutes"},"schema":{"@context":"https:\/\/schema.org","@graph":[{"@type":"Article","@id":"https:\/\/www.fundacioires.org\/ca\/la-festa-destiu-del-projecte-trobem-nos\/#article","isPartOf":{"@id":"https:\/\/www.fundacioires.org\/ca\/la-festa-destiu-del-projecte-trobem-nos\/"},"author":{"name":"Fundaci\u00f3 IRES","@id":"https:\/\/www.fundacioires.org\/#\/schema\/person\/160af843c565221ef4664a5c7000791c"},"headline":"La festa d\u2019estiu del Projecte Trobem-nos","datePublished":"2024-07-18T12:06:11+00:00","dateModified":"2025-02-28T12:22:48+00:00","mainEntityOfPage":{"@id":"https:\/\/www.fundacioires.org\/ca\/la-festa-destiu-del-projecte-trobem-nos\/"},"wordCount":391,"publisher":{"@id":"https:\/\/www.fundacioires.org\/#organization"},"image":{"@id":"https:\/\/www.fundacioires.org\/ca\/la-festa-destiu-del-projecte-trobem-nos\/#primaryimage"},"thumbnailUrl":"https:\/\/i0.wp.com\/www.fundacioires.org\/wp-content\/uploads\/PLANTILLA-NOTIS-WEB-22-1.jpg?fit=1200%2C628&ssl=1","articleSection":["IRES-Blog"],"inLanguage":"ca-ES"},{"@type":"WebPage","@id":"https:\/\/www.fundacioires.org\/ca\/la-festa-destiu-del-projecte-trobem-nos\/","url":"https:\/\/www.fundacioires.org\/ca\/la-festa-destiu-del-projecte-trobem-nos\/","name":"La festa d\u2019estiu del Projecte Trobem-nos - Fundaci\u00f3 IRES","isPartOf":{"@id":"https:\/\/www.fundacioires.org\/#website"},"primaryImageOfPage":{"@id":"https:\/\/www.fundacioires.org\/ca\/la-festa-destiu-del-projecte-trobem-nos\/#primaryimage"},"image":{"@id":"https:\/\/www.fundacioires.org\/ca\/la-festa-destiu-del-projecte-trobem-nos\/#primaryimage"},"thumbnailUrl":"https:\/\/i0.wp.com\/www.fundacioires.org\/wp-content\/uploads\/PLANTILLA-NOTIS-WEB-22-1.jpg?fit=1200%2C628&ssl=1","datePublished":"2024-07-18T12:06:11+00:00","dateModified":"2025-02-28T12:22:48+00:00","description":"Acomiadem el curs 2023-24 amb una diada a Torre Jussana amb les persones usu\u00e0ries i t\u00e8cniques del Projecte Trobem-nos.","breadcrumb":{"@id":"https:\/\/www.fundacioires.org\/ca\/la-festa-destiu-del-projecte-trobem-nos\/#breadcrumb"},"inLanguage":"ca-ES","potentialAction":[{"@type":"ReadAction","target":["https:\/\/www.fundacioires.org\/ca\/la-festa-destiu-del-projecte-trobem-nos\/"]}]},{"@type":"ImageObject","inLanguage":"ca-ES","@id":"https:\/\/www.fundacioires.org\/ca\/la-festa-destiu-del-projecte-trobem-nos\/#primaryimage","url":"https:\/\/i0.wp.com\/www.fundacioires.org\/wp-content\/uploads\/PLANTILLA-NOTIS-WEB-22-1.jpg?fit=1200%2C628&ssl=1","contentUrl":"https:\/\/i0.wp.com\/www.fundacioires.org\/wp-content\/uploads\/PLANTILLA-NOTIS-WEB-22-1.jpg?fit=1200%2C628&ssl=1","width":1200,"height":628},{"@type":"BreadcrumbList","@id":"https:\/\/www.fundacioires.org\/ca\/la-festa-destiu-del-projecte-trobem-nos\/#breadcrumb","itemListElement":[{"@type":"ListItem","position":1,"name":"Portada","item":"https:\/\/www.fundacioires.org\/"},{"@type":"ListItem","position":2,"name":"La festa d\u2019estiu del Projecte Trobem-nos"}]},{"@type":"WebSite","@id":"https:\/\/www.fundacioires.org\/#website","url":"https:\/\/www.fundacioires.org\/","name":"Fundaci\u00f3 IRES","description":"","publisher":{"@id":"https:\/\/www.fundacioires.org\/#organization"},"potentialAction":[{"@type":"SearchAction","target":{"@type":"EntryPoint","urlTemplate":"https:\/\/www.fundacioires.org\/?s={search_term_string}"},"query-input":{"@type":"PropertyValueSpecification","valueRequired":true,"valueName":"search_term_string"}}],"inLanguage":"ca-ES"},{"@type":"Organization","@id":"https:\/\/www.fundacioires.org\/#organization","name":"Fundanci\u00f3n IRES","url":"https:\/\/www.fundacioires.org\/","logo":{"@type":"ImageObject","inLanguage":"ca-ES","@id":"https:\/\/www.fundacioires.org\/#\/schema\/logo\/image\/","url":"https:\/\/i0.wp.com\/www.fundacioires.org\/wp-content\/uploads\/faviconIRES.png?fit=32%2C32&ssl=1","contentUrl":"https:\/\/i0.wp.com\/www.fundacioires.org\/wp-content\/uploads\/faviconIRES.png?fit=32%2C32&ssl=1","width":32,"height":32,"caption":"Fundanci\u00f3n IRES"},"image":{"@id":"https:\/\/www.fundacioires.org\/#\/schema\/logo\/image\/"}},{"@type":"Person","@id":"https:\/\/www.fundacioires.org\/#\/schema\/person\/160af843c565221ef4664a5c7000791c","name":"Fundaci\u00f3 IRES"}]}},"jetpack_featured_media_url":"https:\/\/i0.wp.com\/www.fundacioires.org\/wp-content\/uploads\/PLANTILLA-NOTIS-WEB-22-1.jpg?fit=1200%2C628&ssl=1","jetpack_sharing_enabled":true,"_links":{"self":[{"href":"https:\/\/www.fundacioires.org\/ca\/wp-json\/wp\/v2\/posts\/61668","targetHints":{"allow":["GET"]}}],"collection":[{"href":"https:\/\/www.fundacioires.org\/ca\/wp-json\/wp\/v2\/posts"}],"about":[{"href":"https:\/\/www.fundacioires.org\/ca\/wp-json\/wp\/v2\/types\/post"}],"author":[{"embeddable":true,"href":"https:\/\/www.fundacioires.org\/ca\/wp-json\/wp\/v2\/users\/7"}],"replies":[{"embeddable":true,"href":"https:\/\/www.fundacioires.org\/ca\/wp-json\/wp\/v2\/comments?post=61668"}],"version-history":[{"count":3,"href":"https:\/\/www.fundacioires.org\/ca\/wp-json\/wp\/v2\/posts\/61668\/revisions"}],"predecessor-version":[{"id":69092,"href":"https:\/\/www.fundacioires.org\/ca\/wp-json\/wp\/v2\/posts\/61668\/revisions\/69092"}],"wp:featuredmedia":[{"embeddable":true,"href":"https:\/\/www.fundacioires.org\/ca\/wp-json\/wp\/v2\/media\/61672"}],"wp:attachment":[{"href":"https:\/\/www.fundacioires.org\/ca\/wp-json\/wp\/v2\/media?parent=61668"}],"wp:term":[{"taxonomy":"category","embeddable":true,"href":"https:\/\/www.fundacioires.org\/ca\/wp-json\/wp\/v2\/categories?post=61668"},{"taxonomy":"post_tag","embeddable":true,"href":"https:\/\/www.fundacioires.org\/ca\/wp-json\/wp\/v2\/tags?post=61668"}],"curies":[{"name":"wp","href":"https:\/\/api.w.org\/{rel}","templated":true}]}}