{"id":61833,"date":"2024-08-20T16:31:05","date_gmt":"2024-08-20T14:31:05","guid":{"rendered":"https:\/\/www.fundacioires.org\/?p=61833"},"modified":"2024-08-20T16:52:33","modified_gmt":"2024-08-20T14:52:33","slug":"casal-destiu-subvencionat-com-a-unica-opcio-dacces-a-lleure","status":"publish","type":"post","link":"https:\/\/www.fundacioires.org\/ca\/casal-destiu-subvencionat-com-a-unica-opcio-dacces-a-lleure\/","title":{"rendered":"Casal d\u2019estiu subvencionat com a \u00fanica opci\u00f3 d\u2019acc\u00e9s a lleure"},"content":{"rendered":"\n<p class=\"has-text-align-left\">Raquel Gonz\u00e0lez, Coordinadora de la Taula\u202fProinf\u00e0ncia\u202fla Pau-Verneda, t\u00e8cnica i cap de projecte del projecte Caixa\u202fProinf\u00e0ncia\u202fde l&#8217;ecosistema de Sant Mart\u00ed de la Fundaci\u00f3 Ires. Graduada en Educaci\u00f3 Social.<\/p>\n\n\n\n<p class=\"has-text-align-left\"><strong>En un context d\u2019alta vulnerabilitat com el que viuen les fam\u00edlies del territori de Sant Mart\u00ed,\u00a0<\/strong>les activitats d\u2019estiu proporcionen als infants i joves uns beneficis imprescindibles per al desenvolupament de compet\u00e8ncies per a la vida i, especialment, per al seu benestar socioemocional. <\/p>\n\n\n\n<p class=\"has-text-align-left\"><strong>\u00c9s per aquest motiu que des del programa\u00a0CaixaProinf\u00e0ncia\u00a0i Fundaci\u00f3 IRES\u00a0<\/strong>duem a terme el casal d\u2019estiu durant el mes d\u2019agost, ja que pr\u00e8viament s\u2019ha fet un cribratge de les diferents ofertes del territori i veiem que al juliol existeixen m\u00e9s possibilitats, mentre que l\u2019agost queda totalment desprotegit. <\/p>\n\n\n\n<p>Recupereu la not\u00edcia completa a la web de Social.cat!<\/p>\n\n\n\n<div class=\"wp-block-buttons is-layout-flex wp-block-buttons-is-layout-flex\">\n<div class=\"wp-block-button is-style-outline is-style-outline--1\"><a class=\"wp-block-button__link has-white-background-color has-text-color has-background has-link-color wp-element-button\" href=\"https:\/\/www.social.cat\/opinio\/21541\/casal-estiu-subvencionat-unica-opcio-acces-lleure\" style=\"border-radius:75px;color:#1cab8b\">Llegeix l&#8217;article<\/a><\/div>\n<\/div>\n","protected":false},"excerpt":{"rendered":"<p>&#8220;Existeix el risc que els casals esdevinguin un espai de reproducci\u00f3 de desigualtats socials&#8221;<\/p>\n","protected":false},"author":7,"featured_media":61834,"comment_status":"closed","ping_status":"open","sticky":false,"template":"","format":"standard","meta":{"_jetpack_memberships_contains_paid_content":false,"footnotes":""},"categories":[19],"tags":[],"class_list":["post-61833","post","type-post","status-publish","format-standard","has-post-thumbnail","hentry","category-ires-blog"],"yoast_head":"<!-- This site is optimized with the Yoast SEO plugin v27.4 - https:\/\/yoast.com\/product\/yoast-seo-wordpress\/ -->\n<title>Casal d\u2019estiu subvencionat com a \u00fanica opci\u00f3 d\u2019acc\u00e9s a lleure - Fundaci\u00f3 IRES<\/title>\n<meta name=\"robots\" content=\"index, follow, max-snippet:-1, max-image-preview:large, max-video-preview:-1\" \/>\n<link rel=\"canonical\" href=\"https:\/\/www.fundacioires.org\/ca\/casal-destiu-subvencionat-com-a-unica-opcio-dacces-a-lleure\/\" \/>\n<meta property=\"og:locale\" content=\"ca_ES\" \/>\n<meta property=\"og:type\" content=\"article\" \/>\n<meta property=\"og:title\" content=\"Casal d\u2019estiu subvencionat com a \u00fanica opci\u00f3 d\u2019acc\u00e9s a lleure - Fundaci\u00f3 IRES\" \/>\n<meta property=\"og:description\" content=\"&quot;Existeix el risc que els casals esdevinguin un espai de reproducci\u00f3 de desigualtats socials&quot;\" \/>\n<meta property=\"og:url\" content=\"https:\/\/www.fundacioires.org\/ca\/casal-destiu-subvencionat-com-a-unica-opcio-dacces-a-lleure\/\" \/>\n<meta property=\"og:site_name\" content=\"Fundaci\u00f3 IRES\" \/>\n<meta property=\"article:published_time\" content=\"2024-08-20T14:31:05+00:00\" \/>\n<meta property=\"article:modified_time\" content=\"2024-08-20T14:52:33+00:00\" \/>\n<meta property=\"og:image\" content=\"https:\/\/www.fundacioires.org\/wp-content\/uploads\/PLANTILLA-NOTIS-WEB-1-5.jpg\" \/>\n\t<meta property=\"og:image:width\" content=\"1200\" \/>\n\t<meta property=\"og:image:height\" content=\"628\" \/>\n\t<meta property=\"og:image:type\" content=\"image\/jpeg\" \/>\n<meta name=\"author\" content=\"Fundaci\u00f3 IRES\" \/>\n<meta name=\"twitter:card\" content=\"summary_large_image\" \/>\n<meta name=\"twitter:label1\" content=\"Written by\" \/>\n\t<meta name=\"twitter:data1\" content=\"Fundaci\u00f3 IRES\" \/>\n\t<meta name=\"twitter:label2\" content=\"Est. reading time\" \/>\n\t<meta name=\"twitter:data2\" content=\"1 minute\" \/>\n<script type=\"application\/ld+json\" class=\"yoast-schema-graph\">{\"@context\":\"https:\\\/\\\/schema.org\",\"@graph\":[{\"@type\":\"Article\",\"@id\":\"https:\\\/\\\/www.fundacioires.org\\\/ca\\\/casal-destiu-subvencionat-com-a-unica-opcio-dacces-a-lleure\\\/#article\",\"isPartOf\":{\"@id\":\"https:\\\/\\\/www.fundacioires.org\\\/ca\\\/casal-destiu-subvencionat-com-a-unica-opcio-dacces-a-lleure\\\/\"},\"author\":{\"name\":\"Fundaci\u00f3 IRES\",\"@id\":\"https:\\\/\\\/www.fundacioires.org\\\/#\\\/schema\\\/person\\\/160af843c565221ef4664a5c7000791c\"},\"headline\":\"Casal d\u2019estiu subvencionat com a \u00fanica opci\u00f3 d\u2019acc\u00e9s a lleure\",\"datePublished\":\"2024-08-20T14:31:05+00:00\",\"dateModified\":\"2024-08-20T14:52:33+00:00\",\"mainEntityOfPage\":{\"@id\":\"https:\\\/\\\/www.fundacioires.org\\\/ca\\\/casal-destiu-subvencionat-com-a-unica-opcio-dacces-a-lleure\\\/\"},\"wordCount\":166,\"publisher\":{\"@id\":\"https:\\\/\\\/www.fundacioires.org\\\/#organization\"},\"image\":{\"@id\":\"https:\\\/\\\/www.fundacioires.org\\\/ca\\\/casal-destiu-subvencionat-com-a-unica-opcio-dacces-a-lleure\\\/#primaryimage\"},\"thumbnailUrl\":\"https:\\\/\\\/i0.wp.com\\\/www.fundacioires.org\\\/wp-content\\\/uploads\\\/PLANTILLA-NOTIS-WEB-1-5.jpg?fit=1200%2C628&ssl=1\",\"articleSection\":[\"IRES-Blog\"],\"inLanguage\":\"ca-ES\"},{\"@type\":\"WebPage\",\"@id\":\"https:\\\/\\\/www.fundacioires.org\\\/ca\\\/casal-destiu-subvencionat-com-a-unica-opcio-dacces-a-lleure\\\/\",\"url\":\"https:\\\/\\\/www.fundacioires.org\\\/ca\\\/casal-destiu-subvencionat-com-a-unica-opcio-dacces-a-lleure\\\/\",\"name\":\"Casal d\u2019estiu subvencionat com a \u00fanica opci\u00f3 d\u2019acc\u00e9s a lleure - Fundaci\u00f3 IRES\",\"isPartOf\":{\"@id\":\"https:\\\/\\\/www.fundacioires.org\\\/#website\"},\"primaryImageOfPage\":{\"@id\":\"https:\\\/\\\/www.fundacioires.org\\\/ca\\\/casal-destiu-subvencionat-com-a-unica-opcio-dacces-a-lleure\\\/#primaryimage\"},\"image\":{\"@id\":\"https:\\\/\\\/www.fundacioires.org\\\/ca\\\/casal-destiu-subvencionat-com-a-unica-opcio-dacces-a-lleure\\\/#primaryimage\"},\"thumbnailUrl\":\"https:\\\/\\\/i0.wp.com\\\/www.fundacioires.org\\\/wp-content\\\/uploads\\\/PLANTILLA-NOTIS-WEB-1-5.jpg?fit=1200%2C628&ssl=1\",\"datePublished\":\"2024-08-20T14:31:05+00:00\",\"dateModified\":\"2024-08-20T14:52:33+00:00\",\"breadcrumb\":{\"@id\":\"https:\\\/\\\/www.fundacioires.org\\\/ca\\\/casal-destiu-subvencionat-com-a-unica-opcio-dacces-a-lleure\\\/#breadcrumb\"},\"inLanguage\":\"ca-ES\",\"potentialAction\":[{\"@type\":\"ReadAction\",\"target\":[\"https:\\\/\\\/www.fundacioires.org\\\/ca\\\/casal-destiu-subvencionat-com-a-unica-opcio-dacces-a-lleure\\\/\"]}]},{\"@type\":\"ImageObject\",\"inLanguage\":\"ca-ES\",\"@id\":\"https:\\\/\\\/www.fundacioires.org\\\/ca\\\/casal-destiu-subvencionat-com-a-unica-opcio-dacces-a-lleure\\\/#primaryimage\",\"url\":\"https:\\\/\\\/i0.wp.com\\\/www.fundacioires.org\\\/wp-content\\\/uploads\\\/PLANTILLA-NOTIS-WEB-1-5.jpg?fit=1200%2C628&ssl=1\",\"contentUrl\":\"https:\\\/\\\/i0.wp.com\\\/www.fundacioires.org\\\/wp-content\\\/uploads\\\/PLANTILLA-NOTIS-WEB-1-5.jpg?fit=1200%2C628&ssl=1\",\"width\":1200,\"height\":628},{\"@type\":\"BreadcrumbList\",\"@id\":\"https:\\\/\\\/www.fundacioires.org\\\/ca\\\/casal-destiu-subvencionat-com-a-unica-opcio-dacces-a-lleure\\\/#breadcrumb\",\"itemListElement\":[{\"@type\":\"ListItem\",\"position\":1,\"name\":\"Portada\",\"item\":\"https:\\\/\\\/www.fundacioires.org\\\/\"},{\"@type\":\"ListItem\",\"position\":2,\"name\":\"Casal d\u2019estiu subvencionat com a \u00fanica opci\u00f3 d\u2019acc\u00e9s a lleure\"}]},{\"@type\":\"WebSite\",\"@id\":\"https:\\\/\\\/www.fundacioires.org\\\/#website\",\"url\":\"https:\\\/\\\/www.fundacioires.org\\\/\",\"name\":\"Fundaci\u00f3 IRES\",\"description\":\"\",\"publisher\":{\"@id\":\"https:\\\/\\\/www.fundacioires.org\\\/#organization\"},\"potentialAction\":[{\"@type\":\"SearchAction\",\"target\":{\"@type\":\"EntryPoint\",\"urlTemplate\":\"https:\\\/\\\/www.fundacioires.org\\\/?s={search_term_string}\"},\"query-input\":{\"@type\":\"PropertyValueSpecification\",\"valueRequired\":true,\"valueName\":\"search_term_string\"}}],\"inLanguage\":\"ca-ES\"},{\"@type\":\"Organization\",\"@id\":\"https:\\\/\\\/www.fundacioires.org\\\/#organization\",\"name\":\"Fundanci\u00f3n IRES\",\"url\":\"https:\\\/\\\/www.fundacioires.org\\\/\",\"logo\":{\"@type\":\"ImageObject\",\"inLanguage\":\"ca-ES\",\"@id\":\"https:\\\/\\\/www.fundacioires.org\\\/#\\\/schema\\\/logo\\\/image\\\/\",\"url\":\"https:\\\/\\\/i0.wp.com\\\/www.fundacioires.org\\\/wp-content\\\/uploads\\\/faviconIRES.png?fit=32%2C32&ssl=1\",\"contentUrl\":\"https:\\\/\\\/i0.wp.com\\\/www.fundacioires.org\\\/wp-content\\\/uploads\\\/faviconIRES.png?fit=32%2C32&ssl=1\",\"width\":32,\"height\":32,\"caption\":\"Fundanci\u00f3n IRES\"},\"image\":{\"@id\":\"https:\\\/\\\/www.fundacioires.org\\\/#\\\/schema\\\/logo\\\/image\\\/\"}},{\"@type\":\"Person\",\"@id\":\"https:\\\/\\\/www.fundacioires.org\\\/#\\\/schema\\\/person\\\/160af843c565221ef4664a5c7000791c\",\"name\":\"Fundaci\u00f3 IRES\"}]}<\/script>\n<!-- \/ Yoast SEO plugin. -->","yoast_head_json":{"title":"Casal d\u2019estiu subvencionat com a \u00fanica opci\u00f3 d\u2019acc\u00e9s a lleure - Fundaci\u00f3 IRES","robots":{"index":"index","follow":"follow","max-snippet":"max-snippet:-1","max-image-preview":"max-image-preview:large","max-video-preview":"max-video-preview:-1"},"canonical":"https:\/\/www.fundacioires.org\/ca\/casal-destiu-subvencionat-com-a-unica-opcio-dacces-a-lleure\/","og_locale":"ca_ES","og_type":"article","og_title":"Casal d\u2019estiu subvencionat com a \u00fanica opci\u00f3 d\u2019acc\u00e9s a lleure - Fundaci\u00f3 IRES","og_description":"\"Existeix el risc que els casals esdevinguin un espai de reproducci\u00f3 de desigualtats socials\"","og_url":"https:\/\/www.fundacioires.org\/ca\/casal-destiu-subvencionat-com-a-unica-opcio-dacces-a-lleure\/","og_site_name":"Fundaci\u00f3 IRES","article_published_time":"2024-08-20T14:31:05+00:00","article_modified_time":"2024-08-20T14:52:33+00:00","og_image":[{"width":1200,"height":628,"url":"https:\/\/www.fundacioires.org\/wp-content\/uploads\/PLANTILLA-NOTIS-WEB-1-5.jpg","type":"image\/jpeg"}],"author":"Fundaci\u00f3 IRES","twitter_card":"summary_large_image","twitter_misc":{"Written by":"Fundaci\u00f3 IRES","Est. reading time":"1 minute"},"schema":{"@context":"https:\/\/schema.org","@graph":[{"@type":"Article","@id":"https:\/\/www.fundacioires.org\/ca\/casal-destiu-subvencionat-com-a-unica-opcio-dacces-a-lleure\/#article","isPartOf":{"@id":"https:\/\/www.fundacioires.org\/ca\/casal-destiu-subvencionat-com-a-unica-opcio-dacces-a-lleure\/"},"author":{"name":"Fundaci\u00f3 IRES","@id":"https:\/\/www.fundacioires.org\/#\/schema\/person\/160af843c565221ef4664a5c7000791c"},"headline":"Casal d\u2019estiu subvencionat com a \u00fanica opci\u00f3 d\u2019acc\u00e9s a lleure","datePublished":"2024-08-20T14:31:05+00:00","dateModified":"2024-08-20T14:52:33+00:00","mainEntityOfPage":{"@id":"https:\/\/www.fundacioires.org\/ca\/casal-destiu-subvencionat-com-a-unica-opcio-dacces-a-lleure\/"},"wordCount":166,"publisher":{"@id":"https:\/\/www.fundacioires.org\/#organization"},"image":{"@id":"https:\/\/www.fundacioires.org\/ca\/casal-destiu-subvencionat-com-a-unica-opcio-dacces-a-lleure\/#primaryimage"},"thumbnailUrl":"https:\/\/i0.wp.com\/www.fundacioires.org\/wp-content\/uploads\/PLANTILLA-NOTIS-WEB-1-5.jpg?fit=1200%2C628&ssl=1","articleSection":["IRES-Blog"],"inLanguage":"ca-ES"},{"@type":"WebPage","@id":"https:\/\/www.fundacioires.org\/ca\/casal-destiu-subvencionat-com-a-unica-opcio-dacces-a-lleure\/","url":"https:\/\/www.fundacioires.org\/ca\/casal-destiu-subvencionat-com-a-unica-opcio-dacces-a-lleure\/","name":"Casal d\u2019estiu subvencionat com a \u00fanica opci\u00f3 d\u2019acc\u00e9s a lleure - Fundaci\u00f3 IRES","isPartOf":{"@id":"https:\/\/www.fundacioires.org\/#website"},"primaryImageOfPage":{"@id":"https:\/\/www.fundacioires.org\/ca\/casal-destiu-subvencionat-com-a-unica-opcio-dacces-a-lleure\/#primaryimage"},"image":{"@id":"https:\/\/www.fundacioires.org\/ca\/casal-destiu-subvencionat-com-a-unica-opcio-dacces-a-lleure\/#primaryimage"},"thumbnailUrl":"https:\/\/i0.wp.com\/www.fundacioires.org\/wp-content\/uploads\/PLANTILLA-NOTIS-WEB-1-5.jpg?fit=1200%2C628&ssl=1","datePublished":"2024-08-20T14:31:05+00:00","dateModified":"2024-08-20T14:52:33+00:00","breadcrumb":{"@id":"https:\/\/www.fundacioires.org\/ca\/casal-destiu-subvencionat-com-a-unica-opcio-dacces-a-lleure\/#breadcrumb"},"inLanguage":"ca-ES","potentialAction":[{"@type":"ReadAction","target":["https:\/\/www.fundacioires.org\/ca\/casal-destiu-subvencionat-com-a-unica-opcio-dacces-a-lleure\/"]}]},{"@type":"ImageObject","inLanguage":"ca-ES","@id":"https:\/\/www.fundacioires.org\/ca\/casal-destiu-subvencionat-com-a-unica-opcio-dacces-a-lleure\/#primaryimage","url":"https:\/\/i0.wp.com\/www.fundacioires.org\/wp-content\/uploads\/PLANTILLA-NOTIS-WEB-1-5.jpg?fit=1200%2C628&ssl=1","contentUrl":"https:\/\/i0.wp.com\/www.fundacioires.org\/wp-content\/uploads\/PLANTILLA-NOTIS-WEB-1-5.jpg?fit=1200%2C628&ssl=1","width":1200,"height":628},{"@type":"BreadcrumbList","@id":"https:\/\/www.fundacioires.org\/ca\/casal-destiu-subvencionat-com-a-unica-opcio-dacces-a-lleure\/#breadcrumb","itemListElement":[{"@type":"ListItem","position":1,"name":"Portada","item":"https:\/\/www.fundacioires.org\/"},{"@type":"ListItem","position":2,"name":"Casal d\u2019estiu subvencionat com a \u00fanica opci\u00f3 d\u2019acc\u00e9s a lleure"}]},{"@type":"WebSite","@id":"https:\/\/www.fundacioires.org\/#website","url":"https:\/\/www.fundacioires.org\/","name":"Fundaci\u00f3 IRES","description":"","publisher":{"@id":"https:\/\/www.fundacioires.org\/#organization"},"potentialAction":[{"@type":"SearchAction","target":{"@type":"EntryPoint","urlTemplate":"https:\/\/www.fundacioires.org\/?s={search_term_string}"},"query-input":{"@type":"PropertyValueSpecification","valueRequired":true,"valueName":"search_term_string"}}],"inLanguage":"ca-ES"},{"@type":"Organization","@id":"https:\/\/www.fundacioires.org\/#organization","name":"Fundanci\u00f3n IRES","url":"https:\/\/www.fundacioires.org\/","logo":{"@type":"ImageObject","inLanguage":"ca-ES","@id":"https:\/\/www.fundacioires.org\/#\/schema\/logo\/image\/","url":"https:\/\/i0.wp.com\/www.fundacioires.org\/wp-content\/uploads\/faviconIRES.png?fit=32%2C32&ssl=1","contentUrl":"https:\/\/i0.wp.com\/www.fundacioires.org\/wp-content\/uploads\/faviconIRES.png?fit=32%2C32&ssl=1","width":32,"height":32,"caption":"Fundanci\u00f3n IRES"},"image":{"@id":"https:\/\/www.fundacioires.org\/#\/schema\/logo\/image\/"}},{"@type":"Person","@id":"https:\/\/www.fundacioires.org\/#\/schema\/person\/160af843c565221ef4664a5c7000791c","name":"Fundaci\u00f3 IRES"}]}},"jetpack_featured_media_url":"https:\/\/i0.wp.com\/www.fundacioires.org\/wp-content\/uploads\/PLANTILLA-NOTIS-WEB-1-5.jpg?fit=1200%2C628&ssl=1","jetpack_sharing_enabled":true,"_links":{"self":[{"href":"https:\/\/www.fundacioires.org\/ca\/wp-json\/wp\/v2\/posts\/61833","targetHints":{"allow":["GET"]}}],"collection":[{"href":"https:\/\/www.fundacioires.org\/ca\/wp-json\/wp\/v2\/posts"}],"about":[{"href":"https:\/\/www.fundacioires.org\/ca\/wp-json\/wp\/v2\/types\/post"}],"author":[{"embeddable":true,"href":"https:\/\/www.fundacioires.org\/ca\/wp-json\/wp\/v2\/users\/7"}],"replies":[{"embeddable":true,"href":"https:\/\/www.fundacioires.org\/ca\/wp-json\/wp\/v2\/comments?post=61833"}],"version-history":[{"count":2,"href":"https:\/\/www.fundacioires.org\/ca\/wp-json\/wp\/v2\/posts\/61833\/revisions"}],"predecessor-version":[{"id":61838,"href":"https:\/\/www.fundacioires.org\/ca\/wp-json\/wp\/v2\/posts\/61833\/revisions\/61838"}],"wp:featuredmedia":[{"embeddable":true,"href":"https:\/\/www.fundacioires.org\/ca\/wp-json\/wp\/v2\/media\/61834"}],"wp:attachment":[{"href":"https:\/\/www.fundacioires.org\/ca\/wp-json\/wp\/v2\/media?parent=61833"}],"wp:term":[{"taxonomy":"category","embeddable":true,"href":"https:\/\/www.fundacioires.org\/ca\/wp-json\/wp\/v2\/categories?post=61833"},{"taxonomy":"post_tag","embeddable":true,"href":"https:\/\/www.fundacioires.org\/ca\/wp-json\/wp\/v2\/tags?post=61833"}],"curies":[{"name":"wp","href":"https:\/\/api.w.org\/{rel}","templated":true}]}}