{"id":61887,"date":"2024-05-06T11:57:56","date_gmt":"2024-05-06T09:57:56","guid":{"rendered":"https:\/\/www.fundacioires.org\/?p=61887"},"modified":"2024-09-04T13:11:35","modified_gmt":"2024-09-04T11:11:35","slug":"coneix-la-nostra-voluntaria-luisa-fernandez-planas","status":"publish","type":"post","link":"https:\/\/www.fundacioires.org\/ca\/coneix-la-nostra-voluntaria-luisa-fernandez-planas\/","title":{"rendered":"Coneix a la nostra volunt\u00e0ria Luisa Fern\u00e1ndez Planas!"},"content":{"rendered":"\n<p>La Luisa, col\u00b7labora amb la Fundaci\u00f3 IRES en <strong>Mentories, Menudets, Casal en Fam\u00edlia i canguratges puntuals<\/strong>. Coneix-la en aquesta <strong>entrevista d\u2019agra\u00efment a les persones volunt\u00e0ries! <\/strong><\/p>\n\n\n\n<p><strong>Pregunta: Com vas con\u00e8ixer l\u2019IRES?<\/strong><\/p>\n\n\n\n<p>Resposta: Desde hace un tiempo ten\u00eda las ganas de realizar un voluntariado y buscando por Internet, encontr\u00e9 la fundaci\u00f3n.<\/p>\n\n\n\n<p><strong>P: Qu\u00e8 et va motivar per a realitzar un voluntariat a la casa (IRES)?<\/strong><\/p>\n\n\n\n<p>R: Lo primero que me motivo fue a quien iba dirigida la ayuda de la fundaci\u00f3n, que es a mujeres, ni\u00f1os, etc. Me atrajo tambi\u00e9n la trayectoria y el gran trabajo que se realiza. Y una vez pasado el tiempo puedo confirmar que es un lugar formado por grandes profesionales con dedicaci\u00f3n absoluta<\/p>\n\n\n\n<p><strong>P: De quin \u00e0mbit o sector venies?<\/strong><\/p>\n\n\n\n<p>R: De joven tuve la oportunidad de trabajar como enfermera en consultas de pediatr\u00eda. Despu\u00e9s me dediqu\u00e9 al cuidado y crianza de mis hijos.<\/p>\n\n\n\n<p><strong>P: Quines tasques has desenvolupat durant el teu voluntariat a l\u2019IRES?<\/strong><\/p>\n\n\n\n<p>R: Principalmente de canguraje. Trato de apoyar a los ni\u00f1os, jugar con ellos, ense\u00f1arles cosas&#8230; Y aprender de ellos, de su empat\u00eda, solidaridad y generosidad. Creo que son muy resilientes, son capaces de darle la vuelta a las situaciones dif\u00edciles y transformarlas en algo positivo.<\/p>\n\n\n\n<p><strong>P: Amb qu\u00e8 has gaudit m\u00e9s?<\/strong><\/p>\n\n\n\n<p>R: Disfruto cada momento del voluntariado. Lo que recibo de los ni\u00f1os es mucho m\u00e1s de lo que yo puedo darles. Nos divertimos mucho juntos y siempre me voy con una sonrisa.<\/p>\n\n\n\n<p><strong>P: Amb qu\u00e8 et quedes de l\u2019experi\u00e8ncia? Podries compartir algun record, alguna an\u00e8cdota que t\u2019hagi quedat?<\/strong><\/p>\n\n\n\n<p>R: Me quedo con todo. Es una experiencia maravillosa y creo que he tenido mucha suerte eligiendo este voluntariado. Me llena mucho compartir mi tiempo con los ni\u00f1os y tambi\u00e9n con todo el equipo de la fundaci\u00f3n.<br>Nunca me olvidar\u00e9 de todos los &#8220;te quiero&#8221; de los peques. El diploma que me hicieron me emociono mucho y lo guardo con mucho cari\u00f1o. Tambi\u00e9n los dibujos que me hacen, los abrazos que me dan&#8230; En definitiva, el amor que me dan cada d\u00eda.<\/p>\n\n\n\n<p><strong>P: Vols compartir alguna reflexi\u00f3, algun comentari que t\u2019agradaria fer?<\/strong><\/p>\n\n\n\n<p>R: Realizar un voluntariado es una actividad que deber\u00eda vivir todo el mundo. No es solo ayudar, sino todo lo que aprendes durante el camino. Me siento \u00fatil de poder prestar mi ayuda y muy agradecida de poder tener esta oportunidad en la fundaci\u00f3n.<\/p>\n\n\n\n<p><strong><br><em>Moltes gr\u00e0cies per apropar-nos una mica m\u00e9s a tu <\/em><\/strong><strong><em>&#x1f60a;<\/em><\/strong><strong><em>!!!!<\/em><\/strong><\/p>\n\n\n\n<p>Aquest servei compta amb la col\u00b7laboraci\u00f3 del <em><strong>Consell de Mallorca i del Govern de les Illes Balears amb el 0,7% d&#8217;IRPF social. <\/strong><\/em><\/p>\n\n\n\n<div class=\"wp-block-columns is-layout-flex wp-container-core-columns-is-layout-9d6595d7 wp-block-columns-is-layout-flex\">\n<div class=\"wp-block-column is-layout-flow wp-block-column-is-layout-flow\" style=\"flex-basis:50%\">\n<figure class=\"wp-block-gallery has-nested-images columns-default is-cropped wp-block-gallery-1 is-layout-flex wp-block-gallery-is-layout-flex\">\n<figure class=\"wp-block-image size-full\"><img data-recalc-dims=\"1\" loading=\"lazy\" decoding=\"async\" width=\"342\" height=\"154\" data-id=\"61892\" src=\"https:\/\/i0.wp.com\/www.fundacioires.org\/wp-content\/uploads\/imatge-2.png?resize=342%2C154&#038;ssl=1\" alt=\"\" class=\"wp-image-61892\" srcset=\"https:\/\/i0.wp.com\/www.fundacioires.org\/wp-content\/uploads\/imatge-2.png?w=342&amp;ssl=1 342w, https:\/\/i0.wp.com\/www.fundacioires.org\/wp-content\/uploads\/imatge-2.png?resize=300%2C135&amp;ssl=1 300w\" sizes=\"(max-width: 342px) 100vw, 342px\" \/><\/figure>\n<\/figure>\n<\/div>\n\n\n\n<div class=\"wp-block-column is-layout-flow wp-block-column-is-layout-flow\" style=\"flex-basis:50%\">\n<figure class=\"wp-block-image size-full is-resized\"><img data-recalc-dims=\"1\" loading=\"lazy\" decoding=\"async\" width=\"353\" height=\"143\" src=\"https:\/\/i0.wp.com\/www.fundacioires.org\/wp-content\/uploads\/imatge-1-1.png?resize=353%2C143&#038;ssl=1\" alt=\"\" class=\"wp-image-61894\" style=\"width:487px;height:auto\" srcset=\"https:\/\/i0.wp.com\/www.fundacioires.org\/wp-content\/uploads\/imatge-1-1.png?w=353&amp;ssl=1 353w, https:\/\/i0.wp.com\/www.fundacioires.org\/wp-content\/uploads\/imatge-1-1.png?resize=300%2C122&amp;ssl=1 300w\" sizes=\"(max-width: 353px) 100vw, 353px\" \/><\/figure>\n<\/div>\n<\/div>\n","protected":false},"excerpt":{"rendered":"<p>La Luisa, col\u00b7labora amb la Fundaci\u00f3 IRES. Coneix-la en aquesta entrevista d\u2019agra\u00efment a les persones volunt\u00e0ries! <\/p>\n","protected":false},"author":7,"featured_media":61888,"comment_status":"closed","ping_status":"open","sticky":false,"template":"","format":"standard","meta":{"_jetpack_memberships_contains_paid_content":false,"footnotes":""},"categories":[19],"tags":[],"class_list":["post-61887","post","type-post","status-publish","format-standard","has-post-thumbnail","hentry","category-ires-blog"],"yoast_head":"<!-- This site is optimized with the Yoast SEO plugin v27.4 - https:\/\/yoast.com\/product\/yoast-seo-wordpress\/ -->\n<title>Coneix a la nostra volunt\u00e0ria Luisa Fern\u00e1ndez Planas! - Fundaci\u00f3 IRES<\/title>\n<meta name=\"description\" content=\"Coneix a la nostra volunt\u00e0ria Luisa Fern\u00e1ndez Planas en aquesta entrevista que hem preparat on podem saber m\u00e9s sobre la feina que fa.\" \/>\n<meta name=\"robots\" content=\"index, follow, max-snippet:-1, max-image-preview:large, max-video-preview:-1\" \/>\n<link rel=\"canonical\" href=\"https:\/\/www.fundacioires.org\/ca\/coneix-la-nostra-voluntaria-luisa-fernandez-planas\/\" \/>\n<meta property=\"og:locale\" content=\"ca_ES\" \/>\n<meta property=\"og:type\" content=\"article\" \/>\n<meta property=\"og:title\" content=\"Coneix a la nostra volunt\u00e0ria Luisa Fern\u00e1ndez Planas! - Fundaci\u00f3 IRES\" \/>\n<meta property=\"og:description\" content=\"Coneix a la nostra volunt\u00e0ria Luisa Fern\u00e1ndez Planas en aquesta entrevista que hem preparat on podem saber m\u00e9s sobre la feina que fa.\" \/>\n<meta property=\"og:url\" content=\"https:\/\/www.fundacioires.org\/ca\/coneix-la-nostra-voluntaria-luisa-fernandez-planas\/\" \/>\n<meta property=\"og:site_name\" content=\"Fundaci\u00f3 IRES\" \/>\n<meta property=\"article:published_time\" content=\"2024-05-06T09:57:56+00:00\" \/>\n<meta property=\"article:modified_time\" content=\"2024-09-04T11:11:35+00:00\" \/>\n<meta property=\"og:image\" content=\"https:\/\/www.fundacioires.org\/wp-content\/uploads\/PLANTILLA-NOTIS-WEB-21-2.jpg\" \/>\n\t<meta property=\"og:image:width\" content=\"1200\" \/>\n\t<meta property=\"og:image:height\" content=\"628\" \/>\n\t<meta property=\"og:image:type\" content=\"image\/jpeg\" \/>\n<meta name=\"author\" content=\"Fundaci\u00f3 IRES\" \/>\n<meta name=\"twitter:card\" content=\"summary_large_image\" \/>\n<meta name=\"twitter:label1\" content=\"Written by\" \/>\n\t<meta name=\"twitter:data1\" content=\"Fundaci\u00f3 IRES\" \/>\n\t<meta name=\"twitter:label2\" content=\"Est. reading time\" \/>\n\t<meta name=\"twitter:data2\" content=\"3 minutes\" \/>\n<script type=\"application\/ld+json\" class=\"yoast-schema-graph\">{\"@context\":\"https:\\\/\\\/schema.org\",\"@graph\":[{\"@type\":\"Article\",\"@id\":\"https:\\\/\\\/www.fundacioires.org\\\/ca\\\/coneix-la-nostra-voluntaria-luisa-fernandez-planas\\\/#article\",\"isPartOf\":{\"@id\":\"https:\\\/\\\/www.fundacioires.org\\\/ca\\\/coneix-la-nostra-voluntaria-luisa-fernandez-planas\\\/\"},\"author\":{\"name\":\"Fundaci\u00f3 IRES\",\"@id\":\"https:\\\/\\\/www.fundacioires.org\\\/#\\\/schema\\\/person\\\/160af843c565221ef4664a5c7000791c\"},\"headline\":\"Coneix a la nostra volunt\u00e0ria Luisa Fern\u00e1ndez Planas!\",\"datePublished\":\"2024-05-06T09:57:56+00:00\",\"dateModified\":\"2024-09-04T11:11:35+00:00\",\"mainEntityOfPage\":{\"@id\":\"https:\\\/\\\/www.fundacioires.org\\\/ca\\\/coneix-la-nostra-voluntaria-luisa-fernandez-planas\\\/\"},\"wordCount\":476,\"publisher\":{\"@id\":\"https:\\\/\\\/www.fundacioires.org\\\/#organization\"},\"image\":{\"@id\":\"https:\\\/\\\/www.fundacioires.org\\\/ca\\\/coneix-la-nostra-voluntaria-luisa-fernandez-planas\\\/#primaryimage\"},\"thumbnailUrl\":\"https:\\\/\\\/i0.wp.com\\\/www.fundacioires.org\\\/wp-content\\\/uploads\\\/PLANTILLA-NOTIS-WEB-21-2.jpg?fit=1200%2C628&ssl=1\",\"articleSection\":[\"IRES-Blog\"],\"inLanguage\":\"ca-ES\"},{\"@type\":\"WebPage\",\"@id\":\"https:\\\/\\\/www.fundacioires.org\\\/ca\\\/coneix-la-nostra-voluntaria-luisa-fernandez-planas\\\/\",\"url\":\"https:\\\/\\\/www.fundacioires.org\\\/ca\\\/coneix-la-nostra-voluntaria-luisa-fernandez-planas\\\/\",\"name\":\"Coneix a la nostra volunt\u00e0ria Luisa Fern\u00e1ndez Planas! - Fundaci\u00f3 IRES\",\"isPartOf\":{\"@id\":\"https:\\\/\\\/www.fundacioires.org\\\/#website\"},\"primaryImageOfPage\":{\"@id\":\"https:\\\/\\\/www.fundacioires.org\\\/ca\\\/coneix-la-nostra-voluntaria-luisa-fernandez-planas\\\/#primaryimage\"},\"image\":{\"@id\":\"https:\\\/\\\/www.fundacioires.org\\\/ca\\\/coneix-la-nostra-voluntaria-luisa-fernandez-planas\\\/#primaryimage\"},\"thumbnailUrl\":\"https:\\\/\\\/i0.wp.com\\\/www.fundacioires.org\\\/wp-content\\\/uploads\\\/PLANTILLA-NOTIS-WEB-21-2.jpg?fit=1200%2C628&ssl=1\",\"datePublished\":\"2024-05-06T09:57:56+00:00\",\"dateModified\":\"2024-09-04T11:11:35+00:00\",\"description\":\"Coneix a la nostra volunt\u00e0ria Luisa Fern\u00e1ndez Planas en aquesta entrevista que hem preparat on podem saber m\u00e9s sobre la feina que fa.\",\"breadcrumb\":{\"@id\":\"https:\\\/\\\/www.fundacioires.org\\\/ca\\\/coneix-la-nostra-voluntaria-luisa-fernandez-planas\\\/#breadcrumb\"},\"inLanguage\":\"ca-ES\",\"potentialAction\":[{\"@type\":\"ReadAction\",\"target\":[\"https:\\\/\\\/www.fundacioires.org\\\/ca\\\/coneix-la-nostra-voluntaria-luisa-fernandez-planas\\\/\"]}]},{\"@type\":\"ImageObject\",\"inLanguage\":\"ca-ES\",\"@id\":\"https:\\\/\\\/www.fundacioires.org\\\/ca\\\/coneix-la-nostra-voluntaria-luisa-fernandez-planas\\\/#primaryimage\",\"url\":\"https:\\\/\\\/i0.wp.com\\\/www.fundacioires.org\\\/wp-content\\\/uploads\\\/PLANTILLA-NOTIS-WEB-21-2.jpg?fit=1200%2C628&ssl=1\",\"contentUrl\":\"https:\\\/\\\/i0.wp.com\\\/www.fundacioires.org\\\/wp-content\\\/uploads\\\/PLANTILLA-NOTIS-WEB-21-2.jpg?fit=1200%2C628&ssl=1\",\"width\":1200,\"height\":628},{\"@type\":\"BreadcrumbList\",\"@id\":\"https:\\\/\\\/www.fundacioires.org\\\/ca\\\/coneix-la-nostra-voluntaria-luisa-fernandez-planas\\\/#breadcrumb\",\"itemListElement\":[{\"@type\":\"ListItem\",\"position\":1,\"name\":\"Portada\",\"item\":\"https:\\\/\\\/www.fundacioires.org\\\/\"},{\"@type\":\"ListItem\",\"position\":2,\"name\":\"Coneix a la nostra volunt\u00e0ria Luisa Fern\u00e1ndez Planas!\"}]},{\"@type\":\"WebSite\",\"@id\":\"https:\\\/\\\/www.fundacioires.org\\\/#website\",\"url\":\"https:\\\/\\\/www.fundacioires.org\\\/\",\"name\":\"Fundaci\u00f3 IRES\",\"description\":\"\",\"publisher\":{\"@id\":\"https:\\\/\\\/www.fundacioires.org\\\/#organization\"},\"potentialAction\":[{\"@type\":\"SearchAction\",\"target\":{\"@type\":\"EntryPoint\",\"urlTemplate\":\"https:\\\/\\\/www.fundacioires.org\\\/?s={search_term_string}\"},\"query-input\":{\"@type\":\"PropertyValueSpecification\",\"valueRequired\":true,\"valueName\":\"search_term_string\"}}],\"inLanguage\":\"ca-ES\"},{\"@type\":\"Organization\",\"@id\":\"https:\\\/\\\/www.fundacioires.org\\\/#organization\",\"name\":\"Fundanci\u00f3n IRES\",\"url\":\"https:\\\/\\\/www.fundacioires.org\\\/\",\"logo\":{\"@type\":\"ImageObject\",\"inLanguage\":\"ca-ES\",\"@id\":\"https:\\\/\\\/www.fundacioires.org\\\/#\\\/schema\\\/logo\\\/image\\\/\",\"url\":\"https:\\\/\\\/i0.wp.com\\\/www.fundacioires.org\\\/wp-content\\\/uploads\\\/faviconIRES.png?fit=32%2C32&ssl=1\",\"contentUrl\":\"https:\\\/\\\/i0.wp.com\\\/www.fundacioires.org\\\/wp-content\\\/uploads\\\/faviconIRES.png?fit=32%2C32&ssl=1\",\"width\":32,\"height\":32,\"caption\":\"Fundanci\u00f3n IRES\"},\"image\":{\"@id\":\"https:\\\/\\\/www.fundacioires.org\\\/#\\\/schema\\\/logo\\\/image\\\/\"}},{\"@type\":\"Person\",\"@id\":\"https:\\\/\\\/www.fundacioires.org\\\/#\\\/schema\\\/person\\\/160af843c565221ef4664a5c7000791c\",\"name\":\"Fundaci\u00f3 IRES\"}]}<\/script>\n<!-- \/ Yoast SEO plugin. -->","yoast_head_json":{"title":"Coneix a la nostra volunt\u00e0ria Luisa Fern\u00e1ndez Planas! - Fundaci\u00f3 IRES","description":"Coneix a la nostra volunt\u00e0ria Luisa Fern\u00e1ndez Planas en aquesta entrevista que hem preparat on podem saber m\u00e9s sobre la feina que fa.","robots":{"index":"index","follow":"follow","max-snippet":"max-snippet:-1","max-image-preview":"max-image-preview:large","max-video-preview":"max-video-preview:-1"},"canonical":"https:\/\/www.fundacioires.org\/ca\/coneix-la-nostra-voluntaria-luisa-fernandez-planas\/","og_locale":"ca_ES","og_type":"article","og_title":"Coneix a la nostra volunt\u00e0ria Luisa Fern\u00e1ndez Planas! - Fundaci\u00f3 IRES","og_description":"Coneix a la nostra volunt\u00e0ria Luisa Fern\u00e1ndez Planas en aquesta entrevista que hem preparat on podem saber m\u00e9s sobre la feina que fa.","og_url":"https:\/\/www.fundacioires.org\/ca\/coneix-la-nostra-voluntaria-luisa-fernandez-planas\/","og_site_name":"Fundaci\u00f3 IRES","article_published_time":"2024-05-06T09:57:56+00:00","article_modified_time":"2024-09-04T11:11:35+00:00","og_image":[{"width":1200,"height":628,"url":"https:\/\/www.fundacioires.org\/wp-content\/uploads\/PLANTILLA-NOTIS-WEB-21-2.jpg","type":"image\/jpeg"}],"author":"Fundaci\u00f3 IRES","twitter_card":"summary_large_image","twitter_misc":{"Written by":"Fundaci\u00f3 IRES","Est. reading time":"3 minutes"},"schema":{"@context":"https:\/\/schema.org","@graph":[{"@type":"Article","@id":"https:\/\/www.fundacioires.org\/ca\/coneix-la-nostra-voluntaria-luisa-fernandez-planas\/#article","isPartOf":{"@id":"https:\/\/www.fundacioires.org\/ca\/coneix-la-nostra-voluntaria-luisa-fernandez-planas\/"},"author":{"name":"Fundaci\u00f3 IRES","@id":"https:\/\/www.fundacioires.org\/#\/schema\/person\/160af843c565221ef4664a5c7000791c"},"headline":"Coneix a la nostra volunt\u00e0ria Luisa Fern\u00e1ndez Planas!","datePublished":"2024-05-06T09:57:56+00:00","dateModified":"2024-09-04T11:11:35+00:00","mainEntityOfPage":{"@id":"https:\/\/www.fundacioires.org\/ca\/coneix-la-nostra-voluntaria-luisa-fernandez-planas\/"},"wordCount":476,"publisher":{"@id":"https:\/\/www.fundacioires.org\/#organization"},"image":{"@id":"https:\/\/www.fundacioires.org\/ca\/coneix-la-nostra-voluntaria-luisa-fernandez-planas\/#primaryimage"},"thumbnailUrl":"https:\/\/i0.wp.com\/www.fundacioires.org\/wp-content\/uploads\/PLANTILLA-NOTIS-WEB-21-2.jpg?fit=1200%2C628&ssl=1","articleSection":["IRES-Blog"],"inLanguage":"ca-ES"},{"@type":"WebPage","@id":"https:\/\/www.fundacioires.org\/ca\/coneix-la-nostra-voluntaria-luisa-fernandez-planas\/","url":"https:\/\/www.fundacioires.org\/ca\/coneix-la-nostra-voluntaria-luisa-fernandez-planas\/","name":"Coneix a la nostra volunt\u00e0ria Luisa Fern\u00e1ndez Planas! - Fundaci\u00f3 IRES","isPartOf":{"@id":"https:\/\/www.fundacioires.org\/#website"},"primaryImageOfPage":{"@id":"https:\/\/www.fundacioires.org\/ca\/coneix-la-nostra-voluntaria-luisa-fernandez-planas\/#primaryimage"},"image":{"@id":"https:\/\/www.fundacioires.org\/ca\/coneix-la-nostra-voluntaria-luisa-fernandez-planas\/#primaryimage"},"thumbnailUrl":"https:\/\/i0.wp.com\/www.fundacioires.org\/wp-content\/uploads\/PLANTILLA-NOTIS-WEB-21-2.jpg?fit=1200%2C628&ssl=1","datePublished":"2024-05-06T09:57:56+00:00","dateModified":"2024-09-04T11:11:35+00:00","description":"Coneix a la nostra volunt\u00e0ria Luisa Fern\u00e1ndez Planas en aquesta entrevista que hem preparat on podem saber m\u00e9s sobre la feina que fa.","breadcrumb":{"@id":"https:\/\/www.fundacioires.org\/ca\/coneix-la-nostra-voluntaria-luisa-fernandez-planas\/#breadcrumb"},"inLanguage":"ca-ES","potentialAction":[{"@type":"ReadAction","target":["https:\/\/www.fundacioires.org\/ca\/coneix-la-nostra-voluntaria-luisa-fernandez-planas\/"]}]},{"@type":"ImageObject","inLanguage":"ca-ES","@id":"https:\/\/www.fundacioires.org\/ca\/coneix-la-nostra-voluntaria-luisa-fernandez-planas\/#primaryimage","url":"https:\/\/i0.wp.com\/www.fundacioires.org\/wp-content\/uploads\/PLANTILLA-NOTIS-WEB-21-2.jpg?fit=1200%2C628&ssl=1","contentUrl":"https:\/\/i0.wp.com\/www.fundacioires.org\/wp-content\/uploads\/PLANTILLA-NOTIS-WEB-21-2.jpg?fit=1200%2C628&ssl=1","width":1200,"height":628},{"@type":"BreadcrumbList","@id":"https:\/\/www.fundacioires.org\/ca\/coneix-la-nostra-voluntaria-luisa-fernandez-planas\/#breadcrumb","itemListElement":[{"@type":"ListItem","position":1,"name":"Portada","item":"https:\/\/www.fundacioires.org\/"},{"@type":"ListItem","position":2,"name":"Coneix a la nostra volunt\u00e0ria Luisa Fern\u00e1ndez Planas!"}]},{"@type":"WebSite","@id":"https:\/\/www.fundacioires.org\/#website","url":"https:\/\/www.fundacioires.org\/","name":"Fundaci\u00f3 IRES","description":"","publisher":{"@id":"https:\/\/www.fundacioires.org\/#organization"},"potentialAction":[{"@type":"SearchAction","target":{"@type":"EntryPoint","urlTemplate":"https:\/\/www.fundacioires.org\/?s={search_term_string}"},"query-input":{"@type":"PropertyValueSpecification","valueRequired":true,"valueName":"search_term_string"}}],"inLanguage":"ca-ES"},{"@type":"Organization","@id":"https:\/\/www.fundacioires.org\/#organization","name":"Fundanci\u00f3n IRES","url":"https:\/\/www.fundacioires.org\/","logo":{"@type":"ImageObject","inLanguage":"ca-ES","@id":"https:\/\/www.fundacioires.org\/#\/schema\/logo\/image\/","url":"https:\/\/i0.wp.com\/www.fundacioires.org\/wp-content\/uploads\/faviconIRES.png?fit=32%2C32&ssl=1","contentUrl":"https:\/\/i0.wp.com\/www.fundacioires.org\/wp-content\/uploads\/faviconIRES.png?fit=32%2C32&ssl=1","width":32,"height":32,"caption":"Fundanci\u00f3n IRES"},"image":{"@id":"https:\/\/www.fundacioires.org\/#\/schema\/logo\/image\/"}},{"@type":"Person","@id":"https:\/\/www.fundacioires.org\/#\/schema\/person\/160af843c565221ef4664a5c7000791c","name":"Fundaci\u00f3 IRES"}]}},"jetpack_featured_media_url":"https:\/\/i0.wp.com\/www.fundacioires.org\/wp-content\/uploads\/PLANTILLA-NOTIS-WEB-21-2.jpg?fit=1200%2C628&ssl=1","jetpack_sharing_enabled":true,"_links":{"self":[{"href":"https:\/\/www.fundacioires.org\/ca\/wp-json\/wp\/v2\/posts\/61887","targetHints":{"allow":["GET"]}}],"collection":[{"href":"https:\/\/www.fundacioires.org\/ca\/wp-json\/wp\/v2\/posts"}],"about":[{"href":"https:\/\/www.fundacioires.org\/ca\/wp-json\/wp\/v2\/types\/post"}],"author":[{"embeddable":true,"href":"https:\/\/www.fundacioires.org\/ca\/wp-json\/wp\/v2\/users\/7"}],"replies":[{"embeddable":true,"href":"https:\/\/www.fundacioires.org\/ca\/wp-json\/wp\/v2\/comments?post=61887"}],"version-history":[{"count":4,"href":"https:\/\/www.fundacioires.org\/ca\/wp-json\/wp\/v2\/posts\/61887\/revisions"}],"predecessor-version":[{"id":61905,"href":"https:\/\/www.fundacioires.org\/ca\/wp-json\/wp\/v2\/posts\/61887\/revisions\/61905"}],"wp:featuredmedia":[{"embeddable":true,"href":"https:\/\/www.fundacioires.org\/ca\/wp-json\/wp\/v2\/media\/61888"}],"wp:attachment":[{"href":"https:\/\/www.fundacioires.org\/ca\/wp-json\/wp\/v2\/media?parent=61887"}],"wp:term":[{"taxonomy":"category","embeddable":true,"href":"https:\/\/www.fundacioires.org\/ca\/wp-json\/wp\/v2\/categories?post=61887"},{"taxonomy":"post_tag","embeddable":true,"href":"https:\/\/www.fundacioires.org\/ca\/wp-json\/wp\/v2\/tags?post=61887"}],"curies":[{"name":"wp","href":"https:\/\/api.w.org\/{rel}","templated":true}]}}