{"id":65777,"date":"2024-12-05T16:54:16","date_gmt":"2024-12-05T15:54:16","guid":{"rendered":"https:\/\/www.fundacioires.org\/?p=65777"},"modified":"2024-12-05T16:54:21","modified_gmt":"2024-12-05T15:54:21","slug":"entrevista-voluntaria-ires-luisa","status":"publish","type":"post","link":"https:\/\/www.fundacioires.org\/ca\/entrevista-voluntaria-ires-luisa\/","title":{"rendered":"Un exemple d&#8217;altruisme: Coneix la Luisa, volunt\u00e0ria de la Fundaci\u00f3 IRES a les Balears"},"content":{"rendered":"\n<p>Compartim amb vosaltres el testimoniatge de la Llu\u00efsa, volunt\u00e0ria de la Fundaci\u00f3 IRES en alguns dels nostres serveis de les Balears. Moltes gr\u00e0cies a la Llu\u00efsa per explicar-nos la teva experi\u00e8ncia i pel teu comprom\u00eds!<\/p>\n\n\n\n<p><strong>Com ens vas con\u00e8ixer?<\/strong><\/p>\n\n\n\n<p>Jo vaig entrar a la Plataforma del Voluntariat de les Illes Balears i vaig estar buscant all\u00f2 que m\u00e9s s&#8217;ajustava a la meva manera de ser i en all\u00f2 que jo podia brindar a les persones. Quan vaig entrar a la web d&#8217;IRES, em va encantar, m&#8217;interessava molt a qui anava adre\u00e7ada la feina de la fundaci\u00f3 (a les mares, als nens i nenes\u2026) I despr\u00e9s vaig con\u00e8ixer l&#8217;equip de professionals i vaig quedar encantada.<\/p>\n\n\n\n<p>Havia fet voluntariat quan era m\u00e9s jove, per\u00f2 despr\u00e9s va emmalaltir el meu pare i la prioritat era cuidar-lo. Des de la meva inf\u00e0ncia em van inculcar \u201cno pots donar all\u00f2 que et sobra\u201d, perqu\u00e8 aix\u00f2 no t\u00e9 valor. Per mi el voluntariat \u00e9s com una feina. Moltes dones a la meva edat fan un voluntariat perqu\u00e8 queda molt b\u00e9, en el meu cas, a mi no em sobra el temps, ho faig per all\u00f2 que em brinda, \u00e9s meravell\u00f3s, \u00e9s un intercanvi. Faig un b\u00e9 i en rebo molt. L&#8217;agra\u00efment que rebo per part de les mares m&#8217;inunda d&#8217;amor.<\/p>\n\n\n\n<p><strong>En quin projecte ets?<\/strong><\/p>\n\n\n\n<p>Vaig estar a Menudets, al Casal de Fam\u00edlia i ara dedico m\u00e9s temps a Mentories, el programa d&#8217;atenci\u00f3 a fills i filles de dones que han patit viol\u00e8ncia masclista. Estic amb els petits mentre les mares estan en ter\u00e0pia.<\/p>\n\n\n\n<p><strong>Qu\u00e8 \u00e9s el que fas?<\/strong><\/p>\n\n\n\n<p>Escoltar. Jo em limito a escoltar-los. Hi va haver un dia que un nen em va preguntar si jo tenia el pare. M&#8217;impacta molt, perqu\u00e8 em va dir que ell no tenia el pare. Parlant amb ell, comentava que el seu pare no ho volia i jo li vaig dir que a ell l&#8217;estimen molta gent i els seus pares tamb\u00e9. Es va quedar tranquil, em va fer una abra\u00e7ada i vam seguir jugant.<\/p>\n\n\n\n<p><strong>Qu\u00e8 t&#8217;agrada m\u00e9s del voluntariat?<\/strong><\/p>\n\n\n\n<p>Pot semblar una cursileria, per\u00f2 el que m&#8217;agrada m\u00e9s del voluntariat \u00e9s l&#8217;amor que rebo. Aquestes abra\u00e7ades espont\u00e0nies, aquesta cara quan les veus felices que somriuen, aquest espai-temps \u00e9s meravell\u00f3s.<\/p>\n\n\n\n<p><strong>Qu\u00e8 us motiva per fer voluntariat?<\/strong><\/p>\n\n\n\n<p>Em motiva poder ser \u00fatil, aportar alguna cosa. Crec que tothom hauria de fer un voluntariat, perqu\u00e8 aprens molt\u2026 Amarar-se de l&#8217;experi\u00e8ncia i aprendre de totes les professionals i posar tot el millor de tu. Aix\u00f2 \u00e9s el que faig i em motiva.<\/p>\n\n\n\n<p><strong>Qu\u00e8 diries a una persona que s&#8217;est\u00e0 pensant fer voluntariat?<\/strong><\/p>\n\n\n\n<p>La primera cosa que estigui preparada per fer-ho, que no sigui una opci\u00f3 per no saber qu\u00e8 fer, per ocupar temps. El voluntariat \u00e9s una tasca molt important, formeu part d&#8217;un equip i la vostra aportaci\u00f3 \u00e9s necess\u00e0ria, cal estar centrat i disposat a donar.<\/p>\n\n\n\n<p>T&#8217;explico una an\u00e8cdota, el meu marit em diu per anar-nos-en de viatge i quan coincideix jo li dic que el primer \u00e9s el voluntariat, jo m&#8217;ho prenc de deb\u00f2.<\/p>\n\n\n\n<p><strong><em>Aquest projecte \u00e9s possible gr\u00e0cies al finan\u00e7ament de la Conselleria de Fam\u00edlies i Assumptes Socials del Govern de les Illes Balears, a trav\u00e9s de la subvenci\u00f3 del 0,7% dIRPF Social<\/em><\/strong><\/p>\n","protected":false},"excerpt":{"rendered":"<p>La Luisa inspira amb el seu voluntariat. Coneix-la en aquesta entrevista<\/p>\n","protected":false},"author":7,"featured_media":65764,"comment_status":"closed","ping_status":"open","sticky":false,"template":"","format":"standard","meta":{"_jetpack_memberships_contains_paid_content":false,"footnotes":""},"categories":[17],"tags":[],"class_list":["post-65777","post","type-post","status-publish","format-standard","has-post-thumbnail","hentry","category-sense-categoria"],"yoast_head":"<!-- This site is optimized with the Yoast SEO plugin v27.4 - https:\/\/yoast.com\/product\/yoast-seo-wordpress\/ -->\n<title>Un exemple d&#039;altruisme: Coneix la Luisa, volunt\u00e0ria de la Fundaci\u00f3<\/title>\n<meta name=\"description\" content=\"Compartim amb vosaltres el testimoniatge de la Llu\u00efsa, volunt\u00e0ria de la Fundaci\u00f3 IRES en alguns dels nostres serveis de les Balears.\" \/>\n<meta name=\"robots\" content=\"index, follow, max-snippet:-1, max-image-preview:large, max-video-preview:-1\" \/>\n<link rel=\"canonical\" href=\"https:\/\/www.fundacioires.org\/ca\/entrevista-voluntaria-ires-luisa\/\" \/>\n<meta property=\"og:locale\" content=\"ca_ES\" \/>\n<meta property=\"og:type\" content=\"article\" \/>\n<meta property=\"og:title\" content=\"Un exemple d&#039;altruisme: Coneix la Luisa, volunt\u00e0ria de la Fundaci\u00f3\" \/>\n<meta property=\"og:description\" content=\"Compartim amb vosaltres el testimoniatge de la Llu\u00efsa, volunt\u00e0ria de la Fundaci\u00f3 IRES en alguns dels nostres serveis de les Balears.\" \/>\n<meta property=\"og:url\" content=\"https:\/\/www.fundacioires.org\/ca\/entrevista-voluntaria-ires-luisa\/\" \/>\n<meta property=\"og:site_name\" content=\"Fundaci\u00f3 IRES\" \/>\n<meta property=\"article:published_time\" content=\"2024-12-05T15:54:16+00:00\" \/>\n<meta property=\"article:modified_time\" content=\"2024-12-05T15:54:21+00:00\" \/>\n<meta property=\"og:image\" content=\"https:\/\/www.fundacioires.org\/wp-content\/uploads\/PLANTILLA-NOTIS-WEB-36-1.jpg\" \/>\n\t<meta property=\"og:image:width\" content=\"1200\" \/>\n\t<meta property=\"og:image:height\" content=\"628\" \/>\n\t<meta property=\"og:image:type\" content=\"image\/jpeg\" \/>\n<meta name=\"author\" content=\"Fundaci\u00f3 IRES\" \/>\n<meta name=\"twitter:card\" content=\"summary_large_image\" \/>\n<meta name=\"twitter:label1\" content=\"Written by\" \/>\n\t<meta name=\"twitter:data1\" content=\"Fundaci\u00f3 IRES\" \/>\n\t<meta name=\"twitter:label2\" content=\"Est. reading time\" \/>\n\t<meta name=\"twitter:data2\" content=\"3 minutes\" \/>\n<script type=\"application\/ld+json\" class=\"yoast-schema-graph\">{\"@context\":\"https:\\\/\\\/schema.org\",\"@graph\":[{\"@type\":\"Article\",\"@id\":\"https:\\\/\\\/www.fundacioires.org\\\/ca\\\/entrevista-voluntaria-ires-luisa\\\/#article\",\"isPartOf\":{\"@id\":\"https:\\\/\\\/www.fundacioires.org\\\/ca\\\/entrevista-voluntaria-ires-luisa\\\/\"},\"author\":{\"name\":\"Fundaci\u00f3 IRES\",\"@id\":\"https:\\\/\\\/www.fundacioires.org\\\/#\\\/schema\\\/person\\\/160af843c565221ef4664a5c7000791c\"},\"headline\":\"Un exemple d&#8217;altruisme: Coneix la Luisa, volunt\u00e0ria de la Fundaci\u00f3 IRES a les Balears\",\"datePublished\":\"2024-12-05T15:54:16+00:00\",\"dateModified\":\"2024-12-05T15:54:21+00:00\",\"mainEntityOfPage\":{\"@id\":\"https:\\\/\\\/www.fundacioires.org\\\/ca\\\/entrevista-voluntaria-ires-luisa\\\/\"},\"wordCount\":600,\"publisher\":{\"@id\":\"https:\\\/\\\/www.fundacioires.org\\\/#organization\"},\"image\":{\"@id\":\"https:\\\/\\\/www.fundacioires.org\\\/ca\\\/entrevista-voluntaria-ires-luisa\\\/#primaryimage\"},\"thumbnailUrl\":\"https:\\\/\\\/i0.wp.com\\\/www.fundacioires.org\\\/wp-content\\\/uploads\\\/PLANTILLA-NOTIS-WEB-36-1.jpg?fit=1200%2C628&ssl=1\",\"articleSection\":[\"Sense categoria\"],\"inLanguage\":\"ca-ES\"},{\"@type\":\"WebPage\",\"@id\":\"https:\\\/\\\/www.fundacioires.org\\\/ca\\\/entrevista-voluntaria-ires-luisa\\\/\",\"url\":\"https:\\\/\\\/www.fundacioires.org\\\/ca\\\/entrevista-voluntaria-ires-luisa\\\/\",\"name\":\"Un exemple d'altruisme: Coneix la Luisa, volunt\u00e0ria de la Fundaci\u00f3\",\"isPartOf\":{\"@id\":\"https:\\\/\\\/www.fundacioires.org\\\/#website\"},\"primaryImageOfPage\":{\"@id\":\"https:\\\/\\\/www.fundacioires.org\\\/ca\\\/entrevista-voluntaria-ires-luisa\\\/#primaryimage\"},\"image\":{\"@id\":\"https:\\\/\\\/www.fundacioires.org\\\/ca\\\/entrevista-voluntaria-ires-luisa\\\/#primaryimage\"},\"thumbnailUrl\":\"https:\\\/\\\/i0.wp.com\\\/www.fundacioires.org\\\/wp-content\\\/uploads\\\/PLANTILLA-NOTIS-WEB-36-1.jpg?fit=1200%2C628&ssl=1\",\"datePublished\":\"2024-12-05T15:54:16+00:00\",\"dateModified\":\"2024-12-05T15:54:21+00:00\",\"description\":\"Compartim amb vosaltres el testimoniatge de la Llu\u00efsa, volunt\u00e0ria de la Fundaci\u00f3 IRES en alguns dels nostres serveis de les Balears.\",\"breadcrumb\":{\"@id\":\"https:\\\/\\\/www.fundacioires.org\\\/ca\\\/entrevista-voluntaria-ires-luisa\\\/#breadcrumb\"},\"inLanguage\":\"ca-ES\",\"potentialAction\":[{\"@type\":\"ReadAction\",\"target\":[\"https:\\\/\\\/www.fundacioires.org\\\/ca\\\/entrevista-voluntaria-ires-luisa\\\/\"]}]},{\"@type\":\"ImageObject\",\"inLanguage\":\"ca-ES\",\"@id\":\"https:\\\/\\\/www.fundacioires.org\\\/ca\\\/entrevista-voluntaria-ires-luisa\\\/#primaryimage\",\"url\":\"https:\\\/\\\/i0.wp.com\\\/www.fundacioires.org\\\/wp-content\\\/uploads\\\/PLANTILLA-NOTIS-WEB-36-1.jpg?fit=1200%2C628&ssl=1\",\"contentUrl\":\"https:\\\/\\\/i0.wp.com\\\/www.fundacioires.org\\\/wp-content\\\/uploads\\\/PLANTILLA-NOTIS-WEB-36-1.jpg?fit=1200%2C628&ssl=1\",\"width\":1200,\"height\":628},{\"@type\":\"BreadcrumbList\",\"@id\":\"https:\\\/\\\/www.fundacioires.org\\\/ca\\\/entrevista-voluntaria-ires-luisa\\\/#breadcrumb\",\"itemListElement\":[{\"@type\":\"ListItem\",\"position\":1,\"name\":\"Portada\",\"item\":\"https:\\\/\\\/www.fundacioires.org\\\/\"},{\"@type\":\"ListItem\",\"position\":2,\"name\":\"Un exemple d&#8217;altruisme: Coneix la Luisa, volunt\u00e0ria de la Fundaci\u00f3 IRES a les Balears\"}]},{\"@type\":\"WebSite\",\"@id\":\"https:\\\/\\\/www.fundacioires.org\\\/#website\",\"url\":\"https:\\\/\\\/www.fundacioires.org\\\/\",\"name\":\"Fundaci\u00f3 IRES\",\"description\":\"\",\"publisher\":{\"@id\":\"https:\\\/\\\/www.fundacioires.org\\\/#organization\"},\"potentialAction\":[{\"@type\":\"SearchAction\",\"target\":{\"@type\":\"EntryPoint\",\"urlTemplate\":\"https:\\\/\\\/www.fundacioires.org\\\/?s={search_term_string}\"},\"query-input\":{\"@type\":\"PropertyValueSpecification\",\"valueRequired\":true,\"valueName\":\"search_term_string\"}}],\"inLanguage\":\"ca-ES\"},{\"@type\":\"Organization\",\"@id\":\"https:\\\/\\\/www.fundacioires.org\\\/#organization\",\"name\":\"Fundanci\u00f3n IRES\",\"url\":\"https:\\\/\\\/www.fundacioires.org\\\/\",\"logo\":{\"@type\":\"ImageObject\",\"inLanguage\":\"ca-ES\",\"@id\":\"https:\\\/\\\/www.fundacioires.org\\\/#\\\/schema\\\/logo\\\/image\\\/\",\"url\":\"https:\\\/\\\/i0.wp.com\\\/www.fundacioires.org\\\/wp-content\\\/uploads\\\/faviconIRES.png?fit=32%2C32&ssl=1\",\"contentUrl\":\"https:\\\/\\\/i0.wp.com\\\/www.fundacioires.org\\\/wp-content\\\/uploads\\\/faviconIRES.png?fit=32%2C32&ssl=1\",\"width\":32,\"height\":32,\"caption\":\"Fundanci\u00f3n IRES\"},\"image\":{\"@id\":\"https:\\\/\\\/www.fundacioires.org\\\/#\\\/schema\\\/logo\\\/image\\\/\"}},{\"@type\":\"Person\",\"@id\":\"https:\\\/\\\/www.fundacioires.org\\\/#\\\/schema\\\/person\\\/160af843c565221ef4664a5c7000791c\",\"name\":\"Fundaci\u00f3 IRES\"}]}<\/script>\n<!-- \/ Yoast SEO plugin. -->","yoast_head_json":{"title":"Un exemple d'altruisme: Coneix la Luisa, volunt\u00e0ria de la Fundaci\u00f3","description":"Compartim amb vosaltres el testimoniatge de la Llu\u00efsa, volunt\u00e0ria de la Fundaci\u00f3 IRES en alguns dels nostres serveis de les Balears.","robots":{"index":"index","follow":"follow","max-snippet":"max-snippet:-1","max-image-preview":"max-image-preview:large","max-video-preview":"max-video-preview:-1"},"canonical":"https:\/\/www.fundacioires.org\/ca\/entrevista-voluntaria-ires-luisa\/","og_locale":"ca_ES","og_type":"article","og_title":"Un exemple d'altruisme: Coneix la Luisa, volunt\u00e0ria de la Fundaci\u00f3","og_description":"Compartim amb vosaltres el testimoniatge de la Llu\u00efsa, volunt\u00e0ria de la Fundaci\u00f3 IRES en alguns dels nostres serveis de les Balears.","og_url":"https:\/\/www.fundacioires.org\/ca\/entrevista-voluntaria-ires-luisa\/","og_site_name":"Fundaci\u00f3 IRES","article_published_time":"2024-12-05T15:54:16+00:00","article_modified_time":"2024-12-05T15:54:21+00:00","og_image":[{"width":1200,"height":628,"url":"https:\/\/www.fundacioires.org\/wp-content\/uploads\/PLANTILLA-NOTIS-WEB-36-1.jpg","type":"image\/jpeg"}],"author":"Fundaci\u00f3 IRES","twitter_card":"summary_large_image","twitter_misc":{"Written by":"Fundaci\u00f3 IRES","Est. reading time":"3 minutes"},"schema":{"@context":"https:\/\/schema.org","@graph":[{"@type":"Article","@id":"https:\/\/www.fundacioires.org\/ca\/entrevista-voluntaria-ires-luisa\/#article","isPartOf":{"@id":"https:\/\/www.fundacioires.org\/ca\/entrevista-voluntaria-ires-luisa\/"},"author":{"name":"Fundaci\u00f3 IRES","@id":"https:\/\/www.fundacioires.org\/#\/schema\/person\/160af843c565221ef4664a5c7000791c"},"headline":"Un exemple d&#8217;altruisme: Coneix la Luisa, volunt\u00e0ria de la Fundaci\u00f3 IRES a les Balears","datePublished":"2024-12-05T15:54:16+00:00","dateModified":"2024-12-05T15:54:21+00:00","mainEntityOfPage":{"@id":"https:\/\/www.fundacioires.org\/ca\/entrevista-voluntaria-ires-luisa\/"},"wordCount":600,"publisher":{"@id":"https:\/\/www.fundacioires.org\/#organization"},"image":{"@id":"https:\/\/www.fundacioires.org\/ca\/entrevista-voluntaria-ires-luisa\/#primaryimage"},"thumbnailUrl":"https:\/\/i0.wp.com\/www.fundacioires.org\/wp-content\/uploads\/PLANTILLA-NOTIS-WEB-36-1.jpg?fit=1200%2C628&ssl=1","articleSection":["Sense categoria"],"inLanguage":"ca-ES"},{"@type":"WebPage","@id":"https:\/\/www.fundacioires.org\/ca\/entrevista-voluntaria-ires-luisa\/","url":"https:\/\/www.fundacioires.org\/ca\/entrevista-voluntaria-ires-luisa\/","name":"Un exemple d'altruisme: Coneix la Luisa, volunt\u00e0ria de la Fundaci\u00f3","isPartOf":{"@id":"https:\/\/www.fundacioires.org\/#website"},"primaryImageOfPage":{"@id":"https:\/\/www.fundacioires.org\/ca\/entrevista-voluntaria-ires-luisa\/#primaryimage"},"image":{"@id":"https:\/\/www.fundacioires.org\/ca\/entrevista-voluntaria-ires-luisa\/#primaryimage"},"thumbnailUrl":"https:\/\/i0.wp.com\/www.fundacioires.org\/wp-content\/uploads\/PLANTILLA-NOTIS-WEB-36-1.jpg?fit=1200%2C628&ssl=1","datePublished":"2024-12-05T15:54:16+00:00","dateModified":"2024-12-05T15:54:21+00:00","description":"Compartim amb vosaltres el testimoniatge de la Llu\u00efsa, volunt\u00e0ria de la Fundaci\u00f3 IRES en alguns dels nostres serveis de les Balears.","breadcrumb":{"@id":"https:\/\/www.fundacioires.org\/ca\/entrevista-voluntaria-ires-luisa\/#breadcrumb"},"inLanguage":"ca-ES","potentialAction":[{"@type":"ReadAction","target":["https:\/\/www.fundacioires.org\/ca\/entrevista-voluntaria-ires-luisa\/"]}]},{"@type":"ImageObject","inLanguage":"ca-ES","@id":"https:\/\/www.fundacioires.org\/ca\/entrevista-voluntaria-ires-luisa\/#primaryimage","url":"https:\/\/i0.wp.com\/www.fundacioires.org\/wp-content\/uploads\/PLANTILLA-NOTIS-WEB-36-1.jpg?fit=1200%2C628&ssl=1","contentUrl":"https:\/\/i0.wp.com\/www.fundacioires.org\/wp-content\/uploads\/PLANTILLA-NOTIS-WEB-36-1.jpg?fit=1200%2C628&ssl=1","width":1200,"height":628},{"@type":"BreadcrumbList","@id":"https:\/\/www.fundacioires.org\/ca\/entrevista-voluntaria-ires-luisa\/#breadcrumb","itemListElement":[{"@type":"ListItem","position":1,"name":"Portada","item":"https:\/\/www.fundacioires.org\/"},{"@type":"ListItem","position":2,"name":"Un exemple d&#8217;altruisme: Coneix la Luisa, volunt\u00e0ria de la Fundaci\u00f3 IRES a les Balears"}]},{"@type":"WebSite","@id":"https:\/\/www.fundacioires.org\/#website","url":"https:\/\/www.fundacioires.org\/","name":"Fundaci\u00f3 IRES","description":"","publisher":{"@id":"https:\/\/www.fundacioires.org\/#organization"},"potentialAction":[{"@type":"SearchAction","target":{"@type":"EntryPoint","urlTemplate":"https:\/\/www.fundacioires.org\/?s={search_term_string}"},"query-input":{"@type":"PropertyValueSpecification","valueRequired":true,"valueName":"search_term_string"}}],"inLanguage":"ca-ES"},{"@type":"Organization","@id":"https:\/\/www.fundacioires.org\/#organization","name":"Fundanci\u00f3n IRES","url":"https:\/\/www.fundacioires.org\/","logo":{"@type":"ImageObject","inLanguage":"ca-ES","@id":"https:\/\/www.fundacioires.org\/#\/schema\/logo\/image\/","url":"https:\/\/i0.wp.com\/www.fundacioires.org\/wp-content\/uploads\/faviconIRES.png?fit=32%2C32&ssl=1","contentUrl":"https:\/\/i0.wp.com\/www.fundacioires.org\/wp-content\/uploads\/faviconIRES.png?fit=32%2C32&ssl=1","width":32,"height":32,"caption":"Fundanci\u00f3n IRES"},"image":{"@id":"https:\/\/www.fundacioires.org\/#\/schema\/logo\/image\/"}},{"@type":"Person","@id":"https:\/\/www.fundacioires.org\/#\/schema\/person\/160af843c565221ef4664a5c7000791c","name":"Fundaci\u00f3 IRES"}]}},"jetpack_featured_media_url":"https:\/\/i0.wp.com\/www.fundacioires.org\/wp-content\/uploads\/PLANTILLA-NOTIS-WEB-36-1.jpg?fit=1200%2C628&ssl=1","jetpack_sharing_enabled":true,"_links":{"self":[{"href":"https:\/\/www.fundacioires.org\/ca\/wp-json\/wp\/v2\/posts\/65777","targetHints":{"allow":["GET"]}}],"collection":[{"href":"https:\/\/www.fundacioires.org\/ca\/wp-json\/wp\/v2\/posts"}],"about":[{"href":"https:\/\/www.fundacioires.org\/ca\/wp-json\/wp\/v2\/types\/post"}],"author":[{"embeddable":true,"href":"https:\/\/www.fundacioires.org\/ca\/wp-json\/wp\/v2\/users\/7"}],"replies":[{"embeddable":true,"href":"https:\/\/www.fundacioires.org\/ca\/wp-json\/wp\/v2\/comments?post=65777"}],"version-history":[{"count":1,"href":"https:\/\/www.fundacioires.org\/ca\/wp-json\/wp\/v2\/posts\/65777\/revisions"}],"predecessor-version":[{"id":65803,"href":"https:\/\/www.fundacioires.org\/ca\/wp-json\/wp\/v2\/posts\/65777\/revisions\/65803"}],"wp:featuredmedia":[{"embeddable":true,"href":"https:\/\/www.fundacioires.org\/ca\/wp-json\/wp\/v2\/media\/65764"}],"wp:attachment":[{"href":"https:\/\/www.fundacioires.org\/ca\/wp-json\/wp\/v2\/media?parent=65777"}],"wp:term":[{"taxonomy":"category","embeddable":true,"href":"https:\/\/www.fundacioires.org\/ca\/wp-json\/wp\/v2\/categories?post=65777"},{"taxonomy":"post_tag","embeddable":true,"href":"https:\/\/www.fundacioires.org\/ca\/wp-json\/wp\/v2\/tags?post=65777"}],"curies":[{"name":"wp","href":"https:\/\/api.w.org\/{rel}","templated":true}]}}