{"id":66010,"date":"2024-12-11T16:55:57","date_gmt":"2024-12-11T15:55:57","guid":{"rendered":"https:\/\/www.fundacioires.org\/?p=66010"},"modified":"2025-02-13T17:20:45","modified_gmt":"2025-02-13T16:20:45","slug":"eurofragance-voluntariat-2024","status":"publish","type":"post","link":"https:\/\/www.fundacioires.org\/ca\/eurofragance-voluntariat-2024\/","title":{"rendered":"Eurofragance celebra el seu &#8220;Community Day&#8221; amb la Fundaci\u00f3 IRES"},"content":{"rendered":"\n<p>Amb car\u00e0cter totalment altruista y per tercer any consecutiu amb la mateixa il\u00b7lusi\u00f3, volem destacar la bona feina que ha quedat plasmada per part de les 15 persones volunt\u00e0ries de l\u2019empresa <strong>EUROFRAGANCE<\/strong> a crear un ambient m\u00e9s acollidor pels nois i per les noies que viuen al CRAE. <\/p>\n\n\n\n<p>El passat dia 15 de novembre restaurant i transformant l&#8217;espai extern del Centre residencial d\u2019acci\u00f3 educativa \u2013 CRAE de la nostra Fundaci\u00f3.Amb una actitud compromesa, han dedicat el seu temps, esfor\u00e7 i il\u00b7lusi\u00f3 per fer possible una transformaci\u00f3 al nostre centre. <\/p>\n\n\n\n<p>Gr\u00e0cies a la seva tasca, hem aconseguit <strong>un espai m\u00e9s acollidor i agradable<\/strong>. Creiem que, el jard\u00ed que heu transformat, ser\u00e0 un lloc on els nois i noies no sols trobaran alegria, sin\u00f3 tamb\u00e9 enfortiran els seus lla\u00e7os amb els altres, contribuint a la construcci\u00f3 d&#8217;un ambient familiar proporcionant una clara sensaci\u00f3 de llar. I, pintar les parets de la pista d\u2019esports crear\u00e0 un entorn a l&#8217;aire lliure que convidi a fer activitats f\u00edsiques i al joc, essencials per al benestar dels i les joves.<\/p>\n\n\n\n<p>Aquesta col\u00b7laboraci\u00f3 no nom\u00e9s ha tingut un impacte positiu en l&#8217;entorn, sin\u00f3 que tamb\u00e9 ha enriquit l&#8217;experi\u00e8ncia de l&#8217;equip de voluntariat i el nostre equip de la Fundaci\u00f3. La sinergia creada ha fomentat un ambient genu\u00ed de complicitat i solidaritat.Eurofragance t\u00e9 un ferm comprom\u00eds social que impulsa a tota l\u2019empresa gr\u00e0cies al seu \u201c<strong>Community day<\/strong>\u201d en qu\u00e8 totes les persones treballadores dediquen la seva jornada laboral a causes socials i participen en iniciatives de servei a la comunitat. I en els darrers dos anys han col\u00b7laborat amb la nostra entitat.<\/p>\n\n\n\n<figure class=\"wp-block-image size-large\"><img data-recalc-dims=\"1\" loading=\"lazy\" decoding=\"async\" width=\"1024\" height=\"536\" src=\"https:\/\/i0.wp.com\/www.fundacioires.org\/wp-content\/uploads\/PLANTILLA-NOTIS-WEB-37-1.jpg?resize=1024%2C536&#038;ssl=1\" alt=\"\" class=\"wp-image-66020\" srcset=\"https:\/\/i0.wp.com\/www.fundacioires.org\/wp-content\/uploads\/PLANTILLA-NOTIS-WEB-37-1.jpg?resize=1024%2C536&amp;ssl=1 1024w, https:\/\/i0.wp.com\/www.fundacioires.org\/wp-content\/uploads\/PLANTILLA-NOTIS-WEB-37-1.jpg?resize=300%2C157&amp;ssl=1 300w, https:\/\/i0.wp.com\/www.fundacioires.org\/wp-content\/uploads\/PLANTILLA-NOTIS-WEB-37-1.jpg?resize=768%2C402&amp;ssl=1 768w, https:\/\/i0.wp.com\/www.fundacioires.org\/wp-content\/uploads\/PLANTILLA-NOTIS-WEB-37-1.jpg?w=1200&amp;ssl=1 1200w\" sizes=\"(max-width: 1000px) 100vw, 1000px\" \/><\/figure>\n\n\n\n<p>Eurofragance \u00e9s una empresa dedicada especialitzada en el disseny i fabricaci\u00f3 de frag\u00e0ncies per a productes de cura personal, cosm\u00e8tics i llar. T\u00e9 la seu a Barcelona, Espanya, i ha crescut per convertir-se en un actor important en la ind\u00fastria de frag\u00e0ncies a escala global.<\/p>\n\n\n\n<p>Gr\u00e0cies per la feina, per l\u2019entusiasme i l\u2019alegria de totes les persones participants, amb el que es va desenvolupar la jornada. <\/p>\n\n\n\n<p><strong>Us compartim un petit escrit amb les impressions dels joves:<\/strong><\/p>\n\n\n\n<p><em>Els\/les adolescents del CRAE Prim mostren satisfacci\u00f3 per la tasca que va fer els\/les voluntaris posant bonic el pati. Van mostrar sorpresa per les millores al jard\u00ed i mobiliari i van demanar que puguin seguir col\u00b7laborant en altres o ocasions.La majoria de nois\/es van verbalitzar a l&#8217;entrada al centre que els hi agrada molt el nou espai de jard\u00ed, verbalitzen que els aporta m\u00e9s tranquil\u00b7litat.<\/em><\/p>\n\n\n\n<figure class=\"wp-block-image size-large\"><img data-recalc-dims=\"1\" loading=\"lazy\" decoding=\"async\" width=\"1024\" height=\"536\" src=\"https:\/\/i0.wp.com\/www.fundacioires.org\/wp-content\/uploads\/PLANTILLA-NOTIS-WEB-38-1.jpg?resize=1024%2C536&#038;ssl=1\" alt=\"\" class=\"wp-image-66018\" srcset=\"https:\/\/i0.wp.com\/www.fundacioires.org\/wp-content\/uploads\/PLANTILLA-NOTIS-WEB-38-1.jpg?resize=1024%2C536&amp;ssl=1 1024w, https:\/\/i0.wp.com\/www.fundacioires.org\/wp-content\/uploads\/PLANTILLA-NOTIS-WEB-38-1.jpg?resize=300%2C157&amp;ssl=1 300w, https:\/\/i0.wp.com\/www.fundacioires.org\/wp-content\/uploads\/PLANTILLA-NOTIS-WEB-38-1.jpg?resize=768%2C402&amp;ssl=1 768w, https:\/\/i0.wp.com\/www.fundacioires.org\/wp-content\/uploads\/PLANTILLA-NOTIS-WEB-38-1.jpg?w=1200&amp;ssl=1 1200w\" sizes=\"(max-width: 1000px) 100vw, 1000px\" \/><\/figure>\n\n\n\n<p>A la Fundaci\u00f3 IRES #TuHoFasPossible. Aquest servei compta amb el suport del Departament de Drets socials de la Generalitat de Catalunya<\/p>\n","protected":false},"excerpt":{"rendered":"<p>Coneix com han col\u00b7laborat els seus 15 voluntaris i volunt\u00e0ries a millorar un dels espais de la Fundaci\u00f3 IRES.<\/p>\n","protected":false},"author":7,"featured_media":66022,"comment_status":"closed","ping_status":"open","sticky":false,"template":"","format":"standard","meta":{"_jetpack_memberships_contains_paid_content":false,"footnotes":""},"categories":[17],"tags":[],"class_list":["post-66010","post","type-post","status-publish","format-standard","has-post-thumbnail","hentry","category-sense-categoria"],"yoast_head":"<!-- This site is optimized with the Yoast SEO plugin v27.4 - https:\/\/yoast.com\/product\/yoast-seo-wordpress\/ -->\n<title>Eurofragance s&#039;uneix a la Fundaci\u00f3n IRES en el &quot;Community Day&quot;<\/title>\n<meta name=\"description\" content=\"Coneix com han col\u00b7laborat els seus 15 voluntaris i volunt\u00e0ries a millorar un dels espais de la Fundaci\u00f3 IRES.\" \/>\n<meta name=\"robots\" content=\"index, follow, max-snippet:-1, max-image-preview:large, max-video-preview:-1\" \/>\n<link rel=\"canonical\" href=\"https:\/\/www.fundacioires.org\/ca\/eurofragance-voluntariat-2024\/\" \/>\n<meta property=\"og:locale\" content=\"ca_ES\" \/>\n<meta property=\"og:type\" content=\"article\" \/>\n<meta property=\"og:title\" content=\"Eurofragance s&#039;uneix a la Fundaci\u00f3n IRES en el &quot;Community Day&quot;\" \/>\n<meta property=\"og:description\" content=\"Coneix com han col\u00b7laborat els seus 15 voluntaris i volunt\u00e0ries a millorar un dels espais de la Fundaci\u00f3 IRES.\" \/>\n<meta property=\"og:url\" content=\"https:\/\/www.fundacioires.org\/ca\/eurofragance-voluntariat-2024\/\" \/>\n<meta property=\"og:site_name\" content=\"Fundaci\u00f3 IRES\" \/>\n<meta property=\"article:published_time\" content=\"2024-12-11T15:55:57+00:00\" \/>\n<meta property=\"article:modified_time\" content=\"2025-02-13T16:20:45+00:00\" \/>\n<meta property=\"og:image\" content=\"https:\/\/www.fundacioires.org\/wp-content\/uploads\/PLANTILLA-NOTIS-WEB-39-1.jpg\" \/>\n\t<meta property=\"og:image:width\" content=\"1200\" \/>\n\t<meta property=\"og:image:height\" content=\"628\" \/>\n\t<meta property=\"og:image:type\" content=\"image\/jpeg\" \/>\n<meta name=\"author\" content=\"Fundaci\u00f3 IRES\" \/>\n<meta name=\"twitter:card\" content=\"summary_large_image\" \/>\n<meta name=\"twitter:label1\" content=\"Written by\" \/>\n\t<meta name=\"twitter:data1\" content=\"Fundaci\u00f3 IRES\" \/>\n\t<meta name=\"twitter:label2\" content=\"Est. reading time\" \/>\n\t<meta name=\"twitter:data2\" content=\"3 minutes\" \/>\n<script type=\"application\/ld+json\" class=\"yoast-schema-graph\">{\"@context\":\"https:\\\/\\\/schema.org\",\"@graph\":[{\"@type\":\"Article\",\"@id\":\"https:\\\/\\\/www.fundacioires.org\\\/ca\\\/eurofragance-voluntariat-2024\\\/#article\",\"isPartOf\":{\"@id\":\"https:\\\/\\\/www.fundacioires.org\\\/ca\\\/eurofragance-voluntariat-2024\\\/\"},\"author\":{\"name\":\"Fundaci\u00f3 IRES\",\"@id\":\"https:\\\/\\\/www.fundacioires.org\\\/#\\\/schema\\\/person\\\/160af843c565221ef4664a5c7000791c\"},\"headline\":\"Eurofragance celebra el seu &#8220;Community Day&#8221; amb la Fundaci\u00f3 IRES\",\"datePublished\":\"2024-12-11T15:55:57+00:00\",\"dateModified\":\"2025-02-13T16:20:45+00:00\",\"mainEntityOfPage\":{\"@id\":\"https:\\\/\\\/www.fundacioires.org\\\/ca\\\/eurofragance-voluntariat-2024\\\/\"},\"wordCount\":475,\"publisher\":{\"@id\":\"https:\\\/\\\/www.fundacioires.org\\\/#organization\"},\"image\":{\"@id\":\"https:\\\/\\\/www.fundacioires.org\\\/ca\\\/eurofragance-voluntariat-2024\\\/#primaryimage\"},\"thumbnailUrl\":\"https:\\\/\\\/i0.wp.com\\\/www.fundacioires.org\\\/wp-content\\\/uploads\\\/PLANTILLA-NOTIS-WEB-39-1.jpg?fit=1200%2C628&ssl=1\",\"articleSection\":[\"Sense categoria\"],\"inLanguage\":\"ca-ES\"},{\"@type\":\"WebPage\",\"@id\":\"https:\\\/\\\/www.fundacioires.org\\\/ca\\\/eurofragance-voluntariat-2024\\\/\",\"url\":\"https:\\\/\\\/www.fundacioires.org\\\/ca\\\/eurofragance-voluntariat-2024\\\/\",\"name\":\"Eurofragance s'uneix a la Fundaci\u00f3n IRES en el \\\"Community Day\\\"\",\"isPartOf\":{\"@id\":\"https:\\\/\\\/www.fundacioires.org\\\/#website\"},\"primaryImageOfPage\":{\"@id\":\"https:\\\/\\\/www.fundacioires.org\\\/ca\\\/eurofragance-voluntariat-2024\\\/#primaryimage\"},\"image\":{\"@id\":\"https:\\\/\\\/www.fundacioires.org\\\/ca\\\/eurofragance-voluntariat-2024\\\/#primaryimage\"},\"thumbnailUrl\":\"https:\\\/\\\/i0.wp.com\\\/www.fundacioires.org\\\/wp-content\\\/uploads\\\/PLANTILLA-NOTIS-WEB-39-1.jpg?fit=1200%2C628&ssl=1\",\"datePublished\":\"2024-12-11T15:55:57+00:00\",\"dateModified\":\"2025-02-13T16:20:45+00:00\",\"description\":\"Coneix com han col\u00b7laborat els seus 15 voluntaris i volunt\u00e0ries a millorar un dels espais de la Fundaci\u00f3 IRES.\",\"breadcrumb\":{\"@id\":\"https:\\\/\\\/www.fundacioires.org\\\/ca\\\/eurofragance-voluntariat-2024\\\/#breadcrumb\"},\"inLanguage\":\"ca-ES\",\"potentialAction\":[{\"@type\":\"ReadAction\",\"target\":[\"https:\\\/\\\/www.fundacioires.org\\\/ca\\\/eurofragance-voluntariat-2024\\\/\"]}]},{\"@type\":\"ImageObject\",\"inLanguage\":\"ca-ES\",\"@id\":\"https:\\\/\\\/www.fundacioires.org\\\/ca\\\/eurofragance-voluntariat-2024\\\/#primaryimage\",\"url\":\"https:\\\/\\\/i0.wp.com\\\/www.fundacioires.org\\\/wp-content\\\/uploads\\\/PLANTILLA-NOTIS-WEB-39-1.jpg?fit=1200%2C628&ssl=1\",\"contentUrl\":\"https:\\\/\\\/i0.wp.com\\\/www.fundacioires.org\\\/wp-content\\\/uploads\\\/PLANTILLA-NOTIS-WEB-39-1.jpg?fit=1200%2C628&ssl=1\",\"width\":1200,\"height\":628},{\"@type\":\"BreadcrumbList\",\"@id\":\"https:\\\/\\\/www.fundacioires.org\\\/ca\\\/eurofragance-voluntariat-2024\\\/#breadcrumb\",\"itemListElement\":[{\"@type\":\"ListItem\",\"position\":1,\"name\":\"Portada\",\"item\":\"https:\\\/\\\/www.fundacioires.org\\\/\"},{\"@type\":\"ListItem\",\"position\":2,\"name\":\"Eurofragance celebra el seu \u00abCommunity Day\u00bb amb la Fundaci\u00f3 IRES\"}]},{\"@type\":\"WebSite\",\"@id\":\"https:\\\/\\\/www.fundacioires.org\\\/#website\",\"url\":\"https:\\\/\\\/www.fundacioires.org\\\/\",\"name\":\"Fundaci\u00f3 IRES\",\"description\":\"\",\"publisher\":{\"@id\":\"https:\\\/\\\/www.fundacioires.org\\\/#organization\"},\"potentialAction\":[{\"@type\":\"SearchAction\",\"target\":{\"@type\":\"EntryPoint\",\"urlTemplate\":\"https:\\\/\\\/www.fundacioires.org\\\/?s={search_term_string}\"},\"query-input\":{\"@type\":\"PropertyValueSpecification\",\"valueRequired\":true,\"valueName\":\"search_term_string\"}}],\"inLanguage\":\"ca-ES\"},{\"@type\":\"Organization\",\"@id\":\"https:\\\/\\\/www.fundacioires.org\\\/#organization\",\"name\":\"Fundanci\u00f3n IRES\",\"url\":\"https:\\\/\\\/www.fundacioires.org\\\/\",\"logo\":{\"@type\":\"ImageObject\",\"inLanguage\":\"ca-ES\",\"@id\":\"https:\\\/\\\/www.fundacioires.org\\\/#\\\/schema\\\/logo\\\/image\\\/\",\"url\":\"https:\\\/\\\/i0.wp.com\\\/www.fundacioires.org\\\/wp-content\\\/uploads\\\/faviconIRES.png?fit=32%2C32&ssl=1\",\"contentUrl\":\"https:\\\/\\\/i0.wp.com\\\/www.fundacioires.org\\\/wp-content\\\/uploads\\\/faviconIRES.png?fit=32%2C32&ssl=1\",\"width\":32,\"height\":32,\"caption\":\"Fundanci\u00f3n IRES\"},\"image\":{\"@id\":\"https:\\\/\\\/www.fundacioires.org\\\/#\\\/schema\\\/logo\\\/image\\\/\"}},{\"@type\":\"Person\",\"@id\":\"https:\\\/\\\/www.fundacioires.org\\\/#\\\/schema\\\/person\\\/160af843c565221ef4664a5c7000791c\",\"name\":\"Fundaci\u00f3 IRES\"}]}<\/script>\n<!-- \/ Yoast SEO plugin. -->","yoast_head_json":{"title":"Eurofragance s'uneix a la Fundaci\u00f3n IRES en el \"Community Day\"","description":"Coneix com han col\u00b7laborat els seus 15 voluntaris i volunt\u00e0ries a millorar un dels espais de la Fundaci\u00f3 IRES.","robots":{"index":"index","follow":"follow","max-snippet":"max-snippet:-1","max-image-preview":"max-image-preview:large","max-video-preview":"max-video-preview:-1"},"canonical":"https:\/\/www.fundacioires.org\/ca\/eurofragance-voluntariat-2024\/","og_locale":"ca_ES","og_type":"article","og_title":"Eurofragance s'uneix a la Fundaci\u00f3n IRES en el \"Community Day\"","og_description":"Coneix com han col\u00b7laborat els seus 15 voluntaris i volunt\u00e0ries a millorar un dels espais de la Fundaci\u00f3 IRES.","og_url":"https:\/\/www.fundacioires.org\/ca\/eurofragance-voluntariat-2024\/","og_site_name":"Fundaci\u00f3 IRES","article_published_time":"2024-12-11T15:55:57+00:00","article_modified_time":"2025-02-13T16:20:45+00:00","og_image":[{"width":1200,"height":628,"url":"https:\/\/www.fundacioires.org\/wp-content\/uploads\/PLANTILLA-NOTIS-WEB-39-1.jpg","type":"image\/jpeg"}],"author":"Fundaci\u00f3 IRES","twitter_card":"summary_large_image","twitter_misc":{"Written by":"Fundaci\u00f3 IRES","Est. reading time":"3 minutes"},"schema":{"@context":"https:\/\/schema.org","@graph":[{"@type":"Article","@id":"https:\/\/www.fundacioires.org\/ca\/eurofragance-voluntariat-2024\/#article","isPartOf":{"@id":"https:\/\/www.fundacioires.org\/ca\/eurofragance-voluntariat-2024\/"},"author":{"name":"Fundaci\u00f3 IRES","@id":"https:\/\/www.fundacioires.org\/#\/schema\/person\/160af843c565221ef4664a5c7000791c"},"headline":"Eurofragance celebra el seu &#8220;Community Day&#8221; amb la Fundaci\u00f3 IRES","datePublished":"2024-12-11T15:55:57+00:00","dateModified":"2025-02-13T16:20:45+00:00","mainEntityOfPage":{"@id":"https:\/\/www.fundacioires.org\/ca\/eurofragance-voluntariat-2024\/"},"wordCount":475,"publisher":{"@id":"https:\/\/www.fundacioires.org\/#organization"},"image":{"@id":"https:\/\/www.fundacioires.org\/ca\/eurofragance-voluntariat-2024\/#primaryimage"},"thumbnailUrl":"https:\/\/i0.wp.com\/www.fundacioires.org\/wp-content\/uploads\/PLANTILLA-NOTIS-WEB-39-1.jpg?fit=1200%2C628&ssl=1","articleSection":["Sense categoria"],"inLanguage":"ca-ES"},{"@type":"WebPage","@id":"https:\/\/www.fundacioires.org\/ca\/eurofragance-voluntariat-2024\/","url":"https:\/\/www.fundacioires.org\/ca\/eurofragance-voluntariat-2024\/","name":"Eurofragance s'uneix a la Fundaci\u00f3n IRES en el \"Community Day\"","isPartOf":{"@id":"https:\/\/www.fundacioires.org\/#website"},"primaryImageOfPage":{"@id":"https:\/\/www.fundacioires.org\/ca\/eurofragance-voluntariat-2024\/#primaryimage"},"image":{"@id":"https:\/\/www.fundacioires.org\/ca\/eurofragance-voluntariat-2024\/#primaryimage"},"thumbnailUrl":"https:\/\/i0.wp.com\/www.fundacioires.org\/wp-content\/uploads\/PLANTILLA-NOTIS-WEB-39-1.jpg?fit=1200%2C628&ssl=1","datePublished":"2024-12-11T15:55:57+00:00","dateModified":"2025-02-13T16:20:45+00:00","description":"Coneix com han col\u00b7laborat els seus 15 voluntaris i volunt\u00e0ries a millorar un dels espais de la Fundaci\u00f3 IRES.","breadcrumb":{"@id":"https:\/\/www.fundacioires.org\/ca\/eurofragance-voluntariat-2024\/#breadcrumb"},"inLanguage":"ca-ES","potentialAction":[{"@type":"ReadAction","target":["https:\/\/www.fundacioires.org\/ca\/eurofragance-voluntariat-2024\/"]}]},{"@type":"ImageObject","inLanguage":"ca-ES","@id":"https:\/\/www.fundacioires.org\/ca\/eurofragance-voluntariat-2024\/#primaryimage","url":"https:\/\/i0.wp.com\/www.fundacioires.org\/wp-content\/uploads\/PLANTILLA-NOTIS-WEB-39-1.jpg?fit=1200%2C628&ssl=1","contentUrl":"https:\/\/i0.wp.com\/www.fundacioires.org\/wp-content\/uploads\/PLANTILLA-NOTIS-WEB-39-1.jpg?fit=1200%2C628&ssl=1","width":1200,"height":628},{"@type":"BreadcrumbList","@id":"https:\/\/www.fundacioires.org\/ca\/eurofragance-voluntariat-2024\/#breadcrumb","itemListElement":[{"@type":"ListItem","position":1,"name":"Portada","item":"https:\/\/www.fundacioires.org\/"},{"@type":"ListItem","position":2,"name":"Eurofragance celebra el seu \u00abCommunity Day\u00bb amb la Fundaci\u00f3 IRES"}]},{"@type":"WebSite","@id":"https:\/\/www.fundacioires.org\/#website","url":"https:\/\/www.fundacioires.org\/","name":"Fundaci\u00f3 IRES","description":"","publisher":{"@id":"https:\/\/www.fundacioires.org\/#organization"},"potentialAction":[{"@type":"SearchAction","target":{"@type":"EntryPoint","urlTemplate":"https:\/\/www.fundacioires.org\/?s={search_term_string}"},"query-input":{"@type":"PropertyValueSpecification","valueRequired":true,"valueName":"search_term_string"}}],"inLanguage":"ca-ES"},{"@type":"Organization","@id":"https:\/\/www.fundacioires.org\/#organization","name":"Fundanci\u00f3n IRES","url":"https:\/\/www.fundacioires.org\/","logo":{"@type":"ImageObject","inLanguage":"ca-ES","@id":"https:\/\/www.fundacioires.org\/#\/schema\/logo\/image\/","url":"https:\/\/i0.wp.com\/www.fundacioires.org\/wp-content\/uploads\/faviconIRES.png?fit=32%2C32&ssl=1","contentUrl":"https:\/\/i0.wp.com\/www.fundacioires.org\/wp-content\/uploads\/faviconIRES.png?fit=32%2C32&ssl=1","width":32,"height":32,"caption":"Fundanci\u00f3n IRES"},"image":{"@id":"https:\/\/www.fundacioires.org\/#\/schema\/logo\/image\/"}},{"@type":"Person","@id":"https:\/\/www.fundacioires.org\/#\/schema\/person\/160af843c565221ef4664a5c7000791c","name":"Fundaci\u00f3 IRES"}]}},"jetpack_featured_media_url":"https:\/\/i0.wp.com\/www.fundacioires.org\/wp-content\/uploads\/PLANTILLA-NOTIS-WEB-39-1.jpg?fit=1200%2C628&ssl=1","jetpack_sharing_enabled":true,"_links":{"self":[{"href":"https:\/\/www.fundacioires.org\/ca\/wp-json\/wp\/v2\/posts\/66010","targetHints":{"allow":["GET"]}}],"collection":[{"href":"https:\/\/www.fundacioires.org\/ca\/wp-json\/wp\/v2\/posts"}],"about":[{"href":"https:\/\/www.fundacioires.org\/ca\/wp-json\/wp\/v2\/types\/post"}],"author":[{"embeddable":true,"href":"https:\/\/www.fundacioires.org\/ca\/wp-json\/wp\/v2\/users\/7"}],"replies":[{"embeddable":true,"href":"https:\/\/www.fundacioires.org\/ca\/wp-json\/wp\/v2\/comments?post=66010"}],"version-history":[{"count":3,"href":"https:\/\/www.fundacioires.org\/ca\/wp-json\/wp\/v2\/posts\/66010\/revisions"}],"predecessor-version":[{"id":68210,"href":"https:\/\/www.fundacioires.org\/ca\/wp-json\/wp\/v2\/posts\/66010\/revisions\/68210"}],"wp:featuredmedia":[{"embeddable":true,"href":"https:\/\/www.fundacioires.org\/ca\/wp-json\/wp\/v2\/media\/66022"}],"wp:attachment":[{"href":"https:\/\/www.fundacioires.org\/ca\/wp-json\/wp\/v2\/media?parent=66010"}],"wp:term":[{"taxonomy":"category","embeddable":true,"href":"https:\/\/www.fundacioires.org\/ca\/wp-json\/wp\/v2\/categories?post=66010"},{"taxonomy":"post_tag","embeddable":true,"href":"https:\/\/www.fundacioires.org\/ca\/wp-json\/wp\/v2\/tags?post=66010"}],"curies":[{"name":"wp","href":"https:\/\/api.w.org\/{rel}","templated":true}]}}