{"id":66253,"date":"2024-12-17T17:23:33","date_gmt":"2024-12-17T16:23:33","guid":{"rendered":"https:\/\/www.fundacioires.org\/?p=66253"},"modified":"2024-12-19T09:41:29","modified_gmt":"2024-12-19T08:41:29","slug":"fundacio-ires-suara-alianca-estrategica","status":"publish","type":"post","link":"https:\/\/www.fundacioires.org\/ca\/fundacio-ires-suara-alianca-estrategica\/","title":{"rendered":"Fundaci\u00f3 IRES i Suara Cooperativa: una alian\u00e7a estrat\u00e8gica"},"content":{"rendered":"\n<p>La Fundaci\u00f3 IRES i Suara Cooperativa hem signat un nou acord per fer un pas m\u00e9s en la nostra alian\u00e7a estrat\u00e8gica, despr\u00e9s de 20 anys de treball conjunt. Aquest acord obre una nova etapa en la relaci\u00f3 entre les dues entitats, amb l&#8217;objectiu de consolidar un model cooperatiu \u00fanic en els serveis d&#8217;atenci\u00f3 a les persones, i afrontar els reptes futurs sumant experi\u00e8ncia, recursos i talent.<\/p>\n\n\n\n<p class=\"has-text-color has-link-color wp-elements-4e6ec1663518e3c209c9a6294fa09db9\" style=\"color:#1cab8b\"><strong>\u201cAquesta alian\u00e7a \u00e9s el fruit d\u2019un llarg recorregut entre Suara Cooperativa i la Fundaci\u00f3 IRES, signem aquest acord amb la il\u00b7lusi\u00f3 i amb el convenciment de continuar construint la nostra hist\u00f2ria, que va iniciar fa m\u00e9s de 50 anys, el meu pare juntament amb altres persones molt properes,&nbsp; que van constituir el primer patronat de la Fundaci\u00f3 IRES. Amb aquest pas cap al futur, continuarem amb la nostra ra\u00f3 de ser i ess\u00e8ncia: l\u2019atenci\u00f3 a les persones i fam\u00edlies en situaci\u00f3 de vulnerabilitat\u201d&nbsp;<\/strong>(Andreu Soldevila Casals, president de la Fundaci\u00f3 IRES)<\/p>\n\n\n\n<p>Des del 2003, la Fundaci\u00f3 IRES i Suara Cooperativa col\u00b7laboren per donar respostes a les necessitats de les persones i fam\u00edlies en situaci\u00f3 de vulnerabilitat. La nostra col\u00b7laboraci\u00f3 va iniciar amb la gesti\u00f3 conjunta d\u2019un Centre de Dia al barri Font de la P\u00f3lvora de Girona i des de llavors, ha anat creixent amb projectes com el de la Fundaci\u00f3 Interm\u00e8dia i diversos programes del Departament de Just\u00edcia relacionats amb programes formatius de diverses tipologies de viol\u00e8ncia, entre d\u2019altres.<\/p>\n\n\n\n<blockquote class=\"wp-block-quote is-layout-flow wp-block-quote-is-layout-flow\">\n<p style=\"font-size:28px\"><strong>Impacte i serveis<\/strong><\/p>\n<\/blockquote>\n\n\n\n<p>Avui dia, la Fundaci\u00f3 IRES disposa de 50 serveis especialitzats en l&#8217;acompanyament a persones i fam\u00edlies en situaci\u00f3 de vulnerabilitat, en les l\u00ednies de treball d\u2019atenci\u00f3 socioeducativa, la promoci\u00f3 de la inclusi\u00f3 social, la intervenci\u00f3 en els conflictes i viol\u00e8ncies i l\u2019\u00e0mbit judicial. Per la seva banda, Suara disposa de 283 serveis que abasten tot el cicle vital de la persona, des d\u2019escoles bressol i serveis a la petita inf\u00e0ncia fins a resid\u00e8ncies de gent gran i servei d\u2019atenci\u00f3 domicili\u00e0ria.<\/p>\n\n\n\n<p>Aquesta alian\u00e7a permetr\u00e0 ampliar el nombre i la tipologia de serveis oferts, donant resposta a gaireb\u00e9 70.000 persones ateses entre les dues entitats (dades de tancament de 2023). El nostre objectiu \u00e9s arribar a un major nombre de persones i garantir la igualtat d&#8217;oportunitats en l\u2019atenci\u00f3 social.<\/p>\n\n\n\n<p class=\"has-text-color has-link-color wp-elements-30686a2c656ea3a546744b463fda9379\" style=\"color:#1cab8b\"><strong>\u201cDes de l\u2019experi\u00e8ncia sabem que les aliances no nom\u00e9s sumen, sin\u00f3 que multipliquen. Per aix\u00f2, la intercooperaci\u00f3 \u00e9s essencial per donar respostes els reptes presents i futurs que tenim com a societat. Amb aquest objectiu ja fa m\u00e9s de 20 anys que vam comen\u00e7ar a col\u00b7laborar amb la Fundaci\u00f3 IRES i ara fem un pas m\u00e9s enll\u00e0 per enfortir la nostra alian\u00e7a amb la finalitat de millorar l\u2019atenci\u00f3 de les persones, especialment, aquelles que es troben en situaci\u00f3 de vulnerabilitat\u201d<\/strong> (Laia Bonastra, presidenta de Suara Cooperativa)<\/p>\n\n\n\n<p>Amb aquesta iniciativa, la Fundaci\u00f3 IRES i Suara Cooperativa refermen el seu comprom\u00eds per construir una societat m\u00e9s equitativa i inclusiva, garantint que totes les persones disposin de les mateixes oportunitats per assolir el seu projecte de vida.<\/p>\n\n\n\n<figure class=\"wp-block-image size-full\"><img data-recalc-dims=\"1\" loading=\"lazy\" decoding=\"async\" width=\"1000\" height=\"492\" src=\"https:\/\/i0.wp.com\/www.fundacioires.org\/wp-content\/uploads\/Foto-grup-firma-Suara-IRES.jpeg?resize=1000%2C492&#038;ssl=1\" alt=\"\" class=\"wp-image-66256\" srcset=\"https:\/\/i0.wp.com\/www.fundacioires.org\/wp-content\/uploads\/Foto-grup-firma-Suara-IRES.jpeg?w=1000&amp;ssl=1 1000w, https:\/\/i0.wp.com\/www.fundacioires.org\/wp-content\/uploads\/Foto-grup-firma-Suara-IRES.jpeg?resize=300%2C148&amp;ssl=1 300w, https:\/\/i0.wp.com\/www.fundacioires.org\/wp-content\/uploads\/Foto-grup-firma-Suara-IRES.jpeg?resize=768%2C378&amp;ssl=1 768w\" sizes=\"(max-width: 1000px) 100vw, 1000px\" \/><\/figure>\n\n\n\n<div class=\"wp-block-buttons is-content-justification-center is-layout-flex wp-container-core-buttons-is-layout-16018d1d wp-block-buttons-is-layout-flex\">\n<div class=\"wp-block-button is-style-outline is-style-outline--1\"><a class=\"wp-block-button__link has-text-color has-link-color wp-element-button\" href=\"https:\/\/memoria.suara.coop\/ca\/2023\/#page=1&amp;utm_medium=web&amp;utm_campaign=memoria-2023\" style=\"color:#1cab8b\"><strong>M\u00e9s informaci\u00f3 sobre Suara Cooperativa<\/strong><\/a><\/div>\n<\/div>\n","protected":false},"excerpt":{"rendered":"<p>Les dues entitats hem signat un nou acord per fer un pas m\u00e9s en la nostra alian\u00e7a estrat\u00e8gica, despr\u00e9s de 20 anys de treball conjunt.<\/p>\n","protected":false},"author":7,"featured_media":66254,"comment_status":"closed","ping_status":"open","sticky":false,"template":"","format":"standard","meta":{"_jetpack_memberships_contains_paid_content":false,"footnotes":""},"categories":[19],"tags":[],"class_list":["post-66253","post","type-post","status-publish","format-standard","has-post-thumbnail","hentry","category-ires-blog"],"yoast_head":"<!-- This site is optimized with the Yoast SEO plugin v27.4 - https:\/\/yoast.com\/product\/yoast-seo-wordpress\/ -->\n<title>Fundaci\u00f3 IRES i Suara Cooperativa: una alian\u00e7a del present cap al futur<\/title>\n<meta name=\"description\" content=\"Les dues entitats hem signat un nou acord per fer un pas m\u00e9s en la nostra alian\u00e7a estrat\u00e8gica, despr\u00e9s de 20 anys de treball conjunt.\" \/>\n<meta name=\"robots\" content=\"index, follow, max-snippet:-1, max-image-preview:large, max-video-preview:-1\" \/>\n<link rel=\"canonical\" href=\"https:\/\/www.fundacioires.org\/ca\/fundacio-ires-suara-alianca-estrategica\/\" \/>\n<meta property=\"og:locale\" content=\"ca_ES\" \/>\n<meta property=\"og:type\" content=\"article\" \/>\n<meta property=\"og:title\" content=\"Fundaci\u00f3 IRES i Suara Cooperativa: una alian\u00e7a del present cap al futur\" \/>\n<meta property=\"og:description\" content=\"Les dues entitats hem signat un nou acord per fer un pas m\u00e9s en la nostra alian\u00e7a estrat\u00e8gica, despr\u00e9s de 20 anys de treball conjunt.\" \/>\n<meta property=\"og:url\" content=\"https:\/\/www.fundacioires.org\/ca\/fundacio-ires-suara-alianca-estrategica\/\" \/>\n<meta property=\"og:site_name\" content=\"Fundaci\u00f3 IRES\" \/>\n<meta property=\"article:published_time\" content=\"2024-12-17T16:23:33+00:00\" \/>\n<meta property=\"article:modified_time\" content=\"2024-12-19T08:41:29+00:00\" \/>\n<meta property=\"og:image\" content=\"https:\/\/www.fundacioires.org\/wp-content\/uploads\/IMG_Signatura_Alianca_IRES_Suara.png\" \/>\n\t<meta property=\"og:image:width\" content=\"1200\" \/>\n\t<meta property=\"og:image:height\" content=\"628\" \/>\n\t<meta property=\"og:image:type\" content=\"image\/png\" \/>\n<meta name=\"author\" content=\"Fundaci\u00f3 IRES\" \/>\n<meta name=\"twitter:card\" content=\"summary_large_image\" \/>\n<meta name=\"twitter:label1\" content=\"Written by\" \/>\n\t<meta name=\"twitter:data1\" content=\"Fundaci\u00f3 IRES\" \/>\n\t<meta name=\"twitter:label2\" content=\"Est. reading time\" \/>\n\t<meta name=\"twitter:data2\" content=\"3 minutes\" \/>\n<script type=\"application\/ld+json\" class=\"yoast-schema-graph\">{\"@context\":\"https:\\\/\\\/schema.org\",\"@graph\":[{\"@type\":\"Article\",\"@id\":\"https:\\\/\\\/www.fundacioires.org\\\/ca\\\/fundacio-ires-suara-alianca-estrategica\\\/#article\",\"isPartOf\":{\"@id\":\"https:\\\/\\\/www.fundacioires.org\\\/ca\\\/fundacio-ires-suara-alianca-estrategica\\\/\"},\"author\":{\"name\":\"Fundaci\u00f3 IRES\",\"@id\":\"https:\\\/\\\/www.fundacioires.org\\\/#\\\/schema\\\/person\\\/160af843c565221ef4664a5c7000791c\"},\"headline\":\"Fundaci\u00f3 IRES i Suara Cooperativa: una alian\u00e7a estrat\u00e8gica\",\"datePublished\":\"2024-12-17T16:23:33+00:00\",\"dateModified\":\"2024-12-19T08:41:29+00:00\",\"mainEntityOfPage\":{\"@id\":\"https:\\\/\\\/www.fundacioires.org\\\/ca\\\/fundacio-ires-suara-alianca-estrategica\\\/\"},\"wordCount\":549,\"publisher\":{\"@id\":\"https:\\\/\\\/www.fundacioires.org\\\/#organization\"},\"image\":{\"@id\":\"https:\\\/\\\/www.fundacioires.org\\\/ca\\\/fundacio-ires-suara-alianca-estrategica\\\/#primaryimage\"},\"thumbnailUrl\":\"https:\\\/\\\/i0.wp.com\\\/www.fundacioires.org\\\/wp-content\\\/uploads\\\/IMG_Signatura_Alianca_IRES_Suara.png?fit=1200%2C628&ssl=1\",\"articleSection\":[\"IRES-Blog\"],\"inLanguage\":\"ca-ES\"},{\"@type\":\"WebPage\",\"@id\":\"https:\\\/\\\/www.fundacioires.org\\\/ca\\\/fundacio-ires-suara-alianca-estrategica\\\/\",\"url\":\"https:\\\/\\\/www.fundacioires.org\\\/ca\\\/fundacio-ires-suara-alianca-estrategica\\\/\",\"name\":\"Fundaci\u00f3 IRES i Suara Cooperativa: una alian\u00e7a del present cap al futur\",\"isPartOf\":{\"@id\":\"https:\\\/\\\/www.fundacioires.org\\\/#website\"},\"primaryImageOfPage\":{\"@id\":\"https:\\\/\\\/www.fundacioires.org\\\/ca\\\/fundacio-ires-suara-alianca-estrategica\\\/#primaryimage\"},\"image\":{\"@id\":\"https:\\\/\\\/www.fundacioires.org\\\/ca\\\/fundacio-ires-suara-alianca-estrategica\\\/#primaryimage\"},\"thumbnailUrl\":\"https:\\\/\\\/i0.wp.com\\\/www.fundacioires.org\\\/wp-content\\\/uploads\\\/IMG_Signatura_Alianca_IRES_Suara.png?fit=1200%2C628&ssl=1\",\"datePublished\":\"2024-12-17T16:23:33+00:00\",\"dateModified\":\"2024-12-19T08:41:29+00:00\",\"description\":\"Les dues entitats hem signat un nou acord per fer un pas m\u00e9s en la nostra alian\u00e7a estrat\u00e8gica, despr\u00e9s de 20 anys de treball conjunt.\",\"breadcrumb\":{\"@id\":\"https:\\\/\\\/www.fundacioires.org\\\/ca\\\/fundacio-ires-suara-alianca-estrategica\\\/#breadcrumb\"},\"inLanguage\":\"ca-ES\",\"potentialAction\":[{\"@type\":\"ReadAction\",\"target\":[\"https:\\\/\\\/www.fundacioires.org\\\/ca\\\/fundacio-ires-suara-alianca-estrategica\\\/\"]}]},{\"@type\":\"ImageObject\",\"inLanguage\":\"ca-ES\",\"@id\":\"https:\\\/\\\/www.fundacioires.org\\\/ca\\\/fundacio-ires-suara-alianca-estrategica\\\/#primaryimage\",\"url\":\"https:\\\/\\\/i0.wp.com\\\/www.fundacioires.org\\\/wp-content\\\/uploads\\\/IMG_Signatura_Alianca_IRES_Suara.png?fit=1200%2C628&ssl=1\",\"contentUrl\":\"https:\\\/\\\/i0.wp.com\\\/www.fundacioires.org\\\/wp-content\\\/uploads\\\/IMG_Signatura_Alianca_IRES_Suara.png?fit=1200%2C628&ssl=1\",\"width\":1200,\"height\":628},{\"@type\":\"BreadcrumbList\",\"@id\":\"https:\\\/\\\/www.fundacioires.org\\\/ca\\\/fundacio-ires-suara-alianca-estrategica\\\/#breadcrumb\",\"itemListElement\":[{\"@type\":\"ListItem\",\"position\":1,\"name\":\"Portada\",\"item\":\"https:\\\/\\\/www.fundacioires.org\\\/\"},{\"@type\":\"ListItem\",\"position\":2,\"name\":\"Fundaci\u00f3 IRES i Suara Cooperativa: una alian\u00e7a estrat\u00e8gica\"}]},{\"@type\":\"WebSite\",\"@id\":\"https:\\\/\\\/www.fundacioires.org\\\/#website\",\"url\":\"https:\\\/\\\/www.fundacioires.org\\\/\",\"name\":\"Fundaci\u00f3 IRES\",\"description\":\"\",\"publisher\":{\"@id\":\"https:\\\/\\\/www.fundacioires.org\\\/#organization\"},\"potentialAction\":[{\"@type\":\"SearchAction\",\"target\":{\"@type\":\"EntryPoint\",\"urlTemplate\":\"https:\\\/\\\/www.fundacioires.org\\\/?s={search_term_string}\"},\"query-input\":{\"@type\":\"PropertyValueSpecification\",\"valueRequired\":true,\"valueName\":\"search_term_string\"}}],\"inLanguage\":\"ca-ES\"},{\"@type\":\"Organization\",\"@id\":\"https:\\\/\\\/www.fundacioires.org\\\/#organization\",\"name\":\"Fundanci\u00f3n IRES\",\"url\":\"https:\\\/\\\/www.fundacioires.org\\\/\",\"logo\":{\"@type\":\"ImageObject\",\"inLanguage\":\"ca-ES\",\"@id\":\"https:\\\/\\\/www.fundacioires.org\\\/#\\\/schema\\\/logo\\\/image\\\/\",\"url\":\"https:\\\/\\\/i0.wp.com\\\/www.fundacioires.org\\\/wp-content\\\/uploads\\\/faviconIRES.png?fit=32%2C32&ssl=1\",\"contentUrl\":\"https:\\\/\\\/i0.wp.com\\\/www.fundacioires.org\\\/wp-content\\\/uploads\\\/faviconIRES.png?fit=32%2C32&ssl=1\",\"width\":32,\"height\":32,\"caption\":\"Fundanci\u00f3n IRES\"},\"image\":{\"@id\":\"https:\\\/\\\/www.fundacioires.org\\\/#\\\/schema\\\/logo\\\/image\\\/\"}},{\"@type\":\"Person\",\"@id\":\"https:\\\/\\\/www.fundacioires.org\\\/#\\\/schema\\\/person\\\/160af843c565221ef4664a5c7000791c\",\"name\":\"Fundaci\u00f3 IRES\"}]}<\/script>\n<!-- \/ Yoast SEO plugin. -->","yoast_head_json":{"title":"Fundaci\u00f3 IRES i Suara Cooperativa: una alian\u00e7a del present cap al futur","description":"Les dues entitats hem signat un nou acord per fer un pas m\u00e9s en la nostra alian\u00e7a estrat\u00e8gica, despr\u00e9s de 20 anys de treball conjunt.","robots":{"index":"index","follow":"follow","max-snippet":"max-snippet:-1","max-image-preview":"max-image-preview:large","max-video-preview":"max-video-preview:-1"},"canonical":"https:\/\/www.fundacioires.org\/ca\/fundacio-ires-suara-alianca-estrategica\/","og_locale":"ca_ES","og_type":"article","og_title":"Fundaci\u00f3 IRES i Suara Cooperativa: una alian\u00e7a del present cap al futur","og_description":"Les dues entitats hem signat un nou acord per fer un pas m\u00e9s en la nostra alian\u00e7a estrat\u00e8gica, despr\u00e9s de 20 anys de treball conjunt.","og_url":"https:\/\/www.fundacioires.org\/ca\/fundacio-ires-suara-alianca-estrategica\/","og_site_name":"Fundaci\u00f3 IRES","article_published_time":"2024-12-17T16:23:33+00:00","article_modified_time":"2024-12-19T08:41:29+00:00","og_image":[{"width":1200,"height":628,"url":"https:\/\/www.fundacioires.org\/wp-content\/uploads\/IMG_Signatura_Alianca_IRES_Suara.png","type":"image\/png"}],"author":"Fundaci\u00f3 IRES","twitter_card":"summary_large_image","twitter_misc":{"Written by":"Fundaci\u00f3 IRES","Est. reading time":"3 minutes"},"schema":{"@context":"https:\/\/schema.org","@graph":[{"@type":"Article","@id":"https:\/\/www.fundacioires.org\/ca\/fundacio-ires-suara-alianca-estrategica\/#article","isPartOf":{"@id":"https:\/\/www.fundacioires.org\/ca\/fundacio-ires-suara-alianca-estrategica\/"},"author":{"name":"Fundaci\u00f3 IRES","@id":"https:\/\/www.fundacioires.org\/#\/schema\/person\/160af843c565221ef4664a5c7000791c"},"headline":"Fundaci\u00f3 IRES i Suara Cooperativa: una alian\u00e7a estrat\u00e8gica","datePublished":"2024-12-17T16:23:33+00:00","dateModified":"2024-12-19T08:41:29+00:00","mainEntityOfPage":{"@id":"https:\/\/www.fundacioires.org\/ca\/fundacio-ires-suara-alianca-estrategica\/"},"wordCount":549,"publisher":{"@id":"https:\/\/www.fundacioires.org\/#organization"},"image":{"@id":"https:\/\/www.fundacioires.org\/ca\/fundacio-ires-suara-alianca-estrategica\/#primaryimage"},"thumbnailUrl":"https:\/\/i0.wp.com\/www.fundacioires.org\/wp-content\/uploads\/IMG_Signatura_Alianca_IRES_Suara.png?fit=1200%2C628&ssl=1","articleSection":["IRES-Blog"],"inLanguage":"ca-ES"},{"@type":"WebPage","@id":"https:\/\/www.fundacioires.org\/ca\/fundacio-ires-suara-alianca-estrategica\/","url":"https:\/\/www.fundacioires.org\/ca\/fundacio-ires-suara-alianca-estrategica\/","name":"Fundaci\u00f3 IRES i Suara Cooperativa: una alian\u00e7a del present cap al futur","isPartOf":{"@id":"https:\/\/www.fundacioires.org\/#website"},"primaryImageOfPage":{"@id":"https:\/\/www.fundacioires.org\/ca\/fundacio-ires-suara-alianca-estrategica\/#primaryimage"},"image":{"@id":"https:\/\/www.fundacioires.org\/ca\/fundacio-ires-suara-alianca-estrategica\/#primaryimage"},"thumbnailUrl":"https:\/\/i0.wp.com\/www.fundacioires.org\/wp-content\/uploads\/IMG_Signatura_Alianca_IRES_Suara.png?fit=1200%2C628&ssl=1","datePublished":"2024-12-17T16:23:33+00:00","dateModified":"2024-12-19T08:41:29+00:00","description":"Les dues entitats hem signat un nou acord per fer un pas m\u00e9s en la nostra alian\u00e7a estrat\u00e8gica, despr\u00e9s de 20 anys de treball conjunt.","breadcrumb":{"@id":"https:\/\/www.fundacioires.org\/ca\/fundacio-ires-suara-alianca-estrategica\/#breadcrumb"},"inLanguage":"ca-ES","potentialAction":[{"@type":"ReadAction","target":["https:\/\/www.fundacioires.org\/ca\/fundacio-ires-suara-alianca-estrategica\/"]}]},{"@type":"ImageObject","inLanguage":"ca-ES","@id":"https:\/\/www.fundacioires.org\/ca\/fundacio-ires-suara-alianca-estrategica\/#primaryimage","url":"https:\/\/i0.wp.com\/www.fundacioires.org\/wp-content\/uploads\/IMG_Signatura_Alianca_IRES_Suara.png?fit=1200%2C628&ssl=1","contentUrl":"https:\/\/i0.wp.com\/www.fundacioires.org\/wp-content\/uploads\/IMG_Signatura_Alianca_IRES_Suara.png?fit=1200%2C628&ssl=1","width":1200,"height":628},{"@type":"BreadcrumbList","@id":"https:\/\/www.fundacioires.org\/ca\/fundacio-ires-suara-alianca-estrategica\/#breadcrumb","itemListElement":[{"@type":"ListItem","position":1,"name":"Portada","item":"https:\/\/www.fundacioires.org\/"},{"@type":"ListItem","position":2,"name":"Fundaci\u00f3 IRES i Suara Cooperativa: una alian\u00e7a estrat\u00e8gica"}]},{"@type":"WebSite","@id":"https:\/\/www.fundacioires.org\/#website","url":"https:\/\/www.fundacioires.org\/","name":"Fundaci\u00f3 IRES","description":"","publisher":{"@id":"https:\/\/www.fundacioires.org\/#organization"},"potentialAction":[{"@type":"SearchAction","target":{"@type":"EntryPoint","urlTemplate":"https:\/\/www.fundacioires.org\/?s={search_term_string}"},"query-input":{"@type":"PropertyValueSpecification","valueRequired":true,"valueName":"search_term_string"}}],"inLanguage":"ca-ES"},{"@type":"Organization","@id":"https:\/\/www.fundacioires.org\/#organization","name":"Fundanci\u00f3n IRES","url":"https:\/\/www.fundacioires.org\/","logo":{"@type":"ImageObject","inLanguage":"ca-ES","@id":"https:\/\/www.fundacioires.org\/#\/schema\/logo\/image\/","url":"https:\/\/i0.wp.com\/www.fundacioires.org\/wp-content\/uploads\/faviconIRES.png?fit=32%2C32&ssl=1","contentUrl":"https:\/\/i0.wp.com\/www.fundacioires.org\/wp-content\/uploads\/faviconIRES.png?fit=32%2C32&ssl=1","width":32,"height":32,"caption":"Fundanci\u00f3n IRES"},"image":{"@id":"https:\/\/www.fundacioires.org\/#\/schema\/logo\/image\/"}},{"@type":"Person","@id":"https:\/\/www.fundacioires.org\/#\/schema\/person\/160af843c565221ef4664a5c7000791c","name":"Fundaci\u00f3 IRES"}]}},"jetpack_featured_media_url":"https:\/\/i0.wp.com\/www.fundacioires.org\/wp-content\/uploads\/IMG_Signatura_Alianca_IRES_Suara.png?fit=1200%2C628&ssl=1","jetpack_sharing_enabled":true,"_links":{"self":[{"href":"https:\/\/www.fundacioires.org\/ca\/wp-json\/wp\/v2\/posts\/66253","targetHints":{"allow":["GET"]}}],"collection":[{"href":"https:\/\/www.fundacioires.org\/ca\/wp-json\/wp\/v2\/posts"}],"about":[{"href":"https:\/\/www.fundacioires.org\/ca\/wp-json\/wp\/v2\/types\/post"}],"author":[{"embeddable":true,"href":"https:\/\/www.fundacioires.org\/ca\/wp-json\/wp\/v2\/users\/7"}],"replies":[{"embeddable":true,"href":"https:\/\/www.fundacioires.org\/ca\/wp-json\/wp\/v2\/comments?post=66253"}],"version-history":[{"count":5,"href":"https:\/\/www.fundacioires.org\/ca\/wp-json\/wp\/v2\/posts\/66253\/revisions"}],"predecessor-version":[{"id":66303,"href":"https:\/\/www.fundacioires.org\/ca\/wp-json\/wp\/v2\/posts\/66253\/revisions\/66303"}],"wp:featuredmedia":[{"embeddable":true,"href":"https:\/\/www.fundacioires.org\/ca\/wp-json\/wp\/v2\/media\/66254"}],"wp:attachment":[{"href":"https:\/\/www.fundacioires.org\/ca\/wp-json\/wp\/v2\/media?parent=66253"}],"wp:term":[{"taxonomy":"category","embeddable":true,"href":"https:\/\/www.fundacioires.org\/ca\/wp-json\/wp\/v2\/categories?post=66253"},{"taxonomy":"post_tag","embeddable":true,"href":"https:\/\/www.fundacioires.org\/ca\/wp-json\/wp\/v2\/tags?post=66253"}],"curies":[{"name":"wp","href":"https:\/\/api.w.org\/{rel}","templated":true}]}}