{"id":66323,"date":"2022-12-20T13:08:00","date_gmt":"2022-12-20T12:08:00","guid":{"rendered":"https:\/\/www.fundacioires.org\/?p=66323"},"modified":"2024-12-19T13:25:04","modified_gmt":"2024-12-19T12:25:04","slug":"programa-xarxes-2022-cat","status":"publish","type":"post","link":"https:\/\/www.fundacioires.org\/ca\/programa-xarxes-2022-cat\/","title":{"rendered":"Xarxes: Programa d\u2019acompanyament terap\u00e8utic per a joves sense referents familiars"},"content":{"rendered":"\n<p>La<strong>&nbsp;Fundaci\u00f3 IRES<\/strong>&nbsp;ha portat a terme el programa Xarxes orientat a nois i noies sense referents familiars. Des de xarxes s\u2019ha ofert atenci\u00f3 educativa, psicol\u00f2gica i d\u2019acompanyament a joves, per tal d\u2019acompanyar-los en el proc\u00e9s de recuperaci\u00f3 mitjan\u00e7ant un espai terap\u00e8utic individual i grupal.<\/p>\n\n\n\n<p>Des del programa s\u2019ha treballat en l\u2019apoderament dels i les joves, recolzant la seva autoestima, facilitant eines de resoluci\u00f3 de conflictes i habilitats de comunicaci\u00f3, l\u2019expressi\u00f3 de les emocions i sentiments, capacitat de presa de decisions, autonomia, expectatives de control sobre la seva pr\u00f2pia vida, recolzant les xarxes socials de suport, habilitats personals, suport personal i superaci\u00f3 de les pors a l\u2019hora de establir noves relacions.<\/p>\n\n\n\n<p><strong>14 joves<\/strong> han participat d\u2019un programa d\u2019atenci\u00f3 terap\u00e8utica amb m\u00e9s de <strong>95 sessions<\/strong>. La majoria dels joves han millorat amb relaci\u00f3 al reconeixement dels seus actes i prejudicis, i en prendre consci\u00e8ncia de la seva situaci\u00f3 personal. Paral\u00b7lelament, el programa s\u2019ha orientat en la sensibilitzaci\u00f3 als i les professionals que treballaven amb aquests joves.<\/p>\n\n\n\n<p><strong>Aquest programa ha comptat amb el suport del Departament de Drets Socials i Inclusi\u00f3 amb c\u00e0rrec a l\u2019assignaci\u00f3 del 0,7% de l\u2019IRPF.<\/strong><\/p>\n\n\n<div class=\"wp-block-image\">\n<figure class=\"aligncenter size-full is-resized\"><img data-recalc-dims=\"1\" loading=\"lazy\" decoding=\"async\" width=\"325\" height=\"78\" src=\"https:\/\/i0.wp.com\/www.fundacioires.org\/wp-content\/uploads\/WhatsApp-Image-2024-12-19-at-13.14.06.jpeg?resize=325%2C78&#038;ssl=1\" alt=\"\" class=\"wp-image-66324\" style=\"width:286px;height:auto\" srcset=\"https:\/\/i0.wp.com\/www.fundacioires.org\/wp-content\/uploads\/WhatsApp-Image-2024-12-19-at-13.14.06.jpeg?w=325&amp;ssl=1 325w, https:\/\/i0.wp.com\/www.fundacioires.org\/wp-content\/uploads\/WhatsApp-Image-2024-12-19-at-13.14.06.jpeg?resize=300%2C72&amp;ssl=1 300w\" sizes=\"(max-width: 325px) 100vw, 325px\" \/><\/figure>\n<\/div>","protected":false},"excerpt":{"rendered":"<p>Des del programa s\u2019ha treballat en l\u2019apoderament dels i les joves, recolzant la seva autoestima, facilitant eines de resoluci\u00f3 de conflictes.<\/p>\n","protected":false},"author":9,"featured_media":66326,"comment_status":"closed","ping_status":"open","sticky":false,"template":"","format":"standard","meta":{"_jetpack_memberships_contains_paid_content":false,"footnotes":""},"categories":[17],"tags":[],"class_list":["post-66323","post","type-post","status-publish","format-standard","has-post-thumbnail","hentry","category-sense-categoria"],"yoast_head":"<!-- This site is optimized with the Yoast SEO plugin v27.4 - https:\/\/yoast.com\/product\/yoast-seo-wordpress\/ -->\n<title>Xarxes: Programa d\u2019acompanyament terap\u00e8utic per a joves<\/title>\n<meta name=\"description\" content=\"Des del programa s\u2019ha treballat en l\u2019apoderament dels i les joves, recolzant la seva autoestima, facilitant eines de resoluci\u00f3 de conflictes.\" \/>\n<meta name=\"robots\" content=\"index, follow, max-snippet:-1, max-image-preview:large, max-video-preview:-1\" \/>\n<link rel=\"canonical\" href=\"https:\/\/www.fundacioires.org\/ca\/programa-xarxes-2022-cat\/\" \/>\n<meta property=\"og:locale\" content=\"ca_ES\" \/>\n<meta property=\"og:type\" content=\"article\" \/>\n<meta property=\"og:title\" content=\"Xarxes: Programa d\u2019acompanyament terap\u00e8utic per a joves\" \/>\n<meta property=\"og:description\" content=\"Des del programa s\u2019ha treballat en l\u2019apoderament dels i les joves, recolzant la seva autoestima, facilitant eines de resoluci\u00f3 de conflictes.\" \/>\n<meta property=\"og:url\" content=\"https:\/\/www.fundacioires.org\/ca\/programa-xarxes-2022-cat\/\" \/>\n<meta property=\"og:site_name\" content=\"Fundaci\u00f3 IRES\" \/>\n<meta property=\"article:published_time\" content=\"2022-12-20T12:08:00+00:00\" \/>\n<meta property=\"article:modified_time\" content=\"2024-12-19T12:25:04+00:00\" \/>\n<meta property=\"og:image\" content=\"https:\/\/www.fundacioires.org\/wp-content\/uploads\/PLANTILLA-NOTIS-WEB-2-6.jpg\" \/>\n\t<meta property=\"og:image:width\" content=\"1200\" \/>\n\t<meta property=\"og:image:height\" content=\"628\" \/>\n\t<meta property=\"og:image:type\" content=\"image\/jpeg\" \/>\n<meta name=\"author\" content=\"\u00c0rea Persones\" \/>\n<meta name=\"twitter:card\" content=\"summary_large_image\" \/>\n<meta name=\"twitter:label1\" content=\"Written by\" \/>\n\t<meta name=\"twitter:data1\" content=\"\u00c0rea Persones\" \/>\n\t<meta name=\"twitter:label2\" content=\"Est. reading time\" \/>\n\t<meta name=\"twitter:data2\" content=\"2 minutes\" \/>\n<script type=\"application\/ld+json\" class=\"yoast-schema-graph\">{\"@context\":\"https:\\\/\\\/schema.org\",\"@graph\":[{\"@type\":\"Article\",\"@id\":\"https:\\\/\\\/www.fundacioires.org\\\/ca\\\/programa-xarxes-2022-cat\\\/#article\",\"isPartOf\":{\"@id\":\"https:\\\/\\\/www.fundacioires.org\\\/ca\\\/programa-xarxes-2022-cat\\\/\"},\"author\":{\"name\":\"\u00c0rea Persones\",\"@id\":\"https:\\\/\\\/www.fundacioires.org\\\/#\\\/schema\\\/person\\\/89fcc65c3f0056ad842c3ec6a0463704\"},\"headline\":\"Xarxes: Programa d\u2019acompanyament terap\u00e8utic per a joves sense referents familiars\",\"datePublished\":\"2022-12-20T12:08:00+00:00\",\"dateModified\":\"2024-12-19T12:25:04+00:00\",\"mainEntityOfPage\":{\"@id\":\"https:\\\/\\\/www.fundacioires.org\\\/ca\\\/programa-xarxes-2022-cat\\\/\"},\"wordCount\":220,\"publisher\":{\"@id\":\"https:\\\/\\\/www.fundacioires.org\\\/#organization\"},\"image\":{\"@id\":\"https:\\\/\\\/www.fundacioires.org\\\/ca\\\/programa-xarxes-2022-cat\\\/#primaryimage\"},\"thumbnailUrl\":\"https:\\\/\\\/i0.wp.com\\\/www.fundacioires.org\\\/wp-content\\\/uploads\\\/PLANTILLA-NOTIS-WEB-2-6.jpg?fit=1200%2C628&ssl=1\",\"articleSection\":[\"Sense categoria\"],\"inLanguage\":\"ca-ES\"},{\"@type\":\"WebPage\",\"@id\":\"https:\\\/\\\/www.fundacioires.org\\\/ca\\\/programa-xarxes-2022-cat\\\/\",\"url\":\"https:\\\/\\\/www.fundacioires.org\\\/ca\\\/programa-xarxes-2022-cat\\\/\",\"name\":\"Xarxes: Programa d\u2019acompanyament terap\u00e8utic per a joves\",\"isPartOf\":{\"@id\":\"https:\\\/\\\/www.fundacioires.org\\\/#website\"},\"primaryImageOfPage\":{\"@id\":\"https:\\\/\\\/www.fundacioires.org\\\/ca\\\/programa-xarxes-2022-cat\\\/#primaryimage\"},\"image\":{\"@id\":\"https:\\\/\\\/www.fundacioires.org\\\/ca\\\/programa-xarxes-2022-cat\\\/#primaryimage\"},\"thumbnailUrl\":\"https:\\\/\\\/i0.wp.com\\\/www.fundacioires.org\\\/wp-content\\\/uploads\\\/PLANTILLA-NOTIS-WEB-2-6.jpg?fit=1200%2C628&ssl=1\",\"datePublished\":\"2022-12-20T12:08:00+00:00\",\"dateModified\":\"2024-12-19T12:25:04+00:00\",\"description\":\"Des del programa s\u2019ha treballat en l\u2019apoderament dels i les joves, recolzant la seva autoestima, facilitant eines de resoluci\u00f3 de conflictes.\",\"breadcrumb\":{\"@id\":\"https:\\\/\\\/www.fundacioires.org\\\/ca\\\/programa-xarxes-2022-cat\\\/#breadcrumb\"},\"inLanguage\":\"ca-ES\",\"potentialAction\":[{\"@type\":\"ReadAction\",\"target\":[\"https:\\\/\\\/www.fundacioires.org\\\/ca\\\/programa-xarxes-2022-cat\\\/\"]}]},{\"@type\":\"ImageObject\",\"inLanguage\":\"ca-ES\",\"@id\":\"https:\\\/\\\/www.fundacioires.org\\\/ca\\\/programa-xarxes-2022-cat\\\/#primaryimage\",\"url\":\"https:\\\/\\\/i0.wp.com\\\/www.fundacioires.org\\\/wp-content\\\/uploads\\\/PLANTILLA-NOTIS-WEB-2-6.jpg?fit=1200%2C628&ssl=1\",\"contentUrl\":\"https:\\\/\\\/i0.wp.com\\\/www.fundacioires.org\\\/wp-content\\\/uploads\\\/PLANTILLA-NOTIS-WEB-2-6.jpg?fit=1200%2C628&ssl=1\",\"width\":1200,\"height\":628},{\"@type\":\"BreadcrumbList\",\"@id\":\"https:\\\/\\\/www.fundacioires.org\\\/ca\\\/programa-xarxes-2022-cat\\\/#breadcrumb\",\"itemListElement\":[{\"@type\":\"ListItem\",\"position\":1,\"name\":\"Portada\",\"item\":\"https:\\\/\\\/www.fundacioires.org\\\/\"},{\"@type\":\"ListItem\",\"position\":2,\"name\":\"Xarxes: Programa d\u2019acompanyament terap\u00e8utic per a joves sense referents familiars\"}]},{\"@type\":\"WebSite\",\"@id\":\"https:\\\/\\\/www.fundacioires.org\\\/#website\",\"url\":\"https:\\\/\\\/www.fundacioires.org\\\/\",\"name\":\"Fundaci\u00f3 IRES\",\"description\":\"\",\"publisher\":{\"@id\":\"https:\\\/\\\/www.fundacioires.org\\\/#organization\"},\"potentialAction\":[{\"@type\":\"SearchAction\",\"target\":{\"@type\":\"EntryPoint\",\"urlTemplate\":\"https:\\\/\\\/www.fundacioires.org\\\/?s={search_term_string}\"},\"query-input\":{\"@type\":\"PropertyValueSpecification\",\"valueRequired\":true,\"valueName\":\"search_term_string\"}}],\"inLanguage\":\"ca-ES\"},{\"@type\":\"Organization\",\"@id\":\"https:\\\/\\\/www.fundacioires.org\\\/#organization\",\"name\":\"Fundanci\u00f3n IRES\",\"url\":\"https:\\\/\\\/www.fundacioires.org\\\/\",\"logo\":{\"@type\":\"ImageObject\",\"inLanguage\":\"ca-ES\",\"@id\":\"https:\\\/\\\/www.fundacioires.org\\\/#\\\/schema\\\/logo\\\/image\\\/\",\"url\":\"https:\\\/\\\/i0.wp.com\\\/www.fundacioires.org\\\/wp-content\\\/uploads\\\/faviconIRES.png?fit=32%2C32&ssl=1\",\"contentUrl\":\"https:\\\/\\\/i0.wp.com\\\/www.fundacioires.org\\\/wp-content\\\/uploads\\\/faviconIRES.png?fit=32%2C32&ssl=1\",\"width\":32,\"height\":32,\"caption\":\"Fundanci\u00f3n IRES\"},\"image\":{\"@id\":\"https:\\\/\\\/www.fundacioires.org\\\/#\\\/schema\\\/logo\\\/image\\\/\"}},{\"@type\":\"Person\",\"@id\":\"https:\\\/\\\/www.fundacioires.org\\\/#\\\/schema\\\/person\\\/89fcc65c3f0056ad842c3ec6a0463704\",\"name\":\"\u00c0rea Persones\"}]}<\/script>\n<!-- \/ Yoast SEO plugin. -->","yoast_head_json":{"title":"Xarxes: Programa d\u2019acompanyament terap\u00e8utic per a joves","description":"Des del programa s\u2019ha treballat en l\u2019apoderament dels i les joves, recolzant la seva autoestima, facilitant eines de resoluci\u00f3 de conflictes.","robots":{"index":"index","follow":"follow","max-snippet":"max-snippet:-1","max-image-preview":"max-image-preview:large","max-video-preview":"max-video-preview:-1"},"canonical":"https:\/\/www.fundacioires.org\/ca\/programa-xarxes-2022-cat\/","og_locale":"ca_ES","og_type":"article","og_title":"Xarxes: Programa d\u2019acompanyament terap\u00e8utic per a joves","og_description":"Des del programa s\u2019ha treballat en l\u2019apoderament dels i les joves, recolzant la seva autoestima, facilitant eines de resoluci\u00f3 de conflictes.","og_url":"https:\/\/www.fundacioires.org\/ca\/programa-xarxes-2022-cat\/","og_site_name":"Fundaci\u00f3 IRES","article_published_time":"2022-12-20T12:08:00+00:00","article_modified_time":"2024-12-19T12:25:04+00:00","og_image":[{"width":1200,"height":628,"url":"https:\/\/www.fundacioires.org\/wp-content\/uploads\/PLANTILLA-NOTIS-WEB-2-6.jpg","type":"image\/jpeg"}],"author":"\u00c0rea Persones","twitter_card":"summary_large_image","twitter_misc":{"Written by":"\u00c0rea Persones","Est. reading time":"2 minutes"},"schema":{"@context":"https:\/\/schema.org","@graph":[{"@type":"Article","@id":"https:\/\/www.fundacioires.org\/ca\/programa-xarxes-2022-cat\/#article","isPartOf":{"@id":"https:\/\/www.fundacioires.org\/ca\/programa-xarxes-2022-cat\/"},"author":{"name":"\u00c0rea Persones","@id":"https:\/\/www.fundacioires.org\/#\/schema\/person\/89fcc65c3f0056ad842c3ec6a0463704"},"headline":"Xarxes: Programa d\u2019acompanyament terap\u00e8utic per a joves sense referents familiars","datePublished":"2022-12-20T12:08:00+00:00","dateModified":"2024-12-19T12:25:04+00:00","mainEntityOfPage":{"@id":"https:\/\/www.fundacioires.org\/ca\/programa-xarxes-2022-cat\/"},"wordCount":220,"publisher":{"@id":"https:\/\/www.fundacioires.org\/#organization"},"image":{"@id":"https:\/\/www.fundacioires.org\/ca\/programa-xarxes-2022-cat\/#primaryimage"},"thumbnailUrl":"https:\/\/i0.wp.com\/www.fundacioires.org\/wp-content\/uploads\/PLANTILLA-NOTIS-WEB-2-6.jpg?fit=1200%2C628&ssl=1","articleSection":["Sense categoria"],"inLanguage":"ca-ES"},{"@type":"WebPage","@id":"https:\/\/www.fundacioires.org\/ca\/programa-xarxes-2022-cat\/","url":"https:\/\/www.fundacioires.org\/ca\/programa-xarxes-2022-cat\/","name":"Xarxes: Programa d\u2019acompanyament terap\u00e8utic per a joves","isPartOf":{"@id":"https:\/\/www.fundacioires.org\/#website"},"primaryImageOfPage":{"@id":"https:\/\/www.fundacioires.org\/ca\/programa-xarxes-2022-cat\/#primaryimage"},"image":{"@id":"https:\/\/www.fundacioires.org\/ca\/programa-xarxes-2022-cat\/#primaryimage"},"thumbnailUrl":"https:\/\/i0.wp.com\/www.fundacioires.org\/wp-content\/uploads\/PLANTILLA-NOTIS-WEB-2-6.jpg?fit=1200%2C628&ssl=1","datePublished":"2022-12-20T12:08:00+00:00","dateModified":"2024-12-19T12:25:04+00:00","description":"Des del programa s\u2019ha treballat en l\u2019apoderament dels i les joves, recolzant la seva autoestima, facilitant eines de resoluci\u00f3 de conflictes.","breadcrumb":{"@id":"https:\/\/www.fundacioires.org\/ca\/programa-xarxes-2022-cat\/#breadcrumb"},"inLanguage":"ca-ES","potentialAction":[{"@type":"ReadAction","target":["https:\/\/www.fundacioires.org\/ca\/programa-xarxes-2022-cat\/"]}]},{"@type":"ImageObject","inLanguage":"ca-ES","@id":"https:\/\/www.fundacioires.org\/ca\/programa-xarxes-2022-cat\/#primaryimage","url":"https:\/\/i0.wp.com\/www.fundacioires.org\/wp-content\/uploads\/PLANTILLA-NOTIS-WEB-2-6.jpg?fit=1200%2C628&ssl=1","contentUrl":"https:\/\/i0.wp.com\/www.fundacioires.org\/wp-content\/uploads\/PLANTILLA-NOTIS-WEB-2-6.jpg?fit=1200%2C628&ssl=1","width":1200,"height":628},{"@type":"BreadcrumbList","@id":"https:\/\/www.fundacioires.org\/ca\/programa-xarxes-2022-cat\/#breadcrumb","itemListElement":[{"@type":"ListItem","position":1,"name":"Portada","item":"https:\/\/www.fundacioires.org\/"},{"@type":"ListItem","position":2,"name":"Xarxes: Programa d\u2019acompanyament terap\u00e8utic per a joves sense referents familiars"}]},{"@type":"WebSite","@id":"https:\/\/www.fundacioires.org\/#website","url":"https:\/\/www.fundacioires.org\/","name":"Fundaci\u00f3 IRES","description":"","publisher":{"@id":"https:\/\/www.fundacioires.org\/#organization"},"potentialAction":[{"@type":"SearchAction","target":{"@type":"EntryPoint","urlTemplate":"https:\/\/www.fundacioires.org\/?s={search_term_string}"},"query-input":{"@type":"PropertyValueSpecification","valueRequired":true,"valueName":"search_term_string"}}],"inLanguage":"ca-ES"},{"@type":"Organization","@id":"https:\/\/www.fundacioires.org\/#organization","name":"Fundanci\u00f3n IRES","url":"https:\/\/www.fundacioires.org\/","logo":{"@type":"ImageObject","inLanguage":"ca-ES","@id":"https:\/\/www.fundacioires.org\/#\/schema\/logo\/image\/","url":"https:\/\/i0.wp.com\/www.fundacioires.org\/wp-content\/uploads\/faviconIRES.png?fit=32%2C32&ssl=1","contentUrl":"https:\/\/i0.wp.com\/www.fundacioires.org\/wp-content\/uploads\/faviconIRES.png?fit=32%2C32&ssl=1","width":32,"height":32,"caption":"Fundanci\u00f3n IRES"},"image":{"@id":"https:\/\/www.fundacioires.org\/#\/schema\/logo\/image\/"}},{"@type":"Person","@id":"https:\/\/www.fundacioires.org\/#\/schema\/person\/89fcc65c3f0056ad842c3ec6a0463704","name":"\u00c0rea Persones"}]}},"jetpack_featured_media_url":"https:\/\/i0.wp.com\/www.fundacioires.org\/wp-content\/uploads\/PLANTILLA-NOTIS-WEB-2-6.jpg?fit=1200%2C628&ssl=1","jetpack_sharing_enabled":true,"_links":{"self":[{"href":"https:\/\/www.fundacioires.org\/ca\/wp-json\/wp\/v2\/posts\/66323","targetHints":{"allow":["GET"]}}],"collection":[{"href":"https:\/\/www.fundacioires.org\/ca\/wp-json\/wp\/v2\/posts"}],"about":[{"href":"https:\/\/www.fundacioires.org\/ca\/wp-json\/wp\/v2\/types\/post"}],"author":[{"embeddable":true,"href":"https:\/\/www.fundacioires.org\/ca\/wp-json\/wp\/v2\/users\/9"}],"replies":[{"embeddable":true,"href":"https:\/\/www.fundacioires.org\/ca\/wp-json\/wp\/v2\/comments?post=66323"}],"version-history":[{"count":1,"href":"https:\/\/www.fundacioires.org\/ca\/wp-json\/wp\/v2\/posts\/66323\/revisions"}],"predecessor-version":[{"id":66328,"href":"https:\/\/www.fundacioires.org\/ca\/wp-json\/wp\/v2\/posts\/66323\/revisions\/66328"}],"wp:featuredmedia":[{"embeddable":true,"href":"https:\/\/www.fundacioires.org\/ca\/wp-json\/wp\/v2\/media\/66326"}],"wp:attachment":[{"href":"https:\/\/www.fundacioires.org\/ca\/wp-json\/wp\/v2\/media?parent=66323"}],"wp:term":[{"taxonomy":"category","embeddable":true,"href":"https:\/\/www.fundacioires.org\/ca\/wp-json\/wp\/v2\/categories?post=66323"},{"taxonomy":"post_tag","embeddable":true,"href":"https:\/\/www.fundacioires.org\/ca\/wp-json\/wp\/v2\/tags?post=66323"}],"curies":[{"name":"wp","href":"https:\/\/api.w.org\/{rel}","templated":true}]}}