{"id":66335,"date":"2024-12-19T23:00:58","date_gmt":"2024-12-19T22:00:58","guid":{"rendered":"https:\/\/www.fundacioires.org\/?p=66335"},"modified":"2025-02-28T12:57:38","modified_gmt":"2025-02-28T11:57:38","slug":"trobemnos-festa-nadal-2024","status":"publish","type":"post","link":"https:\/\/www.fundacioires.org\/ca\/trobemnos-festa-nadal-2024\/","title":{"rendered":"Al Trobem-nos tanquem l\u2019any 2024 amb una trobada ben creativa"},"content":{"rendered":"\n<p>El passat 12 de desembre, el projecte Trobem-nos va acomiadar l\u2019any amb una Festa d\u2019Hivern al Casal Bac de Roda, un espai cedit per a l\u2019ocasi\u00f3 que es va omplir de caliu, creativitat i bon ambient.<\/p>\n\n\n\n<p>Durant la trobada, vam tenir l\u2019oportunitat de gaudir d\u2019un delici\u00f3s menjar preparat per algunes participants del projecte, que van demostrar les seves habilitats culin\u00e0ries. La m\u00fasica tamb\u00e9 va tenir un paper protagonista, amb un improvisat karaoke que va descobrir els talents vocals que tenim dins del grup, i un concurs musical que va posar a prova l\u2019enginy i els coneixements de tots i totes. Per sorpresa de moltes, entre nosaltres hi ha un parell de cantants que s\u00f3n aut\u00e8ntics professionals!<\/p>\n\n\n<div class=\"wp-block-image\">\n<figure class=\"aligncenter size-large is-resized\"><img data-recalc-dims=\"1\" loading=\"lazy\" decoding=\"async\" width=\"1024\" height=\"536\" src=\"https:\/\/i0.wp.com\/www.fundacioires.org\/wp-content\/uploads\/PLANTILLA-NOTIS-WEB-11-3.jpg?resize=1024%2C536&#038;ssl=1\" alt=\"\" class=\"wp-image-66340\" style=\"width:703px;height:auto\" srcset=\"https:\/\/i0.wp.com\/www.fundacioires.org\/wp-content\/uploads\/PLANTILLA-NOTIS-WEB-11-3.jpg?resize=1024%2C536&amp;ssl=1 1024w, https:\/\/i0.wp.com\/www.fundacioires.org\/wp-content\/uploads\/PLANTILLA-NOTIS-WEB-11-3.jpg?resize=300%2C157&amp;ssl=1 300w, https:\/\/i0.wp.com\/www.fundacioires.org\/wp-content\/uploads\/PLANTILLA-NOTIS-WEB-11-3.jpg?resize=768%2C402&amp;ssl=1 768w, https:\/\/i0.wp.com\/www.fundacioires.org\/wp-content\/uploads\/PLANTILLA-NOTIS-WEB-11-3.jpg?w=1200&amp;ssl=1 1200w\" sizes=\"(max-width: 1000px) 100vw, 1000px\" \/><\/figure>\n<\/div>\n\n\n<p>A m\u00e9s del component l\u00fadic, la jornada va ser un espai per reflexionar sobre les activitats, tallers i sortides dutes a terme aquest any. Les participants van aportar idees creatives i motivadores per al 2025. Algunes de les propostes destacades inclouen la creaci\u00f3 d\u2019un taller de ball liderat per un dels participants, m\u00e9s sortides a la natura, classes d\u2019angl\u00e8s i tallers d\u2019escriptura creativa i composici\u00f3 musical.<\/p>\n\n\n\n<p>Aquesta Festa d\u2019Hivern ha estat un reflex de la for\u00e7a comunit\u00e0ria i la riquesa d\u2019idees que defineixen el Trobem-nos. Gr\u00e0cies a tots i totes per fer possible aquesta experi\u00e8ncia tan enriquidora! Ara nom\u00e9s ens queda esperar amb il\u00b7lusi\u00f3 tot el que el 2025 ens t\u00e9 preparat.<\/p>\n\n\n\n<p>Aquest servei compta amb el recolzament del departament de <strong>Drets Socials de la Generalitat de Catalunya <\/strong>i de la<strong> Diputaci\u00f3 de Barcelona<\/strong><\/p>\n\n\n\n<div class=\"wp-block-columns is-layout-flex wp-container-core-columns-is-layout-9d6595d7 wp-block-columns-is-layout-flex\">\n<div class=\"wp-block-column is-layout-flow wp-block-column-is-layout-flow\">\n<figure class=\"wp-block-image size-full is-resized\"><img data-recalc-dims=\"1\" loading=\"lazy\" decoding=\"async\" width=\"513\" height=\"170\" src=\"https:\/\/i0.wp.com\/www.fundacioires.org\/wp-content\/uploads\/image-16.png?resize=513%2C170&#038;ssl=1\" alt=\"\" class=\"wp-image-69078\" style=\"width:273px;height:auto\" srcset=\"https:\/\/i0.wp.com\/www.fundacioires.org\/wp-content\/uploads\/image-16.png?w=513&amp;ssl=1 513w, https:\/\/i0.wp.com\/www.fundacioires.org\/wp-content\/uploads\/image-16.png?resize=300%2C99&amp;ssl=1 300w\" sizes=\"(max-width: 513px) 100vw, 513px\" \/><\/figure>\n<\/div>\n\n\n\n<div class=\"wp-block-column is-layout-flow wp-block-column-is-layout-flow\">\n<figure class=\"wp-block-image size-full is-resized\"><img data-recalc-dims=\"1\" loading=\"lazy\" decoding=\"async\" width=\"325\" height=\"78\" src=\"https:\/\/i0.wp.com\/www.fundacioires.org\/wp-content\/uploads\/WhatsApp-Image-2024-12-19-at-13.14.06.jpeg?resize=325%2C78&#038;ssl=1\" alt=\"\" class=\"wp-image-66324\" style=\"width:331px;height:auto\" srcset=\"https:\/\/i0.wp.com\/www.fundacioires.org\/wp-content\/uploads\/WhatsApp-Image-2024-12-19-at-13.14.06.jpeg?w=325&amp;ssl=1 325w, https:\/\/i0.wp.com\/www.fundacioires.org\/wp-content\/uploads\/WhatsApp-Image-2024-12-19-at-13.14.06.jpeg?resize=300%2C72&amp;ssl=1 300w\" sizes=\"(max-width: 325px) 100vw, 325px\" \/><\/figure>\n<\/div>\n<\/div>\n\n\n\n<p><\/p>\n","protected":false},"excerpt":{"rendered":"<p>Durant la trobada, vam tenir l\u2019oportunitat de gaudir d\u2019un delici\u00f3s menjar preparat per algunes participants del projecte<\/p>\n","protected":false},"author":7,"featured_media":66338,"comment_status":"closed","ping_status":"open","sticky":false,"template":"","format":"standard","meta":{"_jetpack_memberships_contains_paid_content":false,"footnotes":""},"categories":[19],"tags":[],"class_list":["post-66335","post","type-post","status-publish","format-standard","has-post-thumbnail","hentry","category-ires-blog"],"yoast_head":"<!-- This site is optimized with the Yoast SEO plugin v27.4 - https:\/\/yoast.com\/product\/yoast-seo-wordpress\/ -->\n<title>Al Trobem-nos tanquem l\u2019any 2024 amb una trobada ben creativa - Fundaci\u00f3 IRES<\/title>\n<meta name=\"description\" content=\"Durant la trobada, vam tenir l\u2019oportunitat de gaudir d\u2019un delici\u00f3s menjar preparat per algunes participants del projecte\" \/>\n<meta name=\"robots\" content=\"index, follow, max-snippet:-1, max-image-preview:large, max-video-preview:-1\" \/>\n<link rel=\"canonical\" href=\"https:\/\/www.fundacioires.org\/ca\/trobemnos-festa-nadal-2024\/\" \/>\n<meta property=\"og:locale\" content=\"ca_ES\" \/>\n<meta property=\"og:type\" content=\"article\" \/>\n<meta property=\"og:title\" content=\"Al Trobem-nos tanquem l\u2019any 2024 amb una trobada ben creativa - Fundaci\u00f3 IRES\" \/>\n<meta property=\"og:description\" content=\"Durant la trobada, vam tenir l\u2019oportunitat de gaudir d\u2019un delici\u00f3s menjar preparat per algunes participants del projecte\" \/>\n<meta property=\"og:url\" content=\"https:\/\/www.fundacioires.org\/ca\/trobemnos-festa-nadal-2024\/\" \/>\n<meta property=\"og:site_name\" content=\"Fundaci\u00f3 IRES\" \/>\n<meta property=\"article:published_time\" content=\"2024-12-19T22:00:58+00:00\" \/>\n<meta property=\"article:modified_time\" content=\"2025-02-28T11:57:38+00:00\" \/>\n<meta property=\"og:image\" content=\"https:\/\/www.fundacioires.org\/wp-content\/uploads\/PLANTILLA-NOTIS-WEB-10-2.jpg\" \/>\n\t<meta property=\"og:image:width\" content=\"1200\" \/>\n\t<meta property=\"og:image:height\" content=\"628\" \/>\n\t<meta property=\"og:image:type\" content=\"image\/jpeg\" \/>\n<meta name=\"author\" content=\"Fundaci\u00f3 IRES\" \/>\n<meta name=\"twitter:card\" content=\"summary_large_image\" \/>\n<meta name=\"twitter:label1\" content=\"Written by\" \/>\n\t<meta name=\"twitter:data1\" content=\"Fundaci\u00f3 IRES\" \/>\n\t<meta name=\"twitter:label2\" content=\"Est. reading time\" \/>\n\t<meta name=\"twitter:data2\" content=\"2 minutes\" \/>\n<script type=\"application\/ld+json\" class=\"yoast-schema-graph\">{\"@context\":\"https:\\\/\\\/schema.org\",\"@graph\":[{\"@type\":\"Article\",\"@id\":\"https:\\\/\\\/www.fundacioires.org\\\/ca\\\/trobemnos-festa-nadal-2024\\\/#article\",\"isPartOf\":{\"@id\":\"https:\\\/\\\/www.fundacioires.org\\\/ca\\\/trobemnos-festa-nadal-2024\\\/\"},\"author\":{\"name\":\"Fundaci\u00f3 IRES\",\"@id\":\"https:\\\/\\\/www.fundacioires.org\\\/#\\\/schema\\\/person\\\/160af843c565221ef4664a5c7000791c\"},\"headline\":\"Al Trobem-nos tanquem l\u2019any 2024 amb una trobada ben creativa\",\"datePublished\":\"2024-12-19T22:00:58+00:00\",\"dateModified\":\"2025-02-28T11:57:38+00:00\",\"mainEntityOfPage\":{\"@id\":\"https:\\\/\\\/www.fundacioires.org\\\/ca\\\/trobemnos-festa-nadal-2024\\\/\"},\"wordCount\":283,\"publisher\":{\"@id\":\"https:\\\/\\\/www.fundacioires.org\\\/#organization\"},\"image\":{\"@id\":\"https:\\\/\\\/www.fundacioires.org\\\/ca\\\/trobemnos-festa-nadal-2024\\\/#primaryimage\"},\"thumbnailUrl\":\"https:\\\/\\\/i0.wp.com\\\/www.fundacioires.org\\\/wp-content\\\/uploads\\\/PLANTILLA-NOTIS-WEB-10-2.jpg?fit=1200%2C628&ssl=1\",\"articleSection\":[\"IRES-Blog\"],\"inLanguage\":\"ca-ES\"},{\"@type\":\"WebPage\",\"@id\":\"https:\\\/\\\/www.fundacioires.org\\\/ca\\\/trobemnos-festa-nadal-2024\\\/\",\"url\":\"https:\\\/\\\/www.fundacioires.org\\\/ca\\\/trobemnos-festa-nadal-2024\\\/\",\"name\":\"Al Trobem-nos tanquem l\u2019any 2024 amb una trobada ben creativa - Fundaci\u00f3 IRES\",\"isPartOf\":{\"@id\":\"https:\\\/\\\/www.fundacioires.org\\\/#website\"},\"primaryImageOfPage\":{\"@id\":\"https:\\\/\\\/www.fundacioires.org\\\/ca\\\/trobemnos-festa-nadal-2024\\\/#primaryimage\"},\"image\":{\"@id\":\"https:\\\/\\\/www.fundacioires.org\\\/ca\\\/trobemnos-festa-nadal-2024\\\/#primaryimage\"},\"thumbnailUrl\":\"https:\\\/\\\/i0.wp.com\\\/www.fundacioires.org\\\/wp-content\\\/uploads\\\/PLANTILLA-NOTIS-WEB-10-2.jpg?fit=1200%2C628&ssl=1\",\"datePublished\":\"2024-12-19T22:00:58+00:00\",\"dateModified\":\"2025-02-28T11:57:38+00:00\",\"description\":\"Durant la trobada, vam tenir l\u2019oportunitat de gaudir d\u2019un delici\u00f3s menjar preparat per algunes participants del projecte\",\"breadcrumb\":{\"@id\":\"https:\\\/\\\/www.fundacioires.org\\\/ca\\\/trobemnos-festa-nadal-2024\\\/#breadcrumb\"},\"inLanguage\":\"ca-ES\",\"potentialAction\":[{\"@type\":\"ReadAction\",\"target\":[\"https:\\\/\\\/www.fundacioires.org\\\/ca\\\/trobemnos-festa-nadal-2024\\\/\"]}]},{\"@type\":\"ImageObject\",\"inLanguage\":\"ca-ES\",\"@id\":\"https:\\\/\\\/www.fundacioires.org\\\/ca\\\/trobemnos-festa-nadal-2024\\\/#primaryimage\",\"url\":\"https:\\\/\\\/i0.wp.com\\\/www.fundacioires.org\\\/wp-content\\\/uploads\\\/PLANTILLA-NOTIS-WEB-10-2.jpg?fit=1200%2C628&ssl=1\",\"contentUrl\":\"https:\\\/\\\/i0.wp.com\\\/www.fundacioires.org\\\/wp-content\\\/uploads\\\/PLANTILLA-NOTIS-WEB-10-2.jpg?fit=1200%2C628&ssl=1\",\"width\":1200,\"height\":628},{\"@type\":\"BreadcrumbList\",\"@id\":\"https:\\\/\\\/www.fundacioires.org\\\/ca\\\/trobemnos-festa-nadal-2024\\\/#breadcrumb\",\"itemListElement\":[{\"@type\":\"ListItem\",\"position\":1,\"name\":\"Portada\",\"item\":\"https:\\\/\\\/www.fundacioires.org\\\/\"},{\"@type\":\"ListItem\",\"position\":2,\"name\":\"Al Trobem-nos tanquem l\u2019any 2024 amb una trobada ben creativa\"}]},{\"@type\":\"WebSite\",\"@id\":\"https:\\\/\\\/www.fundacioires.org\\\/#website\",\"url\":\"https:\\\/\\\/www.fundacioires.org\\\/\",\"name\":\"Fundaci\u00f3 IRES\",\"description\":\"\",\"publisher\":{\"@id\":\"https:\\\/\\\/www.fundacioires.org\\\/#organization\"},\"potentialAction\":[{\"@type\":\"SearchAction\",\"target\":{\"@type\":\"EntryPoint\",\"urlTemplate\":\"https:\\\/\\\/www.fundacioires.org\\\/?s={search_term_string}\"},\"query-input\":{\"@type\":\"PropertyValueSpecification\",\"valueRequired\":true,\"valueName\":\"search_term_string\"}}],\"inLanguage\":\"ca-ES\"},{\"@type\":\"Organization\",\"@id\":\"https:\\\/\\\/www.fundacioires.org\\\/#organization\",\"name\":\"Fundanci\u00f3n IRES\",\"url\":\"https:\\\/\\\/www.fundacioires.org\\\/\",\"logo\":{\"@type\":\"ImageObject\",\"inLanguage\":\"ca-ES\",\"@id\":\"https:\\\/\\\/www.fundacioires.org\\\/#\\\/schema\\\/logo\\\/image\\\/\",\"url\":\"https:\\\/\\\/i0.wp.com\\\/www.fundacioires.org\\\/wp-content\\\/uploads\\\/faviconIRES.png?fit=32%2C32&ssl=1\",\"contentUrl\":\"https:\\\/\\\/i0.wp.com\\\/www.fundacioires.org\\\/wp-content\\\/uploads\\\/faviconIRES.png?fit=32%2C32&ssl=1\",\"width\":32,\"height\":32,\"caption\":\"Fundanci\u00f3n IRES\"},\"image\":{\"@id\":\"https:\\\/\\\/www.fundacioires.org\\\/#\\\/schema\\\/logo\\\/image\\\/\"}},{\"@type\":\"Person\",\"@id\":\"https:\\\/\\\/www.fundacioires.org\\\/#\\\/schema\\\/person\\\/160af843c565221ef4664a5c7000791c\",\"name\":\"Fundaci\u00f3 IRES\"}]}<\/script>\n<!-- \/ Yoast SEO plugin. -->","yoast_head_json":{"title":"Al Trobem-nos tanquem l\u2019any 2024 amb una trobada ben creativa - Fundaci\u00f3 IRES","description":"Durant la trobada, vam tenir l\u2019oportunitat de gaudir d\u2019un delici\u00f3s menjar preparat per algunes participants del projecte","robots":{"index":"index","follow":"follow","max-snippet":"max-snippet:-1","max-image-preview":"max-image-preview:large","max-video-preview":"max-video-preview:-1"},"canonical":"https:\/\/www.fundacioires.org\/ca\/trobemnos-festa-nadal-2024\/","og_locale":"ca_ES","og_type":"article","og_title":"Al Trobem-nos tanquem l\u2019any 2024 amb una trobada ben creativa - Fundaci\u00f3 IRES","og_description":"Durant la trobada, vam tenir l\u2019oportunitat de gaudir d\u2019un delici\u00f3s menjar preparat per algunes participants del projecte","og_url":"https:\/\/www.fundacioires.org\/ca\/trobemnos-festa-nadal-2024\/","og_site_name":"Fundaci\u00f3 IRES","article_published_time":"2024-12-19T22:00:58+00:00","article_modified_time":"2025-02-28T11:57:38+00:00","og_image":[{"width":1200,"height":628,"url":"https:\/\/www.fundacioires.org\/wp-content\/uploads\/PLANTILLA-NOTIS-WEB-10-2.jpg","type":"image\/jpeg"}],"author":"Fundaci\u00f3 IRES","twitter_card":"summary_large_image","twitter_misc":{"Written by":"Fundaci\u00f3 IRES","Est. reading time":"2 minutes"},"schema":{"@context":"https:\/\/schema.org","@graph":[{"@type":"Article","@id":"https:\/\/www.fundacioires.org\/ca\/trobemnos-festa-nadal-2024\/#article","isPartOf":{"@id":"https:\/\/www.fundacioires.org\/ca\/trobemnos-festa-nadal-2024\/"},"author":{"name":"Fundaci\u00f3 IRES","@id":"https:\/\/www.fundacioires.org\/#\/schema\/person\/160af843c565221ef4664a5c7000791c"},"headline":"Al Trobem-nos tanquem l\u2019any 2024 amb una trobada ben creativa","datePublished":"2024-12-19T22:00:58+00:00","dateModified":"2025-02-28T11:57:38+00:00","mainEntityOfPage":{"@id":"https:\/\/www.fundacioires.org\/ca\/trobemnos-festa-nadal-2024\/"},"wordCount":283,"publisher":{"@id":"https:\/\/www.fundacioires.org\/#organization"},"image":{"@id":"https:\/\/www.fundacioires.org\/ca\/trobemnos-festa-nadal-2024\/#primaryimage"},"thumbnailUrl":"https:\/\/i0.wp.com\/www.fundacioires.org\/wp-content\/uploads\/PLANTILLA-NOTIS-WEB-10-2.jpg?fit=1200%2C628&ssl=1","articleSection":["IRES-Blog"],"inLanguage":"ca-ES"},{"@type":"WebPage","@id":"https:\/\/www.fundacioires.org\/ca\/trobemnos-festa-nadal-2024\/","url":"https:\/\/www.fundacioires.org\/ca\/trobemnos-festa-nadal-2024\/","name":"Al Trobem-nos tanquem l\u2019any 2024 amb una trobada ben creativa - Fundaci\u00f3 IRES","isPartOf":{"@id":"https:\/\/www.fundacioires.org\/#website"},"primaryImageOfPage":{"@id":"https:\/\/www.fundacioires.org\/ca\/trobemnos-festa-nadal-2024\/#primaryimage"},"image":{"@id":"https:\/\/www.fundacioires.org\/ca\/trobemnos-festa-nadal-2024\/#primaryimage"},"thumbnailUrl":"https:\/\/i0.wp.com\/www.fundacioires.org\/wp-content\/uploads\/PLANTILLA-NOTIS-WEB-10-2.jpg?fit=1200%2C628&ssl=1","datePublished":"2024-12-19T22:00:58+00:00","dateModified":"2025-02-28T11:57:38+00:00","description":"Durant la trobada, vam tenir l\u2019oportunitat de gaudir d\u2019un delici\u00f3s menjar preparat per algunes participants del projecte","breadcrumb":{"@id":"https:\/\/www.fundacioires.org\/ca\/trobemnos-festa-nadal-2024\/#breadcrumb"},"inLanguage":"ca-ES","potentialAction":[{"@type":"ReadAction","target":["https:\/\/www.fundacioires.org\/ca\/trobemnos-festa-nadal-2024\/"]}]},{"@type":"ImageObject","inLanguage":"ca-ES","@id":"https:\/\/www.fundacioires.org\/ca\/trobemnos-festa-nadal-2024\/#primaryimage","url":"https:\/\/i0.wp.com\/www.fundacioires.org\/wp-content\/uploads\/PLANTILLA-NOTIS-WEB-10-2.jpg?fit=1200%2C628&ssl=1","contentUrl":"https:\/\/i0.wp.com\/www.fundacioires.org\/wp-content\/uploads\/PLANTILLA-NOTIS-WEB-10-2.jpg?fit=1200%2C628&ssl=1","width":1200,"height":628},{"@type":"BreadcrumbList","@id":"https:\/\/www.fundacioires.org\/ca\/trobemnos-festa-nadal-2024\/#breadcrumb","itemListElement":[{"@type":"ListItem","position":1,"name":"Portada","item":"https:\/\/www.fundacioires.org\/"},{"@type":"ListItem","position":2,"name":"Al Trobem-nos tanquem l\u2019any 2024 amb una trobada ben creativa"}]},{"@type":"WebSite","@id":"https:\/\/www.fundacioires.org\/#website","url":"https:\/\/www.fundacioires.org\/","name":"Fundaci\u00f3 IRES","description":"","publisher":{"@id":"https:\/\/www.fundacioires.org\/#organization"},"potentialAction":[{"@type":"SearchAction","target":{"@type":"EntryPoint","urlTemplate":"https:\/\/www.fundacioires.org\/?s={search_term_string}"},"query-input":{"@type":"PropertyValueSpecification","valueRequired":true,"valueName":"search_term_string"}}],"inLanguage":"ca-ES"},{"@type":"Organization","@id":"https:\/\/www.fundacioires.org\/#organization","name":"Fundanci\u00f3n IRES","url":"https:\/\/www.fundacioires.org\/","logo":{"@type":"ImageObject","inLanguage":"ca-ES","@id":"https:\/\/www.fundacioires.org\/#\/schema\/logo\/image\/","url":"https:\/\/i0.wp.com\/www.fundacioires.org\/wp-content\/uploads\/faviconIRES.png?fit=32%2C32&ssl=1","contentUrl":"https:\/\/i0.wp.com\/www.fundacioires.org\/wp-content\/uploads\/faviconIRES.png?fit=32%2C32&ssl=1","width":32,"height":32,"caption":"Fundanci\u00f3n IRES"},"image":{"@id":"https:\/\/www.fundacioires.org\/#\/schema\/logo\/image\/"}},{"@type":"Person","@id":"https:\/\/www.fundacioires.org\/#\/schema\/person\/160af843c565221ef4664a5c7000791c","name":"Fundaci\u00f3 IRES"}]}},"jetpack_featured_media_url":"https:\/\/i0.wp.com\/www.fundacioires.org\/wp-content\/uploads\/PLANTILLA-NOTIS-WEB-10-2.jpg?fit=1200%2C628&ssl=1","jetpack_sharing_enabled":true,"_links":{"self":[{"href":"https:\/\/www.fundacioires.org\/ca\/wp-json\/wp\/v2\/posts\/66335","targetHints":{"allow":["GET"]}}],"collection":[{"href":"https:\/\/www.fundacioires.org\/ca\/wp-json\/wp\/v2\/posts"}],"about":[{"href":"https:\/\/www.fundacioires.org\/ca\/wp-json\/wp\/v2\/types\/post"}],"author":[{"embeddable":true,"href":"https:\/\/www.fundacioires.org\/ca\/wp-json\/wp\/v2\/users\/7"}],"replies":[{"embeddable":true,"href":"https:\/\/www.fundacioires.org\/ca\/wp-json\/wp\/v2\/comments?post=66335"}],"version-history":[{"count":2,"href":"https:\/\/www.fundacioires.org\/ca\/wp-json\/wp\/v2\/posts\/66335\/revisions"}],"predecessor-version":[{"id":69084,"href":"https:\/\/www.fundacioires.org\/ca\/wp-json\/wp\/v2\/posts\/66335\/revisions\/69084"}],"wp:featuredmedia":[{"embeddable":true,"href":"https:\/\/www.fundacioires.org\/ca\/wp-json\/wp\/v2\/media\/66338"}],"wp:attachment":[{"href":"https:\/\/www.fundacioires.org\/ca\/wp-json\/wp\/v2\/media?parent=66335"}],"wp:term":[{"taxonomy":"category","embeddable":true,"href":"https:\/\/www.fundacioires.org\/ca\/wp-json\/wp\/v2\/categories?post=66335"},{"taxonomy":"post_tag","embeddable":true,"href":"https:\/\/www.fundacioires.org\/ca\/wp-json\/wp\/v2\/tags?post=66335"}],"curies":[{"name":"wp","href":"https:\/\/api.w.org\/{rel}","templated":true}]}}