{"id":66351,"date":"2024-11-28T09:30:48","date_gmt":"2024-11-28T08:30:48","guid":{"rendered":"https:\/\/www.fundacioires.org\/?p=66351"},"modified":"2024-12-20T09:57:16","modified_gmt":"2024-12-20T08:57:16","slug":"taller-pancartes-violencies","status":"publish","type":"post","link":"https:\/\/www.fundacioires.org\/ca\/taller-pancartes-violencies\/","title":{"rendered":"Les dones alcen la veu contra la viol\u00e8ncia masclista en un taller de sororitat i empoderament"},"content":{"rendered":"\n<p>El passat 25 de novembre, coincidint amb la commemoraci\u00f3 del Dia Internacional contra la Viol\u00e8ncia envers les Dones, es va dur a terme un taller especial en el marc del projecte Andr\u00f2meda. La jornada va comptar amb la participaci\u00f3 de dones procedents de les entitats Som Dona, M\u00e9s Lluny, Perleres (Intermedia) i el Casal Ariadna, que es van reunir per compartir un espai de sororitat feminista i de reivindicaci\u00f3 personal i col\u00b7lectiva.<\/p>\n\n\n\n<div class=\"wp-block-jetpack-tiled-gallery aligncenter is-style-rectangular\"><div class=\"\"><div class=\"tiled-gallery__gallery\"><div class=\"tiled-gallery__row\"><div class=\"tiled-gallery__col\" style=\"flex-basis:19.59225%\"><figure class=\"tiled-gallery__item\"><img decoding=\"async\" srcset=\"https:\/\/i0.wp.com\/www.fundacioires.org\/wp-content\/uploads\/004-768x1024.jpg?strip=info&#038;w=600&#038;ssl=1 600w,https:\/\/i0.wp.com\/www.fundacioires.org\/wp-content\/uploads\/004-768x1024.jpg?strip=info&#038;w=900&#038;ssl=1 900w,https:\/\/i0.wp.com\/www.fundacioires.org\/wp-content\/uploads\/004-768x1024.jpg?strip=info&#038;w=1200&#038;ssl=1 1200w,https:\/\/i0.wp.com\/www.fundacioires.org\/wp-content\/uploads\/004-768x1024.jpg?strip=info&#038;w=1500&#038;ssl=1 1500w,https:\/\/i0.wp.com\/www.fundacioires.org\/wp-content\/uploads\/004-768x1024.jpg?strip=info&#038;w=1800&#038;ssl=1 1800w,https:\/\/i0.wp.com\/www.fundacioires.org\/wp-content\/uploads\/004-768x1024.jpg?strip=info&#038;w=1920&#038;ssl=1 1920w\" alt=\"\" data-height=\"2560\" data-id=\"66360\" data-link=\"https:\/\/www.fundacioires.org\/ca\/?attachment_id=66360\" data-url=\"https:\/\/www.fundacioires.org\/wp-content\/uploads\/004-768x1024.jpg\" data-width=\"1920\" src=\"https:\/\/i0.wp.com\/www.fundacioires.org\/wp-content\/uploads\/004-768x1024.jpg?ssl=1\" data-amp-layout=\"responsive\" tabindex=\"0\" role=\"button\" aria-label=\"Abrir la imagen 1 de 4 en pantalla completa\"\/><\/figure><\/div><div class=\"tiled-gallery__col\" style=\"flex-basis:19.59225%\"><figure class=\"tiled-gallery__item\"><img decoding=\"async\" srcset=\"https:\/\/i0.wp.com\/www.fundacioires.org\/wp-content\/uploads\/001-768x1024.jpg?strip=info&#038;w=600&#038;ssl=1 600w,https:\/\/i0.wp.com\/www.fundacioires.org\/wp-content\/uploads\/001-768x1024.jpg?strip=info&#038;w=900&#038;ssl=1 900w,https:\/\/i0.wp.com\/www.fundacioires.org\/wp-content\/uploads\/001-768x1024.jpg?strip=info&#038;w=1200&#038;ssl=1 1200w,https:\/\/i0.wp.com\/www.fundacioires.org\/wp-content\/uploads\/001-768x1024.jpg?strip=info&#038;w=1500&#038;ssl=1 1500w,https:\/\/i0.wp.com\/www.fundacioires.org\/wp-content\/uploads\/001-768x1024.jpg?strip=info&#038;w=1800&#038;ssl=1 1800w,https:\/\/i0.wp.com\/www.fundacioires.org\/wp-content\/uploads\/001-768x1024.jpg?strip=info&#038;w=1920&#038;ssl=1 1920w\" alt=\"\" data-height=\"2560\" data-id=\"66356\" data-link=\"https:\/\/www.fundacioires.org\/ca\/?attachment_id=66356\" data-url=\"https:\/\/www.fundacioires.org\/wp-content\/uploads\/001-768x1024.jpg\" data-width=\"1920\" src=\"https:\/\/i0.wp.com\/www.fundacioires.org\/wp-content\/uploads\/001-768x1024.jpg?ssl=1\" data-amp-layout=\"responsive\" tabindex=\"0\" role=\"button\" aria-label=\"Abrir la imagen 2 de 4 en pantalla completa\"\/><\/figure><\/div><div class=\"tiled-gallery__col\" style=\"flex-basis:34.73395%\"><figure class=\"tiled-gallery__item\"><img decoding=\"async\" srcset=\"https:\/\/i0.wp.com\/www.fundacioires.org\/wp-content\/uploads\/002-1024x768.jpg?strip=info&#038;w=600&#038;ssl=1 600w,https:\/\/i0.wp.com\/www.fundacioires.org\/wp-content\/uploads\/002-1024x768.jpg?strip=info&#038;w=900&#038;ssl=1 900w,https:\/\/i0.wp.com\/www.fundacioires.org\/wp-content\/uploads\/002-1024x768.jpg?strip=info&#038;w=1200&#038;ssl=1 1200w,https:\/\/i0.wp.com\/www.fundacioires.org\/wp-content\/uploads\/002-1024x768.jpg?strip=info&#038;w=1500&#038;ssl=1 1500w,https:\/\/i0.wp.com\/www.fundacioires.org\/wp-content\/uploads\/002-1024x768.jpg?strip=info&#038;w=1800&#038;ssl=1 1800w,https:\/\/i0.wp.com\/www.fundacioires.org\/wp-content\/uploads\/002-1024x768.jpg?strip=info&#038;w=2000&#038;ssl=1 2000w\" alt=\"\" data-height=\"1920\" data-id=\"66358\" data-link=\"https:\/\/www.fundacioires.org\/ca\/?attachment_id=66358\" data-url=\"https:\/\/www.fundacioires.org\/wp-content\/uploads\/002-1024x768.jpg\" data-width=\"2560\" src=\"https:\/\/i0.wp.com\/www.fundacioires.org\/wp-content\/uploads\/002-1024x768.jpg?ssl=1\" data-amp-layout=\"responsive\" tabindex=\"0\" role=\"button\" aria-label=\"Abrir la imagen 3 de 4 en pantalla completa\"\/><\/figure><\/div><div class=\"tiled-gallery__col\" style=\"flex-basis:26.08155%\"><figure class=\"tiled-gallery__item\"><img decoding=\"async\" srcset=\"https:\/\/i0.wp.com\/www.fundacioires.org\/wp-content\/uploads\/003-1024x1024.jpg?strip=info&#038;w=600&#038;ssl=1 600w,https:\/\/i0.wp.com\/www.fundacioires.org\/wp-content\/uploads\/003-1024x1024.jpg?strip=info&#038;w=900&#038;ssl=1 900w,https:\/\/i0.wp.com\/www.fundacioires.org\/wp-content\/uploads\/003-1024x1024.jpg?strip=info&#038;w=1200&#038;ssl=1 1200w,https:\/\/i0.wp.com\/www.fundacioires.org\/wp-content\/uploads\/003-1024x1024.jpg?strip=info&#038;w=1500&#038;ssl=1 1500w,https:\/\/i0.wp.com\/www.fundacioires.org\/wp-content\/uploads\/003-1024x1024.jpg?strip=info&#038;w=1800&#038;ssl=1 1800w,https:\/\/i0.wp.com\/www.fundacioires.org\/wp-content\/uploads\/003-1024x1024.jpg?strip=info&#038;w=2000&#038;ssl=1 2000w\" alt=\"\" data-height=\"2560\" data-id=\"66354\" data-link=\"https:\/\/www.fundacioires.org\/ca\/?attachment_id=66354\" data-url=\"https:\/\/www.fundacioires.org\/wp-content\/uploads\/003-1024x1024.jpg\" data-width=\"2560\" src=\"https:\/\/i0.wp.com\/www.fundacioires.org\/wp-content\/uploads\/003-1024x1024.jpg?ssl=1\" data-amp-layout=\"responsive\" tabindex=\"0\" role=\"button\" aria-label=\"Abrir la imagen 4 de 4 en pantalla completa\"\/><\/figure><\/div><\/div><\/div><\/div><\/div>\n\n\n\n<p>En un ambient de suport mutu i escolta activa, les participants van participar en diverses din\u00e0miques que van generar profundes reflexions sobre les viol\u00e8ncies masclistes. Aquestes reflexions es van convertir en una eina d\u2019empoderament que va culminar amb la creaci\u00f3 de pancartes personalitzades amb missatges reivindicatius. Els lemes i consignes reflectien la determinaci\u00f3 de les dones a lluitar contra la viol\u00e8ncia masclista, donant veu a les seves experi\u00e8ncies i desitjos de canvi.<\/p>\n\n\n\n<p>Aquesta activitat ha estat possible gr\u00e0cies al suport de la Fundaci\u00f3 Mutua i la Fundaci\u00f3 La Caixa, que han contribu\u00eft a la iniciativa del projecte Andr\u00f2meda. <\/p>\n","protected":false},"excerpt":{"rendered":"<p>El projecte Andr\u00f2meda reuneix dones de diverses entitats per crear pancartes reivindicatives en el Dia Internacional contra la Viol\u00e8ncia envers les Dones<\/p>\n","protected":false},"author":7,"featured_media":66352,"comment_status":"closed","ping_status":"open","sticky":false,"template":"","format":"standard","meta":{"_jetpack_memberships_contains_paid_content":false,"footnotes":""},"categories":[17],"tags":[],"class_list":["post-66351","post","type-post","status-publish","format-standard","has-post-thumbnail","hentry","category-sense-categoria"],"yoast_head":"<!-- This site is optimized with the Yoast SEO plugin v27.4 - https:\/\/yoast.com\/product\/yoast-seo-wordpress\/ -->\n<title>Les dones alcen la veu contra la viol\u00e8ncia masclista en un taller de sororitat i empoderament - Fundaci\u00f3 IRES<\/title>\n<meta name=\"description\" content=\"El projecte Andr\u00f2meda reuneix dones de diverses entitats per crear pancartes reivindicatives en el 25 de novembre.\" \/>\n<meta name=\"robots\" content=\"index, follow, max-snippet:-1, max-image-preview:large, max-video-preview:-1\" \/>\n<link rel=\"canonical\" href=\"https:\/\/www.fundacioires.org\/ca\/taller-pancartes-violencies\/\" \/>\n<meta property=\"og:locale\" content=\"ca_ES\" \/>\n<meta property=\"og:type\" content=\"article\" \/>\n<meta property=\"og:title\" content=\"Les dones alcen la veu contra la viol\u00e8ncia masclista en un taller de sororitat i empoderament - Fundaci\u00f3 IRES\" \/>\n<meta property=\"og:description\" content=\"El projecte Andr\u00f2meda reuneix dones de diverses entitats per crear pancartes reivindicatives en el 25 de novembre.\" \/>\n<meta property=\"og:url\" content=\"https:\/\/www.fundacioires.org\/ca\/taller-pancartes-violencies\/\" \/>\n<meta property=\"og:site_name\" content=\"Fundaci\u00f3 IRES\" \/>\n<meta property=\"article:published_time\" content=\"2024-11-28T08:30:48+00:00\" \/>\n<meta property=\"article:modified_time\" content=\"2024-12-20T08:57:16+00:00\" \/>\n<meta property=\"og:image\" content=\"https:\/\/www.fundacioires.org\/wp-content\/uploads\/PLANTILLA-NOTIS-WEB-12-3.jpg\" \/>\n\t<meta property=\"og:image:width\" content=\"1200\" \/>\n\t<meta property=\"og:image:height\" content=\"628\" \/>\n\t<meta property=\"og:image:type\" content=\"image\/jpeg\" \/>\n<meta name=\"author\" content=\"Fundaci\u00f3 IRES\" \/>\n<meta name=\"twitter:card\" content=\"summary_large_image\" \/>\n<meta name=\"twitter:label1\" content=\"Written by\" \/>\n\t<meta name=\"twitter:data1\" content=\"Fundaci\u00f3 IRES\" \/>\n\t<meta name=\"twitter:label2\" content=\"Est. reading time\" \/>\n\t<meta name=\"twitter:data2\" content=\"2 minutes\" \/>\n<script type=\"application\/ld+json\" class=\"yoast-schema-graph\">{\"@context\":\"https:\\\/\\\/schema.org\",\"@graph\":[{\"@type\":\"Article\",\"@id\":\"https:\\\/\\\/www.fundacioires.org\\\/ca\\\/taller-pancartes-violencies\\\/#article\",\"isPartOf\":{\"@id\":\"https:\\\/\\\/www.fundacioires.org\\\/ca\\\/taller-pancartes-violencies\\\/\"},\"author\":{\"name\":\"Fundaci\u00f3 IRES\",\"@id\":\"https:\\\/\\\/www.fundacioires.org\\\/#\\\/schema\\\/person\\\/160af843c565221ef4664a5c7000791c\"},\"headline\":\"Les dones alcen la veu contra la viol\u00e8ncia masclista en un taller de sororitat i empoderament\",\"datePublished\":\"2024-11-28T08:30:48+00:00\",\"dateModified\":\"2024-12-20T08:57:16+00:00\",\"mainEntityOfPage\":{\"@id\":\"https:\\\/\\\/www.fundacioires.org\\\/ca\\\/taller-pancartes-violencies\\\/\"},\"wordCount\":198,\"publisher\":{\"@id\":\"https:\\\/\\\/www.fundacioires.org\\\/#organization\"},\"image\":{\"@id\":\"https:\\\/\\\/www.fundacioires.org\\\/ca\\\/taller-pancartes-violencies\\\/#primaryimage\"},\"thumbnailUrl\":\"https:\\\/\\\/i0.wp.com\\\/www.fundacioires.org\\\/wp-content\\\/uploads\\\/PLANTILLA-NOTIS-WEB-12-3.jpg?fit=1200%2C628&ssl=1\",\"articleSection\":[\"Sense categoria\"],\"inLanguage\":\"ca-ES\"},{\"@type\":\"WebPage\",\"@id\":\"https:\\\/\\\/www.fundacioires.org\\\/ca\\\/taller-pancartes-violencies\\\/\",\"url\":\"https:\\\/\\\/www.fundacioires.org\\\/ca\\\/taller-pancartes-violencies\\\/\",\"name\":\"Les dones alcen la veu contra la viol\u00e8ncia masclista en un taller de sororitat i empoderament - Fundaci\u00f3 IRES\",\"isPartOf\":{\"@id\":\"https:\\\/\\\/www.fundacioires.org\\\/#website\"},\"primaryImageOfPage\":{\"@id\":\"https:\\\/\\\/www.fundacioires.org\\\/ca\\\/taller-pancartes-violencies\\\/#primaryimage\"},\"image\":{\"@id\":\"https:\\\/\\\/www.fundacioires.org\\\/ca\\\/taller-pancartes-violencies\\\/#primaryimage\"},\"thumbnailUrl\":\"https:\\\/\\\/i0.wp.com\\\/www.fundacioires.org\\\/wp-content\\\/uploads\\\/PLANTILLA-NOTIS-WEB-12-3.jpg?fit=1200%2C628&ssl=1\",\"datePublished\":\"2024-11-28T08:30:48+00:00\",\"dateModified\":\"2024-12-20T08:57:16+00:00\",\"description\":\"El projecte Andr\u00f2meda reuneix dones de diverses entitats per crear pancartes reivindicatives en el 25 de novembre.\",\"breadcrumb\":{\"@id\":\"https:\\\/\\\/www.fundacioires.org\\\/ca\\\/taller-pancartes-violencies\\\/#breadcrumb\"},\"inLanguage\":\"ca-ES\",\"potentialAction\":[{\"@type\":\"ReadAction\",\"target\":[\"https:\\\/\\\/www.fundacioires.org\\\/ca\\\/taller-pancartes-violencies\\\/\"]}]},{\"@type\":\"ImageObject\",\"inLanguage\":\"ca-ES\",\"@id\":\"https:\\\/\\\/www.fundacioires.org\\\/ca\\\/taller-pancartes-violencies\\\/#primaryimage\",\"url\":\"https:\\\/\\\/i0.wp.com\\\/www.fundacioires.org\\\/wp-content\\\/uploads\\\/PLANTILLA-NOTIS-WEB-12-3.jpg?fit=1200%2C628&ssl=1\",\"contentUrl\":\"https:\\\/\\\/i0.wp.com\\\/www.fundacioires.org\\\/wp-content\\\/uploads\\\/PLANTILLA-NOTIS-WEB-12-3.jpg?fit=1200%2C628&ssl=1\",\"width\":1200,\"height\":628},{\"@type\":\"BreadcrumbList\",\"@id\":\"https:\\\/\\\/www.fundacioires.org\\\/ca\\\/taller-pancartes-violencies\\\/#breadcrumb\",\"itemListElement\":[{\"@type\":\"ListItem\",\"position\":1,\"name\":\"Portada\",\"item\":\"https:\\\/\\\/www.fundacioires.org\\\/\"},{\"@type\":\"ListItem\",\"position\":2,\"name\":\"Les dones alcen la veu contra la viol\u00e8ncia masclista en un taller de sororitat i empoderament\"}]},{\"@type\":\"WebSite\",\"@id\":\"https:\\\/\\\/www.fundacioires.org\\\/#website\",\"url\":\"https:\\\/\\\/www.fundacioires.org\\\/\",\"name\":\"Fundaci\u00f3 IRES\",\"description\":\"\",\"publisher\":{\"@id\":\"https:\\\/\\\/www.fundacioires.org\\\/#organization\"},\"potentialAction\":[{\"@type\":\"SearchAction\",\"target\":{\"@type\":\"EntryPoint\",\"urlTemplate\":\"https:\\\/\\\/www.fundacioires.org\\\/?s={search_term_string}\"},\"query-input\":{\"@type\":\"PropertyValueSpecification\",\"valueRequired\":true,\"valueName\":\"search_term_string\"}}],\"inLanguage\":\"ca-ES\"},{\"@type\":\"Organization\",\"@id\":\"https:\\\/\\\/www.fundacioires.org\\\/#organization\",\"name\":\"Fundanci\u00f3n IRES\",\"url\":\"https:\\\/\\\/www.fundacioires.org\\\/\",\"logo\":{\"@type\":\"ImageObject\",\"inLanguage\":\"ca-ES\",\"@id\":\"https:\\\/\\\/www.fundacioires.org\\\/#\\\/schema\\\/logo\\\/image\\\/\",\"url\":\"https:\\\/\\\/i0.wp.com\\\/www.fundacioires.org\\\/wp-content\\\/uploads\\\/faviconIRES.png?fit=32%2C32&ssl=1\",\"contentUrl\":\"https:\\\/\\\/i0.wp.com\\\/www.fundacioires.org\\\/wp-content\\\/uploads\\\/faviconIRES.png?fit=32%2C32&ssl=1\",\"width\":32,\"height\":32,\"caption\":\"Fundanci\u00f3n IRES\"},\"image\":{\"@id\":\"https:\\\/\\\/www.fundacioires.org\\\/#\\\/schema\\\/logo\\\/image\\\/\"}},{\"@type\":\"Person\",\"@id\":\"https:\\\/\\\/www.fundacioires.org\\\/#\\\/schema\\\/person\\\/160af843c565221ef4664a5c7000791c\",\"name\":\"Fundaci\u00f3 IRES\"}]}<\/script>\n<!-- \/ Yoast SEO plugin. -->","yoast_head_json":{"title":"Les dones alcen la veu contra la viol\u00e8ncia masclista en un taller de sororitat i empoderament - Fundaci\u00f3 IRES","description":"El projecte Andr\u00f2meda reuneix dones de diverses entitats per crear pancartes reivindicatives en el 25 de novembre.","robots":{"index":"index","follow":"follow","max-snippet":"max-snippet:-1","max-image-preview":"max-image-preview:large","max-video-preview":"max-video-preview:-1"},"canonical":"https:\/\/www.fundacioires.org\/ca\/taller-pancartes-violencies\/","og_locale":"ca_ES","og_type":"article","og_title":"Les dones alcen la veu contra la viol\u00e8ncia masclista en un taller de sororitat i empoderament - Fundaci\u00f3 IRES","og_description":"El projecte Andr\u00f2meda reuneix dones de diverses entitats per crear pancartes reivindicatives en el 25 de novembre.","og_url":"https:\/\/www.fundacioires.org\/ca\/taller-pancartes-violencies\/","og_site_name":"Fundaci\u00f3 IRES","article_published_time":"2024-11-28T08:30:48+00:00","article_modified_time":"2024-12-20T08:57:16+00:00","og_image":[{"width":1200,"height":628,"url":"https:\/\/www.fundacioires.org\/wp-content\/uploads\/PLANTILLA-NOTIS-WEB-12-3.jpg","type":"image\/jpeg"}],"author":"Fundaci\u00f3 IRES","twitter_card":"summary_large_image","twitter_misc":{"Written by":"Fundaci\u00f3 IRES","Est. reading time":"2 minutes"},"schema":{"@context":"https:\/\/schema.org","@graph":[{"@type":"Article","@id":"https:\/\/www.fundacioires.org\/ca\/taller-pancartes-violencies\/#article","isPartOf":{"@id":"https:\/\/www.fundacioires.org\/ca\/taller-pancartes-violencies\/"},"author":{"name":"Fundaci\u00f3 IRES","@id":"https:\/\/www.fundacioires.org\/#\/schema\/person\/160af843c565221ef4664a5c7000791c"},"headline":"Les dones alcen la veu contra la viol\u00e8ncia masclista en un taller de sororitat i empoderament","datePublished":"2024-11-28T08:30:48+00:00","dateModified":"2024-12-20T08:57:16+00:00","mainEntityOfPage":{"@id":"https:\/\/www.fundacioires.org\/ca\/taller-pancartes-violencies\/"},"wordCount":198,"publisher":{"@id":"https:\/\/www.fundacioires.org\/#organization"},"image":{"@id":"https:\/\/www.fundacioires.org\/ca\/taller-pancartes-violencies\/#primaryimage"},"thumbnailUrl":"https:\/\/i0.wp.com\/www.fundacioires.org\/wp-content\/uploads\/PLANTILLA-NOTIS-WEB-12-3.jpg?fit=1200%2C628&ssl=1","articleSection":["Sense categoria"],"inLanguage":"ca-ES"},{"@type":"WebPage","@id":"https:\/\/www.fundacioires.org\/ca\/taller-pancartes-violencies\/","url":"https:\/\/www.fundacioires.org\/ca\/taller-pancartes-violencies\/","name":"Les dones alcen la veu contra la viol\u00e8ncia masclista en un taller de sororitat i empoderament - Fundaci\u00f3 IRES","isPartOf":{"@id":"https:\/\/www.fundacioires.org\/#website"},"primaryImageOfPage":{"@id":"https:\/\/www.fundacioires.org\/ca\/taller-pancartes-violencies\/#primaryimage"},"image":{"@id":"https:\/\/www.fundacioires.org\/ca\/taller-pancartes-violencies\/#primaryimage"},"thumbnailUrl":"https:\/\/i0.wp.com\/www.fundacioires.org\/wp-content\/uploads\/PLANTILLA-NOTIS-WEB-12-3.jpg?fit=1200%2C628&ssl=1","datePublished":"2024-11-28T08:30:48+00:00","dateModified":"2024-12-20T08:57:16+00:00","description":"El projecte Andr\u00f2meda reuneix dones de diverses entitats per crear pancartes reivindicatives en el 25 de novembre.","breadcrumb":{"@id":"https:\/\/www.fundacioires.org\/ca\/taller-pancartes-violencies\/#breadcrumb"},"inLanguage":"ca-ES","potentialAction":[{"@type":"ReadAction","target":["https:\/\/www.fundacioires.org\/ca\/taller-pancartes-violencies\/"]}]},{"@type":"ImageObject","inLanguage":"ca-ES","@id":"https:\/\/www.fundacioires.org\/ca\/taller-pancartes-violencies\/#primaryimage","url":"https:\/\/i0.wp.com\/www.fundacioires.org\/wp-content\/uploads\/PLANTILLA-NOTIS-WEB-12-3.jpg?fit=1200%2C628&ssl=1","contentUrl":"https:\/\/i0.wp.com\/www.fundacioires.org\/wp-content\/uploads\/PLANTILLA-NOTIS-WEB-12-3.jpg?fit=1200%2C628&ssl=1","width":1200,"height":628},{"@type":"BreadcrumbList","@id":"https:\/\/www.fundacioires.org\/ca\/taller-pancartes-violencies\/#breadcrumb","itemListElement":[{"@type":"ListItem","position":1,"name":"Portada","item":"https:\/\/www.fundacioires.org\/"},{"@type":"ListItem","position":2,"name":"Les dones alcen la veu contra la viol\u00e8ncia masclista en un taller de sororitat i empoderament"}]},{"@type":"WebSite","@id":"https:\/\/www.fundacioires.org\/#website","url":"https:\/\/www.fundacioires.org\/","name":"Fundaci\u00f3 IRES","description":"","publisher":{"@id":"https:\/\/www.fundacioires.org\/#organization"},"potentialAction":[{"@type":"SearchAction","target":{"@type":"EntryPoint","urlTemplate":"https:\/\/www.fundacioires.org\/?s={search_term_string}"},"query-input":{"@type":"PropertyValueSpecification","valueRequired":true,"valueName":"search_term_string"}}],"inLanguage":"ca-ES"},{"@type":"Organization","@id":"https:\/\/www.fundacioires.org\/#organization","name":"Fundanci\u00f3n IRES","url":"https:\/\/www.fundacioires.org\/","logo":{"@type":"ImageObject","inLanguage":"ca-ES","@id":"https:\/\/www.fundacioires.org\/#\/schema\/logo\/image\/","url":"https:\/\/i0.wp.com\/www.fundacioires.org\/wp-content\/uploads\/faviconIRES.png?fit=32%2C32&ssl=1","contentUrl":"https:\/\/i0.wp.com\/www.fundacioires.org\/wp-content\/uploads\/faviconIRES.png?fit=32%2C32&ssl=1","width":32,"height":32,"caption":"Fundanci\u00f3n IRES"},"image":{"@id":"https:\/\/www.fundacioires.org\/#\/schema\/logo\/image\/"}},{"@type":"Person","@id":"https:\/\/www.fundacioires.org\/#\/schema\/person\/160af843c565221ef4664a5c7000791c","name":"Fundaci\u00f3 IRES"}]}},"jetpack_featured_media_url":"https:\/\/i0.wp.com\/www.fundacioires.org\/wp-content\/uploads\/PLANTILLA-NOTIS-WEB-12-3.jpg?fit=1200%2C628&ssl=1","jetpack_sharing_enabled":true,"_links":{"self":[{"href":"https:\/\/www.fundacioires.org\/ca\/wp-json\/wp\/v2\/posts\/66351","targetHints":{"allow":["GET"]}}],"collection":[{"href":"https:\/\/www.fundacioires.org\/ca\/wp-json\/wp\/v2\/posts"}],"about":[{"href":"https:\/\/www.fundacioires.org\/ca\/wp-json\/wp\/v2\/types\/post"}],"author":[{"embeddable":true,"href":"https:\/\/www.fundacioires.org\/ca\/wp-json\/wp\/v2\/users\/7"}],"replies":[{"embeddable":true,"href":"https:\/\/www.fundacioires.org\/ca\/wp-json\/wp\/v2\/comments?post=66351"}],"version-history":[{"count":2,"href":"https:\/\/www.fundacioires.org\/ca\/wp-json\/wp\/v2\/posts\/66351\/revisions"}],"predecessor-version":[{"id":66364,"href":"https:\/\/www.fundacioires.org\/ca\/wp-json\/wp\/v2\/posts\/66351\/revisions\/66364"}],"wp:featuredmedia":[{"embeddable":true,"href":"https:\/\/www.fundacioires.org\/ca\/wp-json\/wp\/v2\/media\/66352"}],"wp:attachment":[{"href":"https:\/\/www.fundacioires.org\/ca\/wp-json\/wp\/v2\/media?parent=66351"}],"wp:term":[{"taxonomy":"category","embeddable":true,"href":"https:\/\/www.fundacioires.org\/ca\/wp-json\/wp\/v2\/categories?post=66351"},{"taxonomy":"post_tag","embeddable":true,"href":"https:\/\/www.fundacioires.org\/ca\/wp-json\/wp\/v2\/tags?post=66351"}],"curies":[{"name":"wp","href":"https:\/\/api.w.org\/{rel}","templated":true}]}}