{"id":68382,"date":"2025-02-17T21:41:51","date_gmt":"2025-02-17T20:41:51","guid":{"rendered":"https:\/\/www.fundacioires.org\/?p=68382"},"modified":"2025-02-17T21:44:47","modified_gmt":"2025-02-17T20:44:47","slug":"t-systems-i-la-fundacio-ires-impulsen-la-inclusio-digital","status":"publish","type":"post","link":"https:\/\/www.fundacioires.org\/ca\/t-systems-i-la-fundacio-ires-impulsen-la-inclusio-digital\/","title":{"rendered":"T-Systems i la Fundaci\u00f3 IRES impulsen per segon any consecutiu la Inclusi\u00f3 Digital a Barcelona"},"content":{"rendered":"\n<p>T-Systems, especialista en processos de transformaci\u00f3 digital, ha renovat la seva col\u00b7laboraci\u00f3 amb la Fundaci\u00f3 IRES per oferir formaci\u00f3 digital a persones en situaci\u00f3 de vulnerabilitat a l&#8217;<strong>Ecosistema Sant Mart\u00ed,<\/strong> a Barcelona. Aquesta alian\u00e7a refor\u00e7a el comprom\u00eds d\u2019ambdues entitats amb la inclusi\u00f3 digital i busca apropar el coneixement digital i les oportunitats que ofereix la tecnologia a aquells que m\u00e9s ho necessiten, aix\u00ed com millorar la seva ocupabilitat, utilitzant la tecnologia com una eina per reduir la bretxa social i econ\u00f2mica.<\/p>\n\n\n\n<p>El projecte s\u2019emmarca en el ferm comprom\u00eds de <strong>T-Systems<\/strong> amb la responsabilitat social corporativa, oferint formaci\u00f3 i recursos tecnol\u00f2gics essencials per facilitar la integraci\u00f3 d\u2019aquestes persones en l\u2019era digital. L\u2019empresa ha posat a disposici\u00f3 la seva experi\u00e8ncia i eines perqu\u00e8 els participants puguin accedir a continguts formatius que els permetran millorar les seves compet\u00e8ncies digitals.<\/p>\n\n\n\n<p>En aquesta ocasi\u00f3, el programa formatiu ha consistit en un cicle de quatre sessions amb un total de vuit hores de formaci\u00f3 pr\u00e0ctica, on les participants del servei <strong>Aferra\u2019t Dones<\/strong> han tingut l\u2019oportunitat d\u2019adquirir i consolidar coneixements fonamentals sobre l\u2019\u00fas de dispositius digitals. Al llarg d\u2019aquestes sessions, els assistents han apr\u00e8s a manejar de manera b\u00e0sica tant l\u2019ordinador com el tel\u00e8fon m\u00f2bil, aix\u00ed com a explorar diverses aplicacions que poden millorar la seva vida quotidiana i professional.<\/p>\n\n\n\n<div class=\"wp-block-jetpack-slideshow aligncenter\" data-effect=\"slide\"><div class=\"wp-block-jetpack-slideshow_container swiper-container\"><ul class=\"wp-block-jetpack-slideshow_swiper-wrapper swiper-wrapper\"><li class=\"wp-block-jetpack-slideshow_slide swiper-slide\"><figure><img data-recalc-dims=\"1\" loading=\"lazy\" decoding=\"async\" width=\"1024\" height=\"536\" alt=\"\" class=\"wp-block-jetpack-slideshow_image wp-image-68371\" data-id=\"68371\" src=\"https:\/\/i0.wp.com\/www.fundacioires.org\/wp-content\/uploads\/PLANTILLA-NOTIS-WEB-5-3.png?resize=1024%2C536&#038;ssl=1\" srcset=\"https:\/\/i0.wp.com\/www.fundacioires.org\/wp-content\/uploads\/PLANTILLA-NOTIS-WEB-5-3.png?resize=1024%2C536&amp;ssl=1 1024w, https:\/\/i0.wp.com\/www.fundacioires.org\/wp-content\/uploads\/PLANTILLA-NOTIS-WEB-5-3.png?resize=300%2C157&amp;ssl=1 300w, https:\/\/i0.wp.com\/www.fundacioires.org\/wp-content\/uploads\/PLANTILLA-NOTIS-WEB-5-3.png?resize=768%2C402&amp;ssl=1 768w, https:\/\/i0.wp.com\/www.fundacioires.org\/wp-content\/uploads\/PLANTILLA-NOTIS-WEB-5-3.png?w=1200&amp;ssl=1 1200w\" sizes=\"(max-width: 1000px) 100vw, 1000px\" \/><\/figure><\/li><li class=\"wp-block-jetpack-slideshow_slide swiper-slide\"><figure><img data-recalc-dims=\"1\" loading=\"lazy\" decoding=\"async\" width=\"1024\" height=\"536\" alt=\"\" class=\"wp-block-jetpack-slideshow_image wp-image-68373\" data-id=\"68373\" src=\"https:\/\/i0.wp.com\/www.fundacioires.org\/wp-content\/uploads\/PLANTILLA-NOTIS-WEB-4-4.png?resize=1024%2C536&#038;ssl=1\" srcset=\"https:\/\/i0.wp.com\/www.fundacioires.org\/wp-content\/uploads\/PLANTILLA-NOTIS-WEB-4-4.png?resize=1024%2C536&amp;ssl=1 1024w, https:\/\/i0.wp.com\/www.fundacioires.org\/wp-content\/uploads\/PLANTILLA-NOTIS-WEB-4-4.png?resize=300%2C157&amp;ssl=1 300w, https:\/\/i0.wp.com\/www.fundacioires.org\/wp-content\/uploads\/PLANTILLA-NOTIS-WEB-4-4.png?resize=768%2C402&amp;ssl=1 768w, https:\/\/i0.wp.com\/www.fundacioires.org\/wp-content\/uploads\/PLANTILLA-NOTIS-WEB-4-4.png?w=1200&amp;ssl=1 1200w\" sizes=\"(max-width: 1000px) 100vw, 1000px\" \/><\/figure><\/li><li class=\"wp-block-jetpack-slideshow_slide swiper-slide\"><figure><img data-recalc-dims=\"1\" loading=\"lazy\" decoding=\"async\" width=\"1024\" height=\"536\" alt=\"\" class=\"wp-block-jetpack-slideshow_image wp-image-68375\" data-id=\"68375\" src=\"https:\/\/i0.wp.com\/www.fundacioires.org\/wp-content\/uploads\/PLANTILLA-NOTIS-WEB-3-4.png?resize=1024%2C536&#038;ssl=1\" srcset=\"https:\/\/i0.wp.com\/www.fundacioires.org\/wp-content\/uploads\/PLANTILLA-NOTIS-WEB-3-4.png?resize=1024%2C536&amp;ssl=1 1024w, https:\/\/i0.wp.com\/www.fundacioires.org\/wp-content\/uploads\/PLANTILLA-NOTIS-WEB-3-4.png?resize=300%2C157&amp;ssl=1 300w, https:\/\/i0.wp.com\/www.fundacioires.org\/wp-content\/uploads\/PLANTILLA-NOTIS-WEB-3-4.png?resize=768%2C402&amp;ssl=1 768w, https:\/\/i0.wp.com\/www.fundacioires.org\/wp-content\/uploads\/PLANTILLA-NOTIS-WEB-3-4.png?w=1200&amp;ssl=1 1200w\" sizes=\"(max-width: 1000px) 100vw, 1000px\" \/><\/figure><\/li><li class=\"wp-block-jetpack-slideshow_slide swiper-slide\"><figure><img data-recalc-dims=\"1\" loading=\"lazy\" decoding=\"async\" width=\"1024\" height=\"536\" alt=\"\" class=\"wp-block-jetpack-slideshow_image wp-image-68377\" data-id=\"68377\" src=\"https:\/\/i0.wp.com\/www.fundacioires.org\/wp-content\/uploads\/PLANTILLA-NOTIS-WEB-2-3.png?resize=1024%2C536&#038;ssl=1\" srcset=\"https:\/\/i0.wp.com\/www.fundacioires.org\/wp-content\/uploads\/PLANTILLA-NOTIS-WEB-2-3.png?resize=1024%2C536&amp;ssl=1 1024w, https:\/\/i0.wp.com\/www.fundacioires.org\/wp-content\/uploads\/PLANTILLA-NOTIS-WEB-2-3.png?resize=300%2C157&amp;ssl=1 300w, https:\/\/i0.wp.com\/www.fundacioires.org\/wp-content\/uploads\/PLANTILLA-NOTIS-WEB-2-3.png?resize=768%2C402&amp;ssl=1 768w, https:\/\/i0.wp.com\/www.fundacioires.org\/wp-content\/uploads\/PLANTILLA-NOTIS-WEB-2-3.png?w=1200&amp;ssl=1 1200w\" sizes=\"(max-width: 1000px) 100vw, 1000px\" \/><\/figure><\/li><\/ul><a class=\"wp-block-jetpack-slideshow_button-prev swiper-button-prev swiper-button-white\" role=\"button\"><\/a><a class=\"wp-block-jetpack-slideshow_button-next swiper-button-next swiper-button-white\" role=\"button\"><\/a><a aria-label=\"Pause Slideshow\" class=\"wp-block-jetpack-slideshow_button-pause\" role=\"button\"><\/a><div class=\"wp-block-jetpack-slideshow_pagination swiper-pagination swiper-pagination-white\"><\/div><\/div><\/div>\n\n\n\n<p>Durant els tallers, els participants van poder familiaritzar-se amb eines digitals essencials, com la navegaci\u00f3 per internet, l\u2019\u00fas d\u2019aplicacions de comunicaci\u00f3 i gesti\u00f3, aix\u00ed com les funcionalitats dels dispositius m\u00f2bils i d\u2019escriptori. La formaci\u00f3, a m\u00e9s de ser accessible i adaptada a les necessitats del grup, es va centrar a <strong>millorar l\u2019autonomia tecnol\u00f2gica <\/strong>dels participants, proporcionant-los les habilitats necess\u00e0ries per interactuar amb l\u2019entorn digital de manera m\u00e9s efica\u00e7.<\/p>\n\n\n\n<p>Per la seva banda, la Fundaci\u00f3 IRES ha destacat la import\u00e0ncia d\u2019aquest tipus de col\u00b7laboracions per complir amb la seva missi\u00f3 de promoure la inclusi\u00f3 social i laboral de col\u00b7lectius en risc d\u2019exclusi\u00f3. Amb el suport de T-Systems, els participants de l\u2019Ecosistema Sant Mart\u00ed podran accedir a tallers pr\u00e0ctics i sessions formatives sobre eines digitals, millorant les seves habilitats i augmentant les seves possibilitats d\u2019integraci\u00f3 en el mercat laboral.<\/p>\n\n\n\n<p>La col\u00b7laboraci\u00f3 entre T-Systems i la Fundaci\u00f3 IRES posa de manifest com les empreses tecnol\u00f2giques poden ser actors clau en la construcci\u00f3 d\u2019una societat m\u00e9s inclusiva, oferint a les persones eines per superar barreres i millorar la seva integraci\u00f3 social i professional.<\/p>\n\n\n\n<p>Amb l\u2019\u00e8xit d\u2019aquest cicle de formaci\u00f3, ambdues organitzacions reforcen el seu comprom\u00eds amb la inclusi\u00f3 digital, un pilar fonamental per garantir que ning\u00fa quedi enrere en l\u2019era digital.<\/p>\n\n\n\n<p>Aquesta acci\u00f3 s\u2019emmarca dins del programa de voluntariat <strong>#TuHoFasPossible<\/strong> que compta amb el suport del<strong> Departament de Drets Socials de la Generalitat de Catalunya<\/strong>. El servei <strong>Aferra\u2019t Dones <\/strong>compta amb el suport del <strong>Departament d\u2019Igualtat de la Generalitat de Catalunya.<\/strong><\/p>\n\n\n\n<div class=\"wp-block-columns is-layout-flex wp-container-core-columns-is-layout-9d6595d7 wp-block-columns-is-layout-flex\">\n<div class=\"wp-block-column is-layout-flow wp-block-column-is-layout-flow\" style=\"flex-basis:50%\">\n<figure class=\"wp-block-image size-full\"><img decoding=\"async\" src=\"https:\/\/www.fundacioires.org\/wp-content\/uploads\/WEB_LOGOS_FINANCAMENT_GenCat_Dep_Igualtat_Feminismes.svg\" alt=\"\" class=\"wp-image-54237\"\/><\/figure>\n<\/div>\n\n\n\n<div class=\"wp-block-column is-layout-flow wp-block-column-is-layout-flow\" style=\"flex-basis:50%\">\n<figure class=\"wp-block-image size-full is-resized\"><img data-recalc-dims=\"1\" loading=\"lazy\" decoding=\"async\" width=\"474\" height=\"205\" src=\"https:\/\/i0.wp.com\/www.fundacioires.org\/wp-content\/uploads\/drets_socials_c3.png?resize=474%2C205&#038;ssl=1\" alt=\"\" class=\"wp-image-66894\" style=\"width:336px;height:auto\" srcset=\"https:\/\/i0.wp.com\/www.fundacioires.org\/wp-content\/uploads\/drets_socials_c3.png?w=474&amp;ssl=1 474w, https:\/\/i0.wp.com\/www.fundacioires.org\/wp-content\/uploads\/drets_socials_c3.png?resize=300%2C130&amp;ssl=1 300w\" sizes=\"(max-width: 474px) 100vw, 474px\" \/><\/figure>\n<\/div>\n<\/div>\n","protected":false},"excerpt":{"rendered":"<p>Han ofert formaci\u00f3 per a persones en situaci\u00f3 de vulnerabilitat a l&#8217;Ecosistema Sant Mart\u00ed.<\/p>\n","protected":false},"author":7,"featured_media":68373,"comment_status":"closed","ping_status":"open","sticky":false,"template":"","format":"standard","meta":{"_jetpack_memberships_contains_paid_content":false,"footnotes":""},"categories":[19],"tags":[],"class_list":["post-68382","post","type-post","status-publish","format-standard","has-post-thumbnail","hentry","category-ires-blog"],"yoast_head":"<!-- This site is optimized with the Yoast SEO plugin v27.4 - https:\/\/yoast.com\/product\/yoast-seo-wordpress\/ -->\n<title>T-Systems i la Fundaci\u00f3 IRES impulsen la Inclusi\u00f3 Digital<\/title>\n<meta name=\"description\" content=\"Han ofert formaci\u00f3 en entorns digitals per a persones en situaci\u00f3 de vulnerabilitat a l&#039;Ecosistema Sant Mart\u00ed.\" \/>\n<meta name=\"robots\" content=\"index, follow, max-snippet:-1, max-image-preview:large, max-video-preview:-1\" \/>\n<link rel=\"canonical\" href=\"https:\/\/www.fundacioires.org\/ca\/t-systems-i-la-fundacio-ires-impulsen-la-inclusio-digital\/\" \/>\n<meta property=\"og:locale\" content=\"ca_ES\" \/>\n<meta property=\"og:type\" content=\"article\" \/>\n<meta property=\"og:title\" content=\"T-Systems i la Fundaci\u00f3 IRES impulsen la Inclusi\u00f3 Digital\" \/>\n<meta property=\"og:description\" content=\"Han ofert formaci\u00f3 en entorns digitals per a persones en situaci\u00f3 de vulnerabilitat a l&#039;Ecosistema Sant Mart\u00ed.\" \/>\n<meta property=\"og:url\" content=\"https:\/\/www.fundacioires.org\/ca\/t-systems-i-la-fundacio-ires-impulsen-la-inclusio-digital\/\" \/>\n<meta property=\"og:site_name\" content=\"Fundaci\u00f3 IRES\" \/>\n<meta property=\"article:published_time\" content=\"2025-02-17T20:41:51+00:00\" \/>\n<meta property=\"article:modified_time\" content=\"2025-02-17T20:44:47+00:00\" \/>\n<meta property=\"og:image\" content=\"https:\/\/www.fundacioires.org\/wp-content\/uploads\/PLANTILLA-NOTIS-WEB-4-4.png\" \/>\n\t<meta property=\"og:image:width\" content=\"1200\" \/>\n\t<meta property=\"og:image:height\" content=\"628\" \/>\n\t<meta property=\"og:image:type\" content=\"image\/png\" \/>\n<meta name=\"author\" content=\"Fundaci\u00f3 IRES\" \/>\n<meta name=\"twitter:card\" content=\"summary_large_image\" \/>\n<meta name=\"twitter:label1\" content=\"Written by\" \/>\n\t<meta name=\"twitter:data1\" content=\"Fundaci\u00f3 IRES\" \/>\n\t<meta name=\"twitter:label2\" content=\"Est. reading time\" \/>\n\t<meta name=\"twitter:data2\" content=\"4 minutes\" \/>\n<script type=\"application\/ld+json\" class=\"yoast-schema-graph\">{\"@context\":\"https:\\\/\\\/schema.org\",\"@graph\":[{\"@type\":\"Article\",\"@id\":\"https:\\\/\\\/www.fundacioires.org\\\/ca\\\/t-systems-i-la-fundacio-ires-impulsen-la-inclusio-digital\\\/#article\",\"isPartOf\":{\"@id\":\"https:\\\/\\\/www.fundacioires.org\\\/ca\\\/t-systems-i-la-fundacio-ires-impulsen-la-inclusio-digital\\\/\"},\"author\":{\"name\":\"Fundaci\u00f3 IRES\",\"@id\":\"https:\\\/\\\/www.fundacioires.org\\\/#\\\/schema\\\/person\\\/160af843c565221ef4664a5c7000791c\"},\"headline\":\"T-Systems i la Fundaci\u00f3 IRES impulsen per segon any consecutiu la Inclusi\u00f3 Digital a Barcelona\",\"datePublished\":\"2025-02-17T20:41:51+00:00\",\"dateModified\":\"2025-02-17T20:44:47+00:00\",\"mainEntityOfPage\":{\"@id\":\"https:\\\/\\\/www.fundacioires.org\\\/ca\\\/t-systems-i-la-fundacio-ires-impulsen-la-inclusio-digital\\\/\"},\"wordCount\":531,\"publisher\":{\"@id\":\"https:\\\/\\\/www.fundacioires.org\\\/#organization\"},\"image\":{\"@id\":\"https:\\\/\\\/www.fundacioires.org\\\/ca\\\/t-systems-i-la-fundacio-ires-impulsen-la-inclusio-digital\\\/#primaryimage\"},\"thumbnailUrl\":\"https:\\\/\\\/i0.wp.com\\\/www.fundacioires.org\\\/wp-content\\\/uploads\\\/PLANTILLA-NOTIS-WEB-4-4.png?fit=1200%2C628&ssl=1\",\"articleSection\":[\"IRES-Blog\"],\"inLanguage\":\"ca-ES\"},{\"@type\":\"WebPage\",\"@id\":\"https:\\\/\\\/www.fundacioires.org\\\/ca\\\/t-systems-i-la-fundacio-ires-impulsen-la-inclusio-digital\\\/\",\"url\":\"https:\\\/\\\/www.fundacioires.org\\\/ca\\\/t-systems-i-la-fundacio-ires-impulsen-la-inclusio-digital\\\/\",\"name\":\"T-Systems i la Fundaci\u00f3 IRES impulsen la Inclusi\u00f3 Digital\",\"isPartOf\":{\"@id\":\"https:\\\/\\\/www.fundacioires.org\\\/#website\"},\"primaryImageOfPage\":{\"@id\":\"https:\\\/\\\/www.fundacioires.org\\\/ca\\\/t-systems-i-la-fundacio-ires-impulsen-la-inclusio-digital\\\/#primaryimage\"},\"image\":{\"@id\":\"https:\\\/\\\/www.fundacioires.org\\\/ca\\\/t-systems-i-la-fundacio-ires-impulsen-la-inclusio-digital\\\/#primaryimage\"},\"thumbnailUrl\":\"https:\\\/\\\/i0.wp.com\\\/www.fundacioires.org\\\/wp-content\\\/uploads\\\/PLANTILLA-NOTIS-WEB-4-4.png?fit=1200%2C628&ssl=1\",\"datePublished\":\"2025-02-17T20:41:51+00:00\",\"dateModified\":\"2025-02-17T20:44:47+00:00\",\"description\":\"Han ofert formaci\u00f3 en entorns digitals per a persones en situaci\u00f3 de vulnerabilitat a l'Ecosistema Sant Mart\u00ed.\",\"breadcrumb\":{\"@id\":\"https:\\\/\\\/www.fundacioires.org\\\/ca\\\/t-systems-i-la-fundacio-ires-impulsen-la-inclusio-digital\\\/#breadcrumb\"},\"inLanguage\":\"ca-ES\",\"potentialAction\":[{\"@type\":\"ReadAction\",\"target\":[\"https:\\\/\\\/www.fundacioires.org\\\/ca\\\/t-systems-i-la-fundacio-ires-impulsen-la-inclusio-digital\\\/\"]}]},{\"@type\":\"ImageObject\",\"inLanguage\":\"ca-ES\",\"@id\":\"https:\\\/\\\/www.fundacioires.org\\\/ca\\\/t-systems-i-la-fundacio-ires-impulsen-la-inclusio-digital\\\/#primaryimage\",\"url\":\"https:\\\/\\\/i0.wp.com\\\/www.fundacioires.org\\\/wp-content\\\/uploads\\\/PLANTILLA-NOTIS-WEB-4-4.png?fit=1200%2C628&ssl=1\",\"contentUrl\":\"https:\\\/\\\/i0.wp.com\\\/www.fundacioires.org\\\/wp-content\\\/uploads\\\/PLANTILLA-NOTIS-WEB-4-4.png?fit=1200%2C628&ssl=1\",\"width\":1200,\"height\":628},{\"@type\":\"BreadcrumbList\",\"@id\":\"https:\\\/\\\/www.fundacioires.org\\\/ca\\\/t-systems-i-la-fundacio-ires-impulsen-la-inclusio-digital\\\/#breadcrumb\",\"itemListElement\":[{\"@type\":\"ListItem\",\"position\":1,\"name\":\"Portada\",\"item\":\"https:\\\/\\\/www.fundacioires.org\\\/\"},{\"@type\":\"ListItem\",\"position\":2,\"name\":\"T-Systems i la Fundaci\u00f3 IRES impulsen per segon any consecutiu la Inclusi\u00f3 Digital a Barcelona\"}]},{\"@type\":\"WebSite\",\"@id\":\"https:\\\/\\\/www.fundacioires.org\\\/#website\",\"url\":\"https:\\\/\\\/www.fundacioires.org\\\/\",\"name\":\"Fundaci\u00f3 IRES\",\"description\":\"\",\"publisher\":{\"@id\":\"https:\\\/\\\/www.fundacioires.org\\\/#organization\"},\"potentialAction\":[{\"@type\":\"SearchAction\",\"target\":{\"@type\":\"EntryPoint\",\"urlTemplate\":\"https:\\\/\\\/www.fundacioires.org\\\/?s={search_term_string}\"},\"query-input\":{\"@type\":\"PropertyValueSpecification\",\"valueRequired\":true,\"valueName\":\"search_term_string\"}}],\"inLanguage\":\"ca-ES\"},{\"@type\":\"Organization\",\"@id\":\"https:\\\/\\\/www.fundacioires.org\\\/#organization\",\"name\":\"Fundanci\u00f3n IRES\",\"url\":\"https:\\\/\\\/www.fundacioires.org\\\/\",\"logo\":{\"@type\":\"ImageObject\",\"inLanguage\":\"ca-ES\",\"@id\":\"https:\\\/\\\/www.fundacioires.org\\\/#\\\/schema\\\/logo\\\/image\\\/\",\"url\":\"https:\\\/\\\/i0.wp.com\\\/www.fundacioires.org\\\/wp-content\\\/uploads\\\/faviconIRES.png?fit=32%2C32&ssl=1\",\"contentUrl\":\"https:\\\/\\\/i0.wp.com\\\/www.fundacioires.org\\\/wp-content\\\/uploads\\\/faviconIRES.png?fit=32%2C32&ssl=1\",\"width\":32,\"height\":32,\"caption\":\"Fundanci\u00f3n IRES\"},\"image\":{\"@id\":\"https:\\\/\\\/www.fundacioires.org\\\/#\\\/schema\\\/logo\\\/image\\\/\"}},{\"@type\":\"Person\",\"@id\":\"https:\\\/\\\/www.fundacioires.org\\\/#\\\/schema\\\/person\\\/160af843c565221ef4664a5c7000791c\",\"name\":\"Fundaci\u00f3 IRES\"}]}<\/script>\n<!-- \/ Yoast SEO plugin. -->","yoast_head_json":{"title":"T-Systems i la Fundaci\u00f3 IRES impulsen la Inclusi\u00f3 Digital","description":"Han ofert formaci\u00f3 en entorns digitals per a persones en situaci\u00f3 de vulnerabilitat a l'Ecosistema Sant Mart\u00ed.","robots":{"index":"index","follow":"follow","max-snippet":"max-snippet:-1","max-image-preview":"max-image-preview:large","max-video-preview":"max-video-preview:-1"},"canonical":"https:\/\/www.fundacioires.org\/ca\/t-systems-i-la-fundacio-ires-impulsen-la-inclusio-digital\/","og_locale":"ca_ES","og_type":"article","og_title":"T-Systems i la Fundaci\u00f3 IRES impulsen la Inclusi\u00f3 Digital","og_description":"Han ofert formaci\u00f3 en entorns digitals per a persones en situaci\u00f3 de vulnerabilitat a l'Ecosistema Sant Mart\u00ed.","og_url":"https:\/\/www.fundacioires.org\/ca\/t-systems-i-la-fundacio-ires-impulsen-la-inclusio-digital\/","og_site_name":"Fundaci\u00f3 IRES","article_published_time":"2025-02-17T20:41:51+00:00","article_modified_time":"2025-02-17T20:44:47+00:00","og_image":[{"width":1200,"height":628,"url":"https:\/\/www.fundacioires.org\/wp-content\/uploads\/PLANTILLA-NOTIS-WEB-4-4.png","type":"image\/png"}],"author":"Fundaci\u00f3 IRES","twitter_card":"summary_large_image","twitter_misc":{"Written by":"Fundaci\u00f3 IRES","Est. reading time":"4 minutes"},"schema":{"@context":"https:\/\/schema.org","@graph":[{"@type":"Article","@id":"https:\/\/www.fundacioires.org\/ca\/t-systems-i-la-fundacio-ires-impulsen-la-inclusio-digital\/#article","isPartOf":{"@id":"https:\/\/www.fundacioires.org\/ca\/t-systems-i-la-fundacio-ires-impulsen-la-inclusio-digital\/"},"author":{"name":"Fundaci\u00f3 IRES","@id":"https:\/\/www.fundacioires.org\/#\/schema\/person\/160af843c565221ef4664a5c7000791c"},"headline":"T-Systems i la Fundaci\u00f3 IRES impulsen per segon any consecutiu la Inclusi\u00f3 Digital a Barcelona","datePublished":"2025-02-17T20:41:51+00:00","dateModified":"2025-02-17T20:44:47+00:00","mainEntityOfPage":{"@id":"https:\/\/www.fundacioires.org\/ca\/t-systems-i-la-fundacio-ires-impulsen-la-inclusio-digital\/"},"wordCount":531,"publisher":{"@id":"https:\/\/www.fundacioires.org\/#organization"},"image":{"@id":"https:\/\/www.fundacioires.org\/ca\/t-systems-i-la-fundacio-ires-impulsen-la-inclusio-digital\/#primaryimage"},"thumbnailUrl":"https:\/\/i0.wp.com\/www.fundacioires.org\/wp-content\/uploads\/PLANTILLA-NOTIS-WEB-4-4.png?fit=1200%2C628&ssl=1","articleSection":["IRES-Blog"],"inLanguage":"ca-ES"},{"@type":"WebPage","@id":"https:\/\/www.fundacioires.org\/ca\/t-systems-i-la-fundacio-ires-impulsen-la-inclusio-digital\/","url":"https:\/\/www.fundacioires.org\/ca\/t-systems-i-la-fundacio-ires-impulsen-la-inclusio-digital\/","name":"T-Systems i la Fundaci\u00f3 IRES impulsen la Inclusi\u00f3 Digital","isPartOf":{"@id":"https:\/\/www.fundacioires.org\/#website"},"primaryImageOfPage":{"@id":"https:\/\/www.fundacioires.org\/ca\/t-systems-i-la-fundacio-ires-impulsen-la-inclusio-digital\/#primaryimage"},"image":{"@id":"https:\/\/www.fundacioires.org\/ca\/t-systems-i-la-fundacio-ires-impulsen-la-inclusio-digital\/#primaryimage"},"thumbnailUrl":"https:\/\/i0.wp.com\/www.fundacioires.org\/wp-content\/uploads\/PLANTILLA-NOTIS-WEB-4-4.png?fit=1200%2C628&ssl=1","datePublished":"2025-02-17T20:41:51+00:00","dateModified":"2025-02-17T20:44:47+00:00","description":"Han ofert formaci\u00f3 en entorns digitals per a persones en situaci\u00f3 de vulnerabilitat a l'Ecosistema Sant Mart\u00ed.","breadcrumb":{"@id":"https:\/\/www.fundacioires.org\/ca\/t-systems-i-la-fundacio-ires-impulsen-la-inclusio-digital\/#breadcrumb"},"inLanguage":"ca-ES","potentialAction":[{"@type":"ReadAction","target":["https:\/\/www.fundacioires.org\/ca\/t-systems-i-la-fundacio-ires-impulsen-la-inclusio-digital\/"]}]},{"@type":"ImageObject","inLanguage":"ca-ES","@id":"https:\/\/www.fundacioires.org\/ca\/t-systems-i-la-fundacio-ires-impulsen-la-inclusio-digital\/#primaryimage","url":"https:\/\/i0.wp.com\/www.fundacioires.org\/wp-content\/uploads\/PLANTILLA-NOTIS-WEB-4-4.png?fit=1200%2C628&ssl=1","contentUrl":"https:\/\/i0.wp.com\/www.fundacioires.org\/wp-content\/uploads\/PLANTILLA-NOTIS-WEB-4-4.png?fit=1200%2C628&ssl=1","width":1200,"height":628},{"@type":"BreadcrumbList","@id":"https:\/\/www.fundacioires.org\/ca\/t-systems-i-la-fundacio-ires-impulsen-la-inclusio-digital\/#breadcrumb","itemListElement":[{"@type":"ListItem","position":1,"name":"Portada","item":"https:\/\/www.fundacioires.org\/"},{"@type":"ListItem","position":2,"name":"T-Systems i la Fundaci\u00f3 IRES impulsen per segon any consecutiu la Inclusi\u00f3 Digital a Barcelona"}]},{"@type":"WebSite","@id":"https:\/\/www.fundacioires.org\/#website","url":"https:\/\/www.fundacioires.org\/","name":"Fundaci\u00f3 IRES","description":"","publisher":{"@id":"https:\/\/www.fundacioires.org\/#organization"},"potentialAction":[{"@type":"SearchAction","target":{"@type":"EntryPoint","urlTemplate":"https:\/\/www.fundacioires.org\/?s={search_term_string}"},"query-input":{"@type":"PropertyValueSpecification","valueRequired":true,"valueName":"search_term_string"}}],"inLanguage":"ca-ES"},{"@type":"Organization","@id":"https:\/\/www.fundacioires.org\/#organization","name":"Fundanci\u00f3n IRES","url":"https:\/\/www.fundacioires.org\/","logo":{"@type":"ImageObject","inLanguage":"ca-ES","@id":"https:\/\/www.fundacioires.org\/#\/schema\/logo\/image\/","url":"https:\/\/i0.wp.com\/www.fundacioires.org\/wp-content\/uploads\/faviconIRES.png?fit=32%2C32&ssl=1","contentUrl":"https:\/\/i0.wp.com\/www.fundacioires.org\/wp-content\/uploads\/faviconIRES.png?fit=32%2C32&ssl=1","width":32,"height":32,"caption":"Fundanci\u00f3n IRES"},"image":{"@id":"https:\/\/www.fundacioires.org\/#\/schema\/logo\/image\/"}},{"@type":"Person","@id":"https:\/\/www.fundacioires.org\/#\/schema\/person\/160af843c565221ef4664a5c7000791c","name":"Fundaci\u00f3 IRES"}]}},"jetpack_featured_media_url":"https:\/\/i0.wp.com\/www.fundacioires.org\/wp-content\/uploads\/PLANTILLA-NOTIS-WEB-4-4.png?fit=1200%2C628&ssl=1","jetpack_sharing_enabled":true,"_links":{"self":[{"href":"https:\/\/www.fundacioires.org\/ca\/wp-json\/wp\/v2\/posts\/68382","targetHints":{"allow":["GET"]}}],"collection":[{"href":"https:\/\/www.fundacioires.org\/ca\/wp-json\/wp\/v2\/posts"}],"about":[{"href":"https:\/\/www.fundacioires.org\/ca\/wp-json\/wp\/v2\/types\/post"}],"author":[{"embeddable":true,"href":"https:\/\/www.fundacioires.org\/ca\/wp-json\/wp\/v2\/users\/7"}],"replies":[{"embeddable":true,"href":"https:\/\/www.fundacioires.org\/ca\/wp-json\/wp\/v2\/comments?post=68382"}],"version-history":[{"count":2,"href":"https:\/\/www.fundacioires.org\/ca\/wp-json\/wp\/v2\/posts\/68382\/revisions"}],"predecessor-version":[{"id":68386,"href":"https:\/\/www.fundacioires.org\/ca\/wp-json\/wp\/v2\/posts\/68382\/revisions\/68386"}],"wp:featuredmedia":[{"embeddable":true,"href":"https:\/\/www.fundacioires.org\/ca\/wp-json\/wp\/v2\/media\/68373"}],"wp:attachment":[{"href":"https:\/\/www.fundacioires.org\/ca\/wp-json\/wp\/v2\/media?parent=68382"}],"wp:term":[{"taxonomy":"category","embeddable":true,"href":"https:\/\/www.fundacioires.org\/ca\/wp-json\/wp\/v2\/categories?post=68382"},{"taxonomy":"post_tag","embeddable":true,"href":"https:\/\/www.fundacioires.org\/ca\/wp-json\/wp\/v2\/tags?post=68382"}],"curies":[{"name":"wp","href":"https:\/\/api.w.org\/{rel}","templated":true}]}}