{"id":70576,"date":"2025-03-08T11:26:48","date_gmt":"2025-03-08T10:26:48","guid":{"rendered":"https:\/\/www.fundacioires.org\/?p=70576"},"modified":"2025-03-31T11:51:34","modified_gmt":"2025-03-31T09:51:34","slug":"8m-canco-per-fer-cami","status":"publish","type":"post","link":"https:\/\/www.fundacioires.org\/ca\/8m-canco-per-fer-cami\/","title":{"rendered":"La Fundaci\u00f3 IRES dona veu a Maria-Merc\u00e8 Mar\u00e7al per reivindicar el 8M: Dia Internacional de les Dones"},"content":{"rendered":"\n<p>Aquest 8 de mar\u00e7, la<strong> Fundaci\u00f3 IRES<\/strong> reafirma el seu comprom\u00eds amb la igualtat de g\u00e8nere i la lluita pels drets de les dones i nenes en tots els \u00e0mbits de la vida. A trav\u00e9s dels seus serveis, l&#8217;entitat treballa per transformar la vulnerabilitat en oportunitats de canvi. <br><br>Per commemorar el <strong>Dia Internacional de les Dones<\/strong>, usu\u00e0ries, volunt\u00e0ries, alumnes de pr\u00e0ctiques i professionals de la fundaci\u00f3 han posat veu al poema Can\u00e7\u00f3 de fer cam\u00ed, de Maria-Merc\u00e8 Mar\u00e7al, com a s\u00edmbol de sororitat i empoderament\u00a0femen\u00ed.<\/p>\n\n\n\n<figure class=\"wp-block-embed is-type-video is-provider-youtube wp-block-embed-youtube wp-embed-aspect-16-9 wp-has-aspect-ratio\"><div class=\"wp-block-embed__wrapper\">\n<iframe loading=\"lazy\" title=\"8M  Dia Internacional de les Dones 2025\" width=\"500\" height=\"281\" src=\"https:\/\/www.youtube.com\/embed\/lsaYtrUXlGs?feature=oembed\" frameborder=\"0\" allow=\"accelerometer; autoplay; clipboard-write; encrypted-media; gyroscope; picture-in-picture; web-share\" referrerpolicy=\"strict-origin-when-cross-origin\" allowfullscreen><\/iframe>\n<\/div><\/figure>\n","protected":false},"excerpt":{"rendered":"<p>Usu\u00e0ries, volunt\u00e0ries i professionals reciten &#8220;Can\u00e7\u00f3 de fer cam\u00ed&#8221; per defensar els drets de les dones<\/p>\n","protected":false},"author":7,"featured_media":70577,"comment_status":"closed","ping_status":"open","sticky":false,"template":"","format":"standard","meta":{"_jetpack_memberships_contains_paid_content":false,"footnotes":""},"categories":[19],"tags":[],"class_list":["post-70576","post","type-post","status-publish","format-standard","has-post-thumbnail","hentry","category-ires-blog"],"yoast_head":"<!-- This site is optimized with the Yoast SEO plugin v27.4 - https:\/\/yoast.com\/product\/yoast-seo-wordpress\/ -->\n<title>La Fundaci\u00f3 IRES dona veu a Maria-Merc\u00e8 Mar\u00e7al<\/title>\n<meta name=\"description\" content=\"Usu\u00e0ries, volunt\u00e0ries i professionals reciten &quot;Can\u00e7\u00f3 de fer cam\u00ed&quot; de Maria- Merc\u00e8 Mar\u00e7al per defensar els drets de les dones\" \/>\n<meta name=\"robots\" content=\"index, follow, max-snippet:-1, max-image-preview:large, max-video-preview:-1\" \/>\n<link rel=\"canonical\" href=\"https:\/\/www.fundacioires.org\/ca\/8m-canco-per-fer-cami\/\" \/>\n<meta property=\"og:locale\" content=\"ca_ES\" \/>\n<meta property=\"og:type\" content=\"article\" \/>\n<meta property=\"og:title\" content=\"La Fundaci\u00f3 IRES dona veu a Maria-Merc\u00e8 Mar\u00e7al\" \/>\n<meta property=\"og:description\" content=\"Usu\u00e0ries, volunt\u00e0ries i professionals reciten &quot;Can\u00e7\u00f3 de fer cam\u00ed&quot; de Maria- Merc\u00e8 Mar\u00e7al per defensar els drets de les dones\" \/>\n<meta property=\"og:url\" content=\"https:\/\/www.fundacioires.org\/ca\/8m-canco-per-fer-cami\/\" \/>\n<meta property=\"og:site_name\" content=\"Fundaci\u00f3 IRES\" \/>\n<meta property=\"article:published_time\" content=\"2025-03-08T10:26:48+00:00\" \/>\n<meta property=\"article:modified_time\" content=\"2025-03-31T09:51:34+00:00\" \/>\n<meta property=\"og:image\" content=\"https:\/\/www.fundacioires.org\/wp-content\/uploads\/PLANTILLA-NOTIS-WEB-45-1.jpg\" \/>\n\t<meta property=\"og:image:width\" content=\"1200\" \/>\n\t<meta property=\"og:image:height\" content=\"628\" \/>\n\t<meta property=\"og:image:type\" content=\"image\/jpeg\" \/>\n<meta name=\"author\" content=\"Fundaci\u00f3 IRES\" \/>\n<meta name=\"twitter:card\" content=\"summary_large_image\" \/>\n<meta name=\"twitter:label1\" content=\"Written by\" \/>\n\t<meta name=\"twitter:data1\" content=\"Fundaci\u00f3 IRES\" \/>\n\t<meta name=\"twitter:label2\" content=\"Est. reading time\" \/>\n\t<meta name=\"twitter:data2\" content=\"1 minute\" \/>\n<script type=\"application\/ld+json\" class=\"yoast-schema-graph\">{\"@context\":\"https:\\\/\\\/schema.org\",\"@graph\":[{\"@type\":\"Article\",\"@id\":\"https:\\\/\\\/www.fundacioires.org\\\/ca\\\/8m-canco-per-fer-cami\\\/#article\",\"isPartOf\":{\"@id\":\"https:\\\/\\\/www.fundacioires.org\\\/ca\\\/8m-canco-per-fer-cami\\\/\"},\"author\":{\"name\":\"Fundaci\u00f3 IRES\",\"@id\":\"https:\\\/\\\/www.fundacioires.org\\\/#\\\/schema\\\/person\\\/160af843c565221ef4664a5c7000791c\"},\"headline\":\"La Fundaci\u00f3 IRES dona veu a Maria-Merc\u00e8 Mar\u00e7al per reivindicar el 8M: Dia Internacional de les Dones\",\"datePublished\":\"2025-03-08T10:26:48+00:00\",\"dateModified\":\"2025-03-31T09:51:34+00:00\",\"mainEntityOfPage\":{\"@id\":\"https:\\\/\\\/www.fundacioires.org\\\/ca\\\/8m-canco-per-fer-cami\\\/\"},\"wordCount\":126,\"publisher\":{\"@id\":\"https:\\\/\\\/www.fundacioires.org\\\/#organization\"},\"image\":{\"@id\":\"https:\\\/\\\/www.fundacioires.org\\\/ca\\\/8m-canco-per-fer-cami\\\/#primaryimage\"},\"thumbnailUrl\":\"https:\\\/\\\/i0.wp.com\\\/www.fundacioires.org\\\/wp-content\\\/uploads\\\/PLANTILLA-NOTIS-WEB-45-1.jpg?fit=1200%2C628&ssl=1\",\"articleSection\":[\"IRES-Blog\"],\"inLanguage\":\"ca-ES\"},{\"@type\":\"WebPage\",\"@id\":\"https:\\\/\\\/www.fundacioires.org\\\/ca\\\/8m-canco-per-fer-cami\\\/\",\"url\":\"https:\\\/\\\/www.fundacioires.org\\\/ca\\\/8m-canco-per-fer-cami\\\/\",\"name\":\"La Fundaci\u00f3 IRES dona veu a Maria-Merc\u00e8 Mar\u00e7al\",\"isPartOf\":{\"@id\":\"https:\\\/\\\/www.fundacioires.org\\\/#website\"},\"primaryImageOfPage\":{\"@id\":\"https:\\\/\\\/www.fundacioires.org\\\/ca\\\/8m-canco-per-fer-cami\\\/#primaryimage\"},\"image\":{\"@id\":\"https:\\\/\\\/www.fundacioires.org\\\/ca\\\/8m-canco-per-fer-cami\\\/#primaryimage\"},\"thumbnailUrl\":\"https:\\\/\\\/i0.wp.com\\\/www.fundacioires.org\\\/wp-content\\\/uploads\\\/PLANTILLA-NOTIS-WEB-45-1.jpg?fit=1200%2C628&ssl=1\",\"datePublished\":\"2025-03-08T10:26:48+00:00\",\"dateModified\":\"2025-03-31T09:51:34+00:00\",\"description\":\"Usu\u00e0ries, volunt\u00e0ries i professionals reciten \\\"Can\u00e7\u00f3 de fer cam\u00ed\\\" de Maria- Merc\u00e8 Mar\u00e7al per defensar els drets de les dones\",\"breadcrumb\":{\"@id\":\"https:\\\/\\\/www.fundacioires.org\\\/ca\\\/8m-canco-per-fer-cami\\\/#breadcrumb\"},\"inLanguage\":\"ca-ES\",\"potentialAction\":[{\"@type\":\"ReadAction\",\"target\":[\"https:\\\/\\\/www.fundacioires.org\\\/ca\\\/8m-canco-per-fer-cami\\\/\"]}]},{\"@type\":\"ImageObject\",\"inLanguage\":\"ca-ES\",\"@id\":\"https:\\\/\\\/www.fundacioires.org\\\/ca\\\/8m-canco-per-fer-cami\\\/#primaryimage\",\"url\":\"https:\\\/\\\/i0.wp.com\\\/www.fundacioires.org\\\/wp-content\\\/uploads\\\/PLANTILLA-NOTIS-WEB-45-1.jpg?fit=1200%2C628&ssl=1\",\"contentUrl\":\"https:\\\/\\\/i0.wp.com\\\/www.fundacioires.org\\\/wp-content\\\/uploads\\\/PLANTILLA-NOTIS-WEB-45-1.jpg?fit=1200%2C628&ssl=1\",\"width\":1200,\"height\":628},{\"@type\":\"BreadcrumbList\",\"@id\":\"https:\\\/\\\/www.fundacioires.org\\\/ca\\\/8m-canco-per-fer-cami\\\/#breadcrumb\",\"itemListElement\":[{\"@type\":\"ListItem\",\"position\":1,\"name\":\"Portada\",\"item\":\"https:\\\/\\\/www.fundacioires.org\\\/\"},{\"@type\":\"ListItem\",\"position\":2,\"name\":\"La Fundaci\u00f3 IRES dona veu a Maria-Merc\u00e8 Mar\u00e7al per reivindicar el 8M: Dia Internacional de les Dones\"}]},{\"@type\":\"WebSite\",\"@id\":\"https:\\\/\\\/www.fundacioires.org\\\/#website\",\"url\":\"https:\\\/\\\/www.fundacioires.org\\\/\",\"name\":\"Fundaci\u00f3 IRES\",\"description\":\"\",\"publisher\":{\"@id\":\"https:\\\/\\\/www.fundacioires.org\\\/#organization\"},\"potentialAction\":[{\"@type\":\"SearchAction\",\"target\":{\"@type\":\"EntryPoint\",\"urlTemplate\":\"https:\\\/\\\/www.fundacioires.org\\\/?s={search_term_string}\"},\"query-input\":{\"@type\":\"PropertyValueSpecification\",\"valueRequired\":true,\"valueName\":\"search_term_string\"}}],\"inLanguage\":\"ca-ES\"},{\"@type\":\"Organization\",\"@id\":\"https:\\\/\\\/www.fundacioires.org\\\/#organization\",\"name\":\"Fundanci\u00f3n IRES\",\"url\":\"https:\\\/\\\/www.fundacioires.org\\\/\",\"logo\":{\"@type\":\"ImageObject\",\"inLanguage\":\"ca-ES\",\"@id\":\"https:\\\/\\\/www.fundacioires.org\\\/#\\\/schema\\\/logo\\\/image\\\/\",\"url\":\"https:\\\/\\\/i0.wp.com\\\/www.fundacioires.org\\\/wp-content\\\/uploads\\\/faviconIRES.png?fit=32%2C32&ssl=1\",\"contentUrl\":\"https:\\\/\\\/i0.wp.com\\\/www.fundacioires.org\\\/wp-content\\\/uploads\\\/faviconIRES.png?fit=32%2C32&ssl=1\",\"width\":32,\"height\":32,\"caption\":\"Fundanci\u00f3n IRES\"},\"image\":{\"@id\":\"https:\\\/\\\/www.fundacioires.org\\\/#\\\/schema\\\/logo\\\/image\\\/\"}},{\"@type\":\"Person\",\"@id\":\"https:\\\/\\\/www.fundacioires.org\\\/#\\\/schema\\\/person\\\/160af843c565221ef4664a5c7000791c\",\"name\":\"Fundaci\u00f3 IRES\"}]}<\/script>\n<!-- \/ Yoast SEO plugin. -->","yoast_head_json":{"title":"La Fundaci\u00f3 IRES dona veu a Maria-Merc\u00e8 Mar\u00e7al","description":"Usu\u00e0ries, volunt\u00e0ries i professionals reciten \"Can\u00e7\u00f3 de fer cam\u00ed\" de Maria- Merc\u00e8 Mar\u00e7al per defensar els drets de les dones","robots":{"index":"index","follow":"follow","max-snippet":"max-snippet:-1","max-image-preview":"max-image-preview:large","max-video-preview":"max-video-preview:-1"},"canonical":"https:\/\/www.fundacioires.org\/ca\/8m-canco-per-fer-cami\/","og_locale":"ca_ES","og_type":"article","og_title":"La Fundaci\u00f3 IRES dona veu a Maria-Merc\u00e8 Mar\u00e7al","og_description":"Usu\u00e0ries, volunt\u00e0ries i professionals reciten \"Can\u00e7\u00f3 de fer cam\u00ed\" de Maria- Merc\u00e8 Mar\u00e7al per defensar els drets de les dones","og_url":"https:\/\/www.fundacioires.org\/ca\/8m-canco-per-fer-cami\/","og_site_name":"Fundaci\u00f3 IRES","article_published_time":"2025-03-08T10:26:48+00:00","article_modified_time":"2025-03-31T09:51:34+00:00","og_image":[{"width":1200,"height":628,"url":"https:\/\/www.fundacioires.org\/wp-content\/uploads\/PLANTILLA-NOTIS-WEB-45-1.jpg","type":"image\/jpeg"}],"author":"Fundaci\u00f3 IRES","twitter_card":"summary_large_image","twitter_misc":{"Written by":"Fundaci\u00f3 IRES","Est. reading time":"1 minute"},"schema":{"@context":"https:\/\/schema.org","@graph":[{"@type":"Article","@id":"https:\/\/www.fundacioires.org\/ca\/8m-canco-per-fer-cami\/#article","isPartOf":{"@id":"https:\/\/www.fundacioires.org\/ca\/8m-canco-per-fer-cami\/"},"author":{"name":"Fundaci\u00f3 IRES","@id":"https:\/\/www.fundacioires.org\/#\/schema\/person\/160af843c565221ef4664a5c7000791c"},"headline":"La Fundaci\u00f3 IRES dona veu a Maria-Merc\u00e8 Mar\u00e7al per reivindicar el 8M: Dia Internacional de les Dones","datePublished":"2025-03-08T10:26:48+00:00","dateModified":"2025-03-31T09:51:34+00:00","mainEntityOfPage":{"@id":"https:\/\/www.fundacioires.org\/ca\/8m-canco-per-fer-cami\/"},"wordCount":126,"publisher":{"@id":"https:\/\/www.fundacioires.org\/#organization"},"image":{"@id":"https:\/\/www.fundacioires.org\/ca\/8m-canco-per-fer-cami\/#primaryimage"},"thumbnailUrl":"https:\/\/i0.wp.com\/www.fundacioires.org\/wp-content\/uploads\/PLANTILLA-NOTIS-WEB-45-1.jpg?fit=1200%2C628&ssl=1","articleSection":["IRES-Blog"],"inLanguage":"ca-ES"},{"@type":"WebPage","@id":"https:\/\/www.fundacioires.org\/ca\/8m-canco-per-fer-cami\/","url":"https:\/\/www.fundacioires.org\/ca\/8m-canco-per-fer-cami\/","name":"La Fundaci\u00f3 IRES dona veu a Maria-Merc\u00e8 Mar\u00e7al","isPartOf":{"@id":"https:\/\/www.fundacioires.org\/#website"},"primaryImageOfPage":{"@id":"https:\/\/www.fundacioires.org\/ca\/8m-canco-per-fer-cami\/#primaryimage"},"image":{"@id":"https:\/\/www.fundacioires.org\/ca\/8m-canco-per-fer-cami\/#primaryimage"},"thumbnailUrl":"https:\/\/i0.wp.com\/www.fundacioires.org\/wp-content\/uploads\/PLANTILLA-NOTIS-WEB-45-1.jpg?fit=1200%2C628&ssl=1","datePublished":"2025-03-08T10:26:48+00:00","dateModified":"2025-03-31T09:51:34+00:00","description":"Usu\u00e0ries, volunt\u00e0ries i professionals reciten \"Can\u00e7\u00f3 de fer cam\u00ed\" de Maria- Merc\u00e8 Mar\u00e7al per defensar els drets de les dones","breadcrumb":{"@id":"https:\/\/www.fundacioires.org\/ca\/8m-canco-per-fer-cami\/#breadcrumb"},"inLanguage":"ca-ES","potentialAction":[{"@type":"ReadAction","target":["https:\/\/www.fundacioires.org\/ca\/8m-canco-per-fer-cami\/"]}]},{"@type":"ImageObject","inLanguage":"ca-ES","@id":"https:\/\/www.fundacioires.org\/ca\/8m-canco-per-fer-cami\/#primaryimage","url":"https:\/\/i0.wp.com\/www.fundacioires.org\/wp-content\/uploads\/PLANTILLA-NOTIS-WEB-45-1.jpg?fit=1200%2C628&ssl=1","contentUrl":"https:\/\/i0.wp.com\/www.fundacioires.org\/wp-content\/uploads\/PLANTILLA-NOTIS-WEB-45-1.jpg?fit=1200%2C628&ssl=1","width":1200,"height":628},{"@type":"BreadcrumbList","@id":"https:\/\/www.fundacioires.org\/ca\/8m-canco-per-fer-cami\/#breadcrumb","itemListElement":[{"@type":"ListItem","position":1,"name":"Portada","item":"https:\/\/www.fundacioires.org\/"},{"@type":"ListItem","position":2,"name":"La Fundaci\u00f3 IRES dona veu a Maria-Merc\u00e8 Mar\u00e7al per reivindicar el 8M: Dia Internacional de les Dones"}]},{"@type":"WebSite","@id":"https:\/\/www.fundacioires.org\/#website","url":"https:\/\/www.fundacioires.org\/","name":"Fundaci\u00f3 IRES","description":"","publisher":{"@id":"https:\/\/www.fundacioires.org\/#organization"},"potentialAction":[{"@type":"SearchAction","target":{"@type":"EntryPoint","urlTemplate":"https:\/\/www.fundacioires.org\/?s={search_term_string}"},"query-input":{"@type":"PropertyValueSpecification","valueRequired":true,"valueName":"search_term_string"}}],"inLanguage":"ca-ES"},{"@type":"Organization","@id":"https:\/\/www.fundacioires.org\/#organization","name":"Fundanci\u00f3n IRES","url":"https:\/\/www.fundacioires.org\/","logo":{"@type":"ImageObject","inLanguage":"ca-ES","@id":"https:\/\/www.fundacioires.org\/#\/schema\/logo\/image\/","url":"https:\/\/i0.wp.com\/www.fundacioires.org\/wp-content\/uploads\/faviconIRES.png?fit=32%2C32&ssl=1","contentUrl":"https:\/\/i0.wp.com\/www.fundacioires.org\/wp-content\/uploads\/faviconIRES.png?fit=32%2C32&ssl=1","width":32,"height":32,"caption":"Fundanci\u00f3n IRES"},"image":{"@id":"https:\/\/www.fundacioires.org\/#\/schema\/logo\/image\/"}},{"@type":"Person","@id":"https:\/\/www.fundacioires.org\/#\/schema\/person\/160af843c565221ef4664a5c7000791c","name":"Fundaci\u00f3 IRES"}]}},"jetpack_featured_media_url":"https:\/\/i0.wp.com\/www.fundacioires.org\/wp-content\/uploads\/PLANTILLA-NOTIS-WEB-45-1.jpg?fit=1200%2C628&ssl=1","jetpack_sharing_enabled":true,"_links":{"self":[{"href":"https:\/\/www.fundacioires.org\/ca\/wp-json\/wp\/v2\/posts\/70576","targetHints":{"allow":["GET"]}}],"collection":[{"href":"https:\/\/www.fundacioires.org\/ca\/wp-json\/wp\/v2\/posts"}],"about":[{"href":"https:\/\/www.fundacioires.org\/ca\/wp-json\/wp\/v2\/types\/post"}],"author":[{"embeddable":true,"href":"https:\/\/www.fundacioires.org\/ca\/wp-json\/wp\/v2\/users\/7"}],"replies":[{"embeddable":true,"href":"https:\/\/www.fundacioires.org\/ca\/wp-json\/wp\/v2\/comments?post=70576"}],"version-history":[{"count":1,"href":"https:\/\/www.fundacioires.org\/ca\/wp-json\/wp\/v2\/posts\/70576\/revisions"}],"predecessor-version":[{"id":70579,"href":"https:\/\/www.fundacioires.org\/ca\/wp-json\/wp\/v2\/posts\/70576\/revisions\/70579"}],"wp:featuredmedia":[{"embeddable":true,"href":"https:\/\/www.fundacioires.org\/ca\/wp-json\/wp\/v2\/media\/70577"}],"wp:attachment":[{"href":"https:\/\/www.fundacioires.org\/ca\/wp-json\/wp\/v2\/media?parent=70576"}],"wp:term":[{"taxonomy":"category","embeddable":true,"href":"https:\/\/www.fundacioires.org\/ca\/wp-json\/wp\/v2\/categories?post=70576"},{"taxonomy":"post_tag","embeddable":true,"href":"https:\/\/www.fundacioires.org\/ca\/wp-json\/wp\/v2\/tags?post=70576"}],"curies":[{"name":"wp","href":"https:\/\/api.w.org\/{rel}","templated":true}]}}