{"id":74652,"date":"2025-06-02T13:26:47","date_gmt":"2025-06-02T11:26:47","guid":{"rendered":"https:\/\/www.fundacioires.org\/?p=74652"},"modified":"2025-06-02T13:26:51","modified_gmt":"2025-06-02T11:26:51","slug":"en-marxa-una-nova-edicio-del-programa-mais-per-fomentar-la-inclusio-laboral","status":"publish","type":"post","link":"https:\/\/www.fundacioires.org\/ca\/en-marxa-una-nova-edicio-del-programa-mais-per-fomentar-la-inclusio-laboral\/","title":{"rendered":"En marxa una nova edici\u00f3 del Programa MAIS per fomentar la inclusi\u00f3 laboral"},"content":{"rendered":"\n<p>Des de la Fundaci\u00f3 IRES iniciem una nova edici\u00f3 del Programa de Mesures Actives d\u2019Inserci\u00f3 per a persones destinat\u00e0ries de la Renda Garantida de Ciutadania i persones en risc o en situaci\u00f3 d\u2019exclusi\u00f3 social (Programa MAIS), que comen\u00e7ar\u00e0 el juny de 2025 i finalitzar\u00e0 el 30 d\u2019abril de 2026.<\/p>\n\n\n\n<p>En aquest programa es treballa de forma individualitzada, a partir de les necessitats i prefer\u00e8ncies de les persones participants, per a la definici\u00f3 conjunta d\u2019un itinerari laboral. Aquest proc\u00e9s s\u2019articula mitjan\u00e7ant un treball en xarxa amb els agents del territori. L\u2019objectiu \u00e9s incrementar el grau d\u2019ocupabilitat i afavorir la inserci\u00f3 laboral de les persones participants a trav\u00e9s d\u2019accions d\u2019orientaci\u00f3, formaci\u00f3 i suport a la recerca de feina.<\/p>\n\n\n\n<p>Durant aquest per\u00edode, s\u2019atendran com a m\u00ednim un total de 150 persones a trav\u00e9s de 5 punts d\u2019actuaci\u00f3 ubicats a la prov\u00edncia de Barcelona.<\/p>\n\n\n\n<p><strong>Punts d\u2019actuaci\u00f3:<br>\u25cf Barcelona \u2013 Av. Roma.<br>\u25cf Barcelona \u2013 Cant\u00e0bria.<br>\u25cf Sabadell<\/strong><br><\/p>\n\n\n\n<p><em>Aquest projecte compta amb el suport de la Generalitat de Catalunya.<\/em><\/p>\n\n\n\n<figure class=\"wp-block-image size-full\"><img data-recalc-dims=\"1\" loading=\"lazy\" decoding=\"async\" width=\"900\" height=\"200\" src=\"https:\/\/i0.wp.com\/www.fundacioires.org\/wp-content\/uploads\/logos-red.png?resize=900%2C200&#038;ssl=1\" alt=\"\" class=\"wp-image-67256\" srcset=\"https:\/\/i0.wp.com\/www.fundacioires.org\/wp-content\/uploads\/logos-red.png?w=900&amp;ssl=1 900w, https:\/\/i0.wp.com\/www.fundacioires.org\/wp-content\/uploads\/logos-red.png?resize=300%2C67&amp;ssl=1 300w, https:\/\/i0.wp.com\/www.fundacioires.org\/wp-content\/uploads\/logos-red.png?resize=768%2C171&amp;ssl=1 768w\" sizes=\"(max-width: 900px) 100vw, 900px\" \/><\/figure>\n","protected":false},"excerpt":{"rendered":"<p>En aquest programa es treballa de forma individualitzada, a partir de les necessitats i<br \/>\nprefer\u00e8ncies de les persones participants<\/p>\n","protected":false},"author":7,"featured_media":74658,"comment_status":"closed","ping_status":"open","sticky":false,"template":"","format":"standard","meta":{"_jetpack_memberships_contains_paid_content":false,"footnotes":""},"categories":[17],"tags":[],"class_list":["post-74652","post","type-post","status-publish","format-standard","has-post-thumbnail","hentry","category-sense-categoria"],"yoast_head":"<!-- This site is optimized with the Yoast SEO plugin v27.4 - https:\/\/yoast.com\/product\/yoast-seo-wordpress\/ -->\n<title>En marxa una nova edici\u00f3 del Programa MAIS per fomentar la inclusi\u00f3 laboral<\/title>\n<meta name=\"description\" content=\"En aquest programa es treballa de forma individualitzada, a partir de les necessitats iprefer\u00e8ncies de les persones participants\" \/>\n<meta name=\"robots\" content=\"index, follow, max-snippet:-1, max-image-preview:large, max-video-preview:-1\" \/>\n<link rel=\"canonical\" href=\"https:\/\/www.fundacioires.org\/ca\/en-marxa-una-nova-edicio-del-programa-mais-per-fomentar-la-inclusio-laboral\/\" \/>\n<meta property=\"og:locale\" content=\"ca_ES\" \/>\n<meta property=\"og:type\" content=\"article\" \/>\n<meta property=\"og:title\" content=\"En marxa una nova edici\u00f3 del Programa MAIS per fomentar la inclusi\u00f3 laboral\" \/>\n<meta property=\"og:description\" content=\"En aquest programa es treballa de forma individualitzada, a partir de les necessitats iprefer\u00e8ncies de les persones participants\" \/>\n<meta property=\"og:url\" content=\"https:\/\/www.fundacioires.org\/ca\/en-marxa-una-nova-edicio-del-programa-mais-per-fomentar-la-inclusio-laboral\/\" \/>\n<meta property=\"og:site_name\" content=\"Fundaci\u00f3 IRES\" \/>\n<meta property=\"article:published_time\" content=\"2025-06-02T11:26:47+00:00\" \/>\n<meta property=\"article:modified_time\" content=\"2025-06-02T11:26:51+00:00\" \/>\n<meta property=\"og:image\" content=\"https:\/\/www.fundacioires.org\/wp-content\/uploads\/PLANTILLA-NOTIS-WEB-1-6.jpg\" \/>\n\t<meta property=\"og:image:width\" content=\"1200\" \/>\n\t<meta property=\"og:image:height\" content=\"628\" \/>\n\t<meta property=\"og:image:type\" content=\"image\/jpeg\" \/>\n<meta name=\"author\" content=\"Fundaci\u00f3 IRES\" \/>\n<meta name=\"twitter:card\" content=\"summary_large_image\" \/>\n<meta name=\"twitter:label1\" content=\"Written by\" \/>\n\t<meta name=\"twitter:data1\" content=\"Fundaci\u00f3 IRES\" \/>\n\t<meta name=\"twitter:label2\" content=\"Est. reading time\" \/>\n\t<meta name=\"twitter:data2\" content=\"2 minutes\" \/>\n<script type=\"application\/ld+json\" class=\"yoast-schema-graph\">{\"@context\":\"https:\\\/\\\/schema.org\",\"@graph\":[{\"@type\":\"Article\",\"@id\":\"https:\\\/\\\/www.fundacioires.org\\\/ca\\\/en-marxa-una-nova-edicio-del-programa-mais-per-fomentar-la-inclusio-laboral\\\/#article\",\"isPartOf\":{\"@id\":\"https:\\\/\\\/www.fundacioires.org\\\/ca\\\/en-marxa-una-nova-edicio-del-programa-mais-per-fomentar-la-inclusio-laboral\\\/\"},\"author\":{\"name\":\"Fundaci\u00f3 IRES\",\"@id\":\"https:\\\/\\\/www.fundacioires.org\\\/#\\\/schema\\\/person\\\/160af843c565221ef4664a5c7000791c\"},\"headline\":\"En marxa una nova edici\u00f3 del Programa MAIS per fomentar la inclusi\u00f3 laboral\",\"datePublished\":\"2025-06-02T11:26:47+00:00\",\"dateModified\":\"2025-06-02T11:26:51+00:00\",\"mainEntityOfPage\":{\"@id\":\"https:\\\/\\\/www.fundacioires.org\\\/ca\\\/en-marxa-una-nova-edicio-del-programa-mais-per-fomentar-la-inclusio-laboral\\\/\"},\"wordCount\":190,\"publisher\":{\"@id\":\"https:\\\/\\\/www.fundacioires.org\\\/#organization\"},\"image\":{\"@id\":\"https:\\\/\\\/www.fundacioires.org\\\/ca\\\/en-marxa-una-nova-edicio-del-programa-mais-per-fomentar-la-inclusio-laboral\\\/#primaryimage\"},\"thumbnailUrl\":\"https:\\\/\\\/i0.wp.com\\\/www.fundacioires.org\\\/wp-content\\\/uploads\\\/PLANTILLA-NOTIS-WEB-1-6.jpg?fit=1200%2C628&ssl=1\",\"articleSection\":[\"Sense categoria\"],\"inLanguage\":\"ca-ES\"},{\"@type\":\"WebPage\",\"@id\":\"https:\\\/\\\/www.fundacioires.org\\\/ca\\\/en-marxa-una-nova-edicio-del-programa-mais-per-fomentar-la-inclusio-laboral\\\/\",\"url\":\"https:\\\/\\\/www.fundacioires.org\\\/ca\\\/en-marxa-una-nova-edicio-del-programa-mais-per-fomentar-la-inclusio-laboral\\\/\",\"name\":\"En marxa una nova edici\u00f3 del Programa MAIS per fomentar la inclusi\u00f3 laboral\",\"isPartOf\":{\"@id\":\"https:\\\/\\\/www.fundacioires.org\\\/#website\"},\"primaryImageOfPage\":{\"@id\":\"https:\\\/\\\/www.fundacioires.org\\\/ca\\\/en-marxa-una-nova-edicio-del-programa-mais-per-fomentar-la-inclusio-laboral\\\/#primaryimage\"},\"image\":{\"@id\":\"https:\\\/\\\/www.fundacioires.org\\\/ca\\\/en-marxa-una-nova-edicio-del-programa-mais-per-fomentar-la-inclusio-laboral\\\/#primaryimage\"},\"thumbnailUrl\":\"https:\\\/\\\/i0.wp.com\\\/www.fundacioires.org\\\/wp-content\\\/uploads\\\/PLANTILLA-NOTIS-WEB-1-6.jpg?fit=1200%2C628&ssl=1\",\"datePublished\":\"2025-06-02T11:26:47+00:00\",\"dateModified\":\"2025-06-02T11:26:51+00:00\",\"description\":\"En aquest programa es treballa de forma individualitzada, a partir de les necessitats iprefer\u00e8ncies de les persones participants\",\"breadcrumb\":{\"@id\":\"https:\\\/\\\/www.fundacioires.org\\\/ca\\\/en-marxa-una-nova-edicio-del-programa-mais-per-fomentar-la-inclusio-laboral\\\/#breadcrumb\"},\"inLanguage\":\"ca-ES\",\"potentialAction\":[{\"@type\":\"ReadAction\",\"target\":[\"https:\\\/\\\/www.fundacioires.org\\\/ca\\\/en-marxa-una-nova-edicio-del-programa-mais-per-fomentar-la-inclusio-laboral\\\/\"]}]},{\"@type\":\"ImageObject\",\"inLanguage\":\"ca-ES\",\"@id\":\"https:\\\/\\\/www.fundacioires.org\\\/ca\\\/en-marxa-una-nova-edicio-del-programa-mais-per-fomentar-la-inclusio-laboral\\\/#primaryimage\",\"url\":\"https:\\\/\\\/i0.wp.com\\\/www.fundacioires.org\\\/wp-content\\\/uploads\\\/PLANTILLA-NOTIS-WEB-1-6.jpg?fit=1200%2C628&ssl=1\",\"contentUrl\":\"https:\\\/\\\/i0.wp.com\\\/www.fundacioires.org\\\/wp-content\\\/uploads\\\/PLANTILLA-NOTIS-WEB-1-6.jpg?fit=1200%2C628&ssl=1\",\"width\":1200,\"height\":628},{\"@type\":\"BreadcrumbList\",\"@id\":\"https:\\\/\\\/www.fundacioires.org\\\/ca\\\/en-marxa-una-nova-edicio-del-programa-mais-per-fomentar-la-inclusio-laboral\\\/#breadcrumb\",\"itemListElement\":[{\"@type\":\"ListItem\",\"position\":1,\"name\":\"Portada\",\"item\":\"https:\\\/\\\/www.fundacioires.org\\\/\"},{\"@type\":\"ListItem\",\"position\":2,\"name\":\"En marxa una nova edici\u00f3 del Programa MAIS per fomentar la inclusi\u00f3 laboral\"}]},{\"@type\":\"WebSite\",\"@id\":\"https:\\\/\\\/www.fundacioires.org\\\/#website\",\"url\":\"https:\\\/\\\/www.fundacioires.org\\\/\",\"name\":\"Fundaci\u00f3 IRES\",\"description\":\"\",\"publisher\":{\"@id\":\"https:\\\/\\\/www.fundacioires.org\\\/#organization\"},\"potentialAction\":[{\"@type\":\"SearchAction\",\"target\":{\"@type\":\"EntryPoint\",\"urlTemplate\":\"https:\\\/\\\/www.fundacioires.org\\\/?s={search_term_string}\"},\"query-input\":{\"@type\":\"PropertyValueSpecification\",\"valueRequired\":true,\"valueName\":\"search_term_string\"}}],\"inLanguage\":\"ca-ES\"},{\"@type\":\"Organization\",\"@id\":\"https:\\\/\\\/www.fundacioires.org\\\/#organization\",\"name\":\"Fundanci\u00f3n IRES\",\"url\":\"https:\\\/\\\/www.fundacioires.org\\\/\",\"logo\":{\"@type\":\"ImageObject\",\"inLanguage\":\"ca-ES\",\"@id\":\"https:\\\/\\\/www.fundacioires.org\\\/#\\\/schema\\\/logo\\\/image\\\/\",\"url\":\"https:\\\/\\\/i0.wp.com\\\/www.fundacioires.org\\\/wp-content\\\/uploads\\\/faviconIRES.png?fit=32%2C32&ssl=1\",\"contentUrl\":\"https:\\\/\\\/i0.wp.com\\\/www.fundacioires.org\\\/wp-content\\\/uploads\\\/faviconIRES.png?fit=32%2C32&ssl=1\",\"width\":32,\"height\":32,\"caption\":\"Fundanci\u00f3n IRES\"},\"image\":{\"@id\":\"https:\\\/\\\/www.fundacioires.org\\\/#\\\/schema\\\/logo\\\/image\\\/\"}},{\"@type\":\"Person\",\"@id\":\"https:\\\/\\\/www.fundacioires.org\\\/#\\\/schema\\\/person\\\/160af843c565221ef4664a5c7000791c\",\"name\":\"Fundaci\u00f3 IRES\"}]}<\/script>\n<!-- \/ Yoast SEO plugin. -->","yoast_head_json":{"title":"En marxa una nova edici\u00f3 del Programa MAIS per fomentar la inclusi\u00f3 laboral","description":"En aquest programa es treballa de forma individualitzada, a partir de les necessitats iprefer\u00e8ncies de les persones participants","robots":{"index":"index","follow":"follow","max-snippet":"max-snippet:-1","max-image-preview":"max-image-preview:large","max-video-preview":"max-video-preview:-1"},"canonical":"https:\/\/www.fundacioires.org\/ca\/en-marxa-una-nova-edicio-del-programa-mais-per-fomentar-la-inclusio-laboral\/","og_locale":"ca_ES","og_type":"article","og_title":"En marxa una nova edici\u00f3 del Programa MAIS per fomentar la inclusi\u00f3 laboral","og_description":"En aquest programa es treballa de forma individualitzada, a partir de les necessitats iprefer\u00e8ncies de les persones participants","og_url":"https:\/\/www.fundacioires.org\/ca\/en-marxa-una-nova-edicio-del-programa-mais-per-fomentar-la-inclusio-laboral\/","og_site_name":"Fundaci\u00f3 IRES","article_published_time":"2025-06-02T11:26:47+00:00","article_modified_time":"2025-06-02T11:26:51+00:00","og_image":[{"width":1200,"height":628,"url":"https:\/\/www.fundacioires.org\/wp-content\/uploads\/PLANTILLA-NOTIS-WEB-1-6.jpg","type":"image\/jpeg"}],"author":"Fundaci\u00f3 IRES","twitter_card":"summary_large_image","twitter_misc":{"Written by":"Fundaci\u00f3 IRES","Est. reading time":"2 minutes"},"schema":{"@context":"https:\/\/schema.org","@graph":[{"@type":"Article","@id":"https:\/\/www.fundacioires.org\/ca\/en-marxa-una-nova-edicio-del-programa-mais-per-fomentar-la-inclusio-laboral\/#article","isPartOf":{"@id":"https:\/\/www.fundacioires.org\/ca\/en-marxa-una-nova-edicio-del-programa-mais-per-fomentar-la-inclusio-laboral\/"},"author":{"name":"Fundaci\u00f3 IRES","@id":"https:\/\/www.fundacioires.org\/#\/schema\/person\/160af843c565221ef4664a5c7000791c"},"headline":"En marxa una nova edici\u00f3 del Programa MAIS per fomentar la inclusi\u00f3 laboral","datePublished":"2025-06-02T11:26:47+00:00","dateModified":"2025-06-02T11:26:51+00:00","mainEntityOfPage":{"@id":"https:\/\/www.fundacioires.org\/ca\/en-marxa-una-nova-edicio-del-programa-mais-per-fomentar-la-inclusio-laboral\/"},"wordCount":190,"publisher":{"@id":"https:\/\/www.fundacioires.org\/#organization"},"image":{"@id":"https:\/\/www.fundacioires.org\/ca\/en-marxa-una-nova-edicio-del-programa-mais-per-fomentar-la-inclusio-laboral\/#primaryimage"},"thumbnailUrl":"https:\/\/i0.wp.com\/www.fundacioires.org\/wp-content\/uploads\/PLANTILLA-NOTIS-WEB-1-6.jpg?fit=1200%2C628&ssl=1","articleSection":["Sense categoria"],"inLanguage":"ca-ES"},{"@type":"WebPage","@id":"https:\/\/www.fundacioires.org\/ca\/en-marxa-una-nova-edicio-del-programa-mais-per-fomentar-la-inclusio-laboral\/","url":"https:\/\/www.fundacioires.org\/ca\/en-marxa-una-nova-edicio-del-programa-mais-per-fomentar-la-inclusio-laboral\/","name":"En marxa una nova edici\u00f3 del Programa MAIS per fomentar la inclusi\u00f3 laboral","isPartOf":{"@id":"https:\/\/www.fundacioires.org\/#website"},"primaryImageOfPage":{"@id":"https:\/\/www.fundacioires.org\/ca\/en-marxa-una-nova-edicio-del-programa-mais-per-fomentar-la-inclusio-laboral\/#primaryimage"},"image":{"@id":"https:\/\/www.fundacioires.org\/ca\/en-marxa-una-nova-edicio-del-programa-mais-per-fomentar-la-inclusio-laboral\/#primaryimage"},"thumbnailUrl":"https:\/\/i0.wp.com\/www.fundacioires.org\/wp-content\/uploads\/PLANTILLA-NOTIS-WEB-1-6.jpg?fit=1200%2C628&ssl=1","datePublished":"2025-06-02T11:26:47+00:00","dateModified":"2025-06-02T11:26:51+00:00","description":"En aquest programa es treballa de forma individualitzada, a partir de les necessitats iprefer\u00e8ncies de les persones participants","breadcrumb":{"@id":"https:\/\/www.fundacioires.org\/ca\/en-marxa-una-nova-edicio-del-programa-mais-per-fomentar-la-inclusio-laboral\/#breadcrumb"},"inLanguage":"ca-ES","potentialAction":[{"@type":"ReadAction","target":["https:\/\/www.fundacioires.org\/ca\/en-marxa-una-nova-edicio-del-programa-mais-per-fomentar-la-inclusio-laboral\/"]}]},{"@type":"ImageObject","inLanguage":"ca-ES","@id":"https:\/\/www.fundacioires.org\/ca\/en-marxa-una-nova-edicio-del-programa-mais-per-fomentar-la-inclusio-laboral\/#primaryimage","url":"https:\/\/i0.wp.com\/www.fundacioires.org\/wp-content\/uploads\/PLANTILLA-NOTIS-WEB-1-6.jpg?fit=1200%2C628&ssl=1","contentUrl":"https:\/\/i0.wp.com\/www.fundacioires.org\/wp-content\/uploads\/PLANTILLA-NOTIS-WEB-1-6.jpg?fit=1200%2C628&ssl=1","width":1200,"height":628},{"@type":"BreadcrumbList","@id":"https:\/\/www.fundacioires.org\/ca\/en-marxa-una-nova-edicio-del-programa-mais-per-fomentar-la-inclusio-laboral\/#breadcrumb","itemListElement":[{"@type":"ListItem","position":1,"name":"Portada","item":"https:\/\/www.fundacioires.org\/"},{"@type":"ListItem","position":2,"name":"En marxa una nova edici\u00f3 del Programa MAIS per fomentar la inclusi\u00f3 laboral"}]},{"@type":"WebSite","@id":"https:\/\/www.fundacioires.org\/#website","url":"https:\/\/www.fundacioires.org\/","name":"Fundaci\u00f3 IRES","description":"","publisher":{"@id":"https:\/\/www.fundacioires.org\/#organization"},"potentialAction":[{"@type":"SearchAction","target":{"@type":"EntryPoint","urlTemplate":"https:\/\/www.fundacioires.org\/?s={search_term_string}"},"query-input":{"@type":"PropertyValueSpecification","valueRequired":true,"valueName":"search_term_string"}}],"inLanguage":"ca-ES"},{"@type":"Organization","@id":"https:\/\/www.fundacioires.org\/#organization","name":"Fundanci\u00f3n IRES","url":"https:\/\/www.fundacioires.org\/","logo":{"@type":"ImageObject","inLanguage":"ca-ES","@id":"https:\/\/www.fundacioires.org\/#\/schema\/logo\/image\/","url":"https:\/\/i0.wp.com\/www.fundacioires.org\/wp-content\/uploads\/faviconIRES.png?fit=32%2C32&ssl=1","contentUrl":"https:\/\/i0.wp.com\/www.fundacioires.org\/wp-content\/uploads\/faviconIRES.png?fit=32%2C32&ssl=1","width":32,"height":32,"caption":"Fundanci\u00f3n IRES"},"image":{"@id":"https:\/\/www.fundacioires.org\/#\/schema\/logo\/image\/"}},{"@type":"Person","@id":"https:\/\/www.fundacioires.org\/#\/schema\/person\/160af843c565221ef4664a5c7000791c","name":"Fundaci\u00f3 IRES"}]}},"jetpack_featured_media_url":"https:\/\/i0.wp.com\/www.fundacioires.org\/wp-content\/uploads\/PLANTILLA-NOTIS-WEB-1-6.jpg?fit=1200%2C628&ssl=1","jetpack_sharing_enabled":true,"_links":{"self":[{"href":"https:\/\/www.fundacioires.org\/ca\/wp-json\/wp\/v2\/posts\/74652","targetHints":{"allow":["GET"]}}],"collection":[{"href":"https:\/\/www.fundacioires.org\/ca\/wp-json\/wp\/v2\/posts"}],"about":[{"href":"https:\/\/www.fundacioires.org\/ca\/wp-json\/wp\/v2\/types\/post"}],"author":[{"embeddable":true,"href":"https:\/\/www.fundacioires.org\/ca\/wp-json\/wp\/v2\/users\/7"}],"replies":[{"embeddable":true,"href":"https:\/\/www.fundacioires.org\/ca\/wp-json\/wp\/v2\/comments?post=74652"}],"version-history":[{"count":2,"href":"https:\/\/www.fundacioires.org\/ca\/wp-json\/wp\/v2\/posts\/74652\/revisions"}],"predecessor-version":[{"id":74654,"href":"https:\/\/www.fundacioires.org\/ca\/wp-json\/wp\/v2\/posts\/74652\/revisions\/74654"}],"wp:featuredmedia":[{"embeddable":true,"href":"https:\/\/www.fundacioires.org\/ca\/wp-json\/wp\/v2\/media\/74658"}],"wp:attachment":[{"href":"https:\/\/www.fundacioires.org\/ca\/wp-json\/wp\/v2\/media?parent=74652"}],"wp:term":[{"taxonomy":"category","embeddable":true,"href":"https:\/\/www.fundacioires.org\/ca\/wp-json\/wp\/v2\/categories?post=74652"},{"taxonomy":"post_tag","embeddable":true,"href":"https:\/\/www.fundacioires.org\/ca\/wp-json\/wp\/v2\/tags?post=74652"}],"curies":[{"name":"wp","href":"https:\/\/api.w.org\/{rel}","templated":true}]}}