{"id":77017,"date":"2025-01-14T12:30:00","date_gmt":"2025-01-14T11:30:00","guid":{"rendered":"https:\/\/www.fundacioires.org\/?p=77017"},"modified":"2025-07-14T12:46:42","modified_gmt":"2025-07-14T10:46:42","slug":"temps-al-temps","status":"publish","type":"post","link":"https:\/\/www.fundacioires.org\/ca\/temps-al-temps\/","title":{"rendered":"Temps al temps"},"content":{"rendered":"\n<blockquote class=\"wp-block-quote is-layout-flow wp-block-quote-is-layout-flow\">\n<p>Complerts ja els 17 anys, en Pol (nom fictici) comen\u00e7a a ser molt m\u00e9s conscient de tot el que ha representat i representa a la seva vida el fet de ser adoptat. La seva tia paterna sempre ha estat al seu costat, des dels seus primers dies de vida, moment en qu\u00e8 es va retirar la cust\u00f2dia als seus pares biol\u00f2gics. Ella se\u2019l va endur a casa i el va cuidar com un fill m\u00e9s. Han passat disset anys i \u00e9s ara quan finalitza el proc\u00e9s judicial que posa la \u201cr\u00fabrica\u201d de l\u2019autoritat competent sobre la maternitat i paternitat adoptiva. Ara \u00e9s temps d\u2019acabar de fer papers. Ell est\u00e0 d\u2019acord a canviar-se els cognoms i es mostra orgull\u00f3s de dur primer el del seu oncle.<\/p>\n<\/blockquote>\n\n\n\n<blockquote class=\"wp-block-quote is-layout-flow wp-block-quote-is-layout-flow\">\n<p>En una visita a casa, semblant a tantes altres que es van fer durant tants anys d\u2019acolliment preadoptiu, ens atrevim a preguntar-li de forma directa si necessita saber alguna cosa que li puguem explicar, i ell s\u2019atreveix a contestar tamb\u00e9 de manera directa i contundent. Verbalitza aquest <strong>\u201cvull saber-ho tot sobre la meva vida<\/strong>\u201d. Els seus pares adoptius seuen al seu costat. Ells es mostren una mica sorpresos per\u00f2 tranquils. Sempre han estat disposats a dir-li el que volgu\u00e9s saber, per\u00f2 el temps passava i ell no preguntava. Fa poc s\u2019ha tatuat a la cama un bonic paisatge amb un gran rellotge antic on hi apareix una frase que diu que \u00e9s molt especial per a ell: \u201cTemps al temps\u201d.<\/p>\n\n\n\n<blockquote class=\"wp-block-quote is-layout-flow wp-block-quote-is-layout-flow\">\n<p>Aquest donar \u201ctemps al temps\u201d ens planteja alguns interrogants sobre la nostra intervenci\u00f3 professional i ens permet reflexionar per a aquest i altres casos. Aquesta dimensi\u00f3 del temps \u00e9s un factor que sempre est\u00e0 present en la nostra tasca amb les fam\u00edlies i els infants. Vegem, doncs, quin sentit t\u00e9 poder pensar en donar \u201ctemps al temps\u201d, qui necessita aquest temps i com s\u2019articula aix\u00f2 amb el fet adoptatiu. Ho examinarem des de tres punts de vista que considerem que ens ajuden a reflexionar i que estan estretament vinculats i entrella\u00e7ats entre si.<\/p>\n<\/blockquote>\n\n\n\n<blockquote class=\"wp-block-quote is-layout-flow wp-block-quote-is-layout-flow\">\n<p>El primer \u00e9s el que anomenarem el<em> temps a la inf\u00e0ncia<\/em>, que ens parla del temps d\u2019aquell nen o nena en particular.<\/p>\n<\/blockquote>\n\n\n\n<blockquote class=\"wp-block-quote is-layout-flow wp-block-quote-is-layout-flow\">\n<p>Tota adopci\u00f3 comporta deixar enrere un passat, per breu que aquest sigui, per incorporar-se a un \u201cnou\u201d futur. Un proc\u00e9s que implica pagar el preu d\u2019algunes p\u00e8rdues. Una d\u2019elles, i potser la m\u00e9s significativa, ser\u00e0 la des\/connexi\u00f3 amb el passat, amb el que solem anomenar les nostres arrels o or\u00edgens i, en conseq\u00fc\u00e8ncia, amb alguns elements constitutius de la nostra identitat.<\/p>\n\n\n\n<p class=\"has-white-color has-text-color has-background has-link-color has-medium-font-size wp-elements-ab01d59c80bb9ff3f2329ee7277d2548\" style=\"background-color:#1cab8b\"><strong>El temps a la inf\u00e0ncia<\/strong><\/p>\n<\/blockquote>\n<\/blockquote>\n\n\n\n<p>La inf\u00e0ncia \u00e9s el temps privilegiat de construcci\u00f3 subjectiva, \u00e9s a dir, el temps en qu\u00e8 ens constitu\u00efm com a subjectes. I ens subjectem a un nom, a un cos, a una hist\u00f2ria, a una fam\u00edlia i a tot all\u00f2 que ens fa persones \u00faniques. \u00c9s el temps dels lligams afectius en qu\u00e8 es produeix all\u00f2 m\u00e9s singular de cadasc\u00fa i on apareix la possibilitat que cada subjecte incorpori de manera particular all\u00f2 que est\u00e0 per arribar.<\/p>\n\n\n\n<p>En la inf\u00e0ncia adoptada aquestes coses passen com en la resta, per\u00f2 paradoxalment hi trobem algunes particularitats en aquesta possibilitat de saber o de fer durant la inf\u00e0ncia. Parlem del treball de <strong>connectar amb els or\u00edgens<\/strong> (entenem connectar no com tenir contacte o relaci\u00f3, sin\u00f3 b\u00e0sicament com el treball de <strong>construir el relat que sustenta una identitat<\/strong>). <strong>Aquest treball <\/strong>respecte a l\u2019origen p<strong>ot quedar congelat, estancat, paralitzat fins a una suposada majoria d\u2019edat<\/strong>. Moguts per una certa \u00f2ptica proteccionista, s\u2019entenia que nom\u00e9s amb l\u2019entrada al m\u00f3n adult el subjecte estava preparat per enfrontar-se a la dura realitat que el va portar a ser adoptat. Saber i pensar sobre aquestes p\u00e8rdues, ruptures o traumes podien quedar en suspens durant molt de temps. En el treball d\u2019acompanyament al proc\u00e9s adoptatiu fa anys que ens preguntem si aquesta espera respon realment al tan esmentat inter\u00e8s superior del menor o si est\u00e0 al servei del suposat benefici de la ruptura total amb el passat que acompanyava l\u2019adopci\u00f3 i d\u2019un cert \u201cadultisme\u201d de creure saber qu\u00e8 necessita el nen o la nena en cada moment.<\/p>\n\n\n\n<p>Les aportacions de persones ja adultes que van ser adoptades, aix\u00ed com l\u2019observaci\u00f3 i acompanyament de nens, adolescents i joves realitzats aquests darrers anys, ens conviden a<strong> preguntar-nos sobre el treball que es pot fer durant el temps de la inf\u00e0ncia en aquesta construcci\u00f3 de la identitat<\/strong>. Paral\u00b7lelament, tamb\u00e9 ens fa m\u00e9s conscients del perill d\u2019avan\u00e7ar-nos, quan en un primer temps de conviv\u00e8ncia el fonamental \u00e9s la construcci\u00f3 de vincles parentals que consolidin un vincle segur. Tot proc\u00e9s de \u201cdeixar-se\u201d adoptar requereix el seu temps. <strong>Molts nens i nenes adoptats han d\u2019aprendre a ser fills.<\/strong> I normalment ho han de fer mentre <strong>uns pares<\/strong> inauguren la seva paternitat i, per tant, tamb\u00e9 estan en un <strong>proc\u00e9s d\u2019aprenentatge<\/strong>.<\/p>\n\n\n\n<p>Sabem que en els casos d\u2019adopcions amb nens i nenes d\u2019una certa edat el proc\u00e9s esdev\u00e9 una mica m\u00e9s complex. El que s\u2019ha viscut deixa la seva empremta i determina en part com pot viure\u2019s o incorporar-se all\u00f2 nou. <strong>La p\u00e8rdua de la fam\u00edlia d\u2019origen comporta una ferida preco\u00e7<\/strong> que acompanyar\u00e0 d\u2019alguna manera la persona que l\u2019ha patit. Si, a m\u00e9s, ha estat sotmesa a situacions d\u2019abandonament o maltractament, aquesta ferida sol ser m\u00e9s profunda. \u00c9s molt possible que apareguin moments de regressi\u00f3, entesa en la seva doble versi\u00f3 de retorn al passat o com el retorn al present d\u2019alguna cosa del passat. En moltes ocasions no \u00e9s el nen qui torna <strong>al passat, sin\u00f3 el passat el que torna al present del nen. En forma de record, d\u2019all\u00f2 no resolt o de trauma. Ser\u00e0 important saber esperar, ajudar a col\u00b7locar part d\u2019aquest passat per poder avan\u00e7ar de manera m\u00e9s ferma.<\/strong><\/p>\n\n\n\n<p>Saber esperar el moment oport\u00fa \u00e9s fonamental en els primers anys de l\u2019adopci\u00f3. Saber esperar per poder introduir una certa pressi\u00f3 en els aprenentatges escolars, saber esperar per poder derivar a ter\u00e0pia quan el nen o la nena \u201cdemana\u201d ajuda, estar atents i atentes i fixar-nos en all\u00f2 que el nen o la nena necessita m\u00e9s que no pas intentar \u201creparar\u201d els efectes d\u2019un passat traum\u00e0tic. <strong>Esperar sense defallir i acompanyar<\/strong>.<\/p>\n\n\n\n<p class=\"has-white-color has-text-color has-background has-link-color has-medium-font-size wp-elements-5d7463d90d83264d9faf810dd6a5e45d\" style=\"background-color:#1cab8b\"><strong>El temps de les persones adultes<\/strong><\/p>\n\n\n\n<p>En tot proc\u00e9s d\u2019adopci\u00f3 ens trobarem amb una fam\u00edlia que tamb\u00e9 tindr\u00e0 una manera particular de projectar-se en el futur amb aquell nen o nena que acaba d\u2019arribar. Una fam\u00edlia que, en el millor dels casos, haur\u00e0 pogut pensar i elaborar aquell lloc que li ofereix. Un lloc que mai estar\u00e0 buit, per\u00f2 que ser\u00e0 necessari que tampoc no estigui massa carregat d\u2019expectatives, per permetre acollir all\u00f2 nou que est\u00e0 per venir.<\/p>\n\n\n\n<p>En el treball de validaci\u00f3 i preparaci\u00f3 ens trobem amb unes persones adultes que passen per diferents moments en el proc\u00e9s de veure\u2019s com a futurs pares i mares. Despr\u00e9s vindr\u00e0 un temps d\u2019espera per rebre la proposta, el temps de con\u00e8ixer-se, la denominada \u201clluna de mel\u201d, on aparentment tot \u00e9s meravell\u00f3s i harm\u00f2nic, el temps en qu\u00e8 el nen comen\u00e7a a sentir-se segur i pot mostrar amb m\u00e9s intensitat all\u00f2 que no funciona del tot b\u00e9, el temps de tancar el paperam i canviar definitivament els cognoms, l\u2019apropament a la temuda adolesc\u00e8ncia, etc.<\/p>\n\n\n\n<p>El treball de suport i acompanyament amb aquests pares pret\u00e9n posar en evid\u00e8ncia que <strong>cal temps per ubicar all\u00f2 que aquell nen porta amb si, un temps per observar, per entendre i per poder proposar noves maneres de fer<\/strong>. D\u2019altra banda, tamb\u00e9 \u00e9s necessari poder ajudar les fam\u00edlies a <strong>escapar de \u201cl\u2019imperatiu de la normalitat\u201d<\/strong> que, com una guia, indica les diferents fases de desenvolupament i aprenentatges pels quals se suposa que han de transitar els nens i nenes a certes edats. Hem d\u2019ajudar-los a incorporar les necessitats especials o la diversitat funcional que aquell nen porta amb si i els efectes de les diferents ruptures o abandonaments que ja ha patit. Poder escapar d\u2019aquest cors\u00e9 que comporta el concepte de desenvolupament t\u00e9 efectes beneficiosos a curt i llarg termini.<\/p>\n\n\n\n<p>En molts casos ser\u00e0 necessari transformar la queixa en demanda, la qual cosa far\u00e0 que puguem fer alguna cosa amb aquella demanda. Aquest treball tamb\u00e9 requerir\u00e0 el seu temps<strong> i ser\u00e0 necessari armar-se (o armar-nos) <\/strong>de paci\u00e8ncia. I a la paci\u00e8ncia hem d\u2019incorporar la idea de perseverar, mantenir-se constant en l\u2019assoliment del que s\u2019ha comen\u00e7at, sense deixar-se enganyar per l\u2019aparen\u00e7a de \u201cl\u2019adaptaci\u00f3\u201d. Ser\u00e0 m\u00e9s f\u00e0cil que puguin sentir que el nen est\u00e0 adaptat que adoptat.<\/p>\n\n\n\n<p class=\"has-white-color has-text-color has-background has-link-color has-medium-font-size wp-elements-ecd66376d18068ae568645e86c7ec629\" style=\"background-color:#1cab8b\"><strong>El temps institucional<\/strong><\/p>\n\n\n\n<p>En tot proc\u00e9s d\u2019adopci\u00f3 ens trobem amb un per\u00edode marcat per la intervenci\u00f3 directa de l\u2019administraci\u00f3 durant el temps que dura la mesura de l\u2019acolliment preadoptiu. <strong>El nen o la nena romanen tutelats per l\u2019administraci\u00f3 el temps necessari mentre es tramita el proc\u00e9s judicial que posa fi a la seva filiaci\u00f3 amb la fam\u00edlia d\u2019origen<\/strong>. Un proc\u00e9s judicial que conclou un altre proc\u00e9s que va ser el de la desprotecci\u00f3 i la proposta d\u2019acolliment preadoptiu. En resum, podem estar parlant de <strong>tres o quatre anys en qu\u00e8 diferents serveis intervenen de manera directa en la vida d\u2019aquell nen o nena i aquella fam\u00edlia<\/strong>.<\/p>\n\n\n\n<p>El treball de les diferents administracions persegueix diferents objectius, per\u00f2 el que ens interessa de manera particular \u00e9s aquell centrat a certificar que uns pares biol\u00f2gics han tingut totes les garanties i oportunitats per canviar les circumst\u00e0ncies que els van portar a que el fill fos desprotegir i es valor\u00e9s que la millor proposta per a ell \u00e9s l\u2019adopci\u00f3. Les diferents intervencions professionals se centraran en atorgar aquestes garanties, en treballar les possibilitats de recuperaci\u00f3, en <strong>atendre adequadament les necessitats de cada nen o nena, en trobar i preparar les fam\u00edlies adoptives, etc<\/strong>. Uns temps que funcionen al marge dels temps de cada nen o nena i cada fam\u00edlia per\u00f2 que de manera directa condicionen o determinen alguns aspectes de la conviv\u00e8ncia.<\/p>\n\n\n\n<p>En els darrers anys existeix una creixent preocupaci\u00f3 per la dilataci\u00f3 dels temps per elaborar aquestes propostes d\u2019adopci\u00f3 i perqu\u00e8 aquestes puguin materialitzar-se. Les estades en fam\u00edlia d\u2019urg\u00e8ncia i diagn\u00f2stic o en centres d\u2019acollida s\u2019allarguen molt m\u00e9s del que el \u201cb\u00e9 superior del menor\u201d aconsellaria. La forta vinculaci\u00f3 afectiva del nen o nena amb els acollidors temporals comportar\u00e0 un major treball per incorporar una nova fam\u00edlia. Prolongar en exc\u00e9s l\u2019estada en centre a l\u2019espera de tenir acabat el treball de proposta d\u2019adopci\u00f3 amb les garanties abans esmentades pot aportar protecci\u00f3 davant el maltractament o la neglig\u00e8ncia, per\u00f2 no pot resoldre de manera efica\u00e7 les mancances afectives que comporta tota institucionalitzaci\u00f3.<\/p>\n\n\n\n<p>\u00c9s per aix\u00f2 que un simple tatuatge de \u201c<strong>temps al temps<\/strong>\u201d ens interpel\u00b7la a<strong> reflexionar <\/strong>sobre com <strong>cada subjecte necessita el seu temps per fer les seves eleccions, per preparar-se i adquirir la confian\u00e7a necess\u00e0ria en tot proc\u00e9s de creixement<\/strong>. Tamb\u00e9 ens suggereix que cal poder articular els temps de la fam\u00edlia amb els temps del nen o nena que \u00e9s adoptat o adoptada. El treball professional ser\u00e0 en molts casos orientat a alleujar l\u2019exc\u00e9s de pressi\u00f3 o d\u2019afany per aconseguir unes fites allunyades de les capacitats o possibilitats de qui \u00e9s adoptat. Finalment, els temps de l\u2019administraci\u00f3 o serveis que intervenen amb el nen o nena i la seva fam\u00edlia han d\u2019orientar-se a <strong>procurar el benestar d\u2019aquell nen o nena, amb les garanties necess\u00e0ries i exigibles, per\u00f2 sense dilacions que comprometin aquest benestar futur<\/strong>.<\/p>\n\n\n\n<div class=\"wp-block-buttons is-content-justification-center is-layout-flex wp-container-core-buttons-is-layout-16018d1d wp-block-buttons-is-layout-flex\">\n<div class=\"wp-block-button\"><a class=\"wp-block-button__link has-background wp-element-button\" href=\"http:\/\/busquemfamiliesespecials.org\" style=\"background-color:#1cab8b\"><strong>Busquem fam\u00edlies especials<\/strong><\/a><\/div>\n<\/div>\n","protected":false},"excerpt":{"rendered":"<p>Davant d\u2019un passat que s\u2019allunya i un futur incert, l\u2019avui pot ser un regal, per aix\u00f2 es diu present.<\/p>\n","protected":false},"author":7,"featured_media":77015,"comment_status":"closed","ping_status":"open","sticky":false,"template":"","format":"standard","meta":{"_jetpack_memberships_contains_paid_content":false,"footnotes":""},"categories":[19],"tags":[155],"class_list":["post-77017","post","type-post","status-publish","format-standard","has-post-thumbnail","hentry","category-ires-blog","tag-adopcions"],"yoast_head":"<!-- This site is optimized with the Yoast SEO plugin v27.4 - https:\/\/yoast.com\/product\/yoast-seo-wordpress\/ -->\n<title>Temps al temps - Fundaci\u00f3 IRES<\/title>\n<meta name=\"description\" content=\"Davant d\u2019un passat que s\u2019allunya i un futur incert, l\u2019avui pot ser un regal, per aix\u00f2 es diu present. Un article d&#039;Emilio Mercader\" \/>\n<meta name=\"robots\" content=\"index, follow, max-snippet:-1, max-image-preview:large, max-video-preview:-1\" \/>\n<link rel=\"canonical\" href=\"https:\/\/www.fundacioires.org\/ca\/temps-al-temps\/\" \/>\n<meta property=\"og:locale\" content=\"ca_ES\" \/>\n<meta property=\"og:type\" content=\"article\" \/>\n<meta property=\"og:title\" content=\"Temps al temps - Fundaci\u00f3 IRES\" \/>\n<meta property=\"og:description\" content=\"Davant d\u2019un passat que s\u2019allunya i un futur incert, l\u2019avui pot ser un regal, per aix\u00f2 es diu present. Un article d&#039;Emilio Mercader\" \/>\n<meta property=\"og:url\" content=\"https:\/\/www.fundacioires.org\/ca\/temps-al-temps\/\" \/>\n<meta property=\"og:site_name\" content=\"Fundaci\u00f3 IRES\" \/>\n<meta property=\"article:published_time\" content=\"2025-01-14T11:30:00+00:00\" \/>\n<meta property=\"article:modified_time\" content=\"2025-07-14T10:46:42+00:00\" \/>\n<meta property=\"og:image\" content=\"https:\/\/www.fundacioires.org\/wp-content\/uploads\/PLANTILLA-NOTIS-WEB-8-6.png\" \/>\n\t<meta property=\"og:image:width\" content=\"1200\" \/>\n\t<meta property=\"og:image:height\" content=\"628\" \/>\n\t<meta property=\"og:image:type\" content=\"image\/png\" \/>\n<meta name=\"author\" content=\"Fundaci\u00f3 IRES\" \/>\n<meta name=\"twitter:card\" content=\"summary_large_image\" \/>\n<meta name=\"twitter:label1\" content=\"Written by\" \/>\n\t<meta name=\"twitter:data1\" content=\"Fundaci\u00f3 IRES\" \/>\n\t<meta name=\"twitter:label2\" content=\"Est. reading time\" \/>\n\t<meta name=\"twitter:data2\" content=\"7 minutes\" \/>\n<script type=\"application\/ld+json\" class=\"yoast-schema-graph\">{\"@context\":\"https:\\\/\\\/schema.org\",\"@graph\":[{\"@type\":\"Article\",\"@id\":\"https:\\\/\\\/www.fundacioires.org\\\/ca\\\/temps-al-temps\\\/#article\",\"isPartOf\":{\"@id\":\"https:\\\/\\\/www.fundacioires.org\\\/ca\\\/temps-al-temps\\\/\"},\"author\":{\"name\":\"Fundaci\u00f3 IRES\",\"@id\":\"https:\\\/\\\/www.fundacioires.org\\\/#\\\/schema\\\/person\\\/160af843c565221ef4664a5c7000791c\"},\"headline\":\"Temps al temps\",\"datePublished\":\"2025-01-14T11:30:00+00:00\",\"dateModified\":\"2025-07-14T10:46:42+00:00\",\"mainEntityOfPage\":{\"@id\":\"https:\\\/\\\/www.fundacioires.org\\\/ca\\\/temps-al-temps\\\/\"},\"wordCount\":2048,\"publisher\":{\"@id\":\"https:\\\/\\\/www.fundacioires.org\\\/#organization\"},\"image\":{\"@id\":\"https:\\\/\\\/www.fundacioires.org\\\/ca\\\/temps-al-temps\\\/#primaryimage\"},\"thumbnailUrl\":\"https:\\\/\\\/i0.wp.com\\\/www.fundacioires.org\\\/wp-content\\\/uploads\\\/PLANTILLA-NOTIS-WEB-8-6.png?fit=1200%2C628&ssl=1\",\"keywords\":[\"Adopcions\"],\"articleSection\":[\"IRES-Blog\"],\"inLanguage\":\"ca-ES\"},{\"@type\":\"WebPage\",\"@id\":\"https:\\\/\\\/www.fundacioires.org\\\/ca\\\/temps-al-temps\\\/\",\"url\":\"https:\\\/\\\/www.fundacioires.org\\\/ca\\\/temps-al-temps\\\/\",\"name\":\"Temps al temps - Fundaci\u00f3 IRES\",\"isPartOf\":{\"@id\":\"https:\\\/\\\/www.fundacioires.org\\\/#website\"},\"primaryImageOfPage\":{\"@id\":\"https:\\\/\\\/www.fundacioires.org\\\/ca\\\/temps-al-temps\\\/#primaryimage\"},\"image\":{\"@id\":\"https:\\\/\\\/www.fundacioires.org\\\/ca\\\/temps-al-temps\\\/#primaryimage\"},\"thumbnailUrl\":\"https:\\\/\\\/i0.wp.com\\\/www.fundacioires.org\\\/wp-content\\\/uploads\\\/PLANTILLA-NOTIS-WEB-8-6.png?fit=1200%2C628&ssl=1\",\"datePublished\":\"2025-01-14T11:30:00+00:00\",\"dateModified\":\"2025-07-14T10:46:42+00:00\",\"description\":\"Davant d\u2019un passat que s\u2019allunya i un futur incert, l\u2019avui pot ser un regal, per aix\u00f2 es diu present. Un article d'Emilio Mercader\",\"breadcrumb\":{\"@id\":\"https:\\\/\\\/www.fundacioires.org\\\/ca\\\/temps-al-temps\\\/#breadcrumb\"},\"inLanguage\":\"ca-ES\",\"potentialAction\":[{\"@type\":\"ReadAction\",\"target\":[\"https:\\\/\\\/www.fundacioires.org\\\/ca\\\/temps-al-temps\\\/\"]}]},{\"@type\":\"ImageObject\",\"inLanguage\":\"ca-ES\",\"@id\":\"https:\\\/\\\/www.fundacioires.org\\\/ca\\\/temps-al-temps\\\/#primaryimage\",\"url\":\"https:\\\/\\\/i0.wp.com\\\/www.fundacioires.org\\\/wp-content\\\/uploads\\\/PLANTILLA-NOTIS-WEB-8-6.png?fit=1200%2C628&ssl=1\",\"contentUrl\":\"https:\\\/\\\/i0.wp.com\\\/www.fundacioires.org\\\/wp-content\\\/uploads\\\/PLANTILLA-NOTIS-WEB-8-6.png?fit=1200%2C628&ssl=1\",\"width\":1200,\"height\":628},{\"@type\":\"BreadcrumbList\",\"@id\":\"https:\\\/\\\/www.fundacioires.org\\\/ca\\\/temps-al-temps\\\/#breadcrumb\",\"itemListElement\":[{\"@type\":\"ListItem\",\"position\":1,\"name\":\"Portada\",\"item\":\"https:\\\/\\\/www.fundacioires.org\\\/\"},{\"@type\":\"ListItem\",\"position\":2,\"name\":\"Temps al temps\"}]},{\"@type\":\"WebSite\",\"@id\":\"https:\\\/\\\/www.fundacioires.org\\\/#website\",\"url\":\"https:\\\/\\\/www.fundacioires.org\\\/\",\"name\":\"Fundaci\u00f3 IRES\",\"description\":\"\",\"publisher\":{\"@id\":\"https:\\\/\\\/www.fundacioires.org\\\/#organization\"},\"potentialAction\":[{\"@type\":\"SearchAction\",\"target\":{\"@type\":\"EntryPoint\",\"urlTemplate\":\"https:\\\/\\\/www.fundacioires.org\\\/?s={search_term_string}\"},\"query-input\":{\"@type\":\"PropertyValueSpecification\",\"valueRequired\":true,\"valueName\":\"search_term_string\"}}],\"inLanguage\":\"ca-ES\"},{\"@type\":\"Organization\",\"@id\":\"https:\\\/\\\/www.fundacioires.org\\\/#organization\",\"name\":\"Fundanci\u00f3n IRES\",\"url\":\"https:\\\/\\\/www.fundacioires.org\\\/\",\"logo\":{\"@type\":\"ImageObject\",\"inLanguage\":\"ca-ES\",\"@id\":\"https:\\\/\\\/www.fundacioires.org\\\/#\\\/schema\\\/logo\\\/image\\\/\",\"url\":\"https:\\\/\\\/i0.wp.com\\\/www.fundacioires.org\\\/wp-content\\\/uploads\\\/faviconIRES.png?fit=32%2C32&ssl=1\",\"contentUrl\":\"https:\\\/\\\/i0.wp.com\\\/www.fundacioires.org\\\/wp-content\\\/uploads\\\/faviconIRES.png?fit=32%2C32&ssl=1\",\"width\":32,\"height\":32,\"caption\":\"Fundanci\u00f3n IRES\"},\"image\":{\"@id\":\"https:\\\/\\\/www.fundacioires.org\\\/#\\\/schema\\\/logo\\\/image\\\/\"}},{\"@type\":\"Person\",\"@id\":\"https:\\\/\\\/www.fundacioires.org\\\/#\\\/schema\\\/person\\\/160af843c565221ef4664a5c7000791c\",\"name\":\"Fundaci\u00f3 IRES\"}]}<\/script>\n<!-- \/ Yoast SEO plugin. -->","yoast_head_json":{"title":"Temps al temps - Fundaci\u00f3 IRES","description":"Davant d\u2019un passat que s\u2019allunya i un futur incert, l\u2019avui pot ser un regal, per aix\u00f2 es diu present. Un article d'Emilio Mercader","robots":{"index":"index","follow":"follow","max-snippet":"max-snippet:-1","max-image-preview":"max-image-preview:large","max-video-preview":"max-video-preview:-1"},"canonical":"https:\/\/www.fundacioires.org\/ca\/temps-al-temps\/","og_locale":"ca_ES","og_type":"article","og_title":"Temps al temps - Fundaci\u00f3 IRES","og_description":"Davant d\u2019un passat que s\u2019allunya i un futur incert, l\u2019avui pot ser un regal, per aix\u00f2 es diu present. Un article d'Emilio Mercader","og_url":"https:\/\/www.fundacioires.org\/ca\/temps-al-temps\/","og_site_name":"Fundaci\u00f3 IRES","article_published_time":"2025-01-14T11:30:00+00:00","article_modified_time":"2025-07-14T10:46:42+00:00","og_image":[{"width":1200,"height":628,"url":"https:\/\/www.fundacioires.org\/wp-content\/uploads\/PLANTILLA-NOTIS-WEB-8-6.png","type":"image\/png"}],"author":"Fundaci\u00f3 IRES","twitter_card":"summary_large_image","twitter_misc":{"Written by":"Fundaci\u00f3 IRES","Est. reading time":"7 minutes"},"schema":{"@context":"https:\/\/schema.org","@graph":[{"@type":"Article","@id":"https:\/\/www.fundacioires.org\/ca\/temps-al-temps\/#article","isPartOf":{"@id":"https:\/\/www.fundacioires.org\/ca\/temps-al-temps\/"},"author":{"name":"Fundaci\u00f3 IRES","@id":"https:\/\/www.fundacioires.org\/#\/schema\/person\/160af843c565221ef4664a5c7000791c"},"headline":"Temps al temps","datePublished":"2025-01-14T11:30:00+00:00","dateModified":"2025-07-14T10:46:42+00:00","mainEntityOfPage":{"@id":"https:\/\/www.fundacioires.org\/ca\/temps-al-temps\/"},"wordCount":2048,"publisher":{"@id":"https:\/\/www.fundacioires.org\/#organization"},"image":{"@id":"https:\/\/www.fundacioires.org\/ca\/temps-al-temps\/#primaryimage"},"thumbnailUrl":"https:\/\/i0.wp.com\/www.fundacioires.org\/wp-content\/uploads\/PLANTILLA-NOTIS-WEB-8-6.png?fit=1200%2C628&ssl=1","keywords":["Adopcions"],"articleSection":["IRES-Blog"],"inLanguage":"ca-ES"},{"@type":"WebPage","@id":"https:\/\/www.fundacioires.org\/ca\/temps-al-temps\/","url":"https:\/\/www.fundacioires.org\/ca\/temps-al-temps\/","name":"Temps al temps - Fundaci\u00f3 IRES","isPartOf":{"@id":"https:\/\/www.fundacioires.org\/#website"},"primaryImageOfPage":{"@id":"https:\/\/www.fundacioires.org\/ca\/temps-al-temps\/#primaryimage"},"image":{"@id":"https:\/\/www.fundacioires.org\/ca\/temps-al-temps\/#primaryimage"},"thumbnailUrl":"https:\/\/i0.wp.com\/www.fundacioires.org\/wp-content\/uploads\/PLANTILLA-NOTIS-WEB-8-6.png?fit=1200%2C628&ssl=1","datePublished":"2025-01-14T11:30:00+00:00","dateModified":"2025-07-14T10:46:42+00:00","description":"Davant d\u2019un passat que s\u2019allunya i un futur incert, l\u2019avui pot ser un regal, per aix\u00f2 es diu present. Un article d'Emilio Mercader","breadcrumb":{"@id":"https:\/\/www.fundacioires.org\/ca\/temps-al-temps\/#breadcrumb"},"inLanguage":"ca-ES","potentialAction":[{"@type":"ReadAction","target":["https:\/\/www.fundacioires.org\/ca\/temps-al-temps\/"]}]},{"@type":"ImageObject","inLanguage":"ca-ES","@id":"https:\/\/www.fundacioires.org\/ca\/temps-al-temps\/#primaryimage","url":"https:\/\/i0.wp.com\/www.fundacioires.org\/wp-content\/uploads\/PLANTILLA-NOTIS-WEB-8-6.png?fit=1200%2C628&ssl=1","contentUrl":"https:\/\/i0.wp.com\/www.fundacioires.org\/wp-content\/uploads\/PLANTILLA-NOTIS-WEB-8-6.png?fit=1200%2C628&ssl=1","width":1200,"height":628},{"@type":"BreadcrumbList","@id":"https:\/\/www.fundacioires.org\/ca\/temps-al-temps\/#breadcrumb","itemListElement":[{"@type":"ListItem","position":1,"name":"Portada","item":"https:\/\/www.fundacioires.org\/"},{"@type":"ListItem","position":2,"name":"Temps al temps"}]},{"@type":"WebSite","@id":"https:\/\/www.fundacioires.org\/#website","url":"https:\/\/www.fundacioires.org\/","name":"Fundaci\u00f3 IRES","description":"","publisher":{"@id":"https:\/\/www.fundacioires.org\/#organization"},"potentialAction":[{"@type":"SearchAction","target":{"@type":"EntryPoint","urlTemplate":"https:\/\/www.fundacioires.org\/?s={search_term_string}"},"query-input":{"@type":"PropertyValueSpecification","valueRequired":true,"valueName":"search_term_string"}}],"inLanguage":"ca-ES"},{"@type":"Organization","@id":"https:\/\/www.fundacioires.org\/#organization","name":"Fundanci\u00f3n IRES","url":"https:\/\/www.fundacioires.org\/","logo":{"@type":"ImageObject","inLanguage":"ca-ES","@id":"https:\/\/www.fundacioires.org\/#\/schema\/logo\/image\/","url":"https:\/\/i0.wp.com\/www.fundacioires.org\/wp-content\/uploads\/faviconIRES.png?fit=32%2C32&ssl=1","contentUrl":"https:\/\/i0.wp.com\/www.fundacioires.org\/wp-content\/uploads\/faviconIRES.png?fit=32%2C32&ssl=1","width":32,"height":32,"caption":"Fundanci\u00f3n IRES"},"image":{"@id":"https:\/\/www.fundacioires.org\/#\/schema\/logo\/image\/"}},{"@type":"Person","@id":"https:\/\/www.fundacioires.org\/#\/schema\/person\/160af843c565221ef4664a5c7000791c","name":"Fundaci\u00f3 IRES"}]}},"jetpack_featured_media_url":"https:\/\/i0.wp.com\/www.fundacioires.org\/wp-content\/uploads\/PLANTILLA-NOTIS-WEB-8-6.png?fit=1200%2C628&ssl=1","jetpack_sharing_enabled":true,"_links":{"self":[{"href":"https:\/\/www.fundacioires.org\/ca\/wp-json\/wp\/v2\/posts\/77017","targetHints":{"allow":["GET"]}}],"collection":[{"href":"https:\/\/www.fundacioires.org\/ca\/wp-json\/wp\/v2\/posts"}],"about":[{"href":"https:\/\/www.fundacioires.org\/ca\/wp-json\/wp\/v2\/types\/post"}],"author":[{"embeddable":true,"href":"https:\/\/www.fundacioires.org\/ca\/wp-json\/wp\/v2\/users\/7"}],"replies":[{"embeddable":true,"href":"https:\/\/www.fundacioires.org\/ca\/wp-json\/wp\/v2\/comments?post=77017"}],"version-history":[{"count":2,"href":"https:\/\/www.fundacioires.org\/ca\/wp-json\/wp\/v2\/posts\/77017\/revisions"}],"predecessor-version":[{"id":77021,"href":"https:\/\/www.fundacioires.org\/ca\/wp-json\/wp\/v2\/posts\/77017\/revisions\/77021"}],"wp:featuredmedia":[{"embeddable":true,"href":"https:\/\/www.fundacioires.org\/ca\/wp-json\/wp\/v2\/media\/77015"}],"wp:attachment":[{"href":"https:\/\/www.fundacioires.org\/ca\/wp-json\/wp\/v2\/media?parent=77017"}],"wp:term":[{"taxonomy":"category","embeddable":true,"href":"https:\/\/www.fundacioires.org\/ca\/wp-json\/wp\/v2\/categories?post=77017"},{"taxonomy":"post_tag","embeddable":true,"href":"https:\/\/www.fundacioires.org\/ca\/wp-json\/wp\/v2\/tags?post=77017"}],"curies":[{"name":"wp","href":"https:\/\/api.w.org\/{rel}","templated":true}]}}