{"id":79727,"date":"2025-09-01T14:04:35","date_gmt":"2025-09-01T12:04:35","guid":{"rendered":"https:\/\/www.fundacioires.org\/?p=79727"},"modified":"2025-10-01T16:17:24","modified_gmt":"2025-10-01T14:17:24","slug":"vull-acollir-i-ara-que","status":"publish","type":"post","link":"https:\/\/www.fundacioires.org\/ca\/vull-acollir-i-ara-que\/","title":{"rendered":"GUIA: Vull acollir, i ara qu\u00e8?"},"content":{"rendered":"\n<p>A escala social, existeix un desconeixement sobre que \u00e9s i com funciona l&#8217;<strong>acolliment familiar<\/strong>. Per aquest motiu, des del Servei d&#8217;Acolliments Familiars de la Fundaci\u00f3 IRES, volem compartir la import\u00e0ncia de con\u00e8ixer el proc\u00e9s que hi ha darrere d\u2019un acolliment. <\/p>\n\n\n\n<p>Saber qu\u00e8 passar\u00e0, tranquil\u00b7litza i dona llum a possibles inquietuds. Tenir un esquema temporal de com funciona l&#8217;acolliment, pot facilitar i ajudar a resoldre dubtes que segurament algunes fam\u00edlies o professionals poden haver-se plantejat al pensar en l\u2019acolliment com una opci\u00f3 familiar. \u00c9s per aix\u00f2 que a continuaci\u00f3 compartim de manera cronol\u00f2gica i resumida les 10 fases de l\u2019acolliment<\/p>\n\n\n<div class=\"wp-block-image\">\n<figure class=\"aligncenter size-full\"><img data-recalc-dims=\"1\" loading=\"lazy\" decoding=\"async\" width=\"1808\" height=\"955\" src=\"https:\/\/i0.wp.com\/www.fundacioires.org\/wp-content\/uploads\/ACOLLIMENT-Linia-del-temps.png?resize=1808%2C955&#038;ssl=1\" alt=\"\" class=\"wp-image-80595\" srcset=\"https:\/\/i0.wp.com\/www.fundacioires.org\/wp-content\/uploads\/ACOLLIMENT-Linia-del-temps.png?w=1808&amp;ssl=1 1808w, https:\/\/i0.wp.com\/www.fundacioires.org\/wp-content\/uploads\/ACOLLIMENT-Linia-del-temps.png?resize=300%2C158&amp;ssl=1 300w, https:\/\/i0.wp.com\/www.fundacioires.org\/wp-content\/uploads\/ACOLLIMENT-Linia-del-temps.png?resize=1024%2C541&amp;ssl=1 1024w, https:\/\/i0.wp.com\/www.fundacioires.org\/wp-content\/uploads\/ACOLLIMENT-Linia-del-temps.png?resize=768%2C406&amp;ssl=1 768w, https:\/\/i0.wp.com\/www.fundacioires.org\/wp-content\/uploads\/ACOLLIMENT-Linia-del-temps.png?resize=1536%2C811&amp;ssl=1 1536w\" sizes=\"(max-width: 1000px) 100vw, 1000px\" \/><\/figure>\n<\/div>\n\n\n<h2 class=\"wp-block-heading\"><strong>Les etapes de l\u2019Acolliment Familiar<\/strong><\/h2>\n\n\n\n<ol start=\"0\" class=\"wp-block-list\">\n<li><strong>La llavor de l\u2019Acolliment: <\/strong>Fa refer\u00e8ncia als diferents <strong>imputs o motivacions<\/strong> que donen com a resultat plantejar-se ser fam\u00edlia acollidora. Aquests podrien ser, per exemple, llegir una not\u00edcia sobre l&#8217;acolliment, parlar amb alguna fam\u00edlia coneguda que estigui acollint, alguna experi\u00e8ncia personal que faci connectar amb l\u2019acolliment, voler fer fam\u00edlia, optar per un model alternatiu de fam\u00edlia, un desig social, entre altres. Aquests arguments provoquen que la proposta es vagi <strong>construint i consolidant<\/strong> amb calma.<br><\/li>\n\n\n\n<li><strong>La decisi\u00f3:&nbsp;<\/strong>Tal i com indica&nbsp;l\u2019associaci\u00f3 de fam\u00edlies acollidores de Barcelona (AFABAR), \u00e9s molt important informar-se b\u00e9, abans de comen\u00e7ar el proc\u00e9s sobre qu\u00e8 \u00e9s l\u2019acolliment; quines modalitats hi ha, quins tr\u00e0mits s\u2019hauran de fer, i quines <strong>responsabilitats<\/strong> comporta un acolliment. Aquesta decisi\u00f3 implica a tots els membres de la fam\u00edlia i demana responsabilitat, participaci\u00f3 i esfor\u00e7 de cadascun d\u2019ells. Per aix\u00f2, en la decisi\u00f3 d\u2019acollir hi ha un <strong>desig i una il\u00b7lusi\u00f3<\/strong>, la qual ha de ser compartida.&nbsp;Ha d\u2019estar precedida pel di\u00e0leg i el <strong>convenciment<\/strong> de tots els integrants de la fam\u00edlia. S\u2019ha de prendre tot el temps que calgui en aquest <strong>proc\u00e9s de reflexi\u00f3<\/strong> i consens familiar<br><br><strong>Repensar la decisi\u00f3:<\/strong> Dins del circuit, hi ha <strong>l<\/strong>\u2019<strong>opci\u00f3<\/strong> de poder tornar a pensar la decisi\u00f3, poder valorar alguns aspectes que es desconeixien, recollir alguns dubtes o inquietuds que poden sorgir. Seria important afegir que existeix la possibilitat de <strong>tirar enrere<\/strong> en la decisi\u00f3&nbsp; i que \u00e9s molt millor fer-ho abans que pugui avan\u00e7ar m\u00e9s tot el proc\u00e9s. Aquesta opci\u00f3 es valora com un <strong>proc\u00e9s natural<\/strong> i que s\u2019agraeix per les dues parts implicades.<br><\/li>\n\n\n\n<li><strong>Els tr\u00e0mits: <\/strong>Si una fam\u00edlia vol acollir, el primer pas \u00e9s adre\u00e7ar-se o b\u00e9, directament a una&nbsp;<strong>ICIF (Instituci\u00f3 col\u00b7laboradora d&#8217;Integraci\u00f3 Familiar),<\/strong> aquestes s\u00f3n entitats que que&nbsp;tenen l&#8217;enc\u00e0rrec&nbsp;d&#8217;acompanyar a les fam\u00edlies durant tot el proc\u00e9s de l&#8217;acolliment o a l&#8217;ICAA&nbsp;(l&#8217;Institut Catal\u00e0 d&#8217;Acolliments i Adopcions) Un cop la persona interessada, ha fet la sessi\u00f3 informativa i vol continuar amb el proc\u00e9s, s&#8217;omple una <strong>sol\u00b7licitud<\/strong> i s\u2019ajunten els documents necessaris. Una vegada l\u2019ICAA, rep la sol\u00b7licitud i verifica la documentaci\u00f3 adjunta, deriva a la fam\u00edlia a una <strong>ICIF referent<\/strong>, per norma sol ser la mateixa, amb qui han fet la sessi\u00f3 informativa. &nbsp;<br><\/li>\n\n\n\n<li><strong>Formaci\u00f3: <\/strong>Les fam\u00edlies interessades en acollir un nen o una nena, han de passar per&nbsp;un <strong>proc\u00e9s&nbsp;de formaci\u00f3<\/strong>. Es tracta d\u2019unes sessions grupals en les quals s\u2019aborden diferents tem\u00e0tiques relacionades amb el circuit de protecci\u00f3 de la inf\u00e0ncia, les necessitats emocionals i familiars d\u2019aquests infants, les situacions que poden derivar en la separaci\u00f3 temporal de l\u2019infant de la seva fam\u00edlia d\u2019origen, com es mant\u00e9 la relaci\u00f3 entre ells si s\u2019escau, entre altres temes.&nbsp;En el cas de la nostra entitat, a la <strong>Fundaci\u00f3 IRES<\/strong>, l&#8217;equip t\u00e8cnic <strong>prioritza<\/strong> que dins del circuit, primer sigui la formaci\u00f3 abans que l&#8217;estudi, per tal que les persones puguin con\u00e8ixer en profunditat l&#8217;acolliment, la situaci\u00f3 dels infants, necessitats a les que hauran de donar resposta, etc. D\u2019aquesta manera, constitueix una altra inst\u00e0ncia en que es pot \u201crepensar\u201d la decisi\u00f3, encara amb m\u00e9s informaci\u00f3.&nbsp;<br><\/li>\n\n\n\n<li><strong>Proc\u00e9s d\u2019estudi sobre l\u2019oferiment de les fam\u00edlies:<\/strong> Despr\u00e9s del curs de formaci\u00f3, <strong>s&#8217;inicia el proc\u00e9s d&#8217;estudi psicosocial<\/strong>. Quan parlem de fer &nbsp;un <strong>\u201cestudi\u201d<\/strong> pot espantar i despertar neguits sobre si la persona \u00e9s bona (bona mare, bon pare, etc.) o si \u201cserveix\u201d o no. En l\u2019estudi, no es jutja la persona, ni es fa un diagn\u00f2stic, sin\u00f3 que es considera un conjunt de factors que permeten valorar si la persona o fam\u00edlia pot <strong>entomar<\/strong> un acolliment amb les seves particularitats i <strong>en el moment<\/strong> en que es fa l\u2019estudi. Entre els factors que es consideren estan la motivaci\u00f3 per acollir, l\u2019estabilitat personal i vital, l\u2019acceptaci\u00f3 i respecte per la hist\u00f2ria de l\u2019infant i per la relaci\u00f3 amb la seva fam\u00edlia d\u2019origen si n\u2019hi ha, l\u2019acord de tots els integrants de la fam\u00edlia per acollir, entre altres.  L\u2019estudi finalitza amb una entrevista de <strong>devolutiva<\/strong>, on es trasllada a la fam\u00edlia si la seva sol\u00b7licitud d\u2019acolliment \u00e9s estimada o desestimada. <br><\/li>\n\n\n\n<li><strong>Encaix de la fam\u00edlia amb un infant<\/strong>: En aquesta fase,s&#8217; <strong>analitza i estudia <\/strong>la situaci\u00f3 i caracter\u00edstiques d\u2019un infant en concret per valorar si pot haver-hi un encaix de la fam\u00edlia proposada amb aquest nen o nena. Quan l\u2019equip t\u00e8cnic realitza un encaix, cita la fam\u00edlia per informar-la dels aspectes rellevants de la situaci\u00f3 del nen o nena. \u00c9s un moment de molta <strong>il\u00b7lusi\u00f3 <\/strong>i emocions, per aix\u00f2,&nbsp;despr\u00e9s de donar tota la informaci\u00f3, es recomana que la fam\u00edlia ho pugui <strong>valorar<\/strong> en un espai m\u00e9s tranquil, reflexionar-ho amb calma, i tenir la possibilitat de donar resposta en&nbsp;un parell&nbsp;de dies, per tal de reposar la proposta tenint en compte les possibilitats reals. Acceptar la proposta, significa un <strong>comprom\u00eds<\/strong> familiar d&#8217;acollir l&#8217;infant tot el temps que sigui necessari, acceptant el seguiment i <strong>acompanyament<\/strong>.<br><\/li>\n\n\n\n<li><strong>Els proc\u00e9s d\u2019acoblament<\/strong>: Pr\u00e8viament a l&#8217;inici de l&#8217;acolliment, hi ha una <strong>etapa d&#8217;acoblament<\/strong>. Abans d&#8217;iniciar aquesta etapa, es prepara l&#8217;infant i la fam\u00edlia acollidora. Cal remarcar que es tracta d&#8217;un moment de molts nervis i molta il\u00b7lusi\u00f3, expectatives. En el proc\u00e9s d&#8217;acoblament es posa en marxa la relaci\u00f3 entre la fam\u00edlia acollidora i l&#8217;infant. De forma progressiva, la fam\u00edlia i l&#8217;infant es van coneixent. El proc\u00e9s va de menys a m\u00e9s i cada vegada es van incorporar diferents continguts en la coneixen\u00e7a directa. \u00c9s un moment que comporta un gran canvi per l\u2019infant, per tant, s&#8217;ha de tenir molta cura amb aquest acompanyament i poder respectar els seus tempos, per tal que el nen o nena no ho visqui com un trencament. <br><\/li>\n\n\n\n<li><strong>Formalitzaci\u00f3 de l\u2019acolliment familiar<\/strong>: L&#8217;acolliment es fa oficial mitjan\u00e7ant una <strong>formalitzaci\u00f3 administrativa <\/strong>que estableix:<br>&#8211; El tipus d&#8217;acolliment<br>&#8211; Els drets i deures de la fam\u00edlia d&#8217;acollida<br>&#8211; Els acords respecte a les visites amb la fam\u00edlia d\u2019origen, si s\u2019escau<br><br>En aquest document, la fam\u00edlia acollidora dona la seva conformitat a tenir la <strong>guarda de l\u2019infant. <\/strong>Aix\u00ed, s&#8217;extingeix la guarda anterior del nen o nena i aquesta l\u2019assumeix la fam\u00edlia d&#8217;acollida, tenint en compte que la <strong>tutela<\/strong> d&#8217;aquest infant la t\u00e9 la <strong>DGAIA<\/strong> que \u00e9s la Direcci\u00f3 General d\u2019Atenci\u00f3 a la Inf\u00e0ncia i l\u2019Adolesc\u00e8ncia.<br><\/li>\n\n\n\n<li><strong>Seguiment de l\u2019acolliment<\/strong>: Mentre dura l&#8217;acolliment, es fa el <strong>seguiment<\/strong> corresponent. Tant la fam\u00edlia com l&#8217;infant reben l&#8217;atenci\u00f3 i el suport que necessitin en cada cas per part de les professionals de l\u2019equip. Destaquem que l\u2019equip t\u00e8cnic  estan <strong>disponibles i s\u00f3n accessible<\/strong>s durant tot l&#8217;acolliment, tenint com a base establir una relaci\u00f3 de <strong>col\u00b7laboraci\u00f3 i confian\u00e7a<\/strong> amb la fam\u00edlia d&#8217;acollida. Aquest seguiment inclou entrevistes amb la fam\u00edlia acollidora, visites al domicili, &nbsp;trobades amb el nen o la nena, coordinaci\u00f3 amb diferents agents i professionals, entre altres accions.<br><\/li>\n\n\n\n<li><strong>Visites de l\u2019infant amb la fam\u00edlia biol\u00f2gica si s\u2019escau<\/strong>: La <strong>doble filiaci\u00f3<\/strong> fa refer\u00e8ncia al fet que l&#8217;infant viu amb la fam\u00edlia d&#8217;acollida, per\u00f2 alhora \u00e9s mant\u00e9 la refer\u00e8ncia i relaci\u00f3 amb la seva fam\u00edlia d\u2019origen. Cal remarcar que <strong>sempre que \u00e9s sigui possible<\/strong> es porta a terme aquesta relaci\u00f3, tenint en compte que sigui positiu pel nen o nena. Aquesta relaci\u00f3 es dona majorit\u00e0riament a les <strong>visites<\/strong> que es fan amb els pares o familiars autoritzats, s\u00f3n supervisades si aix\u00ed es recomana i es realitzen en llocs especialitzats. <strong>Les visites amb la fam\u00edlia d\u2019origen<\/strong> tenen una <strong>periodicita<\/strong>t i unes caracter\u00edstiques diferents en &nbsp;cada cas. L&#8217;equip d\u2019atenci\u00f3 a la inf\u00e0ncia i l\u2019adolesc\u00e8ncia (EAIA) corresponent, determinar\u00e0 qui far\u00e0 les visites i amb quina freq\u00fc\u00e8ncia.<br><\/li>\n\n\n\n<li><strong>Finalitzaci\u00f3 de l\u2019acolliment<\/strong>: L&#8217;acolliment, com a mesura de protecci\u00f3, finalitza quan:<br>&#8211; L\u2019infant pot tornar a viure amb la seva fam\u00edlia d\u2019origen, si les condicions han millorat.<br>&#8211; El nen o la nena arriba a la majoria d&#8217;edat (la fam\u00edlia i el jove decideixen si volen continuar amb la conviv\u00e8ncia).<br>&#8211; Es produeix un trencament de l&#8217;acolliment per diferents motius.<br>&#8211; Es pren una altra mesura de protecci\u00f3.<br><br>El final d&#8217;un acolliment sempre \u00e9s un moment <strong>delicat<\/strong> i sens dubte molt dif\u00edcil, ja que tot i que no es t\u00e9 perqu\u00e8 posar fi a la relaci\u00f3 que s&#8217;ha creat, \u00e9s un punt i seguit molt important i <strong>significatiu<\/strong>. <br><br>Aquesta finalitzaci\u00f3 pot comportar moltes <strong>emocions &nbsp;ambivalents per les dues parts,<\/strong> pel fet que durant el temps que ha durat l&#8217;acollida s&#8217;han creat uns vincles molt forts que no es volen trencar i les incerteses de futur. Tot i que per la fam\u00edlia \u00e9s molt dur, pel nen o nena ho \u00e9s encara m\u00e9s, ja que ha de tornar a passar per un proc\u00e9s d&#8217;adaptaci\u00f3 a la nova situaci\u00f3.<\/li>\n<\/ol>\n\n\n\n<p>Durant tot el proc\u00e9s, <strong>la prioritat sempre \u00e9s el benestar superior de l&#8217;infant i es posa en el centre<\/strong>. Per aix\u00f2, \u00e9s de vital import\u00e0ncia no perdre de vista que en l\u2019acolliment es busca que la fam\u00edlia estigui present tot el temps que el nen o nena ho necessiti. En definitiva, es busca que la fam\u00edlia pugui ser per l&#8217;infant i no l&#8217;infant per la fam\u00edlia.<\/p>\n\n\n\n<p>Com a conclusi\u00f3 final, cal afegir que l&#8217;acolliment familiar \u00e9s un cam\u00ed que comen\u00e7a amb la voluntat d\u2019ajudar, de cuidar. Des del primer pas fins a l\u2019\u00faltim, cada fase de l\u2019acolliment \u00e9s un aprenentatge, un repte i una <strong>experi\u00e8ncia transformadora<\/strong> tant per a l\u2019infant com per a la fam\u00edlia. Aquest proc\u00e9s requereix <strong>comprom\u00eds, acompanyament i una constant avaluaci\u00f3<\/strong> per garantir que es compleixi el seu objectiu principal: oferir un entorn segur, protector i afectu\u00f3s on l\u2019infant pugui desenvolupar-se plenament.<\/p>\n\n\n\n<div class=\"wp-block-buttons is-content-justification-center is-layout-flex wp-container-core-buttons-is-layout-16018d1d wp-block-buttons-is-layout-flex\">\n<div class=\"wp-block-button\"><a class=\"wp-block-button__link has-background wp-element-button\" href=\"http:\/\/petitesmaletes.org\" style=\"background-color:#1cab8b\"><strong>Petites maletes, grans hist\u00f2ries<\/strong><\/a><\/div>\n<\/div>\n","protected":false},"excerpt":{"rendered":"<p>La l\u00ednia del temps en l\u2019acolliment familiar<\/p>\n","protected":false},"author":7,"featured_media":79736,"comment_status":"closed","ping_status":"open","sticky":false,"template":"","format":"standard","meta":{"_jetpack_memberships_contains_paid_content":false,"footnotes":""},"categories":[19],"tags":[184],"class_list":["post-79727","post","type-post","status-publish","format-standard","has-post-thumbnail","hentry","category-ires-blog","tag-acolliments"],"yoast_head":"<!-- This site is optimized with the Yoast SEO plugin v27.4 - https:\/\/yoast.com\/product\/yoast-seo-wordpress\/ -->\n<title>GUIA: Vull acollir, i ara qu\u00e8? - Fundaci\u00f3 IRES<\/title>\n<meta name=\"description\" content=\"Des del Servei d&#039;Acolliments Familiars, volem compartir la import\u00e0ncia de con\u00e8ixer el proc\u00e9s que hi ha darrere d\u2019un acolliment.\" \/>\n<meta name=\"robots\" content=\"index, follow, max-snippet:-1, max-image-preview:large, max-video-preview:-1\" \/>\n<link rel=\"canonical\" href=\"https:\/\/www.fundacioires.org\/ca\/vull-acollir-i-ara-que\/\" \/>\n<meta property=\"og:locale\" content=\"ca_ES\" \/>\n<meta property=\"og:type\" content=\"article\" \/>\n<meta property=\"og:title\" content=\"GUIA: Vull acollir, i ara qu\u00e8? - Fundaci\u00f3 IRES\" \/>\n<meta property=\"og:description\" content=\"Des del Servei d&#039;Acolliments Familiars, volem compartir la import\u00e0ncia de con\u00e8ixer el proc\u00e9s que hi ha darrere d\u2019un acolliment.\" \/>\n<meta property=\"og:url\" content=\"https:\/\/www.fundacioires.org\/ca\/vull-acollir-i-ara-que\/\" \/>\n<meta property=\"og:site_name\" content=\"Fundaci\u00f3 IRES\" \/>\n<meta property=\"article:published_time\" content=\"2025-09-01T12:04:35+00:00\" \/>\n<meta property=\"article:modified_time\" content=\"2025-10-01T14:17:24+00:00\" \/>\n<meta property=\"og:image\" content=\"https:\/\/www.fundacioires.org\/wp-content\/uploads\/PLANTILLA-NOTIS-WEB-28-3.jpg\" \/>\n\t<meta property=\"og:image:width\" content=\"1200\" \/>\n\t<meta property=\"og:image:height\" content=\"628\" \/>\n\t<meta property=\"og:image:type\" content=\"image\/jpeg\" \/>\n<meta name=\"author\" content=\"Fundaci\u00f3 IRES\" \/>\n<meta name=\"twitter:card\" content=\"summary_large_image\" \/>\n<meta name=\"twitter:label1\" content=\"Written by\" \/>\n\t<meta name=\"twitter:data1\" content=\"Fundaci\u00f3 IRES\" \/>\n\t<meta name=\"twitter:label2\" content=\"Est. reading time\" \/>\n\t<meta name=\"twitter:data2\" content=\"8 minutes\" \/>\n<script type=\"application\/ld+json\" class=\"yoast-schema-graph\">{\"@context\":\"https:\\\/\\\/schema.org\",\"@graph\":[{\"@type\":\"Article\",\"@id\":\"https:\\\/\\\/www.fundacioires.org\\\/ca\\\/vull-acollir-i-ara-que\\\/#article\",\"isPartOf\":{\"@id\":\"https:\\\/\\\/www.fundacioires.org\\\/ca\\\/vull-acollir-i-ara-que\\\/\"},\"author\":{\"name\":\"Fundaci\u00f3 IRES\",\"@id\":\"https:\\\/\\\/www.fundacioires.org\\\/#\\\/schema\\\/person\\\/160af843c565221ef4664a5c7000791c\"},\"headline\":\"GUIA: Vull acollir, i ara qu\u00e8?\",\"datePublished\":\"2025-09-01T12:04:35+00:00\",\"dateModified\":\"2025-10-01T14:17:24+00:00\",\"mainEntityOfPage\":{\"@id\":\"https:\\\/\\\/www.fundacioires.org\\\/ca\\\/vull-acollir-i-ara-que\\\/\"},\"wordCount\":1917,\"publisher\":{\"@id\":\"https:\\\/\\\/www.fundacioires.org\\\/#organization\"},\"image\":{\"@id\":\"https:\\\/\\\/www.fundacioires.org\\\/ca\\\/vull-acollir-i-ara-que\\\/#primaryimage\"},\"thumbnailUrl\":\"https:\\\/\\\/i0.wp.com\\\/www.fundacioires.org\\\/wp-content\\\/uploads\\\/PLANTILLA-NOTIS-WEB-28-3.jpg?fit=1200%2C628&ssl=1\",\"keywords\":[\"acolliments\"],\"articleSection\":[\"IRES-Blog\"],\"inLanguage\":\"ca-ES\"},{\"@type\":\"WebPage\",\"@id\":\"https:\\\/\\\/www.fundacioires.org\\\/ca\\\/vull-acollir-i-ara-que\\\/\",\"url\":\"https:\\\/\\\/www.fundacioires.org\\\/ca\\\/vull-acollir-i-ara-que\\\/\",\"name\":\"GUIA: Vull acollir, i ara qu\u00e8? - Fundaci\u00f3 IRES\",\"isPartOf\":{\"@id\":\"https:\\\/\\\/www.fundacioires.org\\\/#website\"},\"primaryImageOfPage\":{\"@id\":\"https:\\\/\\\/www.fundacioires.org\\\/ca\\\/vull-acollir-i-ara-que\\\/#primaryimage\"},\"image\":{\"@id\":\"https:\\\/\\\/www.fundacioires.org\\\/ca\\\/vull-acollir-i-ara-que\\\/#primaryimage\"},\"thumbnailUrl\":\"https:\\\/\\\/i0.wp.com\\\/www.fundacioires.org\\\/wp-content\\\/uploads\\\/PLANTILLA-NOTIS-WEB-28-3.jpg?fit=1200%2C628&ssl=1\",\"datePublished\":\"2025-09-01T12:04:35+00:00\",\"dateModified\":\"2025-10-01T14:17:24+00:00\",\"description\":\"Des del Servei d'Acolliments Familiars, volem compartir la import\u00e0ncia de con\u00e8ixer el proc\u00e9s que hi ha darrere d\u2019un acolliment.\",\"breadcrumb\":{\"@id\":\"https:\\\/\\\/www.fundacioires.org\\\/ca\\\/vull-acollir-i-ara-que\\\/#breadcrumb\"},\"inLanguage\":\"ca-ES\",\"potentialAction\":[{\"@type\":\"ReadAction\",\"target\":[\"https:\\\/\\\/www.fundacioires.org\\\/ca\\\/vull-acollir-i-ara-que\\\/\"]}]},{\"@type\":\"ImageObject\",\"inLanguage\":\"ca-ES\",\"@id\":\"https:\\\/\\\/www.fundacioires.org\\\/ca\\\/vull-acollir-i-ara-que\\\/#primaryimage\",\"url\":\"https:\\\/\\\/i0.wp.com\\\/www.fundacioires.org\\\/wp-content\\\/uploads\\\/PLANTILLA-NOTIS-WEB-28-3.jpg?fit=1200%2C628&ssl=1\",\"contentUrl\":\"https:\\\/\\\/i0.wp.com\\\/www.fundacioires.org\\\/wp-content\\\/uploads\\\/PLANTILLA-NOTIS-WEB-28-3.jpg?fit=1200%2C628&ssl=1\",\"width\":1200,\"height\":628},{\"@type\":\"BreadcrumbList\",\"@id\":\"https:\\\/\\\/www.fundacioires.org\\\/ca\\\/vull-acollir-i-ara-que\\\/#breadcrumb\",\"itemListElement\":[{\"@type\":\"ListItem\",\"position\":1,\"name\":\"Portada\",\"item\":\"https:\\\/\\\/www.fundacioires.org\\\/\"},{\"@type\":\"ListItem\",\"position\":2,\"name\":\"GUIA: Vull acollir, i ara qu\u00e8?\"}]},{\"@type\":\"WebSite\",\"@id\":\"https:\\\/\\\/www.fundacioires.org\\\/#website\",\"url\":\"https:\\\/\\\/www.fundacioires.org\\\/\",\"name\":\"Fundaci\u00f3 IRES\",\"description\":\"\",\"publisher\":{\"@id\":\"https:\\\/\\\/www.fundacioires.org\\\/#organization\"},\"potentialAction\":[{\"@type\":\"SearchAction\",\"target\":{\"@type\":\"EntryPoint\",\"urlTemplate\":\"https:\\\/\\\/www.fundacioires.org\\\/?s={search_term_string}\"},\"query-input\":{\"@type\":\"PropertyValueSpecification\",\"valueRequired\":true,\"valueName\":\"search_term_string\"}}],\"inLanguage\":\"ca-ES\"},{\"@type\":\"Organization\",\"@id\":\"https:\\\/\\\/www.fundacioires.org\\\/#organization\",\"name\":\"Fundanci\u00f3n IRES\",\"url\":\"https:\\\/\\\/www.fundacioires.org\\\/\",\"logo\":{\"@type\":\"ImageObject\",\"inLanguage\":\"ca-ES\",\"@id\":\"https:\\\/\\\/www.fundacioires.org\\\/#\\\/schema\\\/logo\\\/image\\\/\",\"url\":\"https:\\\/\\\/i0.wp.com\\\/www.fundacioires.org\\\/wp-content\\\/uploads\\\/faviconIRES.png?fit=32%2C32&ssl=1\",\"contentUrl\":\"https:\\\/\\\/i0.wp.com\\\/www.fundacioires.org\\\/wp-content\\\/uploads\\\/faviconIRES.png?fit=32%2C32&ssl=1\",\"width\":32,\"height\":32,\"caption\":\"Fundanci\u00f3n IRES\"},\"image\":{\"@id\":\"https:\\\/\\\/www.fundacioires.org\\\/#\\\/schema\\\/logo\\\/image\\\/\"}},{\"@type\":\"Person\",\"@id\":\"https:\\\/\\\/www.fundacioires.org\\\/#\\\/schema\\\/person\\\/160af843c565221ef4664a5c7000791c\",\"name\":\"Fundaci\u00f3 IRES\"}]}<\/script>\n<!-- \/ Yoast SEO plugin. -->","yoast_head_json":{"title":"GUIA: Vull acollir, i ara qu\u00e8? - Fundaci\u00f3 IRES","description":"Des del Servei d'Acolliments Familiars, volem compartir la import\u00e0ncia de con\u00e8ixer el proc\u00e9s que hi ha darrere d\u2019un acolliment.","robots":{"index":"index","follow":"follow","max-snippet":"max-snippet:-1","max-image-preview":"max-image-preview:large","max-video-preview":"max-video-preview:-1"},"canonical":"https:\/\/www.fundacioires.org\/ca\/vull-acollir-i-ara-que\/","og_locale":"ca_ES","og_type":"article","og_title":"GUIA: Vull acollir, i ara qu\u00e8? - Fundaci\u00f3 IRES","og_description":"Des del Servei d'Acolliments Familiars, volem compartir la import\u00e0ncia de con\u00e8ixer el proc\u00e9s que hi ha darrere d\u2019un acolliment.","og_url":"https:\/\/www.fundacioires.org\/ca\/vull-acollir-i-ara-que\/","og_site_name":"Fundaci\u00f3 IRES","article_published_time":"2025-09-01T12:04:35+00:00","article_modified_time":"2025-10-01T14:17:24+00:00","og_image":[{"width":1200,"height":628,"url":"https:\/\/www.fundacioires.org\/wp-content\/uploads\/PLANTILLA-NOTIS-WEB-28-3.jpg","type":"image\/jpeg"}],"author":"Fundaci\u00f3 IRES","twitter_card":"summary_large_image","twitter_misc":{"Written by":"Fundaci\u00f3 IRES","Est. reading time":"8 minutes"},"schema":{"@context":"https:\/\/schema.org","@graph":[{"@type":"Article","@id":"https:\/\/www.fundacioires.org\/ca\/vull-acollir-i-ara-que\/#article","isPartOf":{"@id":"https:\/\/www.fundacioires.org\/ca\/vull-acollir-i-ara-que\/"},"author":{"name":"Fundaci\u00f3 IRES","@id":"https:\/\/www.fundacioires.org\/#\/schema\/person\/160af843c565221ef4664a5c7000791c"},"headline":"GUIA: Vull acollir, i ara qu\u00e8?","datePublished":"2025-09-01T12:04:35+00:00","dateModified":"2025-10-01T14:17:24+00:00","mainEntityOfPage":{"@id":"https:\/\/www.fundacioires.org\/ca\/vull-acollir-i-ara-que\/"},"wordCount":1917,"publisher":{"@id":"https:\/\/www.fundacioires.org\/#organization"},"image":{"@id":"https:\/\/www.fundacioires.org\/ca\/vull-acollir-i-ara-que\/#primaryimage"},"thumbnailUrl":"https:\/\/i0.wp.com\/www.fundacioires.org\/wp-content\/uploads\/PLANTILLA-NOTIS-WEB-28-3.jpg?fit=1200%2C628&ssl=1","keywords":["acolliments"],"articleSection":["IRES-Blog"],"inLanguage":"ca-ES"},{"@type":"WebPage","@id":"https:\/\/www.fundacioires.org\/ca\/vull-acollir-i-ara-que\/","url":"https:\/\/www.fundacioires.org\/ca\/vull-acollir-i-ara-que\/","name":"GUIA: Vull acollir, i ara qu\u00e8? - Fundaci\u00f3 IRES","isPartOf":{"@id":"https:\/\/www.fundacioires.org\/#website"},"primaryImageOfPage":{"@id":"https:\/\/www.fundacioires.org\/ca\/vull-acollir-i-ara-que\/#primaryimage"},"image":{"@id":"https:\/\/www.fundacioires.org\/ca\/vull-acollir-i-ara-que\/#primaryimage"},"thumbnailUrl":"https:\/\/i0.wp.com\/www.fundacioires.org\/wp-content\/uploads\/PLANTILLA-NOTIS-WEB-28-3.jpg?fit=1200%2C628&ssl=1","datePublished":"2025-09-01T12:04:35+00:00","dateModified":"2025-10-01T14:17:24+00:00","description":"Des del Servei d'Acolliments Familiars, volem compartir la import\u00e0ncia de con\u00e8ixer el proc\u00e9s que hi ha darrere d\u2019un acolliment.","breadcrumb":{"@id":"https:\/\/www.fundacioires.org\/ca\/vull-acollir-i-ara-que\/#breadcrumb"},"inLanguage":"ca-ES","potentialAction":[{"@type":"ReadAction","target":["https:\/\/www.fundacioires.org\/ca\/vull-acollir-i-ara-que\/"]}]},{"@type":"ImageObject","inLanguage":"ca-ES","@id":"https:\/\/www.fundacioires.org\/ca\/vull-acollir-i-ara-que\/#primaryimage","url":"https:\/\/i0.wp.com\/www.fundacioires.org\/wp-content\/uploads\/PLANTILLA-NOTIS-WEB-28-3.jpg?fit=1200%2C628&ssl=1","contentUrl":"https:\/\/i0.wp.com\/www.fundacioires.org\/wp-content\/uploads\/PLANTILLA-NOTIS-WEB-28-3.jpg?fit=1200%2C628&ssl=1","width":1200,"height":628},{"@type":"BreadcrumbList","@id":"https:\/\/www.fundacioires.org\/ca\/vull-acollir-i-ara-que\/#breadcrumb","itemListElement":[{"@type":"ListItem","position":1,"name":"Portada","item":"https:\/\/www.fundacioires.org\/"},{"@type":"ListItem","position":2,"name":"GUIA: Vull acollir, i ara qu\u00e8?"}]},{"@type":"WebSite","@id":"https:\/\/www.fundacioires.org\/#website","url":"https:\/\/www.fundacioires.org\/","name":"Fundaci\u00f3 IRES","description":"","publisher":{"@id":"https:\/\/www.fundacioires.org\/#organization"},"potentialAction":[{"@type":"SearchAction","target":{"@type":"EntryPoint","urlTemplate":"https:\/\/www.fundacioires.org\/?s={search_term_string}"},"query-input":{"@type":"PropertyValueSpecification","valueRequired":true,"valueName":"search_term_string"}}],"inLanguage":"ca-ES"},{"@type":"Organization","@id":"https:\/\/www.fundacioires.org\/#organization","name":"Fundanci\u00f3n IRES","url":"https:\/\/www.fundacioires.org\/","logo":{"@type":"ImageObject","inLanguage":"ca-ES","@id":"https:\/\/www.fundacioires.org\/#\/schema\/logo\/image\/","url":"https:\/\/i0.wp.com\/www.fundacioires.org\/wp-content\/uploads\/faviconIRES.png?fit=32%2C32&ssl=1","contentUrl":"https:\/\/i0.wp.com\/www.fundacioires.org\/wp-content\/uploads\/faviconIRES.png?fit=32%2C32&ssl=1","width":32,"height":32,"caption":"Fundanci\u00f3n IRES"},"image":{"@id":"https:\/\/www.fundacioires.org\/#\/schema\/logo\/image\/"}},{"@type":"Person","@id":"https:\/\/www.fundacioires.org\/#\/schema\/person\/160af843c565221ef4664a5c7000791c","name":"Fundaci\u00f3 IRES"}]}},"jetpack_featured_media_url":"https:\/\/i0.wp.com\/www.fundacioires.org\/wp-content\/uploads\/PLANTILLA-NOTIS-WEB-28-3.jpg?fit=1200%2C628&ssl=1","jetpack_sharing_enabled":true,"_links":{"self":[{"href":"https:\/\/www.fundacioires.org\/ca\/wp-json\/wp\/v2\/posts\/79727","targetHints":{"allow":["GET"]}}],"collection":[{"href":"https:\/\/www.fundacioires.org\/ca\/wp-json\/wp\/v2\/posts"}],"about":[{"href":"https:\/\/www.fundacioires.org\/ca\/wp-json\/wp\/v2\/types\/post"}],"author":[{"embeddable":true,"href":"https:\/\/www.fundacioires.org\/ca\/wp-json\/wp\/v2\/users\/7"}],"replies":[{"embeddable":true,"href":"https:\/\/www.fundacioires.org\/ca\/wp-json\/wp\/v2\/comments?post=79727"}],"version-history":[{"count":3,"href":"https:\/\/www.fundacioires.org\/ca\/wp-json\/wp\/v2\/posts\/79727\/revisions"}],"predecessor-version":[{"id":80602,"href":"https:\/\/www.fundacioires.org\/ca\/wp-json\/wp\/v2\/posts\/79727\/revisions\/80602"}],"wp:featuredmedia":[{"embeddable":true,"href":"https:\/\/www.fundacioires.org\/ca\/wp-json\/wp\/v2\/media\/79736"}],"wp:attachment":[{"href":"https:\/\/www.fundacioires.org\/ca\/wp-json\/wp\/v2\/media?parent=79727"}],"wp:term":[{"taxonomy":"category","embeddable":true,"href":"https:\/\/www.fundacioires.org\/ca\/wp-json\/wp\/v2\/categories?post=79727"},{"taxonomy":"post_tag","embeddable":true,"href":"https:\/\/www.fundacioires.org\/ca\/wp-json\/wp\/v2\/tags?post=79727"}],"curies":[{"name":"wp","href":"https:\/\/api.w.org\/{rel}","templated":true}]}}