{"id":79986,"date":"2025-09-05T14:01:53","date_gmt":"2025-09-05T12:01:53","guid":{"rendered":"https:\/\/www.fundacioires.org\/?p=79986"},"modified":"2025-09-05T14:05:43","modified_gmt":"2025-09-05T12:05:43","slug":"coneix-el-teaf-en-el-dia-mundial-del-sindrome-alcoholisme-fetal","status":"publish","type":"post","link":"https:\/\/www.fundacioires.org\/ca\/coneix-el-teaf-en-el-dia-mundial-del-sindrome-alcoholisme-fetal\/","title":{"rendered":"Coneix el TEAF en el Dia Mundial del Sindrome de l&#8217;Alcoholisme Fetal."},"content":{"rendered":"\n<p>El consum en qualsevol etapa de la gestaci\u00f3 pot causar danys greus i irreversibles en el sistema nervi\u00f3s central del nad\u00f3, la qual cosa comporta problemes permanents a nivell cognitiu, conductual i psicol\u00f2gic. Aquestes alteracions es manifesten com una s\u00e8rie de signes i s\u00edmptomes coneguts com a <strong>Trastorn de l&#8217;Espectre Alcoh\u00f2lic Fetal (TEAF)<\/strong>.<\/p>\n\n\n\n<p>Els s\u00edmptomes del TEAF poden detectar-se des d&#8217;edats molt primerenques i afectar diferents \u00e0rees del desenvolupament, tot i que es tornen m\u00e9s evidents conforme l\u2019infant avan\u00e7a en l&#8217;escolaritat, a causa de la major exig\u00e8ncia cognitiva. Els infants i adolescents amb aquest trastorn solen tenir dificultats per seguir normes i adaptar-se a les regles socials, la qual cosa no s&#8217; ha d&#8217; interpretar com a mala conducta volunt\u00e0ria, sin\u00f3 com a conseq\u00fc\u00e8ncia d&#8217; una connectivitat cerebral alterada per l&#8217;exposici\u00f3 prenatal a l&#8217;alcohol. La seva dificultat per recordar o executar tasques simples est\u00e0 relacionada amb danys en la mem\u00f2ria de curt termini. El seu desenvolupament no sempre es correspon amb la seva edat cronol\u00f2gica i hi ha aspectes que caldr\u00e0 acompanyar al llarg de la seva vida.<\/p>\n\n\n\n<p>Les fam\u00edlies adoptives amb nens o nenes afectats per TEAF s&#8217;enfronten a m\u00faltiples reptes quotidians. Els efectes de l&#8217;alcohol prenatal poden provocar des de lleus alteracions cognitives i conductuals fins a retards severs del desenvolupament, sent en tots els casos conseq\u00fc\u00e8ncies permanents. No obstant aix\u00f2, certs aspectes cognitius i del comportament poden millorar amb intervencions primerenques i adequades. \u00c9s cabdal una estimulaci\u00f3 preco\u00e7 i un acompanyament individualitzat. \u00c9s fonamental proporcionar un entorn estructurat i enriquidor, aix\u00ed com formar i informar a qui envolta la persona afectada. Tot i que el diagn\u00f2stic no canvia la persona, permet que l&#8217;entorn comprengui millor els seus processos d&#8217;aprenentatge, desenvolupament i adaptaci\u00f3. La intervenci\u00f3 m\u00e9s efica\u00e7 sorgeix quan qui envolta l&#8217;individu ent\u00e9n i accepta les seves limitacions cognitives i conductuals. Si no s\u2019ent\u00e9n la causa dels comportaments, les conductes problem\u00e0tiques poden intensificar-se. Per aix\u00f2, \u00e9s essencial comptar amb suport professional especialitzat en TEAF. El diagn\u00f2stic no elimina les preocupacions, per\u00f2 marca l&#8217;inici per accedir als recursos necessaris i adaptar la intervenci\u00f3 a les caracter\u00edstiques i necessitats espec\u00edfiques del trastorn.<\/p>\n\n\n\n<p>Des del <strong>Servei d\u2019adopcions d\u2019infants amb necessitats especials <\/strong>considerem cabdal que cada vegada m\u00e9s persones coneguin aquesta simptomatologia i puguin acompanyar i comprendre la realitat d\u2019aquests infants. Per aix\u00f2, avui compartim el testimoni d\u2019una fam\u00edlia que explica la seva adopci\u00f3 amb un infant que presenta aquest trastorn.<\/p>\n\n\n\n<figure class=\"wp-block-embed is-type-video is-provider-youtube wp-block-embed-youtube wp-embed-aspect-16-9 wp-has-aspect-ratio\"><div class=\"wp-block-embed__wrapper\">\n<iframe loading=\"lazy\" title=\"Coneixem fam\u00edlies especials - S\u00edndrome Trastorn de l\u2019espectre alcoh\u00f2lic fetal\" width=\"500\" height=\"281\" src=\"https:\/\/www.youtube.com\/embed\/a75-aixulLc?feature=oembed\" frameborder=\"0\" allow=\"accelerometer; autoplay; clipboard-write; encrypted-media; gyroscope; picture-in-picture; web-share\" referrerpolicy=\"strict-origin-when-cross-origin\" allowfullscreen><\/iframe>\n<\/div><\/figure>\n\n\n\n<p>Al Servei d\u2019adopcions d\u2019infants amb necessitats especials #busquemfamiliesespecials, vols ser una d\u2019elles?<\/p>\n\n\n\n<div class=\"wp-block-buttons is-content-justification-center is-layout-flex wp-container-core-buttons-is-layout-16018d1d wp-block-buttons-is-layout-flex\">\n<div class=\"wp-block-button\"><a class=\"wp-block-button__link has-background wp-element-button\" href=\"http:\/\/busquemfamiliesespecials.org\" style=\"background-color:#1cab8b\"><strong>Busquem fam\u00edlies especials<\/strong><\/a><\/div>\n<\/div>\n\n\n\n<p><\/p>\n","protected":false},"excerpt":{"rendered":"<p>Considerem cabdal que cada vegada m\u00e9s persones coneguin aquesta simptomatologia i puguin acompanyar i comprendre la realitat d\u2019aquests infants.<\/p>\n","protected":false},"author":7,"featured_media":79987,"comment_status":"closed","ping_status":"open","sticky":false,"template":"","format":"standard","meta":{"_jetpack_memberships_contains_paid_content":false,"footnotes":""},"categories":[19,17],"tags":[155],"class_list":["post-79986","post","type-post","status-publish","format-standard","has-post-thumbnail","hentry","category-ires-blog","category-sense-categoria","tag-adopcions"],"yoast_head":"<!-- This site is optimized with the Yoast SEO plugin v27.4 - https:\/\/yoast.com\/product\/yoast-seo-wordpress\/ -->\n<title>Coneix el TEAF en el Dia Mundial del SAF<\/title>\n<meta name=\"description\" content=\"Considerem cabdal que cada vegada m\u00e9s persones coneguin aquesta simptomatologia i puguin acompanyar i comprendre la realitat.\" \/>\n<meta name=\"robots\" content=\"index, follow, max-snippet:-1, max-image-preview:large, max-video-preview:-1\" \/>\n<link rel=\"canonical\" href=\"https:\/\/www.fundacioires.org\/ca\/coneix-el-teaf-en-el-dia-mundial-del-sindrome-alcoholisme-fetal\/\" \/>\n<meta property=\"og:locale\" content=\"ca_ES\" \/>\n<meta property=\"og:type\" content=\"article\" \/>\n<meta property=\"og:title\" content=\"Coneix el TEAF en el Dia Mundial del SAF\" \/>\n<meta property=\"og:description\" content=\"Considerem cabdal que cada vegada m\u00e9s persones coneguin aquesta simptomatologia i puguin acompanyar i comprendre la realitat.\" \/>\n<meta property=\"og:url\" content=\"https:\/\/www.fundacioires.org\/ca\/coneix-el-teaf-en-el-dia-mundial-del-sindrome-alcoholisme-fetal\/\" \/>\n<meta property=\"og:site_name\" content=\"Fundaci\u00f3 IRES\" \/>\n<meta property=\"article:published_time\" content=\"2025-09-05T12:01:53+00:00\" \/>\n<meta property=\"article:modified_time\" content=\"2025-09-05T12:05:43+00:00\" \/>\n<meta property=\"og:image\" content=\"https:\/\/www.fundacioires.org\/wp-content\/uploads\/PLANTILLA-NOTIS-WEB-10-3.png\" \/>\n\t<meta property=\"og:image:width\" content=\"1200\" \/>\n\t<meta property=\"og:image:height\" content=\"628\" \/>\n\t<meta property=\"og:image:type\" content=\"image\/png\" \/>\n<meta name=\"author\" content=\"Fundaci\u00f3 IRES\" \/>\n<meta name=\"twitter:card\" content=\"summary_large_image\" \/>\n<meta name=\"twitter:label1\" content=\"Written by\" \/>\n\t<meta name=\"twitter:data1\" content=\"Fundaci\u00f3 IRES\" \/>\n\t<meta name=\"twitter:label2\" content=\"Est. reading time\" \/>\n\t<meta name=\"twitter:data2\" content=\"3 minutes\" \/>\n<script type=\"application\/ld+json\" class=\"yoast-schema-graph\">{\"@context\":\"https:\\\/\\\/schema.org\",\"@graph\":[{\"@type\":\"Article\",\"@id\":\"https:\\\/\\\/www.fundacioires.org\\\/ca\\\/coneix-el-teaf-en-el-dia-mundial-del-sindrome-alcoholisme-fetal\\\/#article\",\"isPartOf\":{\"@id\":\"https:\\\/\\\/www.fundacioires.org\\\/ca\\\/coneix-el-teaf-en-el-dia-mundial-del-sindrome-alcoholisme-fetal\\\/\"},\"author\":{\"name\":\"Fundaci\u00f3 IRES\",\"@id\":\"https:\\\/\\\/www.fundacioires.org\\\/#\\\/schema\\\/person\\\/160af843c565221ef4664a5c7000791c\"},\"headline\":\"Coneix el TEAF en el Dia Mundial del Sindrome de l&#8217;Alcoholisme Fetal.\",\"datePublished\":\"2025-09-05T12:01:53+00:00\",\"dateModified\":\"2025-09-05T12:05:43+00:00\",\"mainEntityOfPage\":{\"@id\":\"https:\\\/\\\/www.fundacioires.org\\\/ca\\\/coneix-el-teaf-en-el-dia-mundial-del-sindrome-alcoholisme-fetal\\\/\"},\"wordCount\":482,\"publisher\":{\"@id\":\"https:\\\/\\\/www.fundacioires.org\\\/#organization\"},\"image\":{\"@id\":\"https:\\\/\\\/www.fundacioires.org\\\/ca\\\/coneix-el-teaf-en-el-dia-mundial-del-sindrome-alcoholisme-fetal\\\/#primaryimage\"},\"thumbnailUrl\":\"https:\\\/\\\/i0.wp.com\\\/www.fundacioires.org\\\/wp-content\\\/uploads\\\/PLANTILLA-NOTIS-WEB-10-3.png?fit=1200%2C628&ssl=1\",\"keywords\":[\"Adopcions\"],\"articleSection\":[\"IRES-Blog\",\"Sense categoria\"],\"inLanguage\":\"ca-ES\"},{\"@type\":\"WebPage\",\"@id\":\"https:\\\/\\\/www.fundacioires.org\\\/ca\\\/coneix-el-teaf-en-el-dia-mundial-del-sindrome-alcoholisme-fetal\\\/\",\"url\":\"https:\\\/\\\/www.fundacioires.org\\\/ca\\\/coneix-el-teaf-en-el-dia-mundial-del-sindrome-alcoholisme-fetal\\\/\",\"name\":\"Coneix el TEAF en el Dia Mundial del SAF\",\"isPartOf\":{\"@id\":\"https:\\\/\\\/www.fundacioires.org\\\/#website\"},\"primaryImageOfPage\":{\"@id\":\"https:\\\/\\\/www.fundacioires.org\\\/ca\\\/coneix-el-teaf-en-el-dia-mundial-del-sindrome-alcoholisme-fetal\\\/#primaryimage\"},\"image\":{\"@id\":\"https:\\\/\\\/www.fundacioires.org\\\/ca\\\/coneix-el-teaf-en-el-dia-mundial-del-sindrome-alcoholisme-fetal\\\/#primaryimage\"},\"thumbnailUrl\":\"https:\\\/\\\/i0.wp.com\\\/www.fundacioires.org\\\/wp-content\\\/uploads\\\/PLANTILLA-NOTIS-WEB-10-3.png?fit=1200%2C628&ssl=1\",\"datePublished\":\"2025-09-05T12:01:53+00:00\",\"dateModified\":\"2025-09-05T12:05:43+00:00\",\"description\":\"Considerem cabdal que cada vegada m\u00e9s persones coneguin aquesta simptomatologia i puguin acompanyar i comprendre la realitat.\",\"breadcrumb\":{\"@id\":\"https:\\\/\\\/www.fundacioires.org\\\/ca\\\/coneix-el-teaf-en-el-dia-mundial-del-sindrome-alcoholisme-fetal\\\/#breadcrumb\"},\"inLanguage\":\"ca-ES\",\"potentialAction\":[{\"@type\":\"ReadAction\",\"target\":[\"https:\\\/\\\/www.fundacioires.org\\\/ca\\\/coneix-el-teaf-en-el-dia-mundial-del-sindrome-alcoholisme-fetal\\\/\"]}]},{\"@type\":\"ImageObject\",\"inLanguage\":\"ca-ES\",\"@id\":\"https:\\\/\\\/www.fundacioires.org\\\/ca\\\/coneix-el-teaf-en-el-dia-mundial-del-sindrome-alcoholisme-fetal\\\/#primaryimage\",\"url\":\"https:\\\/\\\/i0.wp.com\\\/www.fundacioires.org\\\/wp-content\\\/uploads\\\/PLANTILLA-NOTIS-WEB-10-3.png?fit=1200%2C628&ssl=1\",\"contentUrl\":\"https:\\\/\\\/i0.wp.com\\\/www.fundacioires.org\\\/wp-content\\\/uploads\\\/PLANTILLA-NOTIS-WEB-10-3.png?fit=1200%2C628&ssl=1\",\"width\":1200,\"height\":628},{\"@type\":\"BreadcrumbList\",\"@id\":\"https:\\\/\\\/www.fundacioires.org\\\/ca\\\/coneix-el-teaf-en-el-dia-mundial-del-sindrome-alcoholisme-fetal\\\/#breadcrumb\",\"itemListElement\":[{\"@type\":\"ListItem\",\"position\":1,\"name\":\"Portada\",\"item\":\"https:\\\/\\\/www.fundacioires.org\\\/\"},{\"@type\":\"ListItem\",\"position\":2,\"name\":\"Coneix el TEAF en el Dia Mundial del Sindrome de l&#8217;Alcoholisme Fetal.\"}]},{\"@type\":\"WebSite\",\"@id\":\"https:\\\/\\\/www.fundacioires.org\\\/#website\",\"url\":\"https:\\\/\\\/www.fundacioires.org\\\/\",\"name\":\"Fundaci\u00f3 IRES\",\"description\":\"\",\"publisher\":{\"@id\":\"https:\\\/\\\/www.fundacioires.org\\\/#organization\"},\"potentialAction\":[{\"@type\":\"SearchAction\",\"target\":{\"@type\":\"EntryPoint\",\"urlTemplate\":\"https:\\\/\\\/www.fundacioires.org\\\/?s={search_term_string}\"},\"query-input\":{\"@type\":\"PropertyValueSpecification\",\"valueRequired\":true,\"valueName\":\"search_term_string\"}}],\"inLanguage\":\"ca-ES\"},{\"@type\":\"Organization\",\"@id\":\"https:\\\/\\\/www.fundacioires.org\\\/#organization\",\"name\":\"Fundanci\u00f3n IRES\",\"url\":\"https:\\\/\\\/www.fundacioires.org\\\/\",\"logo\":{\"@type\":\"ImageObject\",\"inLanguage\":\"ca-ES\",\"@id\":\"https:\\\/\\\/www.fundacioires.org\\\/#\\\/schema\\\/logo\\\/image\\\/\",\"url\":\"https:\\\/\\\/i0.wp.com\\\/www.fundacioires.org\\\/wp-content\\\/uploads\\\/faviconIRES.png?fit=32%2C32&ssl=1\",\"contentUrl\":\"https:\\\/\\\/i0.wp.com\\\/www.fundacioires.org\\\/wp-content\\\/uploads\\\/faviconIRES.png?fit=32%2C32&ssl=1\",\"width\":32,\"height\":32,\"caption\":\"Fundanci\u00f3n IRES\"},\"image\":{\"@id\":\"https:\\\/\\\/www.fundacioires.org\\\/#\\\/schema\\\/logo\\\/image\\\/\"}},{\"@type\":\"Person\",\"@id\":\"https:\\\/\\\/www.fundacioires.org\\\/#\\\/schema\\\/person\\\/160af843c565221ef4664a5c7000791c\",\"name\":\"Fundaci\u00f3 IRES\"}]}<\/script>\n<!-- \/ Yoast SEO plugin. -->","yoast_head_json":{"title":"Coneix el TEAF en el Dia Mundial del SAF","description":"Considerem cabdal que cada vegada m\u00e9s persones coneguin aquesta simptomatologia i puguin acompanyar i comprendre la realitat.","robots":{"index":"index","follow":"follow","max-snippet":"max-snippet:-1","max-image-preview":"max-image-preview:large","max-video-preview":"max-video-preview:-1"},"canonical":"https:\/\/www.fundacioires.org\/ca\/coneix-el-teaf-en-el-dia-mundial-del-sindrome-alcoholisme-fetal\/","og_locale":"ca_ES","og_type":"article","og_title":"Coneix el TEAF en el Dia Mundial del SAF","og_description":"Considerem cabdal que cada vegada m\u00e9s persones coneguin aquesta simptomatologia i puguin acompanyar i comprendre la realitat.","og_url":"https:\/\/www.fundacioires.org\/ca\/coneix-el-teaf-en-el-dia-mundial-del-sindrome-alcoholisme-fetal\/","og_site_name":"Fundaci\u00f3 IRES","article_published_time":"2025-09-05T12:01:53+00:00","article_modified_time":"2025-09-05T12:05:43+00:00","og_image":[{"width":1200,"height":628,"url":"https:\/\/www.fundacioires.org\/wp-content\/uploads\/PLANTILLA-NOTIS-WEB-10-3.png","type":"image\/png"}],"author":"Fundaci\u00f3 IRES","twitter_card":"summary_large_image","twitter_misc":{"Written by":"Fundaci\u00f3 IRES","Est. reading time":"3 minutes"},"schema":{"@context":"https:\/\/schema.org","@graph":[{"@type":"Article","@id":"https:\/\/www.fundacioires.org\/ca\/coneix-el-teaf-en-el-dia-mundial-del-sindrome-alcoholisme-fetal\/#article","isPartOf":{"@id":"https:\/\/www.fundacioires.org\/ca\/coneix-el-teaf-en-el-dia-mundial-del-sindrome-alcoholisme-fetal\/"},"author":{"name":"Fundaci\u00f3 IRES","@id":"https:\/\/www.fundacioires.org\/#\/schema\/person\/160af843c565221ef4664a5c7000791c"},"headline":"Coneix el TEAF en el Dia Mundial del Sindrome de l&#8217;Alcoholisme Fetal.","datePublished":"2025-09-05T12:01:53+00:00","dateModified":"2025-09-05T12:05:43+00:00","mainEntityOfPage":{"@id":"https:\/\/www.fundacioires.org\/ca\/coneix-el-teaf-en-el-dia-mundial-del-sindrome-alcoholisme-fetal\/"},"wordCount":482,"publisher":{"@id":"https:\/\/www.fundacioires.org\/#organization"},"image":{"@id":"https:\/\/www.fundacioires.org\/ca\/coneix-el-teaf-en-el-dia-mundial-del-sindrome-alcoholisme-fetal\/#primaryimage"},"thumbnailUrl":"https:\/\/i0.wp.com\/www.fundacioires.org\/wp-content\/uploads\/PLANTILLA-NOTIS-WEB-10-3.png?fit=1200%2C628&ssl=1","keywords":["Adopcions"],"articleSection":["IRES-Blog","Sense categoria"],"inLanguage":"ca-ES"},{"@type":"WebPage","@id":"https:\/\/www.fundacioires.org\/ca\/coneix-el-teaf-en-el-dia-mundial-del-sindrome-alcoholisme-fetal\/","url":"https:\/\/www.fundacioires.org\/ca\/coneix-el-teaf-en-el-dia-mundial-del-sindrome-alcoholisme-fetal\/","name":"Coneix el TEAF en el Dia Mundial del SAF","isPartOf":{"@id":"https:\/\/www.fundacioires.org\/#website"},"primaryImageOfPage":{"@id":"https:\/\/www.fundacioires.org\/ca\/coneix-el-teaf-en-el-dia-mundial-del-sindrome-alcoholisme-fetal\/#primaryimage"},"image":{"@id":"https:\/\/www.fundacioires.org\/ca\/coneix-el-teaf-en-el-dia-mundial-del-sindrome-alcoholisme-fetal\/#primaryimage"},"thumbnailUrl":"https:\/\/i0.wp.com\/www.fundacioires.org\/wp-content\/uploads\/PLANTILLA-NOTIS-WEB-10-3.png?fit=1200%2C628&ssl=1","datePublished":"2025-09-05T12:01:53+00:00","dateModified":"2025-09-05T12:05:43+00:00","description":"Considerem cabdal que cada vegada m\u00e9s persones coneguin aquesta simptomatologia i puguin acompanyar i comprendre la realitat.","breadcrumb":{"@id":"https:\/\/www.fundacioires.org\/ca\/coneix-el-teaf-en-el-dia-mundial-del-sindrome-alcoholisme-fetal\/#breadcrumb"},"inLanguage":"ca-ES","potentialAction":[{"@type":"ReadAction","target":["https:\/\/www.fundacioires.org\/ca\/coneix-el-teaf-en-el-dia-mundial-del-sindrome-alcoholisme-fetal\/"]}]},{"@type":"ImageObject","inLanguage":"ca-ES","@id":"https:\/\/www.fundacioires.org\/ca\/coneix-el-teaf-en-el-dia-mundial-del-sindrome-alcoholisme-fetal\/#primaryimage","url":"https:\/\/i0.wp.com\/www.fundacioires.org\/wp-content\/uploads\/PLANTILLA-NOTIS-WEB-10-3.png?fit=1200%2C628&ssl=1","contentUrl":"https:\/\/i0.wp.com\/www.fundacioires.org\/wp-content\/uploads\/PLANTILLA-NOTIS-WEB-10-3.png?fit=1200%2C628&ssl=1","width":1200,"height":628},{"@type":"BreadcrumbList","@id":"https:\/\/www.fundacioires.org\/ca\/coneix-el-teaf-en-el-dia-mundial-del-sindrome-alcoholisme-fetal\/#breadcrumb","itemListElement":[{"@type":"ListItem","position":1,"name":"Portada","item":"https:\/\/www.fundacioires.org\/"},{"@type":"ListItem","position":2,"name":"Coneix el TEAF en el Dia Mundial del Sindrome de l&#8217;Alcoholisme Fetal."}]},{"@type":"WebSite","@id":"https:\/\/www.fundacioires.org\/#website","url":"https:\/\/www.fundacioires.org\/","name":"Fundaci\u00f3 IRES","description":"","publisher":{"@id":"https:\/\/www.fundacioires.org\/#organization"},"potentialAction":[{"@type":"SearchAction","target":{"@type":"EntryPoint","urlTemplate":"https:\/\/www.fundacioires.org\/?s={search_term_string}"},"query-input":{"@type":"PropertyValueSpecification","valueRequired":true,"valueName":"search_term_string"}}],"inLanguage":"ca-ES"},{"@type":"Organization","@id":"https:\/\/www.fundacioires.org\/#organization","name":"Fundanci\u00f3n IRES","url":"https:\/\/www.fundacioires.org\/","logo":{"@type":"ImageObject","inLanguage":"ca-ES","@id":"https:\/\/www.fundacioires.org\/#\/schema\/logo\/image\/","url":"https:\/\/i0.wp.com\/www.fundacioires.org\/wp-content\/uploads\/faviconIRES.png?fit=32%2C32&ssl=1","contentUrl":"https:\/\/i0.wp.com\/www.fundacioires.org\/wp-content\/uploads\/faviconIRES.png?fit=32%2C32&ssl=1","width":32,"height":32,"caption":"Fundanci\u00f3n IRES"},"image":{"@id":"https:\/\/www.fundacioires.org\/#\/schema\/logo\/image\/"}},{"@type":"Person","@id":"https:\/\/www.fundacioires.org\/#\/schema\/person\/160af843c565221ef4664a5c7000791c","name":"Fundaci\u00f3 IRES"}]}},"jetpack_featured_media_url":"https:\/\/i0.wp.com\/www.fundacioires.org\/wp-content\/uploads\/PLANTILLA-NOTIS-WEB-10-3.png?fit=1200%2C628&ssl=1","jetpack_sharing_enabled":true,"_links":{"self":[{"href":"https:\/\/www.fundacioires.org\/ca\/wp-json\/wp\/v2\/posts\/79986","targetHints":{"allow":["GET"]}}],"collection":[{"href":"https:\/\/www.fundacioires.org\/ca\/wp-json\/wp\/v2\/posts"}],"about":[{"href":"https:\/\/www.fundacioires.org\/ca\/wp-json\/wp\/v2\/types\/post"}],"author":[{"embeddable":true,"href":"https:\/\/www.fundacioires.org\/ca\/wp-json\/wp\/v2\/users\/7"}],"replies":[{"embeddable":true,"href":"https:\/\/www.fundacioires.org\/ca\/wp-json\/wp\/v2\/comments?post=79986"}],"version-history":[{"count":1,"href":"https:\/\/www.fundacioires.org\/ca\/wp-json\/wp\/v2\/posts\/79986\/revisions"}],"predecessor-version":[{"id":79989,"href":"https:\/\/www.fundacioires.org\/ca\/wp-json\/wp\/v2\/posts\/79986\/revisions\/79989"}],"wp:featuredmedia":[{"embeddable":true,"href":"https:\/\/www.fundacioires.org\/ca\/wp-json\/wp\/v2\/media\/79987"}],"wp:attachment":[{"href":"https:\/\/www.fundacioires.org\/ca\/wp-json\/wp\/v2\/media?parent=79986"}],"wp:term":[{"taxonomy":"category","embeddable":true,"href":"https:\/\/www.fundacioires.org\/ca\/wp-json\/wp\/v2\/categories?post=79986"},{"taxonomy":"post_tag","embeddable":true,"href":"https:\/\/www.fundacioires.org\/ca\/wp-json\/wp\/v2\/tags?post=79986"}],"curies":[{"name":"wp","href":"https:\/\/api.w.org\/{rel}","templated":true}]}}