{"id":81255,"date":"2025-10-30T17:05:54","date_gmt":"2025-10-30T16:05:54","guid":{"rendered":"https:\/\/www.fundacioires.org\/?p=81255"},"modified":"2025-11-06T12:55:35","modified_gmt":"2025-11-06T11:55:35","slug":"fundacio-ires-balears-lituania","status":"publish","type":"post","link":"https:\/\/www.fundacioires.org\/ca\/fundacio-ires-balears-lituania\/","title":{"rendered":"Fundaci\u00f3 IRES i Lygus (Litu\u00e0nia) comparteixen experi\u00e8ncies i obren cam\u00ed a futures col\u00b7laboracions en la lluita contra la viol\u00e8ncia de g\u00e8nere."},"content":{"rendered":"\n<p>La Fundaci\u00f3 IRES ha rebut la visita de representants de&nbsp;<strong>Lygus \u2013 Moter\u0173 Informacijos Centras<\/strong>, una organitzaci\u00f3 lituana especialitzada en la&nbsp;<strong>promoci\u00f3 de la igualtat de g\u00e8nere i la prevenci\u00f3 de la viol\u00e8ncia masclista<\/strong>.<br><br>La trobada s\u2019ha celebrat en el marc del programa Erasmus i ha servit per&nbsp;<strong>intercanviar experi\u00e8ncies, metodologies i bones pr\u00e0ctiques<\/strong>&nbsp;en l\u2019\u00e0mbit de l\u2019atenci\u00f3 a v\u00edctimes i la prevenci\u00f3 de la viol\u00e8ncia.<\/p>\n\n\n\n<p>Durant la reuni\u00f3, ambdues entitats van destacar&nbsp;<strong>la coincid\u00e8ncia en els seus models d\u2019intervenci\u00f3 integral<\/strong>, basats en la combinaci\u00f3 d\u2019atenci\u00f3 psicol\u00f2gica, social i educativa, aix\u00ed com la import\u00e0ncia del treball<strong> en xarxa i la sensibilitzaci\u00f3 comunit\u00e0ria<\/strong>.<\/p>\n\n\n\n<p>Tant Fundaci\u00f3 IRES com Lygus van expressar la seva voluntat d\u2019explorar&nbsp;<strong>futures l\u00ednies de cooperaci\u00f3<\/strong>, amb la mirada posada en&nbsp;<strong>projectes compartits<\/strong>,&nbsp;<strong>intercanvi de coneixement<\/strong>&nbsp;i&nbsp;<strong>accions de prevenci\u00f3 adre\u00e7ades a joves i comunitats locals<\/strong>.<\/p>\n\n\n\n<p><strong>Sobre Lygus<\/strong><br>Lygus (Moter\u0173 Informacijos Centras) \u00e9s una ONG amb seu a Vilnius que treballa per la igualtat de g\u00e8nere i la prevenci\u00f3 de la viol\u00e8ncia. Gestiona serveis d\u2019atenci\u00f3 psicol\u00f2gica i jur\u00eddica per a dones, projectes d\u2019educaci\u00f3 en igualtat i programes de sensibilitzaci\u00f3 a escala nacional i europea.<br>M\u00e9s informaci\u00f3:&nbsp;<a rel=\"noreferrer noopener\" target=\"_blank\" href=\"https:\/\/lygus.lt\/?utm_source=chatgpt.com\">https:\/\/lygus.lt<\/a><\/p>\n","protected":false},"excerpt":{"rendered":"<p>L\u2019intercanvi entre professionals dela Fundaci\u00f3 IRES i Litu\u00e0nia impulsa noves estrat\u00e8gies d\u2019intervenci\u00f3 i sensibilitzaci\u00f3.<\/p>\n","protected":false},"author":7,"featured_media":81256,"comment_status":"closed","ping_status":"open","sticky":false,"template":"","format":"standard","meta":{"_jetpack_memberships_contains_paid_content":false,"footnotes":""},"categories":[17],"tags":[],"class_list":["post-81255","post","type-post","status-publish","format-standard","has-post-thumbnail","hentry","category-sense-categoria"],"yoast_head":"<!-- This site is optimized with the Yoast SEO plugin v27.4 - https:\/\/yoast.com\/product\/yoast-seo-wordpress\/ -->\n<title>Fundaci\u00f3 IRES i Lygus (Litu\u00e0nia) comparteixen experi\u00e8ncies<\/title>\n<meta name=\"description\" content=\"L\u2019intercanvi entre professionals de la Fundaci\u00f3 IRES i Litu\u00e0nia impulsa noves estrat\u00e8gies d\u2019intervenci\u00f3 i sensibilitzaci\u00f3.\" \/>\n<meta name=\"robots\" content=\"index, follow, max-snippet:-1, max-image-preview:large, max-video-preview:-1\" \/>\n<link rel=\"canonical\" href=\"https:\/\/www.fundacioires.org\/ca\/fundacio-ires-balears-lituania\/\" \/>\n<meta property=\"og:locale\" content=\"ca_ES\" \/>\n<meta property=\"og:type\" content=\"article\" \/>\n<meta property=\"og:title\" content=\"Fundaci\u00f3 IRES i Lygus (Litu\u00e0nia) comparteixen experi\u00e8ncies\" \/>\n<meta property=\"og:description\" content=\"L\u2019intercanvi entre professionals de la Fundaci\u00f3 IRES i Litu\u00e0nia impulsa noves estrat\u00e8gies d\u2019intervenci\u00f3 i sensibilitzaci\u00f3.\" \/>\n<meta property=\"og:url\" content=\"https:\/\/www.fundacioires.org\/ca\/fundacio-ires-balears-lituania\/\" \/>\n<meta property=\"og:site_name\" content=\"Fundaci\u00f3 IRES\" \/>\n<meta property=\"article:published_time\" content=\"2025-10-30T16:05:54+00:00\" \/>\n<meta property=\"article:modified_time\" content=\"2025-11-06T11:55:35+00:00\" \/>\n<meta property=\"og:image\" content=\"https:\/\/www.fundacioires.org\/wp-content\/uploads\/PLANTILLA-NOTIS-WEB-3-4.jpg\" \/>\n\t<meta property=\"og:image:width\" content=\"1200\" \/>\n\t<meta property=\"og:image:height\" content=\"628\" \/>\n\t<meta property=\"og:image:type\" content=\"image\/jpeg\" \/>\n<meta name=\"author\" content=\"Fundaci\u00f3 IRES\" \/>\n<meta name=\"twitter:card\" content=\"summary_large_image\" \/>\n<meta name=\"twitter:label1\" content=\"Written by\" \/>\n\t<meta name=\"twitter:data1\" content=\"Fundaci\u00f3 IRES\" \/>\n\t<meta name=\"twitter:label2\" content=\"Est. reading time\" \/>\n\t<meta name=\"twitter:data2\" content=\"2 minutes\" \/>\n<script type=\"application\/ld+json\" class=\"yoast-schema-graph\">{\"@context\":\"https:\\\/\\\/schema.org\",\"@graph\":[{\"@type\":\"Article\",\"@id\":\"https:\\\/\\\/www.fundacioires.org\\\/ca\\\/fundacio-ires-balears-lituania\\\/#article\",\"isPartOf\":{\"@id\":\"https:\\\/\\\/www.fundacioires.org\\\/ca\\\/fundacio-ires-balears-lituania\\\/\"},\"author\":{\"name\":\"Fundaci\u00f3 IRES\",\"@id\":\"https:\\\/\\\/www.fundacioires.org\\\/#\\\/schema\\\/person\\\/160af843c565221ef4664a5c7000791c\"},\"headline\":\"Fundaci\u00f3 IRES i Lygus (Litu\u00e0nia) comparteixen experi\u00e8ncies i obren cam\u00ed a futures col\u00b7laboracions en la lluita contra la viol\u00e8ncia de g\u00e8nere.\",\"datePublished\":\"2025-10-30T16:05:54+00:00\",\"dateModified\":\"2025-11-06T11:55:35+00:00\",\"mainEntityOfPage\":{\"@id\":\"https:\\\/\\\/www.fundacioires.org\\\/ca\\\/fundacio-ires-balears-lituania\\\/\"},\"wordCount\":251,\"publisher\":{\"@id\":\"https:\\\/\\\/www.fundacioires.org\\\/#organization\"},\"image\":{\"@id\":\"https:\\\/\\\/www.fundacioires.org\\\/ca\\\/fundacio-ires-balears-lituania\\\/#primaryimage\"},\"thumbnailUrl\":\"https:\\\/\\\/i0.wp.com\\\/www.fundacioires.org\\\/wp-content\\\/uploads\\\/PLANTILLA-NOTIS-WEB-3-4.jpg?fit=1200%2C628&ssl=1\",\"articleSection\":[\"Sense categoria\"],\"inLanguage\":\"ca-ES\"},{\"@type\":\"WebPage\",\"@id\":\"https:\\\/\\\/www.fundacioires.org\\\/ca\\\/fundacio-ires-balears-lituania\\\/\",\"url\":\"https:\\\/\\\/www.fundacioires.org\\\/ca\\\/fundacio-ires-balears-lituania\\\/\",\"name\":\"Fundaci\u00f3 IRES i Lygus (Litu\u00e0nia) comparteixen experi\u00e8ncies\",\"isPartOf\":{\"@id\":\"https:\\\/\\\/www.fundacioires.org\\\/#website\"},\"primaryImageOfPage\":{\"@id\":\"https:\\\/\\\/www.fundacioires.org\\\/ca\\\/fundacio-ires-balears-lituania\\\/#primaryimage\"},\"image\":{\"@id\":\"https:\\\/\\\/www.fundacioires.org\\\/ca\\\/fundacio-ires-balears-lituania\\\/#primaryimage\"},\"thumbnailUrl\":\"https:\\\/\\\/i0.wp.com\\\/www.fundacioires.org\\\/wp-content\\\/uploads\\\/PLANTILLA-NOTIS-WEB-3-4.jpg?fit=1200%2C628&ssl=1\",\"datePublished\":\"2025-10-30T16:05:54+00:00\",\"dateModified\":\"2025-11-06T11:55:35+00:00\",\"description\":\"L\u2019intercanvi entre professionals de la Fundaci\u00f3 IRES i Litu\u00e0nia impulsa noves estrat\u00e8gies d\u2019intervenci\u00f3 i sensibilitzaci\u00f3.\",\"breadcrumb\":{\"@id\":\"https:\\\/\\\/www.fundacioires.org\\\/ca\\\/fundacio-ires-balears-lituania\\\/#breadcrumb\"},\"inLanguage\":\"ca-ES\",\"potentialAction\":[{\"@type\":\"ReadAction\",\"target\":[\"https:\\\/\\\/www.fundacioires.org\\\/ca\\\/fundacio-ires-balears-lituania\\\/\"]}]},{\"@type\":\"ImageObject\",\"inLanguage\":\"ca-ES\",\"@id\":\"https:\\\/\\\/www.fundacioires.org\\\/ca\\\/fundacio-ires-balears-lituania\\\/#primaryimage\",\"url\":\"https:\\\/\\\/i0.wp.com\\\/www.fundacioires.org\\\/wp-content\\\/uploads\\\/PLANTILLA-NOTIS-WEB-3-4.jpg?fit=1200%2C628&ssl=1\",\"contentUrl\":\"https:\\\/\\\/i0.wp.com\\\/www.fundacioires.org\\\/wp-content\\\/uploads\\\/PLANTILLA-NOTIS-WEB-3-4.jpg?fit=1200%2C628&ssl=1\",\"width\":1200,\"height\":628},{\"@type\":\"BreadcrumbList\",\"@id\":\"https:\\\/\\\/www.fundacioires.org\\\/ca\\\/fundacio-ires-balears-lituania\\\/#breadcrumb\",\"itemListElement\":[{\"@type\":\"ListItem\",\"position\":1,\"name\":\"Portada\",\"item\":\"https:\\\/\\\/www.fundacioires.org\\\/\"},{\"@type\":\"ListItem\",\"position\":2,\"name\":\"Fundaci\u00f3 IRES i Lygus (Litu\u00e0nia) comparteixen experi\u00e8ncies i obren cam\u00ed a futures col\u00b7laboracions en la lluita contra la viol\u00e8ncia de g\u00e8nere.\"}]},{\"@type\":\"WebSite\",\"@id\":\"https:\\\/\\\/www.fundacioires.org\\\/#website\",\"url\":\"https:\\\/\\\/www.fundacioires.org\\\/\",\"name\":\"Fundaci\u00f3 IRES\",\"description\":\"\",\"publisher\":{\"@id\":\"https:\\\/\\\/www.fundacioires.org\\\/#organization\"},\"potentialAction\":[{\"@type\":\"SearchAction\",\"target\":{\"@type\":\"EntryPoint\",\"urlTemplate\":\"https:\\\/\\\/www.fundacioires.org\\\/?s={search_term_string}\"},\"query-input\":{\"@type\":\"PropertyValueSpecification\",\"valueRequired\":true,\"valueName\":\"search_term_string\"}}],\"inLanguage\":\"ca-ES\"},{\"@type\":\"Organization\",\"@id\":\"https:\\\/\\\/www.fundacioires.org\\\/#organization\",\"name\":\"Fundanci\u00f3n IRES\",\"url\":\"https:\\\/\\\/www.fundacioires.org\\\/\",\"logo\":{\"@type\":\"ImageObject\",\"inLanguage\":\"ca-ES\",\"@id\":\"https:\\\/\\\/www.fundacioires.org\\\/#\\\/schema\\\/logo\\\/image\\\/\",\"url\":\"https:\\\/\\\/i0.wp.com\\\/www.fundacioires.org\\\/wp-content\\\/uploads\\\/faviconIRES.png?fit=32%2C32&ssl=1\",\"contentUrl\":\"https:\\\/\\\/i0.wp.com\\\/www.fundacioires.org\\\/wp-content\\\/uploads\\\/faviconIRES.png?fit=32%2C32&ssl=1\",\"width\":32,\"height\":32,\"caption\":\"Fundanci\u00f3n IRES\"},\"image\":{\"@id\":\"https:\\\/\\\/www.fundacioires.org\\\/#\\\/schema\\\/logo\\\/image\\\/\"}},{\"@type\":\"Person\",\"@id\":\"https:\\\/\\\/www.fundacioires.org\\\/#\\\/schema\\\/person\\\/160af843c565221ef4664a5c7000791c\",\"name\":\"Fundaci\u00f3 IRES\"}]}<\/script>\n<!-- \/ Yoast SEO plugin. -->","yoast_head_json":{"title":"Fundaci\u00f3 IRES i Lygus (Litu\u00e0nia) comparteixen experi\u00e8ncies","description":"L\u2019intercanvi entre professionals de la Fundaci\u00f3 IRES i Litu\u00e0nia impulsa noves estrat\u00e8gies d\u2019intervenci\u00f3 i sensibilitzaci\u00f3.","robots":{"index":"index","follow":"follow","max-snippet":"max-snippet:-1","max-image-preview":"max-image-preview:large","max-video-preview":"max-video-preview:-1"},"canonical":"https:\/\/www.fundacioires.org\/ca\/fundacio-ires-balears-lituania\/","og_locale":"ca_ES","og_type":"article","og_title":"Fundaci\u00f3 IRES i Lygus (Litu\u00e0nia) comparteixen experi\u00e8ncies","og_description":"L\u2019intercanvi entre professionals de la Fundaci\u00f3 IRES i Litu\u00e0nia impulsa noves estrat\u00e8gies d\u2019intervenci\u00f3 i sensibilitzaci\u00f3.","og_url":"https:\/\/www.fundacioires.org\/ca\/fundacio-ires-balears-lituania\/","og_site_name":"Fundaci\u00f3 IRES","article_published_time":"2025-10-30T16:05:54+00:00","article_modified_time":"2025-11-06T11:55:35+00:00","og_image":[{"width":1200,"height":628,"url":"https:\/\/www.fundacioires.org\/wp-content\/uploads\/PLANTILLA-NOTIS-WEB-3-4.jpg","type":"image\/jpeg"}],"author":"Fundaci\u00f3 IRES","twitter_card":"summary_large_image","twitter_misc":{"Written by":"Fundaci\u00f3 IRES","Est. reading time":"2 minutes"},"schema":{"@context":"https:\/\/schema.org","@graph":[{"@type":"Article","@id":"https:\/\/www.fundacioires.org\/ca\/fundacio-ires-balears-lituania\/#article","isPartOf":{"@id":"https:\/\/www.fundacioires.org\/ca\/fundacio-ires-balears-lituania\/"},"author":{"name":"Fundaci\u00f3 IRES","@id":"https:\/\/www.fundacioires.org\/#\/schema\/person\/160af843c565221ef4664a5c7000791c"},"headline":"Fundaci\u00f3 IRES i Lygus (Litu\u00e0nia) comparteixen experi\u00e8ncies i obren cam\u00ed a futures col\u00b7laboracions en la lluita contra la viol\u00e8ncia de g\u00e8nere.","datePublished":"2025-10-30T16:05:54+00:00","dateModified":"2025-11-06T11:55:35+00:00","mainEntityOfPage":{"@id":"https:\/\/www.fundacioires.org\/ca\/fundacio-ires-balears-lituania\/"},"wordCount":251,"publisher":{"@id":"https:\/\/www.fundacioires.org\/#organization"},"image":{"@id":"https:\/\/www.fundacioires.org\/ca\/fundacio-ires-balears-lituania\/#primaryimage"},"thumbnailUrl":"https:\/\/i0.wp.com\/www.fundacioires.org\/wp-content\/uploads\/PLANTILLA-NOTIS-WEB-3-4.jpg?fit=1200%2C628&ssl=1","articleSection":["Sense categoria"],"inLanguage":"ca-ES"},{"@type":"WebPage","@id":"https:\/\/www.fundacioires.org\/ca\/fundacio-ires-balears-lituania\/","url":"https:\/\/www.fundacioires.org\/ca\/fundacio-ires-balears-lituania\/","name":"Fundaci\u00f3 IRES i Lygus (Litu\u00e0nia) comparteixen experi\u00e8ncies","isPartOf":{"@id":"https:\/\/www.fundacioires.org\/#website"},"primaryImageOfPage":{"@id":"https:\/\/www.fundacioires.org\/ca\/fundacio-ires-balears-lituania\/#primaryimage"},"image":{"@id":"https:\/\/www.fundacioires.org\/ca\/fundacio-ires-balears-lituania\/#primaryimage"},"thumbnailUrl":"https:\/\/i0.wp.com\/www.fundacioires.org\/wp-content\/uploads\/PLANTILLA-NOTIS-WEB-3-4.jpg?fit=1200%2C628&ssl=1","datePublished":"2025-10-30T16:05:54+00:00","dateModified":"2025-11-06T11:55:35+00:00","description":"L\u2019intercanvi entre professionals de la Fundaci\u00f3 IRES i Litu\u00e0nia impulsa noves estrat\u00e8gies d\u2019intervenci\u00f3 i sensibilitzaci\u00f3.","breadcrumb":{"@id":"https:\/\/www.fundacioires.org\/ca\/fundacio-ires-balears-lituania\/#breadcrumb"},"inLanguage":"ca-ES","potentialAction":[{"@type":"ReadAction","target":["https:\/\/www.fundacioires.org\/ca\/fundacio-ires-balears-lituania\/"]}]},{"@type":"ImageObject","inLanguage":"ca-ES","@id":"https:\/\/www.fundacioires.org\/ca\/fundacio-ires-balears-lituania\/#primaryimage","url":"https:\/\/i0.wp.com\/www.fundacioires.org\/wp-content\/uploads\/PLANTILLA-NOTIS-WEB-3-4.jpg?fit=1200%2C628&ssl=1","contentUrl":"https:\/\/i0.wp.com\/www.fundacioires.org\/wp-content\/uploads\/PLANTILLA-NOTIS-WEB-3-4.jpg?fit=1200%2C628&ssl=1","width":1200,"height":628},{"@type":"BreadcrumbList","@id":"https:\/\/www.fundacioires.org\/ca\/fundacio-ires-balears-lituania\/#breadcrumb","itemListElement":[{"@type":"ListItem","position":1,"name":"Portada","item":"https:\/\/www.fundacioires.org\/"},{"@type":"ListItem","position":2,"name":"Fundaci\u00f3 IRES i Lygus (Litu\u00e0nia) comparteixen experi\u00e8ncies i obren cam\u00ed a futures col\u00b7laboracions en la lluita contra la viol\u00e8ncia de g\u00e8nere."}]},{"@type":"WebSite","@id":"https:\/\/www.fundacioires.org\/#website","url":"https:\/\/www.fundacioires.org\/","name":"Fundaci\u00f3 IRES","description":"","publisher":{"@id":"https:\/\/www.fundacioires.org\/#organization"},"potentialAction":[{"@type":"SearchAction","target":{"@type":"EntryPoint","urlTemplate":"https:\/\/www.fundacioires.org\/?s={search_term_string}"},"query-input":{"@type":"PropertyValueSpecification","valueRequired":true,"valueName":"search_term_string"}}],"inLanguage":"ca-ES"},{"@type":"Organization","@id":"https:\/\/www.fundacioires.org\/#organization","name":"Fundanci\u00f3n IRES","url":"https:\/\/www.fundacioires.org\/","logo":{"@type":"ImageObject","inLanguage":"ca-ES","@id":"https:\/\/www.fundacioires.org\/#\/schema\/logo\/image\/","url":"https:\/\/i0.wp.com\/www.fundacioires.org\/wp-content\/uploads\/faviconIRES.png?fit=32%2C32&ssl=1","contentUrl":"https:\/\/i0.wp.com\/www.fundacioires.org\/wp-content\/uploads\/faviconIRES.png?fit=32%2C32&ssl=1","width":32,"height":32,"caption":"Fundanci\u00f3n IRES"},"image":{"@id":"https:\/\/www.fundacioires.org\/#\/schema\/logo\/image\/"}},{"@type":"Person","@id":"https:\/\/www.fundacioires.org\/#\/schema\/person\/160af843c565221ef4664a5c7000791c","name":"Fundaci\u00f3 IRES"}]}},"jetpack_featured_media_url":"https:\/\/i0.wp.com\/www.fundacioires.org\/wp-content\/uploads\/PLANTILLA-NOTIS-WEB-3-4.jpg?fit=1200%2C628&ssl=1","jetpack_sharing_enabled":true,"_links":{"self":[{"href":"https:\/\/www.fundacioires.org\/ca\/wp-json\/wp\/v2\/posts\/81255","targetHints":{"allow":["GET"]}}],"collection":[{"href":"https:\/\/www.fundacioires.org\/ca\/wp-json\/wp\/v2\/posts"}],"about":[{"href":"https:\/\/www.fundacioires.org\/ca\/wp-json\/wp\/v2\/types\/post"}],"author":[{"embeddable":true,"href":"https:\/\/www.fundacioires.org\/ca\/wp-json\/wp\/v2\/users\/7"}],"replies":[{"embeddable":true,"href":"https:\/\/www.fundacioires.org\/ca\/wp-json\/wp\/v2\/comments?post=81255"}],"version-history":[{"count":3,"href":"https:\/\/www.fundacioires.org\/ca\/wp-json\/wp\/v2\/posts\/81255\/revisions"}],"predecessor-version":[{"id":81383,"href":"https:\/\/www.fundacioires.org\/ca\/wp-json\/wp\/v2\/posts\/81255\/revisions\/81383"}],"wp:featuredmedia":[{"embeddable":true,"href":"https:\/\/www.fundacioires.org\/ca\/wp-json\/wp\/v2\/media\/81256"}],"wp:attachment":[{"href":"https:\/\/www.fundacioires.org\/ca\/wp-json\/wp\/v2\/media?parent=81255"}],"wp:term":[{"taxonomy":"category","embeddable":true,"href":"https:\/\/www.fundacioires.org\/ca\/wp-json\/wp\/v2\/categories?post=81255"},{"taxonomy":"post_tag","embeddable":true,"href":"https:\/\/www.fundacioires.org\/ca\/wp-json\/wp\/v2\/tags?post=81255"}],"curies":[{"name":"wp","href":"https:\/\/api.w.org\/{rel}","templated":true}]}}