{"id":81393,"date":"2025-11-07T14:08:24","date_gmt":"2025-11-07T13:08:24","guid":{"rendered":"https:\/\/www.fundacioires.org\/?p=81393"},"modified":"2025-11-07T14:08:27","modified_gmt":"2025-11-07T13:08:27","slug":"9-de-novembre-dia-mundial-de-ladopcio-una-data-per-sentir-les-veus-de-qui-ha-estat-adoptat","status":"publish","type":"post","link":"https:\/\/www.fundacioires.org\/ca\/9-de-novembre-dia-mundial-de-ladopcio-una-data-per-sentir-les-veus-de-qui-ha-estat-adoptat\/","title":{"rendered":"9 de novembre: Dia Mundial de l\u2019Adopci\u00f3, una data per sentir les veus de qui ha estat adoptat"},"content":{"rendered":"\n<p>Un any m\u00e9s, en el <strong>Dia Mundial de l\u2019Adopci\u00f3<\/strong>, volem fer valdre la import\u00e0ncia de seguir revisant els processos que viuen totes les persones adoptades i els mites i prejudicis que encara avui dia existeixen socialment.<\/p>\n\n\n\n<p>Darrere de cada adopci\u00f3 hi ha una realitat que necessita ser escoltada amb respecte i empatia, m\u00e9s enll\u00e0 del relat de les fam\u00edlies que adopten o dels i les professionals que hi treballen. \u00c9s en aquesta l\u00ednia que aquest any volem donar veu als i les protagonistes, compartint els testimonis d\u2019adolescents i joves que van passar fa un temps pel nostre Servei i que han volgut compartir amb nosaltres les seves opinions i sentiments.<\/p>\n\n\n\n<p>Davant la pregunta del <strong>que ha significat per ells i elles el fet de ser adoptats<\/strong>, ens traslladen que \u201c<em><strong>para mi ser adoptado es como una aventura<\/strong><\/em>\u201d \u201c<em><strong>\u00e9s dur, per\u00f2 a la vegada et fa tenir m\u00e9s maduresa. \u00c9s dur no tenir coneixement d\u2019on vinc, no tenir records o no saber al 100% la veritat<\/strong><\/em>\u201d. Un passat que no va ajudar a cr\u00e9ixer amb confian\u00e7a i que va necessitar d\u2019un temps per arribar a sentir que<em> \u201c<strong>porque otras personas no te hubieran aceptado no significa que no valgas, nada de lo que ha pasado ha sido culpa tuya, ni nada de lo que te pase despu\u00e9s<\/strong><\/em>\u201d. Una traject\u00f2ria personal de superaci\u00f3 que porta a mirar endavant, \u201c<em><strong>a seguir adelante, para convertirte en la persona que quieres llegar a ser, nadie te dejar\u00e1 de lado, t\u00fa familia te ayudar\u00e1 y tus amigos no te juzgaran<\/strong><\/em>\u201d.\u00a0<\/p>\n\n\n\n<p>L\u2019adopci\u00f3 molt sovint ve acompanyada per l\u2019inter\u00e8s de con\u00e8ixer la hist\u00f2ria de la fam\u00edlia d\u2019origen. Con\u00e8ixer les raons que van motivar l\u2019adopci\u00f3 \u00e9s un sentiment compartit per la majoria dels i les adoptats\/des. Davant aquest inter\u00e8s alguns dels joves participants reconeixen que van passant per diferents moments; \u201c<em>a<strong>ra estic bastant b\u00e9, per\u00f2 es veritat que abans li donava molta import\u00e0ncia<\/strong><\/em>\u201d. Per cada subjecte hi ha uns temps diferents per fer aquest treball de trobar respostes. A vegades quatre frases que donen sentit i tranquil\u00b7litat a aquesta recerca, \u201d<em><strong>conozco como se llamaban mis padres y que a mi hermana no pod\u00edan cuidarla bien y despu\u00e9s nac\u00ed yo y vieron que tampoco pod\u00edan cuidarme. Yo les dir\u00eda a otras personas adoptadas que no tengan prisa por conocer\u201d, \u201cporqu\u00e9 llegar\u00e1 el momento adecuado y podr\u00e1n conocer sus or\u00edgenes<\/strong><\/em>\u201d. Alguns tenen records d\u2019una inf\u00e0ncia marcada per l\u2019estada a un centre, \u201c<em><strong>on parlava en una altra llengua i feien sortides divertides\u201d<\/strong>.<\/em> Altres, en canvi, poden afirmar que \u201c<em><strong>no m&#8217;interessa gaire saber qu\u00e8 va passar ni com era la meva vida abans, perqu\u00e8 crec que vaig comen\u00e7ar una nova vida i saber no canviar\u00e0 res<\/strong><\/em>\u201d. Del tot respectable tamb\u00e9.<\/p>\n\n\n\n<p>Quan demanen a aquests joves i adolescents qu\u00e8 \u00e9s el que dirien a un infant que ha de ser adoptat, parlen de l\u2019adopci\u00f3 com un \u201c<em><strong>proc\u00e9s molt dur i a vegades traum\u00e0tic. Pot ser una merda o la millor cosa que t\u2019ha passat en la vida&#8230; no us mentir\u00e9 dient que tot \u00e9s color de rosa&#8230; mireu el futur, sense esborrar el passat, perqu\u00e8 \u00e9s el que us ajudar\u00e0\u00a0 a cr\u00e9ixer i a seguir endavant. Estic segura que aviat trobareu una fam\u00edlia que us estimar\u00e0 i estareu contents &#8230; Sigueu amables amb la vida tot i que les coses no han anat com ens agradaria<\/strong><\/em>.\u201d Tamb\u00e9 ens orienten en la feina que queda per fer com a societat: \u201c<strong><em>el que podria ajudar als infants \u00e9s que a l\u2019escola es normalitzi l\u2019adopci\u00f3 i les diferents varietats de fam\u00edlies<\/em>.<\/strong>\u201d\u00a0<\/p>\n\n\n\n<p>Des del <strong>Servei d\u2019adopcions<\/strong> <strong> <\/strong>volem agrair-los les seves paraules i la seva valentia, perqu\u00e8 cada testimoni ens obre una porta a la comprensi\u00f3 i a mirar l\u2019adopci\u00f3 amb m\u00e9s humanitat i menys judici. Les seves reflexions parlen de l\u2019adopci\u00f3, per\u00f2 tamb\u00e9 de resili\u00e8ncia, d\u2019amor en les seves m\u00faltiples formes, d\u2019hist\u00f2ries que s\u2019entrelliguen, de trobades que sanen i de recerques que mai acaben del tot. Per\u00f2 sobretot, de la bellesa de ser un mateix, amb tot el que aix\u00f2 implica. Moltes gr\u00e0cies per la vostra sinceritat.<\/p>\n\n\n\n<p>Nosaltres com a professionals seguirem treballant perqu\u00e8 tots els infants i joves adoptats se sentin acompanyats i reconeguts en els seus processos vitals. Som cada vegada m\u00e9s conscients que l\u2019adopci\u00f3 \u00e9s un proc\u00e9s obert al llarg de tota la vida i que hi ha moltes maneres diferents de viure el fet adoptiu. Cal respectar el moment vital i la viv\u00e8ncia que cada subjecte pugui tenir de la seva pr\u00f2pia hist\u00f2ria. \u00c9s necessari fomentar una cultura que reconegui la diversitat d\u2019experi\u00e8ncies adoptives, que valori la identitat de les persones adoptades, que obri espais de di\u00e0leg i validi la diversitat de relats per garantir que cada persona adoptada pugui explorar la seva identitat sense por.<\/p>\n\n\n\n<p><strong>Si penses que com a fam\u00edlia podries oferir la teva llar per un infant amb necessitats especials que encara segueix a l\u2019espera contacta amb nosaltres a trav\u00e9s de #busquemfam\u00edliesespecials<\/strong><\/p>\n\n\n\n<div class=\"wp-block-buttons is-content-justification-center is-layout-flex wp-container-core-buttons-is-layout-16018d1d wp-block-buttons-is-layout-flex\">\n<div class=\"wp-block-button\"><a class=\"wp-block-button__link has-background wp-element-button\" href=\"http:\/\/busquemfamiliesespecials.org\" style=\"background-color:#1cab8b\"><strong>Busquem fam\u00edlies especials! <\/strong><\/a><\/div>\n<\/div>\n\n\n\n<p><\/p>\n","protected":false},"excerpt":{"rendered":"<p>En el Dia Mundial de l\u2019Adopci\u00f3, joves i adolescents comparteixen com viuen el fet adoptiu, amb reflexions que conviden a mirar l\u2019adopci\u00f3 amb m\u00e9s empatia, respecte i humanitat.<\/p>\n","protected":false},"author":7,"featured_media":81395,"comment_status":"closed","ping_status":"open","sticky":false,"template":"","format":"standard","meta":{"_jetpack_memberships_contains_paid_content":false,"footnotes":""},"categories":[17],"tags":[],"class_list":["post-81393","post","type-post","status-publish","format-standard","has-post-thumbnail","hentry","category-sense-categoria"],"yoast_head":"<!-- This site is optimized with the Yoast SEO plugin v27.4 - https:\/\/yoast.com\/product\/yoast-seo-wordpress\/ -->\n<title>9 de novembre: Dia Mundial de l\u2019Adopci\u00f3<\/title>\n<meta name=\"description\" content=\"En el Dia Mundial de l\u2019Adopci\u00f3, joves i adolescents comparteixen com viuen el fet adoptiu, amb les seves reflexions.\" \/>\n<meta name=\"robots\" content=\"index, follow, max-snippet:-1, max-image-preview:large, max-video-preview:-1\" \/>\n<link rel=\"canonical\" href=\"https:\/\/www.fundacioires.org\/ca\/9-de-novembre-dia-mundial-de-ladopcio-una-data-per-sentir-les-veus-de-qui-ha-estat-adoptat\/\" \/>\n<meta property=\"og:locale\" content=\"ca_ES\" \/>\n<meta property=\"og:type\" content=\"article\" \/>\n<meta property=\"og:title\" content=\"9 de novembre: Dia Mundial de l\u2019Adopci\u00f3\" \/>\n<meta property=\"og:description\" content=\"En el Dia Mundial de l\u2019Adopci\u00f3, joves i adolescents comparteixen com viuen el fet adoptiu, amb les seves reflexions.\" \/>\n<meta property=\"og:url\" content=\"https:\/\/www.fundacioires.org\/ca\/9-de-novembre-dia-mundial-de-ladopcio-una-data-per-sentir-les-veus-de-qui-ha-estat-adoptat\/\" \/>\n<meta property=\"og:site_name\" content=\"Fundaci\u00f3 IRES\" \/>\n<meta property=\"article:published_time\" content=\"2025-11-07T13:08:24+00:00\" \/>\n<meta property=\"article:modified_time\" content=\"2025-11-07T13:08:27+00:00\" \/>\n<meta property=\"og:image\" content=\"https:\/\/www.fundacioires.org\/wp-content\/uploads\/PLANTILLA-NOTIS-WEB-4-4.jpg\" \/>\n\t<meta property=\"og:image:width\" content=\"1200\" \/>\n\t<meta property=\"og:image:height\" content=\"628\" \/>\n\t<meta property=\"og:image:type\" content=\"image\/jpeg\" \/>\n<meta name=\"author\" content=\"Fundaci\u00f3 IRES\" \/>\n<meta name=\"twitter:card\" content=\"summary_large_image\" \/>\n<meta name=\"twitter:label1\" content=\"Written by\" \/>\n\t<meta name=\"twitter:data1\" content=\"Fundaci\u00f3 IRES\" \/>\n\t<meta name=\"twitter:label2\" content=\"Est. reading time\" \/>\n\t<meta name=\"twitter:data2\" content=\"4 minutes\" \/>\n<script type=\"application\/ld+json\" class=\"yoast-schema-graph\">{\"@context\":\"https:\\\/\\\/schema.org\",\"@graph\":[{\"@type\":\"Article\",\"@id\":\"https:\\\/\\\/www.fundacioires.org\\\/ca\\\/9-de-novembre-dia-mundial-de-ladopcio-una-data-per-sentir-les-veus-de-qui-ha-estat-adoptat\\\/#article\",\"isPartOf\":{\"@id\":\"https:\\\/\\\/www.fundacioires.org\\\/ca\\\/9-de-novembre-dia-mundial-de-ladopcio-una-data-per-sentir-les-veus-de-qui-ha-estat-adoptat\\\/\"},\"author\":{\"name\":\"Fundaci\u00f3 IRES\",\"@id\":\"https:\\\/\\\/www.fundacioires.org\\\/#\\\/schema\\\/person\\\/160af843c565221ef4664a5c7000791c\"},\"headline\":\"9 de novembre: Dia Mundial de l\u2019Adopci\u00f3, una data per sentir les veus de qui ha estat adoptat\",\"datePublished\":\"2025-11-07T13:08:24+00:00\",\"dateModified\":\"2025-11-07T13:08:27+00:00\",\"mainEntityOfPage\":{\"@id\":\"https:\\\/\\\/www.fundacioires.org\\\/ca\\\/9-de-novembre-dia-mundial-de-ladopcio-una-data-per-sentir-les-veus-de-qui-ha-estat-adoptat\\\/\"},\"wordCount\":902,\"publisher\":{\"@id\":\"https:\\\/\\\/www.fundacioires.org\\\/#organization\"},\"image\":{\"@id\":\"https:\\\/\\\/www.fundacioires.org\\\/ca\\\/9-de-novembre-dia-mundial-de-ladopcio-una-data-per-sentir-les-veus-de-qui-ha-estat-adoptat\\\/#primaryimage\"},\"thumbnailUrl\":\"https:\\\/\\\/i0.wp.com\\\/www.fundacioires.org\\\/wp-content\\\/uploads\\\/PLANTILLA-NOTIS-WEB-4-4.jpg?fit=1200%2C628&ssl=1\",\"articleSection\":[\"Sense categoria\"],\"inLanguage\":\"ca-ES\"},{\"@type\":\"WebPage\",\"@id\":\"https:\\\/\\\/www.fundacioires.org\\\/ca\\\/9-de-novembre-dia-mundial-de-ladopcio-una-data-per-sentir-les-veus-de-qui-ha-estat-adoptat\\\/\",\"url\":\"https:\\\/\\\/www.fundacioires.org\\\/ca\\\/9-de-novembre-dia-mundial-de-ladopcio-una-data-per-sentir-les-veus-de-qui-ha-estat-adoptat\\\/\",\"name\":\"9 de novembre: Dia Mundial de l\u2019Adopci\u00f3\",\"isPartOf\":{\"@id\":\"https:\\\/\\\/www.fundacioires.org\\\/#website\"},\"primaryImageOfPage\":{\"@id\":\"https:\\\/\\\/www.fundacioires.org\\\/ca\\\/9-de-novembre-dia-mundial-de-ladopcio-una-data-per-sentir-les-veus-de-qui-ha-estat-adoptat\\\/#primaryimage\"},\"image\":{\"@id\":\"https:\\\/\\\/www.fundacioires.org\\\/ca\\\/9-de-novembre-dia-mundial-de-ladopcio-una-data-per-sentir-les-veus-de-qui-ha-estat-adoptat\\\/#primaryimage\"},\"thumbnailUrl\":\"https:\\\/\\\/i0.wp.com\\\/www.fundacioires.org\\\/wp-content\\\/uploads\\\/PLANTILLA-NOTIS-WEB-4-4.jpg?fit=1200%2C628&ssl=1\",\"datePublished\":\"2025-11-07T13:08:24+00:00\",\"dateModified\":\"2025-11-07T13:08:27+00:00\",\"description\":\"En el Dia Mundial de l\u2019Adopci\u00f3, joves i adolescents comparteixen com viuen el fet adoptiu, amb les seves reflexions.\",\"breadcrumb\":{\"@id\":\"https:\\\/\\\/www.fundacioires.org\\\/ca\\\/9-de-novembre-dia-mundial-de-ladopcio-una-data-per-sentir-les-veus-de-qui-ha-estat-adoptat\\\/#breadcrumb\"},\"inLanguage\":\"ca-ES\",\"potentialAction\":[{\"@type\":\"ReadAction\",\"target\":[\"https:\\\/\\\/www.fundacioires.org\\\/ca\\\/9-de-novembre-dia-mundial-de-ladopcio-una-data-per-sentir-les-veus-de-qui-ha-estat-adoptat\\\/\"]}]},{\"@type\":\"ImageObject\",\"inLanguage\":\"ca-ES\",\"@id\":\"https:\\\/\\\/www.fundacioires.org\\\/ca\\\/9-de-novembre-dia-mundial-de-ladopcio-una-data-per-sentir-les-veus-de-qui-ha-estat-adoptat\\\/#primaryimage\",\"url\":\"https:\\\/\\\/i0.wp.com\\\/www.fundacioires.org\\\/wp-content\\\/uploads\\\/PLANTILLA-NOTIS-WEB-4-4.jpg?fit=1200%2C628&ssl=1\",\"contentUrl\":\"https:\\\/\\\/i0.wp.com\\\/www.fundacioires.org\\\/wp-content\\\/uploads\\\/PLANTILLA-NOTIS-WEB-4-4.jpg?fit=1200%2C628&ssl=1\",\"width\":1200,\"height\":628},{\"@type\":\"BreadcrumbList\",\"@id\":\"https:\\\/\\\/www.fundacioires.org\\\/ca\\\/9-de-novembre-dia-mundial-de-ladopcio-una-data-per-sentir-les-veus-de-qui-ha-estat-adoptat\\\/#breadcrumb\",\"itemListElement\":[{\"@type\":\"ListItem\",\"position\":1,\"name\":\"Portada\",\"item\":\"https:\\\/\\\/www.fundacioires.org\\\/\"},{\"@type\":\"ListItem\",\"position\":2,\"name\":\"9 de novembre: Dia Mundial de l\u2019Adopci\u00f3, una data per sentir les veus de qui ha estat adoptat\"}]},{\"@type\":\"WebSite\",\"@id\":\"https:\\\/\\\/www.fundacioires.org\\\/#website\",\"url\":\"https:\\\/\\\/www.fundacioires.org\\\/\",\"name\":\"Fundaci\u00f3 IRES\",\"description\":\"\",\"publisher\":{\"@id\":\"https:\\\/\\\/www.fundacioires.org\\\/#organization\"},\"potentialAction\":[{\"@type\":\"SearchAction\",\"target\":{\"@type\":\"EntryPoint\",\"urlTemplate\":\"https:\\\/\\\/www.fundacioires.org\\\/?s={search_term_string}\"},\"query-input\":{\"@type\":\"PropertyValueSpecification\",\"valueRequired\":true,\"valueName\":\"search_term_string\"}}],\"inLanguage\":\"ca-ES\"},{\"@type\":\"Organization\",\"@id\":\"https:\\\/\\\/www.fundacioires.org\\\/#organization\",\"name\":\"Fundanci\u00f3n IRES\",\"url\":\"https:\\\/\\\/www.fundacioires.org\\\/\",\"logo\":{\"@type\":\"ImageObject\",\"inLanguage\":\"ca-ES\",\"@id\":\"https:\\\/\\\/www.fundacioires.org\\\/#\\\/schema\\\/logo\\\/image\\\/\",\"url\":\"https:\\\/\\\/i0.wp.com\\\/www.fundacioires.org\\\/wp-content\\\/uploads\\\/faviconIRES.png?fit=32%2C32&ssl=1\",\"contentUrl\":\"https:\\\/\\\/i0.wp.com\\\/www.fundacioires.org\\\/wp-content\\\/uploads\\\/faviconIRES.png?fit=32%2C32&ssl=1\",\"width\":32,\"height\":32,\"caption\":\"Fundanci\u00f3n IRES\"},\"image\":{\"@id\":\"https:\\\/\\\/www.fundacioires.org\\\/#\\\/schema\\\/logo\\\/image\\\/\"}},{\"@type\":\"Person\",\"@id\":\"https:\\\/\\\/www.fundacioires.org\\\/#\\\/schema\\\/person\\\/160af843c565221ef4664a5c7000791c\",\"name\":\"Fundaci\u00f3 IRES\"}]}<\/script>\n<!-- \/ Yoast SEO plugin. -->","yoast_head_json":{"title":"9 de novembre: Dia Mundial de l\u2019Adopci\u00f3","description":"En el Dia Mundial de l\u2019Adopci\u00f3, joves i adolescents comparteixen com viuen el fet adoptiu, amb les seves reflexions.","robots":{"index":"index","follow":"follow","max-snippet":"max-snippet:-1","max-image-preview":"max-image-preview:large","max-video-preview":"max-video-preview:-1"},"canonical":"https:\/\/www.fundacioires.org\/ca\/9-de-novembre-dia-mundial-de-ladopcio-una-data-per-sentir-les-veus-de-qui-ha-estat-adoptat\/","og_locale":"ca_ES","og_type":"article","og_title":"9 de novembre: Dia Mundial de l\u2019Adopci\u00f3","og_description":"En el Dia Mundial de l\u2019Adopci\u00f3, joves i adolescents comparteixen com viuen el fet adoptiu, amb les seves reflexions.","og_url":"https:\/\/www.fundacioires.org\/ca\/9-de-novembre-dia-mundial-de-ladopcio-una-data-per-sentir-les-veus-de-qui-ha-estat-adoptat\/","og_site_name":"Fundaci\u00f3 IRES","article_published_time":"2025-11-07T13:08:24+00:00","article_modified_time":"2025-11-07T13:08:27+00:00","og_image":[{"width":1200,"height":628,"url":"https:\/\/www.fundacioires.org\/wp-content\/uploads\/PLANTILLA-NOTIS-WEB-4-4.jpg","type":"image\/jpeg"}],"author":"Fundaci\u00f3 IRES","twitter_card":"summary_large_image","twitter_misc":{"Written by":"Fundaci\u00f3 IRES","Est. reading time":"4 minutes"},"schema":{"@context":"https:\/\/schema.org","@graph":[{"@type":"Article","@id":"https:\/\/www.fundacioires.org\/ca\/9-de-novembre-dia-mundial-de-ladopcio-una-data-per-sentir-les-veus-de-qui-ha-estat-adoptat\/#article","isPartOf":{"@id":"https:\/\/www.fundacioires.org\/ca\/9-de-novembre-dia-mundial-de-ladopcio-una-data-per-sentir-les-veus-de-qui-ha-estat-adoptat\/"},"author":{"name":"Fundaci\u00f3 IRES","@id":"https:\/\/www.fundacioires.org\/#\/schema\/person\/160af843c565221ef4664a5c7000791c"},"headline":"9 de novembre: Dia Mundial de l\u2019Adopci\u00f3, una data per sentir les veus de qui ha estat adoptat","datePublished":"2025-11-07T13:08:24+00:00","dateModified":"2025-11-07T13:08:27+00:00","mainEntityOfPage":{"@id":"https:\/\/www.fundacioires.org\/ca\/9-de-novembre-dia-mundial-de-ladopcio-una-data-per-sentir-les-veus-de-qui-ha-estat-adoptat\/"},"wordCount":902,"publisher":{"@id":"https:\/\/www.fundacioires.org\/#organization"},"image":{"@id":"https:\/\/www.fundacioires.org\/ca\/9-de-novembre-dia-mundial-de-ladopcio-una-data-per-sentir-les-veus-de-qui-ha-estat-adoptat\/#primaryimage"},"thumbnailUrl":"https:\/\/i0.wp.com\/www.fundacioires.org\/wp-content\/uploads\/PLANTILLA-NOTIS-WEB-4-4.jpg?fit=1200%2C628&ssl=1","articleSection":["Sense categoria"],"inLanguage":"ca-ES"},{"@type":"WebPage","@id":"https:\/\/www.fundacioires.org\/ca\/9-de-novembre-dia-mundial-de-ladopcio-una-data-per-sentir-les-veus-de-qui-ha-estat-adoptat\/","url":"https:\/\/www.fundacioires.org\/ca\/9-de-novembre-dia-mundial-de-ladopcio-una-data-per-sentir-les-veus-de-qui-ha-estat-adoptat\/","name":"9 de novembre: Dia Mundial de l\u2019Adopci\u00f3","isPartOf":{"@id":"https:\/\/www.fundacioires.org\/#website"},"primaryImageOfPage":{"@id":"https:\/\/www.fundacioires.org\/ca\/9-de-novembre-dia-mundial-de-ladopcio-una-data-per-sentir-les-veus-de-qui-ha-estat-adoptat\/#primaryimage"},"image":{"@id":"https:\/\/www.fundacioires.org\/ca\/9-de-novembre-dia-mundial-de-ladopcio-una-data-per-sentir-les-veus-de-qui-ha-estat-adoptat\/#primaryimage"},"thumbnailUrl":"https:\/\/i0.wp.com\/www.fundacioires.org\/wp-content\/uploads\/PLANTILLA-NOTIS-WEB-4-4.jpg?fit=1200%2C628&ssl=1","datePublished":"2025-11-07T13:08:24+00:00","dateModified":"2025-11-07T13:08:27+00:00","description":"En el Dia Mundial de l\u2019Adopci\u00f3, joves i adolescents comparteixen com viuen el fet adoptiu, amb les seves reflexions.","breadcrumb":{"@id":"https:\/\/www.fundacioires.org\/ca\/9-de-novembre-dia-mundial-de-ladopcio-una-data-per-sentir-les-veus-de-qui-ha-estat-adoptat\/#breadcrumb"},"inLanguage":"ca-ES","potentialAction":[{"@type":"ReadAction","target":["https:\/\/www.fundacioires.org\/ca\/9-de-novembre-dia-mundial-de-ladopcio-una-data-per-sentir-les-veus-de-qui-ha-estat-adoptat\/"]}]},{"@type":"ImageObject","inLanguage":"ca-ES","@id":"https:\/\/www.fundacioires.org\/ca\/9-de-novembre-dia-mundial-de-ladopcio-una-data-per-sentir-les-veus-de-qui-ha-estat-adoptat\/#primaryimage","url":"https:\/\/i0.wp.com\/www.fundacioires.org\/wp-content\/uploads\/PLANTILLA-NOTIS-WEB-4-4.jpg?fit=1200%2C628&ssl=1","contentUrl":"https:\/\/i0.wp.com\/www.fundacioires.org\/wp-content\/uploads\/PLANTILLA-NOTIS-WEB-4-4.jpg?fit=1200%2C628&ssl=1","width":1200,"height":628},{"@type":"BreadcrumbList","@id":"https:\/\/www.fundacioires.org\/ca\/9-de-novembre-dia-mundial-de-ladopcio-una-data-per-sentir-les-veus-de-qui-ha-estat-adoptat\/#breadcrumb","itemListElement":[{"@type":"ListItem","position":1,"name":"Portada","item":"https:\/\/www.fundacioires.org\/"},{"@type":"ListItem","position":2,"name":"9 de novembre: Dia Mundial de l\u2019Adopci\u00f3, una data per sentir les veus de qui ha estat adoptat"}]},{"@type":"WebSite","@id":"https:\/\/www.fundacioires.org\/#website","url":"https:\/\/www.fundacioires.org\/","name":"Fundaci\u00f3 IRES","description":"","publisher":{"@id":"https:\/\/www.fundacioires.org\/#organization"},"potentialAction":[{"@type":"SearchAction","target":{"@type":"EntryPoint","urlTemplate":"https:\/\/www.fundacioires.org\/?s={search_term_string}"},"query-input":{"@type":"PropertyValueSpecification","valueRequired":true,"valueName":"search_term_string"}}],"inLanguage":"ca-ES"},{"@type":"Organization","@id":"https:\/\/www.fundacioires.org\/#organization","name":"Fundanci\u00f3n IRES","url":"https:\/\/www.fundacioires.org\/","logo":{"@type":"ImageObject","inLanguage":"ca-ES","@id":"https:\/\/www.fundacioires.org\/#\/schema\/logo\/image\/","url":"https:\/\/i0.wp.com\/www.fundacioires.org\/wp-content\/uploads\/faviconIRES.png?fit=32%2C32&ssl=1","contentUrl":"https:\/\/i0.wp.com\/www.fundacioires.org\/wp-content\/uploads\/faviconIRES.png?fit=32%2C32&ssl=1","width":32,"height":32,"caption":"Fundanci\u00f3n IRES"},"image":{"@id":"https:\/\/www.fundacioires.org\/#\/schema\/logo\/image\/"}},{"@type":"Person","@id":"https:\/\/www.fundacioires.org\/#\/schema\/person\/160af843c565221ef4664a5c7000791c","name":"Fundaci\u00f3 IRES"}]}},"jetpack_featured_media_url":"https:\/\/i0.wp.com\/www.fundacioires.org\/wp-content\/uploads\/PLANTILLA-NOTIS-WEB-4-4.jpg?fit=1200%2C628&ssl=1","jetpack_sharing_enabled":true,"_links":{"self":[{"href":"https:\/\/www.fundacioires.org\/ca\/wp-json\/wp\/v2\/posts\/81393","targetHints":{"allow":["GET"]}}],"collection":[{"href":"https:\/\/www.fundacioires.org\/ca\/wp-json\/wp\/v2\/posts"}],"about":[{"href":"https:\/\/www.fundacioires.org\/ca\/wp-json\/wp\/v2\/types\/post"}],"author":[{"embeddable":true,"href":"https:\/\/www.fundacioires.org\/ca\/wp-json\/wp\/v2\/users\/7"}],"replies":[{"embeddable":true,"href":"https:\/\/www.fundacioires.org\/ca\/wp-json\/wp\/v2\/comments?post=81393"}],"version-history":[{"count":2,"href":"https:\/\/www.fundacioires.org\/ca\/wp-json\/wp\/v2\/posts\/81393\/revisions"}],"predecessor-version":[{"id":81397,"href":"https:\/\/www.fundacioires.org\/ca\/wp-json\/wp\/v2\/posts\/81393\/revisions\/81397"}],"wp:featuredmedia":[{"embeddable":true,"href":"https:\/\/www.fundacioires.org\/ca\/wp-json\/wp\/v2\/media\/81395"}],"wp:attachment":[{"href":"https:\/\/www.fundacioires.org\/ca\/wp-json\/wp\/v2\/media?parent=81393"}],"wp:term":[{"taxonomy":"category","embeddable":true,"href":"https:\/\/www.fundacioires.org\/ca\/wp-json\/wp\/v2\/categories?post=81393"},{"taxonomy":"post_tag","embeddable":true,"href":"https:\/\/www.fundacioires.org\/ca\/wp-json\/wp\/v2\/tags?post=81393"}],"curies":[{"name":"wp","href":"https:\/\/api.w.org\/{rel}","templated":true}]}}