{"id":81413,"date":"2025-11-07T21:06:30","date_gmt":"2025-11-07T20:06:30","guid":{"rendered":"https:\/\/www.fundacioires.org\/?p=81413"},"modified":"2026-03-10T12:11:26","modified_gmt":"2026-03-10T11:11:26","slug":"caeb-alianca-ires","status":"publish","type":"post","link":"https:\/\/www.fundacioires.org\/ca\/caeb-alianca-ires\/","title":{"rendered":"Les empreses, aliades clau en la transformaci\u00f3 social"},"content":{"rendered":"\n<p>A la<strong> Fundaci\u00f3 IRES<\/strong> creiem en les aliances amb empreses com a motor d\u2019impacte social. Aquestes col\u00b7laboracions ens van ajudar el 2024 a atendre a Catalunya i les Illes Balears 18.635 persones que viuen situacions que fan que el seu risc de pobresa i exclusi\u00f3 social sigui molt elevat. I \u00e9s que cada acci\u00f3 compartida contribueix a la nostra missi\u00f3: acompanyar persones i fam\u00edlies que afronten diferents situacions de vulnerabilitat, per transformar-les en una oportunitat de canvi vital.<\/p>\n\n\n\n<p>Amb aquesta perspectiva, el\u00a0 2025 hem continuat enfortint els nostres vincles amb empreses que volen alinear la seva activitat amb el seu impacte social. Una mostra d\u2019aquesta aposta \u00e9s l\u2019acord amb la <strong>Confederaci\u00f3n de Asociaciones Empresariales de Baleares (CAEB)<\/strong>, per apropar l\u2019acci\u00f3 social al m\u00f3n empresarial de les Illes Balears. Fruit d\u2019aquesta alian\u00e7a, s\u2019ha elaborat un v\u00eddeo que mostra exemples de com l\u2019empresa i el tercer sector poden caminar plegades.<\/p>\n\n\n\n<figure class=\"wp-block-embed is-type-video is-provider-youtube wp-block-embed-youtube wp-embed-aspect-16-9 wp-has-aspect-ratio\"><div class=\"wp-block-embed__wrapper\">\n<iframe loading=\"lazy\" title=\"Fomentant l\u00b4acci\u00f3 social empresarial: Fundaci\u00f3n IRES\" width=\"500\" height=\"281\" src=\"https:\/\/www.youtube.com\/embed\/nKRmxYb85_I?feature=oembed\" frameborder=\"0\" allow=\"accelerometer; autoplay; clipboard-write; encrypted-media; gyroscope; picture-in-picture; web-share\" referrerpolicy=\"strict-origin-when-cross-origin\" allowfullscreen><\/iframe>\n<\/div><\/figure>\n\n\n\n<h2 class=\"wp-block-heading\"><strong>Transforma el comprom\u00eds de la teva empresa en acci\u00f3 social real<\/strong><\/h2>\n\n\n\n<p>En el marc d\u2019aquestes aliances, a la Fundaci\u00f3 IRES oferim un model flexible de col\u00b7laboraci\u00f3, on les empreses poden triar la manera d\u2019implicar-se que millor s\u2019adapti a la seva activitat, els seus recursos i el seu prop\u00f2sit. Algunes opcions s\u00f3n<a><\/a>:<\/p>\n\n\n\n<ul class=\"wp-block-list\">\n<li><strong>Formacions per a equips<\/strong> en temes socials, d\u2019igualtat i de RSC<\/li>\n\n\n\n<li><strong>Voluntariat corporatiu<\/strong> en projectes socials de proximitat<\/li>\n\n\n\n<li><strong>Donacions o mecenatge<\/strong> de projectes concrets<\/li>\n\n\n\n<li><strong>Campanyes conjuntes de sensibilitzaci\u00f3 i comunicaci\u00f3<\/strong><\/li>\n<\/ul>\n\n\n\n<h2 class=\"wp-block-heading\"><strong>Descobreix algunes accions impulsades de la m\u00e0 d\u2019empreses<\/strong><\/h2>\n\n\n\n<ul class=\"wp-block-list\">\n<li><strong>Una rosa per una causa: <\/strong>\u00a0Empreses de diferents sectors acosten la tradici\u00f3 de Sant Jordi als seus equips amb roses solid\u00e0ries. Una acci\u00f3 senzilla per\u00f2 amb un gran impacte social.<\/li>\n\n\n\n<li><strong>Hotel Invisible: <\/strong>Un programa de sensibilitzaci\u00f3 creada amb el Gremi d\u2019Hotels de Barcelona i la implicaci\u00f3 de diferents hotels amb l\u2019objectiu d\u2019oferir atenci\u00f3 integral als nens i nenes i a les seves fam\u00edlies en situaci\u00f3 de vulnerabilitat a Palma i Barcelona.<\/li>\n\n\n\n<li> <strong>Beques Click<\/strong>: Programa socioeducatiu dissenyat perqu\u00e8 nois i noies en situaci\u00f3 de vulnerabilitat descobreixin i potenci\u00efn les seves pr\u00f2pies capacitats. L\u2019any passat va becar 37 joves gr\u00e0cies al comprom\u00eds de diverses empreses.<\/li>\n<\/ul>\n\n\n\n<p>Aquests s\u00f3n nom\u00e9s alguns exemples. Des de la Fundaci\u00f3 IRES proporcionem acompanyament personalitzat per trobar la f\u00f3rmula de col\u00b7laboraci\u00f3 m\u00e9s adequada per cada empresa.<\/p>\n\n\n\n<p><strong>Vols sumar la teva empresa a la xarxa que canvia vides?<\/strong><\/p>\n\n\n\n<div class=\"wp-block-buttons is-content-justification-center is-layout-flex wp-container-core-buttons-is-layout-16018d1d wp-block-buttons-is-layout-flex\">\n<div class=\"wp-block-button\"><a class=\"wp-block-button__link has-background wp-element-button\" href=\"https:\/\/www.fundacioires.org\/ca\/que-fem\/formacio-bonificada-empreses\/\" style=\"background-color:#1cab8b\"><strong>Informa&#8217;t de les nostres formacions!<\/strong><\/a><\/div>\n<\/div>\n","protected":false},"excerpt":{"rendered":"<p>L\u2019acord entre l\u2019IRES i CAEB apropa l\u2019acci\u00f3 social al m\u00f3n empresarial a les Illes Balears.<\/p>\n","protected":false},"author":7,"featured_media":81414,"comment_status":"closed","ping_status":"closed","sticky":false,"template":"","format":"standard","meta":{"_jetpack_memberships_contains_paid_content":false,"footnotes":""},"categories":[17],"tags":[],"class_list":["post-81413","post","type-post","status-publish","format-standard","has-post-thumbnail","hentry","category-sense-categoria"],"yoast_head":"<!-- This site is optimized with the Yoast SEO plugin v27.4 - https:\/\/yoast.com\/product\/yoast-seo-wordpress\/ -->\n<title>Les empreses, aliades clau en la transformaci\u00f3 social - Fundaci\u00f3 IRES<\/title>\n<meta name=\"description\" content=\"L\u2019acord entre la Fundaci\u00f3 IRES i CAEB apropa l\u2019acci\u00f3 social al m\u00f3n empresarial a les Illes Balears. Descobeix la col\u00b7laboraci\u00f3!\" \/>\n<meta name=\"robots\" content=\"index, follow, max-snippet:-1, max-image-preview:large, max-video-preview:-1\" \/>\n<link rel=\"canonical\" href=\"https:\/\/www.fundacioires.org\/ca\/caeb-alianca-ires\/\" \/>\n<meta property=\"og:locale\" content=\"ca_ES\" \/>\n<meta property=\"og:type\" content=\"article\" \/>\n<meta property=\"og:title\" content=\"Les empreses, aliades clau en la transformaci\u00f3 social - Fundaci\u00f3 IRES\" \/>\n<meta property=\"og:description\" content=\"L\u2019acord entre la Fundaci\u00f3 IRES i CAEB apropa l\u2019acci\u00f3 social al m\u00f3n empresarial a les Illes Balears. Descobeix la col\u00b7laboraci\u00f3!\" \/>\n<meta property=\"og:url\" content=\"https:\/\/www.fundacioires.org\/ca\/caeb-alianca-ires\/\" \/>\n<meta property=\"og:site_name\" content=\"Fundaci\u00f3 IRES\" \/>\n<meta property=\"article:published_time\" content=\"2025-11-07T20:06:30+00:00\" \/>\n<meta property=\"article:modified_time\" content=\"2026-03-10T11:11:26+00:00\" \/>\n<meta property=\"og:image\" content=\"https:\/\/www.fundacioires.org\/wp-content\/uploads\/PLANTILLA-NOTIS-WEB-12-1.png\" \/>\n\t<meta property=\"og:image:width\" content=\"1200\" \/>\n\t<meta property=\"og:image:height\" content=\"628\" \/>\n\t<meta property=\"og:image:type\" content=\"image\/png\" \/>\n<meta name=\"author\" content=\"Fundaci\u00f3 IRES\" \/>\n<meta name=\"twitter:card\" content=\"summary_large_image\" \/>\n<meta name=\"twitter:label1\" content=\"Written by\" \/>\n\t<meta name=\"twitter:data1\" content=\"Fundaci\u00f3 IRES\" \/>\n\t<meta name=\"twitter:label2\" content=\"Est. reading time\" \/>\n\t<meta name=\"twitter:data2\" content=\"2 minutes\" \/>\n<script type=\"application\/ld+json\" class=\"yoast-schema-graph\">{\"@context\":\"https:\\\/\\\/schema.org\",\"@graph\":[{\"@type\":\"Article\",\"@id\":\"https:\\\/\\\/www.fundacioires.org\\\/ca\\\/caeb-alianca-ires\\\/#article\",\"isPartOf\":{\"@id\":\"https:\\\/\\\/www.fundacioires.org\\\/ca\\\/caeb-alianca-ires\\\/\"},\"author\":{\"name\":\"Fundaci\u00f3 IRES\",\"@id\":\"https:\\\/\\\/www.fundacioires.org\\\/#\\\/schema\\\/person\\\/160af843c565221ef4664a5c7000791c\"},\"headline\":\"Les empreses, aliades clau en la transformaci\u00f3 social\",\"datePublished\":\"2025-11-07T20:06:30+00:00\",\"dateModified\":\"2026-03-10T11:11:26+00:00\",\"mainEntityOfPage\":{\"@id\":\"https:\\\/\\\/www.fundacioires.org\\\/ca\\\/caeb-alianca-ires\\\/\"},\"wordCount\":430,\"publisher\":{\"@id\":\"https:\\\/\\\/www.fundacioires.org\\\/#organization\"},\"image\":{\"@id\":\"https:\\\/\\\/www.fundacioires.org\\\/ca\\\/caeb-alianca-ires\\\/#primaryimage\"},\"thumbnailUrl\":\"https:\\\/\\\/i0.wp.com\\\/www.fundacioires.org\\\/wp-content\\\/uploads\\\/PLANTILLA-NOTIS-WEB-12-1.png?fit=1200%2C628&ssl=1\",\"articleSection\":[\"Sense categoria\"],\"inLanguage\":\"ca-ES\"},{\"@type\":\"WebPage\",\"@id\":\"https:\\\/\\\/www.fundacioires.org\\\/ca\\\/caeb-alianca-ires\\\/\",\"url\":\"https:\\\/\\\/www.fundacioires.org\\\/ca\\\/caeb-alianca-ires\\\/\",\"name\":\"Les empreses, aliades clau en la transformaci\u00f3 social - Fundaci\u00f3 IRES\",\"isPartOf\":{\"@id\":\"https:\\\/\\\/www.fundacioires.org\\\/#website\"},\"primaryImageOfPage\":{\"@id\":\"https:\\\/\\\/www.fundacioires.org\\\/ca\\\/caeb-alianca-ires\\\/#primaryimage\"},\"image\":{\"@id\":\"https:\\\/\\\/www.fundacioires.org\\\/ca\\\/caeb-alianca-ires\\\/#primaryimage\"},\"thumbnailUrl\":\"https:\\\/\\\/i0.wp.com\\\/www.fundacioires.org\\\/wp-content\\\/uploads\\\/PLANTILLA-NOTIS-WEB-12-1.png?fit=1200%2C628&ssl=1\",\"datePublished\":\"2025-11-07T20:06:30+00:00\",\"dateModified\":\"2026-03-10T11:11:26+00:00\",\"description\":\"L\u2019acord entre la Fundaci\u00f3 IRES i CAEB apropa l\u2019acci\u00f3 social al m\u00f3n empresarial a les Illes Balears. Descobeix la col\u00b7laboraci\u00f3!\",\"breadcrumb\":{\"@id\":\"https:\\\/\\\/www.fundacioires.org\\\/ca\\\/caeb-alianca-ires\\\/#breadcrumb\"},\"inLanguage\":\"ca-ES\",\"potentialAction\":[{\"@type\":\"ReadAction\",\"target\":[\"https:\\\/\\\/www.fundacioires.org\\\/ca\\\/caeb-alianca-ires\\\/\"]}]},{\"@type\":\"ImageObject\",\"inLanguage\":\"ca-ES\",\"@id\":\"https:\\\/\\\/www.fundacioires.org\\\/ca\\\/caeb-alianca-ires\\\/#primaryimage\",\"url\":\"https:\\\/\\\/i0.wp.com\\\/www.fundacioires.org\\\/wp-content\\\/uploads\\\/PLANTILLA-NOTIS-WEB-12-1.png?fit=1200%2C628&ssl=1\",\"contentUrl\":\"https:\\\/\\\/i0.wp.com\\\/www.fundacioires.org\\\/wp-content\\\/uploads\\\/PLANTILLA-NOTIS-WEB-12-1.png?fit=1200%2C628&ssl=1\",\"width\":1200,\"height\":628},{\"@type\":\"BreadcrumbList\",\"@id\":\"https:\\\/\\\/www.fundacioires.org\\\/ca\\\/caeb-alianca-ires\\\/#breadcrumb\",\"itemListElement\":[{\"@type\":\"ListItem\",\"position\":1,\"name\":\"Portada\",\"item\":\"https:\\\/\\\/www.fundacioires.org\\\/\"},{\"@type\":\"ListItem\",\"position\":2,\"name\":\"Les empreses, aliades clau en la transformaci\u00f3 social\"}]},{\"@type\":\"WebSite\",\"@id\":\"https:\\\/\\\/www.fundacioires.org\\\/#website\",\"url\":\"https:\\\/\\\/www.fundacioires.org\\\/\",\"name\":\"Fundaci\u00f3 IRES\",\"description\":\"\",\"publisher\":{\"@id\":\"https:\\\/\\\/www.fundacioires.org\\\/#organization\"},\"potentialAction\":[{\"@type\":\"SearchAction\",\"target\":{\"@type\":\"EntryPoint\",\"urlTemplate\":\"https:\\\/\\\/www.fundacioires.org\\\/?s={search_term_string}\"},\"query-input\":{\"@type\":\"PropertyValueSpecification\",\"valueRequired\":true,\"valueName\":\"search_term_string\"}}],\"inLanguage\":\"ca-ES\"},{\"@type\":\"Organization\",\"@id\":\"https:\\\/\\\/www.fundacioires.org\\\/#organization\",\"name\":\"Fundanci\u00f3n IRES\",\"url\":\"https:\\\/\\\/www.fundacioires.org\\\/\",\"logo\":{\"@type\":\"ImageObject\",\"inLanguage\":\"ca-ES\",\"@id\":\"https:\\\/\\\/www.fundacioires.org\\\/#\\\/schema\\\/logo\\\/image\\\/\",\"url\":\"https:\\\/\\\/i0.wp.com\\\/www.fundacioires.org\\\/wp-content\\\/uploads\\\/faviconIRES.png?fit=32%2C32&ssl=1\",\"contentUrl\":\"https:\\\/\\\/i0.wp.com\\\/www.fundacioires.org\\\/wp-content\\\/uploads\\\/faviconIRES.png?fit=32%2C32&ssl=1\",\"width\":32,\"height\":32,\"caption\":\"Fundanci\u00f3n IRES\"},\"image\":{\"@id\":\"https:\\\/\\\/www.fundacioires.org\\\/#\\\/schema\\\/logo\\\/image\\\/\"}},{\"@type\":\"Person\",\"@id\":\"https:\\\/\\\/www.fundacioires.org\\\/#\\\/schema\\\/person\\\/160af843c565221ef4664a5c7000791c\",\"name\":\"Fundaci\u00f3 IRES\"}]}<\/script>\n<!-- \/ Yoast SEO plugin. -->","yoast_head_json":{"title":"Les empreses, aliades clau en la transformaci\u00f3 social - Fundaci\u00f3 IRES","description":"L\u2019acord entre la Fundaci\u00f3 IRES i CAEB apropa l\u2019acci\u00f3 social al m\u00f3n empresarial a les Illes Balears. Descobeix la col\u00b7laboraci\u00f3!","robots":{"index":"index","follow":"follow","max-snippet":"max-snippet:-1","max-image-preview":"max-image-preview:large","max-video-preview":"max-video-preview:-1"},"canonical":"https:\/\/www.fundacioires.org\/ca\/caeb-alianca-ires\/","og_locale":"ca_ES","og_type":"article","og_title":"Les empreses, aliades clau en la transformaci\u00f3 social - Fundaci\u00f3 IRES","og_description":"L\u2019acord entre la Fundaci\u00f3 IRES i CAEB apropa l\u2019acci\u00f3 social al m\u00f3n empresarial a les Illes Balears. Descobeix la col\u00b7laboraci\u00f3!","og_url":"https:\/\/www.fundacioires.org\/ca\/caeb-alianca-ires\/","og_site_name":"Fundaci\u00f3 IRES","article_published_time":"2025-11-07T20:06:30+00:00","article_modified_time":"2026-03-10T11:11:26+00:00","og_image":[{"width":1200,"height":628,"url":"https:\/\/www.fundacioires.org\/wp-content\/uploads\/PLANTILLA-NOTIS-WEB-12-1.png","type":"image\/png"}],"author":"Fundaci\u00f3 IRES","twitter_card":"summary_large_image","twitter_misc":{"Written by":"Fundaci\u00f3 IRES","Est. reading time":"2 minutes"},"schema":{"@context":"https:\/\/schema.org","@graph":[{"@type":"Article","@id":"https:\/\/www.fundacioires.org\/ca\/caeb-alianca-ires\/#article","isPartOf":{"@id":"https:\/\/www.fundacioires.org\/ca\/caeb-alianca-ires\/"},"author":{"name":"Fundaci\u00f3 IRES","@id":"https:\/\/www.fundacioires.org\/#\/schema\/person\/160af843c565221ef4664a5c7000791c"},"headline":"Les empreses, aliades clau en la transformaci\u00f3 social","datePublished":"2025-11-07T20:06:30+00:00","dateModified":"2026-03-10T11:11:26+00:00","mainEntityOfPage":{"@id":"https:\/\/www.fundacioires.org\/ca\/caeb-alianca-ires\/"},"wordCount":430,"publisher":{"@id":"https:\/\/www.fundacioires.org\/#organization"},"image":{"@id":"https:\/\/www.fundacioires.org\/ca\/caeb-alianca-ires\/#primaryimage"},"thumbnailUrl":"https:\/\/i0.wp.com\/www.fundacioires.org\/wp-content\/uploads\/PLANTILLA-NOTIS-WEB-12-1.png?fit=1200%2C628&ssl=1","articleSection":["Sense categoria"],"inLanguage":"ca-ES"},{"@type":"WebPage","@id":"https:\/\/www.fundacioires.org\/ca\/caeb-alianca-ires\/","url":"https:\/\/www.fundacioires.org\/ca\/caeb-alianca-ires\/","name":"Les empreses, aliades clau en la transformaci\u00f3 social - Fundaci\u00f3 IRES","isPartOf":{"@id":"https:\/\/www.fundacioires.org\/#website"},"primaryImageOfPage":{"@id":"https:\/\/www.fundacioires.org\/ca\/caeb-alianca-ires\/#primaryimage"},"image":{"@id":"https:\/\/www.fundacioires.org\/ca\/caeb-alianca-ires\/#primaryimage"},"thumbnailUrl":"https:\/\/i0.wp.com\/www.fundacioires.org\/wp-content\/uploads\/PLANTILLA-NOTIS-WEB-12-1.png?fit=1200%2C628&ssl=1","datePublished":"2025-11-07T20:06:30+00:00","dateModified":"2026-03-10T11:11:26+00:00","description":"L\u2019acord entre la Fundaci\u00f3 IRES i CAEB apropa l\u2019acci\u00f3 social al m\u00f3n empresarial a les Illes Balears. Descobeix la col\u00b7laboraci\u00f3!","breadcrumb":{"@id":"https:\/\/www.fundacioires.org\/ca\/caeb-alianca-ires\/#breadcrumb"},"inLanguage":"ca-ES","potentialAction":[{"@type":"ReadAction","target":["https:\/\/www.fundacioires.org\/ca\/caeb-alianca-ires\/"]}]},{"@type":"ImageObject","inLanguage":"ca-ES","@id":"https:\/\/www.fundacioires.org\/ca\/caeb-alianca-ires\/#primaryimage","url":"https:\/\/i0.wp.com\/www.fundacioires.org\/wp-content\/uploads\/PLANTILLA-NOTIS-WEB-12-1.png?fit=1200%2C628&ssl=1","contentUrl":"https:\/\/i0.wp.com\/www.fundacioires.org\/wp-content\/uploads\/PLANTILLA-NOTIS-WEB-12-1.png?fit=1200%2C628&ssl=1","width":1200,"height":628},{"@type":"BreadcrumbList","@id":"https:\/\/www.fundacioires.org\/ca\/caeb-alianca-ires\/#breadcrumb","itemListElement":[{"@type":"ListItem","position":1,"name":"Portada","item":"https:\/\/www.fundacioires.org\/"},{"@type":"ListItem","position":2,"name":"Les empreses, aliades clau en la transformaci\u00f3 social"}]},{"@type":"WebSite","@id":"https:\/\/www.fundacioires.org\/#website","url":"https:\/\/www.fundacioires.org\/","name":"Fundaci\u00f3 IRES","description":"","publisher":{"@id":"https:\/\/www.fundacioires.org\/#organization"},"potentialAction":[{"@type":"SearchAction","target":{"@type":"EntryPoint","urlTemplate":"https:\/\/www.fundacioires.org\/?s={search_term_string}"},"query-input":{"@type":"PropertyValueSpecification","valueRequired":true,"valueName":"search_term_string"}}],"inLanguage":"ca-ES"},{"@type":"Organization","@id":"https:\/\/www.fundacioires.org\/#organization","name":"Fundanci\u00f3n IRES","url":"https:\/\/www.fundacioires.org\/","logo":{"@type":"ImageObject","inLanguage":"ca-ES","@id":"https:\/\/www.fundacioires.org\/#\/schema\/logo\/image\/","url":"https:\/\/i0.wp.com\/www.fundacioires.org\/wp-content\/uploads\/faviconIRES.png?fit=32%2C32&ssl=1","contentUrl":"https:\/\/i0.wp.com\/www.fundacioires.org\/wp-content\/uploads\/faviconIRES.png?fit=32%2C32&ssl=1","width":32,"height":32,"caption":"Fundanci\u00f3n IRES"},"image":{"@id":"https:\/\/www.fundacioires.org\/#\/schema\/logo\/image\/"}},{"@type":"Person","@id":"https:\/\/www.fundacioires.org\/#\/schema\/person\/160af843c565221ef4664a5c7000791c","name":"Fundaci\u00f3 IRES"}]}},"jetpack_featured_media_url":"https:\/\/i0.wp.com\/www.fundacioires.org\/wp-content\/uploads\/PLANTILLA-NOTIS-WEB-12-1.png?fit=1200%2C628&ssl=1","jetpack_sharing_enabled":true,"_links":{"self":[{"href":"https:\/\/www.fundacioires.org\/ca\/wp-json\/wp\/v2\/posts\/81413","targetHints":{"allow":["GET"]}}],"collection":[{"href":"https:\/\/www.fundacioires.org\/ca\/wp-json\/wp\/v2\/posts"}],"about":[{"href":"https:\/\/www.fundacioires.org\/ca\/wp-json\/wp\/v2\/types\/post"}],"author":[{"embeddable":true,"href":"https:\/\/www.fundacioires.org\/ca\/wp-json\/wp\/v2\/users\/7"}],"replies":[{"embeddable":true,"href":"https:\/\/www.fundacioires.org\/ca\/wp-json\/wp\/v2\/comments?post=81413"}],"version-history":[{"count":1,"href":"https:\/\/www.fundacioires.org\/ca\/wp-json\/wp\/v2\/posts\/81413\/revisions"}],"predecessor-version":[{"id":81416,"href":"https:\/\/www.fundacioires.org\/ca\/wp-json\/wp\/v2\/posts\/81413\/revisions\/81416"}],"wp:featuredmedia":[{"embeddable":true,"href":"https:\/\/www.fundacioires.org\/ca\/wp-json\/wp\/v2\/media\/81414"}],"wp:attachment":[{"href":"https:\/\/www.fundacioires.org\/ca\/wp-json\/wp\/v2\/media?parent=81413"}],"wp:term":[{"taxonomy":"category","embeddable":true,"href":"https:\/\/www.fundacioires.org\/ca\/wp-json\/wp\/v2\/categories?post=81413"},{"taxonomy":"post_tag","embeddable":true,"href":"https:\/\/www.fundacioires.org\/ca\/wp-json\/wp\/v2\/tags?post=81413"}],"curies":[{"name":"wp","href":"https:\/\/api.w.org\/{rel}","templated":true}]}}