{"id":82095,"date":"2025-12-23T12:55:52","date_gmt":"2025-12-23T11:55:52","guid":{"rendered":"https:\/\/www.fundacioires.org\/?p=82095"},"modified":"2026-03-10T12:11:25","modified_gmt":"2026-03-10T11:11:25","slug":"christmas-family-fest-2025","status":"publish","type":"post","link":"https:\/\/www.fundacioires.org\/ca\/christmas-family-fest-2025\/","title":{"rendered":"M\u00e9s de 700 persones se sumen al Christmas Family Fest per regalar somriures als infants que m\u00e9s ho necessiten"},"content":{"rendered":"\n<p>Aquest diumenge, 21 de desembre, <strong>Luz de Gas<\/strong> ha estat l\u2019escenari de la primera edici\u00f3 del <strong>Christmas Family Fest Solidari<\/strong>, una jornada plena de m\u00e0gia, m\u00fasica i diversi\u00f3 que far\u00e0 possible que nens i nenes en situaci\u00f3 de vulnerabilitat puguin viure unes festes amb il\u00b7lusi\u00f3.<\/p>\n\n\n\n<p>Gr\u00e0cies a la generositat de m\u00e9s de 700 persones, s\u2019han recaptat 13.000 euros, a trav\u00e9s de les entrades, les donacions i la subhasta solid\u00e0ria celebrada durant el festival.&nbsp;L\u2019acci\u00f3 s\u2019emmarca dins la campanya <strong><a href=\"https:\/\/www.fundacioires.org\/ca\/joguines-per-a-regalar-somriures-2025\/\">\u201cJoguines per a regalar somriures\u201d<\/a><\/strong>, impulsada per <strong><a href=\"https:\/\/www.instagram.com\/irinasoldevila\/\">Irina Soldevila<\/a><\/strong>, psic\u00f2loga i creadora de continguts, en col\u00b7laboraci\u00f3 amb la Fundaci\u00f3 IRES. Aquesta campanya parteix del convenciment que el seu \u00e8xit est\u00e0 en els somriures dels infants quan veuen els seus desitjos convertits en realitat el dia de Reis.<\/p>\n\n\n\n<h2 class=\"wp-block-heading has-text-color has-link-color wp-elements-e674c0df49e8095cbca5c08499db8acc\" style=\"color:#1cab8b\"><strong>Una festa per a tota la fam\u00edlia<\/strong><\/h2>\n\n\n\n<p>El <strong>concert del grup de m\u00fasica <\/strong><a href=\"https:\/\/www.instagram.com\/thetutsies\/\"><strong>The Tutsies<\/strong><\/a> ha estat el punt central d&#8217;aquesta festa destinada a les fam\u00edlies. A m\u00e9s de bona m\u00fasica, ha estat una tarda per a gaudir dels <strong>tallers infantils<\/strong>, manualitats i pintacaras, d\u2019un <strong>pica-pica <\/strong>i del <strong>fotomat\u00f3n<\/strong> per guardar un record del dia, entre d\u2019altres.<\/p>\n\n\n\n<p>Hem viscut una jornada en qu\u00e8 <strong>m\u00e9s de<\/strong> <strong>30 persones volunt\u00e0ries<\/strong> han sumat entusiasme i dedicaci\u00f3 durant tot el festival. A m\u00e9s, tothom ha pogut gaudir de quatre figures emblem\u00e0tiques de Nadal: un arbre molt divertit, un ninot de neu, un ren i un Grinch.<\/p>\n\n\n\n<p>Tota una <strong>tarda de sorpreses<\/strong> amb els sorteigs d\u2019un sopar al restaurant SOLC del Majestic Hotel&nbsp; &amp; SPA Barcelona i de 4 entrades dobles per a House of Candy i White Rabbit. Tamb\u00e9 s\u2019ha celebrat una subhasta solid\u00e0ria d&#8217;una samarreta signada per Eric Garc\u00eda i una pala signada per Juan Lebr\u00f3n, cedides expressament per contribuir a la causa.<\/p>\n\n\n\n<p>L\u2019esdeveniment ha estat presentat per la periodista Marta Sasot. Durant l\u2019acte, Andreu Soldevila, president de la Fundaci\u00f3 IRES, ha donat la benvinguda conjuntament amb Irina Soldevila, agraint la implicaci\u00f3 de totes les persones i organitzacions que hi han col\u00b7laborat. Per la seva banda, Nat\u00e0lia Valenzuela, directora de la Fundaci\u00f3, al final de la jornada tamb\u00e9 ha donat les <strong>gr\u00e0cies per la solidaritat mostrada en aquesta iniciativa<\/strong>, que contribueix a impulsar la causa social de l\u2019entitat.<\/p>\n\n\n\n<h2 class=\"wp-block-heading has-text-color has-link-color wp-elements-baad7b733bf02abba0ed4b95b05e7001\" style=\"color:#1cab8b\"><strong>Sis anys regalant somriures<\/strong><\/h2>\n\n\n\n<p>Gr\u00e0cies a la il\u00b7lusi\u00f3 i l\u2019impuls d\u2019Irina Soldevila, enguany ja s\u00f3n sis anys de la campanya <strong><a href=\"https:\/\/www.fundacioires.org\/ca\/joguines-per-a-regalar-somriures-2025\/\">\u201cJoguines per a regalar somriures\u201d<\/a>, <\/strong>que ha perm\u00e8s portar l\u2019alegria del Nadal a <strong>m\u00e9s de 1.500 infants<\/strong>, ajudant a que visquin unes festes nadalenques amb la m\u00e0gia d\u2019aquestes dates.<\/p>\n\n\n\n<blockquote class=\"wp-block-quote is-layout-flow wp-block-quote-is-layout-flow\">\n<p class=\"has-text-align-center has-text-color has-link-color wp-elements-f6ba53b39e5dcdee39ea5956305e2adc\" style=\"color:#1cab8b\">\u201cPerqu\u00e8 hi ha infants que somien molt fort, per\u00f2 a vegades els somnis necessiten un petit impuls per fer-se realitat\u201d (Irina Soldevila)<\/p>\n<\/blockquote>\n\n\n\n<p>Des de la Fundaci\u00f3 IRES, volem <strong>agrair la implicaci\u00f3 i el comprom\u00eds<\/strong> de totes les persones que han fet possible el Christmas Family Fest Solidari, en especial a: Luz de Gas, The Tutsies, Majestic Hotel &amp; SPA Barcelona, House of Candy, White Rabbit, Clinica Pfaff, Ponce Studio, Escola ARA, Danceescool, El Fornet, Flaixmat\u00f3n, Fourvenues, Maria Padilla i El Tardet.<\/p>\n\n\n\n<div class=\"wp-block-jetpack-slideshow aligncenter\" data-effect=\"slide\" style=\"--aspect-ratio:calc(1024 \/ 576)\"><div class=\"wp-block-jetpack-slideshow_container swiper\"><ul class=\"wp-block-jetpack-slideshow_swiper-wrapper swiper-wrapper\"><li class=\"wp-block-jetpack-slideshow_slide swiper-slide\"><figure><img data-recalc-dims=\"1\" loading=\"lazy\" decoding=\"async\" width=\"1024\" height=\"576\" alt=\"\" class=\"wp-block-jetpack-slideshow_image wp-image-82110\" data-id=\"82110\" data-aspect-ratio=\"1024 \/ 576\" src=\"https:\/\/i0.wp.com\/www.fundacioires.org\/wp-content\/uploads\/5-14.jpg?resize=1024%2C576&#038;ssl=1\" srcset=\"https:\/\/i0.wp.com\/www.fundacioires.org\/wp-content\/uploads\/5-14.jpg?resize=1024%2C576&amp;ssl=1 1024w, https:\/\/i0.wp.com\/www.fundacioires.org\/wp-content\/uploads\/5-14.jpg?resize=300%2C169&amp;ssl=1 300w, https:\/\/i0.wp.com\/www.fundacioires.org\/wp-content\/uploads\/5-14.jpg?resize=768%2C432&amp;ssl=1 768w, https:\/\/i0.wp.com\/www.fundacioires.org\/wp-content\/uploads\/5-14.jpg?resize=1536%2C864&amp;ssl=1 1536w, https:\/\/i0.wp.com\/www.fundacioires.org\/wp-content\/uploads\/5-14.jpg?w=1920&amp;ssl=1 1920w\" sizes=\"(max-width: 1000px) 100vw, 1000px\" \/><\/figure><\/li><li class=\"wp-block-jetpack-slideshow_slide swiper-slide\"><figure><img data-recalc-dims=\"1\" loading=\"lazy\" decoding=\"async\" width=\"1024\" height=\"576\" alt=\"\" class=\"wp-block-jetpack-slideshow_image wp-image-82104\" data-id=\"82104\" data-aspect-ratio=\"1024 \/ 576\" src=\"https:\/\/i0.wp.com\/www.fundacioires.org\/wp-content\/uploads\/2-20.jpg?resize=1024%2C576&#038;ssl=1\" srcset=\"https:\/\/i0.wp.com\/www.fundacioires.org\/wp-content\/uploads\/2-20.jpg?resize=1024%2C576&amp;ssl=1 1024w, https:\/\/i0.wp.com\/www.fundacioires.org\/wp-content\/uploads\/2-20.jpg?resize=300%2C169&amp;ssl=1 300w, https:\/\/i0.wp.com\/www.fundacioires.org\/wp-content\/uploads\/2-20.jpg?resize=768%2C432&amp;ssl=1 768w, https:\/\/i0.wp.com\/www.fundacioires.org\/wp-content\/uploads\/2-20.jpg?resize=1536%2C864&amp;ssl=1 1536w, https:\/\/i0.wp.com\/www.fundacioires.org\/wp-content\/uploads\/2-20.jpg?w=1920&amp;ssl=1 1920w\" sizes=\"(max-width: 1000px) 100vw, 1000px\" \/><\/figure><\/li><li class=\"wp-block-jetpack-slideshow_slide swiper-slide\"><figure><img data-recalc-dims=\"1\" loading=\"lazy\" decoding=\"async\" width=\"1024\" height=\"576\" alt=\"\" class=\"wp-block-jetpack-slideshow_image wp-image-82098\" data-id=\"82098\" data-aspect-ratio=\"1024 \/ 576\" src=\"https:\/\/i0.wp.com\/www.fundacioires.org\/wp-content\/uploads\/9-6.jpg?resize=1024%2C576&#038;ssl=1\" srcset=\"https:\/\/i0.wp.com\/www.fundacioires.org\/wp-content\/uploads\/9-6.jpg?resize=1024%2C576&amp;ssl=1 1024w, https:\/\/i0.wp.com\/www.fundacioires.org\/wp-content\/uploads\/9-6.jpg?resize=300%2C169&amp;ssl=1 300w, https:\/\/i0.wp.com\/www.fundacioires.org\/wp-content\/uploads\/9-6.jpg?resize=768%2C432&amp;ssl=1 768w, https:\/\/i0.wp.com\/www.fundacioires.org\/wp-content\/uploads\/9-6.jpg?resize=1536%2C864&amp;ssl=1 1536w, https:\/\/i0.wp.com\/www.fundacioires.org\/wp-content\/uploads\/9-6.jpg?w=1920&amp;ssl=1 1920w\" sizes=\"(max-width: 1000px) 100vw, 1000px\" \/><\/figure><\/li><li class=\"wp-block-jetpack-slideshow_slide swiper-slide\"><figure><img data-recalc-dims=\"1\" loading=\"lazy\" decoding=\"async\" width=\"1024\" height=\"576\" alt=\"\" class=\"wp-block-jetpack-slideshow_image wp-image-82106\" data-id=\"82106\" data-aspect-ratio=\"1024 \/ 576\" src=\"https:\/\/i0.wp.com\/www.fundacioires.org\/wp-content\/uploads\/3-18.jpg?resize=1024%2C576&#038;ssl=1\" srcset=\"https:\/\/i0.wp.com\/www.fundacioires.org\/wp-content\/uploads\/3-18.jpg?resize=1024%2C576&amp;ssl=1 1024w, https:\/\/i0.wp.com\/www.fundacioires.org\/wp-content\/uploads\/3-18.jpg?resize=300%2C169&amp;ssl=1 300w, https:\/\/i0.wp.com\/www.fundacioires.org\/wp-content\/uploads\/3-18.jpg?resize=768%2C432&amp;ssl=1 768w, https:\/\/i0.wp.com\/www.fundacioires.org\/wp-content\/uploads\/3-18.jpg?resize=1536%2C864&amp;ssl=1 1536w, https:\/\/i0.wp.com\/www.fundacioires.org\/wp-content\/uploads\/3-18.jpg?w=1920&amp;ssl=1 1920w\" sizes=\"(max-width: 1000px) 100vw, 1000px\" \/><\/figure><\/li><li class=\"wp-block-jetpack-slideshow_slide swiper-slide\"><figure><img data-recalc-dims=\"1\" loading=\"lazy\" decoding=\"async\" width=\"1024\" height=\"576\" alt=\"\" class=\"wp-block-jetpack-slideshow_image wp-image-82100\" data-id=\"82100\" data-aspect-ratio=\"1024 \/ 576\" src=\"https:\/\/i0.wp.com\/www.fundacioires.org\/wp-content\/uploads\/10-7.jpg?resize=1024%2C576&#038;ssl=1\" srcset=\"https:\/\/i0.wp.com\/www.fundacioires.org\/wp-content\/uploads\/10-7.jpg?resize=1024%2C576&amp;ssl=1 1024w, https:\/\/i0.wp.com\/www.fundacioires.org\/wp-content\/uploads\/10-7.jpg?resize=300%2C169&amp;ssl=1 300w, https:\/\/i0.wp.com\/www.fundacioires.org\/wp-content\/uploads\/10-7.jpg?resize=768%2C432&amp;ssl=1 768w, https:\/\/i0.wp.com\/www.fundacioires.org\/wp-content\/uploads\/10-7.jpg?resize=1536%2C864&amp;ssl=1 1536w, https:\/\/i0.wp.com\/www.fundacioires.org\/wp-content\/uploads\/10-7.jpg?w=1920&amp;ssl=1 1920w\" sizes=\"(max-width: 1000px) 100vw, 1000px\" \/><\/figure><\/li><li class=\"wp-block-jetpack-slideshow_slide swiper-slide\"><figure><img data-recalc-dims=\"1\" loading=\"lazy\" decoding=\"async\" width=\"1024\" height=\"576\" alt=\"\" class=\"wp-block-jetpack-slideshow_image wp-image-82114\" data-id=\"82114\" data-aspect-ratio=\"1024 \/ 576\" src=\"https:\/\/i0.wp.com\/www.fundacioires.org\/wp-content\/uploads\/7-9.jpg?resize=1024%2C576&#038;ssl=1\" srcset=\"https:\/\/i0.wp.com\/www.fundacioires.org\/wp-content\/uploads\/7-9.jpg?resize=1024%2C576&amp;ssl=1 1024w, https:\/\/i0.wp.com\/www.fundacioires.org\/wp-content\/uploads\/7-9.jpg?resize=300%2C169&amp;ssl=1 300w, https:\/\/i0.wp.com\/www.fundacioires.org\/wp-content\/uploads\/7-9.jpg?resize=768%2C432&amp;ssl=1 768w, https:\/\/i0.wp.com\/www.fundacioires.org\/wp-content\/uploads\/7-9.jpg?resize=1536%2C864&amp;ssl=1 1536w, https:\/\/i0.wp.com\/www.fundacioires.org\/wp-content\/uploads\/7-9.jpg?w=1920&amp;ssl=1 1920w\" sizes=\"(max-width: 1000px) 100vw, 1000px\" \/><\/figure><\/li><li class=\"wp-block-jetpack-slideshow_slide swiper-slide\"><figure><img data-recalc-dims=\"1\" loading=\"lazy\" decoding=\"async\" width=\"1024\" height=\"576\" alt=\"\" class=\"wp-block-jetpack-slideshow_image wp-image-82108\" data-id=\"82108\" data-aspect-ratio=\"1024 \/ 576\" src=\"https:\/\/i0.wp.com\/www.fundacioires.org\/wp-content\/uploads\/4-16.jpg?resize=1024%2C576&#038;ssl=1\" srcset=\"https:\/\/i0.wp.com\/www.fundacioires.org\/wp-content\/uploads\/4-16.jpg?resize=1024%2C576&amp;ssl=1 1024w, https:\/\/i0.wp.com\/www.fundacioires.org\/wp-content\/uploads\/4-16.jpg?resize=300%2C169&amp;ssl=1 300w, https:\/\/i0.wp.com\/www.fundacioires.org\/wp-content\/uploads\/4-16.jpg?resize=768%2C432&amp;ssl=1 768w, https:\/\/i0.wp.com\/www.fundacioires.org\/wp-content\/uploads\/4-16.jpg?resize=1536%2C864&amp;ssl=1 1536w, https:\/\/i0.wp.com\/www.fundacioires.org\/wp-content\/uploads\/4-16.jpg?w=1920&amp;ssl=1 1920w\" sizes=\"(max-width: 1000px) 100vw, 1000px\" \/><\/figure><\/li><\/ul><a class=\"wp-block-jetpack-slideshow_button-prev swiper-button-prev swiper-button-white\" role=\"button\"><\/a><a class=\"wp-block-jetpack-slideshow_button-next swiper-button-next swiper-button-white\" role=\"button\"><\/a><a aria-label=\"Pause Slideshow\" class=\"wp-block-jetpack-slideshow_button-pause\" role=\"button\"><\/a><div class=\"wp-block-jetpack-slideshow_pagination swiper-pagination swiper-pagination-white\"><\/div><\/div><\/div>\n\n\n\n<p class=\"has-text-align-center has-text-color has-background has-link-color wp-elements-52b1c58fd7c879329a7b3bff7107e3c1\" style=\"color:#1cab8b;background-color:#1bab8c14;font-size:18px\"><strong>\ud83d\udc9b Gr\u00e0cies per sumar esfor\u00e7os i solidaritat, i per seguir regalant somriures un Nadal m\u00e9s! \ud83c\udf84<\/strong><\/p>\n\n\n\n<div class=\"wp-block-buttons is-content-justification-center is-layout-flex wp-container-core-buttons-is-layout-16018d1d wp-block-buttons-is-layout-flex\">\n<div class=\"wp-block-button\"><a class=\"wp-block-button__link has-background has-text-align-center wp-element-button\" href=\"https:\/\/www.fundacioires.org\/ca\/joguines-per-a-regalar-somriures-2025\/\" style=\"background-color:#1cab8b\">joguinesperarepartirsomriures.org<\/a><\/div>\n<\/div>\n\n\n\n<p>A la Fundaci\u00f3 IRES #TuHoFasPossible. Aquest servei compta amb el suport del Departament de Drets socials de la Generalitat de Catalunya<\/p>\n","protected":false},"excerpt":{"rendered":"<p>Les entrades del concert solidari es convertiran en regals aquest Nadal per a nens i nenes en situaci\u00f3 de vulnerabilitat atesos per la Fundaci\u00f3 IRES.<\/p>\n","protected":false},"author":7,"featured_media":82096,"comment_status":"closed","ping_status":"closed","sticky":false,"template":"","format":"standard","meta":{"_jetpack_memberships_contains_paid_content":false,"footnotes":""},"categories":[24],"tags":[],"class_list":["post-82095","post","type-post","status-publish","format-standard","has-post-thumbnail","hentry","category-campanyes-de-captacio-i-sensibilitzacio"],"yoast_head":"<!-- This site is optimized with the Yoast SEO plugin v27.4 - https:\/\/yoast.com\/product\/yoast-seo-wordpress\/ -->\n<title>M\u00e9s de 700 persones se sumen al Christmas Family Fest per regalar somriures als infants que m\u00e9s ho necessiten - Fundaci\u00f3 IRES<\/title>\n<meta name=\"description\" content=\"Les entrades del concert solidari es convertiran en regals per a infants en situaci\u00f3 de vulnerabilitat atesos per la Fundaci\u00f3 aquest Nadal.\" \/>\n<meta name=\"robots\" content=\"index, follow, max-snippet:-1, max-image-preview:large, max-video-preview:-1\" \/>\n<link rel=\"canonical\" href=\"https:\/\/www.fundacioires.org\/ca\/christmas-family-fest-2025\/\" \/>\n<meta property=\"og:locale\" content=\"ca_ES\" \/>\n<meta property=\"og:type\" content=\"article\" \/>\n<meta property=\"og:title\" content=\"M\u00e9s de 700 persones se sumen al Christmas Family Fest per regalar somriures als infants que m\u00e9s ho necessiten - Fundaci\u00f3 IRES\" \/>\n<meta property=\"og:description\" content=\"Les entrades del concert solidari es convertiran en regals per a infants en situaci\u00f3 de vulnerabilitat atesos per la Fundaci\u00f3 aquest Nadal.\" \/>\n<meta property=\"og:url\" content=\"https:\/\/www.fundacioires.org\/ca\/christmas-family-fest-2025\/\" \/>\n<meta property=\"og:site_name\" content=\"Fundaci\u00f3 IRES\" \/>\n<meta property=\"article:published_time\" content=\"2025-12-23T11:55:52+00:00\" \/>\n<meta property=\"article:modified_time\" content=\"2026-03-10T11:11:25+00:00\" \/>\n<meta property=\"og:image\" content=\"https:\/\/www.fundacioires.org\/wp-content\/uploads\/CONCERT-SOLIDARI.png\" \/>\n\t<meta property=\"og:image:width\" content=\"1200\" \/>\n\t<meta property=\"og:image:height\" content=\"628\" \/>\n\t<meta property=\"og:image:type\" content=\"image\/png\" \/>\n<meta name=\"author\" content=\"Fundaci\u00f3 IRES\" \/>\n<meta name=\"twitter:card\" content=\"summary_large_image\" \/>\n<meta name=\"twitter:label1\" content=\"Written by\" \/>\n\t<meta name=\"twitter:data1\" content=\"Fundaci\u00f3 IRES\" \/>\n\t<meta name=\"twitter:label2\" content=\"Est. reading time\" \/>\n\t<meta name=\"twitter:data2\" content=\"4 minutes\" \/>\n<script type=\"application\/ld+json\" class=\"yoast-schema-graph\">{\"@context\":\"https:\\\/\\\/schema.org\",\"@graph\":[{\"@type\":\"Article\",\"@id\":\"https:\\\/\\\/www.fundacioires.org\\\/ca\\\/christmas-family-fest-2025\\\/#article\",\"isPartOf\":{\"@id\":\"https:\\\/\\\/www.fundacioires.org\\\/ca\\\/christmas-family-fest-2025\\\/\"},\"author\":{\"name\":\"Fundaci\u00f3 IRES\",\"@id\":\"https:\\\/\\\/www.fundacioires.org\\\/#\\\/schema\\\/person\\\/160af843c565221ef4664a5c7000791c\"},\"headline\":\"M\u00e9s de 700 persones se sumen al Christmas Family Fest per regalar somriures als infants que m\u00e9s ho necessiten\",\"datePublished\":\"2025-12-23T11:55:52+00:00\",\"dateModified\":\"2026-03-10T11:11:25+00:00\",\"mainEntityOfPage\":{\"@id\":\"https:\\\/\\\/www.fundacioires.org\\\/ca\\\/christmas-family-fest-2025\\\/\"},\"wordCount\":596,\"publisher\":{\"@id\":\"https:\\\/\\\/www.fundacioires.org\\\/#organization\"},\"image\":{\"@id\":\"https:\\\/\\\/www.fundacioires.org\\\/ca\\\/christmas-family-fest-2025\\\/#primaryimage\"},\"thumbnailUrl\":\"https:\\\/\\\/i0.wp.com\\\/www.fundacioires.org\\\/wp-content\\\/uploads\\\/CONCERT-SOLIDARI.png?fit=1200%2C628&ssl=1\",\"articleSection\":[\"Campanyes de captaci\u00f3 i sensibilitzaci\u00f3\"],\"inLanguage\":\"ca-ES\"},{\"@type\":\"WebPage\",\"@id\":\"https:\\\/\\\/www.fundacioires.org\\\/ca\\\/christmas-family-fest-2025\\\/\",\"url\":\"https:\\\/\\\/www.fundacioires.org\\\/ca\\\/christmas-family-fest-2025\\\/\",\"name\":\"M\u00e9s de 700 persones se sumen al Christmas Family Fest per regalar somriures als infants que m\u00e9s ho necessiten - Fundaci\u00f3 IRES\",\"isPartOf\":{\"@id\":\"https:\\\/\\\/www.fundacioires.org\\\/#website\"},\"primaryImageOfPage\":{\"@id\":\"https:\\\/\\\/www.fundacioires.org\\\/ca\\\/christmas-family-fest-2025\\\/#primaryimage\"},\"image\":{\"@id\":\"https:\\\/\\\/www.fundacioires.org\\\/ca\\\/christmas-family-fest-2025\\\/#primaryimage\"},\"thumbnailUrl\":\"https:\\\/\\\/i0.wp.com\\\/www.fundacioires.org\\\/wp-content\\\/uploads\\\/CONCERT-SOLIDARI.png?fit=1200%2C628&ssl=1\",\"datePublished\":\"2025-12-23T11:55:52+00:00\",\"dateModified\":\"2026-03-10T11:11:25+00:00\",\"description\":\"Les entrades del concert solidari es convertiran en regals per a infants en situaci\u00f3 de vulnerabilitat atesos per la Fundaci\u00f3 aquest Nadal.\",\"breadcrumb\":{\"@id\":\"https:\\\/\\\/www.fundacioires.org\\\/ca\\\/christmas-family-fest-2025\\\/#breadcrumb\"},\"inLanguage\":\"ca-ES\",\"potentialAction\":[{\"@type\":\"ReadAction\",\"target\":[\"https:\\\/\\\/www.fundacioires.org\\\/ca\\\/christmas-family-fest-2025\\\/\"]}]},{\"@type\":\"ImageObject\",\"inLanguage\":\"ca-ES\",\"@id\":\"https:\\\/\\\/www.fundacioires.org\\\/ca\\\/christmas-family-fest-2025\\\/#primaryimage\",\"url\":\"https:\\\/\\\/i0.wp.com\\\/www.fundacioires.org\\\/wp-content\\\/uploads\\\/CONCERT-SOLIDARI.png?fit=1200%2C628&ssl=1\",\"contentUrl\":\"https:\\\/\\\/i0.wp.com\\\/www.fundacioires.org\\\/wp-content\\\/uploads\\\/CONCERT-SOLIDARI.png?fit=1200%2C628&ssl=1\",\"width\":1200,\"height\":628},{\"@type\":\"BreadcrumbList\",\"@id\":\"https:\\\/\\\/www.fundacioires.org\\\/ca\\\/christmas-family-fest-2025\\\/#breadcrumb\",\"itemListElement\":[{\"@type\":\"ListItem\",\"position\":1,\"name\":\"Portada\",\"item\":\"https:\\\/\\\/www.fundacioires.org\\\/\"},{\"@type\":\"ListItem\",\"position\":2,\"name\":\"M\u00e9s de 700 persones se sumen al Christmas Family Fest per regalar somriures als infants que m\u00e9s ho necessiten\"}]},{\"@type\":\"WebSite\",\"@id\":\"https:\\\/\\\/www.fundacioires.org\\\/#website\",\"url\":\"https:\\\/\\\/www.fundacioires.org\\\/\",\"name\":\"Fundaci\u00f3 IRES\",\"description\":\"\",\"publisher\":{\"@id\":\"https:\\\/\\\/www.fundacioires.org\\\/#organization\"},\"potentialAction\":[{\"@type\":\"SearchAction\",\"target\":{\"@type\":\"EntryPoint\",\"urlTemplate\":\"https:\\\/\\\/www.fundacioires.org\\\/?s={search_term_string}\"},\"query-input\":{\"@type\":\"PropertyValueSpecification\",\"valueRequired\":true,\"valueName\":\"search_term_string\"}}],\"inLanguage\":\"ca-ES\"},{\"@type\":\"Organization\",\"@id\":\"https:\\\/\\\/www.fundacioires.org\\\/#organization\",\"name\":\"Fundanci\u00f3n IRES\",\"url\":\"https:\\\/\\\/www.fundacioires.org\\\/\",\"logo\":{\"@type\":\"ImageObject\",\"inLanguage\":\"ca-ES\",\"@id\":\"https:\\\/\\\/www.fundacioires.org\\\/#\\\/schema\\\/logo\\\/image\\\/\",\"url\":\"https:\\\/\\\/i0.wp.com\\\/www.fundacioires.org\\\/wp-content\\\/uploads\\\/faviconIRES.png?fit=32%2C32&ssl=1\",\"contentUrl\":\"https:\\\/\\\/i0.wp.com\\\/www.fundacioires.org\\\/wp-content\\\/uploads\\\/faviconIRES.png?fit=32%2C32&ssl=1\",\"width\":32,\"height\":32,\"caption\":\"Fundanci\u00f3n IRES\"},\"image\":{\"@id\":\"https:\\\/\\\/www.fundacioires.org\\\/#\\\/schema\\\/logo\\\/image\\\/\"}},{\"@type\":\"Person\",\"@id\":\"https:\\\/\\\/www.fundacioires.org\\\/#\\\/schema\\\/person\\\/160af843c565221ef4664a5c7000791c\",\"name\":\"Fundaci\u00f3 IRES\"}]}<\/script>\n<!-- \/ Yoast SEO plugin. -->","yoast_head_json":{"title":"M\u00e9s de 700 persones se sumen al Christmas Family Fest per regalar somriures als infants que m\u00e9s ho necessiten - Fundaci\u00f3 IRES","description":"Les entrades del concert solidari es convertiran en regals per a infants en situaci\u00f3 de vulnerabilitat atesos per la Fundaci\u00f3 aquest Nadal.","robots":{"index":"index","follow":"follow","max-snippet":"max-snippet:-1","max-image-preview":"max-image-preview:large","max-video-preview":"max-video-preview:-1"},"canonical":"https:\/\/www.fundacioires.org\/ca\/christmas-family-fest-2025\/","og_locale":"ca_ES","og_type":"article","og_title":"M\u00e9s de 700 persones se sumen al Christmas Family Fest per regalar somriures als infants que m\u00e9s ho necessiten - Fundaci\u00f3 IRES","og_description":"Les entrades del concert solidari es convertiran en regals per a infants en situaci\u00f3 de vulnerabilitat atesos per la Fundaci\u00f3 aquest Nadal.","og_url":"https:\/\/www.fundacioires.org\/ca\/christmas-family-fest-2025\/","og_site_name":"Fundaci\u00f3 IRES","article_published_time":"2025-12-23T11:55:52+00:00","article_modified_time":"2026-03-10T11:11:25+00:00","og_image":[{"width":1200,"height":628,"url":"https:\/\/www.fundacioires.org\/wp-content\/uploads\/CONCERT-SOLIDARI.png","type":"image\/png"}],"author":"Fundaci\u00f3 IRES","twitter_card":"summary_large_image","twitter_misc":{"Written by":"Fundaci\u00f3 IRES","Est. reading time":"4 minutes"},"schema":{"@context":"https:\/\/schema.org","@graph":[{"@type":"Article","@id":"https:\/\/www.fundacioires.org\/ca\/christmas-family-fest-2025\/#article","isPartOf":{"@id":"https:\/\/www.fundacioires.org\/ca\/christmas-family-fest-2025\/"},"author":{"name":"Fundaci\u00f3 IRES","@id":"https:\/\/www.fundacioires.org\/#\/schema\/person\/160af843c565221ef4664a5c7000791c"},"headline":"M\u00e9s de 700 persones se sumen al Christmas Family Fest per regalar somriures als infants que m\u00e9s ho necessiten","datePublished":"2025-12-23T11:55:52+00:00","dateModified":"2026-03-10T11:11:25+00:00","mainEntityOfPage":{"@id":"https:\/\/www.fundacioires.org\/ca\/christmas-family-fest-2025\/"},"wordCount":596,"publisher":{"@id":"https:\/\/www.fundacioires.org\/#organization"},"image":{"@id":"https:\/\/www.fundacioires.org\/ca\/christmas-family-fest-2025\/#primaryimage"},"thumbnailUrl":"https:\/\/i0.wp.com\/www.fundacioires.org\/wp-content\/uploads\/CONCERT-SOLIDARI.png?fit=1200%2C628&ssl=1","articleSection":["Campanyes de captaci\u00f3 i sensibilitzaci\u00f3"],"inLanguage":"ca-ES"},{"@type":"WebPage","@id":"https:\/\/www.fundacioires.org\/ca\/christmas-family-fest-2025\/","url":"https:\/\/www.fundacioires.org\/ca\/christmas-family-fest-2025\/","name":"M\u00e9s de 700 persones se sumen al Christmas Family Fest per regalar somriures als infants que m\u00e9s ho necessiten - Fundaci\u00f3 IRES","isPartOf":{"@id":"https:\/\/www.fundacioires.org\/#website"},"primaryImageOfPage":{"@id":"https:\/\/www.fundacioires.org\/ca\/christmas-family-fest-2025\/#primaryimage"},"image":{"@id":"https:\/\/www.fundacioires.org\/ca\/christmas-family-fest-2025\/#primaryimage"},"thumbnailUrl":"https:\/\/i0.wp.com\/www.fundacioires.org\/wp-content\/uploads\/CONCERT-SOLIDARI.png?fit=1200%2C628&ssl=1","datePublished":"2025-12-23T11:55:52+00:00","dateModified":"2026-03-10T11:11:25+00:00","description":"Les entrades del concert solidari es convertiran en regals per a infants en situaci\u00f3 de vulnerabilitat atesos per la Fundaci\u00f3 aquest Nadal.","breadcrumb":{"@id":"https:\/\/www.fundacioires.org\/ca\/christmas-family-fest-2025\/#breadcrumb"},"inLanguage":"ca-ES","potentialAction":[{"@type":"ReadAction","target":["https:\/\/www.fundacioires.org\/ca\/christmas-family-fest-2025\/"]}]},{"@type":"ImageObject","inLanguage":"ca-ES","@id":"https:\/\/www.fundacioires.org\/ca\/christmas-family-fest-2025\/#primaryimage","url":"https:\/\/i0.wp.com\/www.fundacioires.org\/wp-content\/uploads\/CONCERT-SOLIDARI.png?fit=1200%2C628&ssl=1","contentUrl":"https:\/\/i0.wp.com\/www.fundacioires.org\/wp-content\/uploads\/CONCERT-SOLIDARI.png?fit=1200%2C628&ssl=1","width":1200,"height":628},{"@type":"BreadcrumbList","@id":"https:\/\/www.fundacioires.org\/ca\/christmas-family-fest-2025\/#breadcrumb","itemListElement":[{"@type":"ListItem","position":1,"name":"Portada","item":"https:\/\/www.fundacioires.org\/"},{"@type":"ListItem","position":2,"name":"M\u00e9s de 700 persones se sumen al Christmas Family Fest per regalar somriures als infants que m\u00e9s ho necessiten"}]},{"@type":"WebSite","@id":"https:\/\/www.fundacioires.org\/#website","url":"https:\/\/www.fundacioires.org\/","name":"Fundaci\u00f3 IRES","description":"","publisher":{"@id":"https:\/\/www.fundacioires.org\/#organization"},"potentialAction":[{"@type":"SearchAction","target":{"@type":"EntryPoint","urlTemplate":"https:\/\/www.fundacioires.org\/?s={search_term_string}"},"query-input":{"@type":"PropertyValueSpecification","valueRequired":true,"valueName":"search_term_string"}}],"inLanguage":"ca-ES"},{"@type":"Organization","@id":"https:\/\/www.fundacioires.org\/#organization","name":"Fundanci\u00f3n IRES","url":"https:\/\/www.fundacioires.org\/","logo":{"@type":"ImageObject","inLanguage":"ca-ES","@id":"https:\/\/www.fundacioires.org\/#\/schema\/logo\/image\/","url":"https:\/\/i0.wp.com\/www.fundacioires.org\/wp-content\/uploads\/faviconIRES.png?fit=32%2C32&ssl=1","contentUrl":"https:\/\/i0.wp.com\/www.fundacioires.org\/wp-content\/uploads\/faviconIRES.png?fit=32%2C32&ssl=1","width":32,"height":32,"caption":"Fundanci\u00f3n IRES"},"image":{"@id":"https:\/\/www.fundacioires.org\/#\/schema\/logo\/image\/"}},{"@type":"Person","@id":"https:\/\/www.fundacioires.org\/#\/schema\/person\/160af843c565221ef4664a5c7000791c","name":"Fundaci\u00f3 IRES"}]}},"jetpack_featured_media_url":"https:\/\/i0.wp.com\/www.fundacioires.org\/wp-content\/uploads\/CONCERT-SOLIDARI.png?fit=1200%2C628&ssl=1","jetpack_sharing_enabled":true,"_links":{"self":[{"href":"https:\/\/www.fundacioires.org\/ca\/wp-json\/wp\/v2\/posts\/82095","targetHints":{"allow":["GET"]}}],"collection":[{"href":"https:\/\/www.fundacioires.org\/ca\/wp-json\/wp\/v2\/posts"}],"about":[{"href":"https:\/\/www.fundacioires.org\/ca\/wp-json\/wp\/v2\/types\/post"}],"author":[{"embeddable":true,"href":"https:\/\/www.fundacioires.org\/ca\/wp-json\/wp\/v2\/users\/7"}],"replies":[{"embeddable":true,"href":"https:\/\/www.fundacioires.org\/ca\/wp-json\/wp\/v2\/comments?post=82095"}],"version-history":[{"count":18,"href":"https:\/\/www.fundacioires.org\/ca\/wp-json\/wp\/v2\/posts\/82095\/revisions"}],"predecessor-version":[{"id":83297,"href":"https:\/\/www.fundacioires.org\/ca\/wp-json\/wp\/v2\/posts\/82095\/revisions\/83297"}],"wp:featuredmedia":[{"embeddable":true,"href":"https:\/\/www.fundacioires.org\/ca\/wp-json\/wp\/v2\/media\/82096"}],"wp:attachment":[{"href":"https:\/\/www.fundacioires.org\/ca\/wp-json\/wp\/v2\/media?parent=82095"}],"wp:term":[{"taxonomy":"category","embeddable":true,"href":"https:\/\/www.fundacioires.org\/ca\/wp-json\/wp\/v2\/categories?post=82095"},{"taxonomy":"post_tag","embeddable":true,"href":"https:\/\/www.fundacioires.org\/ca\/wp-json\/wp\/v2\/tags?post=82095"}],"curies":[{"name":"wp","href":"https:\/\/api.w.org\/{rel}","templated":true}]}}