{"id":82246,"date":"2025-12-30T10:08:38","date_gmt":"2025-12-30T09:08:38","guid":{"rendered":"https:\/\/www.fundacioires.org\/?p=82246"},"modified":"2026-03-10T12:11:25","modified_gmt":"2026-03-10T11:11:25","slug":"eurofragance-se-suma-al-voluntariat-de-la-fundacio-ires-pel-seu-community-day","status":"publish","type":"post","link":"https:\/\/www.fundacioires.org\/ca\/eurofragance-se-suma-al-voluntariat-de-la-fundacio-ires-pel-seu-community-day\/","title":{"rendered":"Eurofragance se suma al voluntariat de la Fundaci\u00f3 IRES pel seu \u201cCommunity Day\u201d"},"content":{"rendered":"\n<p><strong>Per quart any consecutiu<\/strong> i de manera totalment altruista, <strong>Eurofragance<\/strong> ha celebrat el seu \u201cCommunity Day\u201d sumant-se al voluntariat corporatiu que proposem des de la Fundaci\u00f3 IRES.<\/p>\n\n\n\n<p>La companyia t\u00e9 un ferm comprom\u00eds social que mobilitza totes les persones del seu equip, dedicant una jornada laboral sencera a col\u00b7laborar en iniciatives de servei a la comunitat. En el marc d\u2019aquesta iniciativa, <strong>25 persones volunt\u00e0ries<\/strong> de l\u2019empresa van unir esfor\u00e7os el passat 14 de novembre en diverses accions amb la Fundaci\u00f3, aportant la seva energia i entusiasme a un dia ple de solidaritat.<\/p>\n\n\n\n<p><strong>Millora d\u2019espais que transformen vides<\/strong><\/p>\n\n\n\n<figure class=\"wp-block-gallery has-nested-images columns-2 is-cropped wp-block-gallery-1 is-layout-flex wp-block-gallery-is-layout-flex\">\n<figure class=\"wp-block-image size-large\"><img data-recalc-dims=\"1\" loading=\"lazy\" decoding=\"async\" width=\"1024\" height=\"576\" data-id=\"82247\" src=\"https:\/\/i0.wp.com\/www.fundacioires.org\/wp-content\/uploads\/eurofragance.jpg?resize=1024%2C576&#038;ssl=1\" alt=\"\" class=\"wp-image-82247\" srcset=\"https:\/\/i0.wp.com\/www.fundacioires.org\/wp-content\/uploads\/eurofragance.jpg?resize=1024%2C576&amp;ssl=1 1024w, https:\/\/i0.wp.com\/www.fundacioires.org\/wp-content\/uploads\/eurofragance.jpg?resize=300%2C169&amp;ssl=1 300w, https:\/\/i0.wp.com\/www.fundacioires.org\/wp-content\/uploads\/eurofragance.jpg?resize=768%2C432&amp;ssl=1 768w, https:\/\/i0.wp.com\/www.fundacioires.org\/wp-content\/uploads\/eurofragance.jpg?resize=1536%2C864&amp;ssl=1 1536w, https:\/\/i0.wp.com\/www.fundacioires.org\/wp-content\/uploads\/eurofragance.jpg?w=1920&amp;ssl=1 1920w\" sizes=\"(max-width: 1000px) 100vw, 1000px\" \/><\/figure>\n\n\n\n<figure class=\"wp-block-image size-large\"><img data-recalc-dims=\"1\" loading=\"lazy\" decoding=\"async\" width=\"1024\" height=\"576\" data-id=\"82261\" src=\"https:\/\/i0.wp.com\/www.fundacioires.org\/wp-content\/uploads\/eurofragance2-3.jpg?resize=1024%2C576&#038;ssl=1\" alt=\"\" class=\"wp-image-82261\" srcset=\"https:\/\/i0.wp.com\/www.fundacioires.org\/wp-content\/uploads\/eurofragance2-3.jpg?resize=1024%2C576&amp;ssl=1 1024w, https:\/\/i0.wp.com\/www.fundacioires.org\/wp-content\/uploads\/eurofragance2-3.jpg?resize=300%2C169&amp;ssl=1 300w, https:\/\/i0.wp.com\/www.fundacioires.org\/wp-content\/uploads\/eurofragance2-3.jpg?resize=768%2C432&amp;ssl=1 768w, https:\/\/i0.wp.com\/www.fundacioires.org\/wp-content\/uploads\/eurofragance2-3.jpg?resize=1536%2C864&amp;ssl=1 1536w, https:\/\/i0.wp.com\/www.fundacioires.org\/wp-content\/uploads\/eurofragance2-3.jpg?w=1920&amp;ssl=1 1920w\" sizes=\"(max-width: 1000px) 100vw, 1000px\" \/><\/figure>\n<\/figure>\n\n\n\n<p>Dues de les accions principals han estat <strong>pintar el Centre Residencial d\u2019Acci\u00f3 Educativa (CRAE) i el Pis de Joves de l\u2019IRES<\/strong>, gr\u00e0cies a l\u2019esfor\u00e7 i l\u2019entrega de 20 volunt\u00e0ries i voluntaris.<\/p>\n\n\n\n<p>Des del CRAE donem atenci\u00f3 a nois i noies d&#8217;entre 6 i 18 anys tutelats per l&#8217;Administraci\u00f3. Com explica un dels nois que hi viu: <em>\u201cm\u2019ha agradat molt entrar al centre i veure\u2019l m\u00e9s net amb la pintura nova, mola estar al pati, en plan&#8230; sembla nou<\/em>\u201d. Per la seva part, el Pis de Joves ofereix un espai a joves mentre fan un pla de reinserci\u00f3 social, formativa i laboral, atenent les seves particularitats personals, socials i familiars.<\/p>\n\n\n\n<p>Les accions realitzades a ambdues instal\u00b7lacions durant el <strong>\u201cCommunity Day\u201d d\u2019Eurofragance<\/strong> han perm\u00e8s refor\u00e7ar-ne el bon manteniment i continuar oferint uns entorns acollidors i confortables als nois i noies que les utilitzen.<\/p>\n\n\n\n<p><strong>Un taller olfatiu per despertar la creativitat<\/strong><\/p>\n\n\n\n<p>La tercera activitat de la jornada ha estat un <strong>taller sobre aromes i disseny olfactiu<\/strong>, ofert per 5 voluntaris i volunt\u00e0ries. El seu coneixement i implicaci\u00f3 han apropat una experi\u00e8ncia sensorial \u00fanica, on 6 participants han pogut explorar el m\u00f3n dels aromes, descobrir com s\u2019estructuren els perfums i crear les pr\u00f2pies combinacions arom\u00e0tiques. L\u2019activitat ha despertat un gran inter\u00e8s i entusiasme entre les persones participants.<\/p>\n\n\n\n<p><strong>Comprom\u00eds social d\u2019Eurofragance<\/strong><\/p>\n\n\n\n<p>Eurofragance \u00e9s una empresa especialitzada en el disseny i fabricaci\u00f3 de frag\u00e0ncies per a productes de cura personal, cosm\u00e8tics i llar. T\u00e9 la seu a Barcelona i ha crescut per convertir-se en un actor important en la ind\u00fastria de frag\u00e0ncies a escala global.<\/p>\n\n\n\n<p>Durant els darrers <strong>quatre anys<\/strong>, ha celebrat el seu \u201cCommunity Day\u201d amb la Fundaci\u00f3 IRES, <strong>contribuint a la millora de recursos i espais<\/strong> que impacten directament en la vida de moltes fam\u00edlies, infants i joves.<\/p>\n\n\n\n<p>Des de la Fundaci\u00f3 IRES agra\u00efm la participaci\u00f3 de totes les <strong>persones volunt\u00e0ries<\/strong>. Gr\u00e0cies al seu comprom\u00eds, hem viscut una jornada plena de cooperaci\u00f3 i alegria.<\/p>\n\n\n\n<p>A la Fundaci\u00f3 IRES #TuHoFasPossible. Aquest servei compta amb el suport del Departament de Drets socials de la Generalitat de Catalunya.<\/p>\n","protected":false},"excerpt":{"rendered":"<p>25 persones han participat en dues accions de millora d\u2019instal\u00b7lacions i un taller sensorial.<\/p>\n","protected":false},"author":7,"featured_media":82257,"comment_status":"closed","ping_status":"closed","sticky":false,"template":"","format":"standard","meta":{"_jetpack_memberships_contains_paid_content":false,"footnotes":""},"categories":[19,27],"tags":[172],"class_list":["post-82246","post","type-post","status-publish","format-standard","has-post-thumbnail","hentry","category-ires-blog","category-voluntariat-a-ires","tag-voluntariat"],"yoast_head":"<!-- This site is optimized with the Yoast SEO plugin v27.4 - https:\/\/yoast.com\/product\/yoast-seo-wordpress\/ -->\n<title>Eurofragance se suma al voluntariat de la Fundaci\u00f3 IRES pel seu \u201cCommunity Day\u201d - Fundaci\u00f3 IRES<\/title>\n<meta name=\"description\" content=\"25 persones han participat en dues accions de millora d\u2019instal\u00b7lacions i un taller sensorial.\" \/>\n<meta name=\"robots\" content=\"index, follow, max-snippet:-1, max-image-preview:large, max-video-preview:-1\" \/>\n<link rel=\"canonical\" href=\"https:\/\/www.fundacioires.org\/ca\/eurofragance-se-suma-al-voluntariat-de-la-fundacio-ires-pel-seu-community-day\/\" \/>\n<meta property=\"og:locale\" content=\"ca_ES\" \/>\n<meta property=\"og:type\" content=\"article\" \/>\n<meta property=\"og:title\" content=\"Eurofragance se suma al voluntariat de la Fundaci\u00f3 IRES pel seu \u201cCommunity Day\u201d - Fundaci\u00f3 IRES\" \/>\n<meta property=\"og:description\" content=\"25 persones han participat en dues accions de millora d\u2019instal\u00b7lacions i un taller sensorial.\" \/>\n<meta property=\"og:url\" content=\"https:\/\/www.fundacioires.org\/ca\/eurofragance-se-suma-al-voluntariat-de-la-fundacio-ires-pel-seu-community-day\/\" \/>\n<meta property=\"og:site_name\" content=\"Fundaci\u00f3 IRES\" \/>\n<meta property=\"article:published_time\" content=\"2025-12-30T09:08:38+00:00\" \/>\n<meta property=\"article:modified_time\" content=\"2026-03-10T11:11:25+00:00\" \/>\n<meta property=\"og:image\" content=\"https:\/\/www.fundacioires.org\/wp-content\/uploads\/eurofragance4-1.jpg\" \/>\n\t<meta property=\"og:image:width\" content=\"1920\" \/>\n\t<meta property=\"og:image:height\" content=\"1080\" \/>\n\t<meta property=\"og:image:type\" content=\"image\/jpeg\" \/>\n<meta name=\"author\" content=\"Fundaci\u00f3 IRES\" \/>\n<meta name=\"twitter:card\" content=\"summary_large_image\" \/>\n<meta name=\"twitter:label1\" content=\"Written by\" \/>\n\t<meta name=\"twitter:data1\" content=\"Fundaci\u00f3 IRES\" \/>\n\t<meta name=\"twitter:label2\" content=\"Est. reading time\" \/>\n\t<meta name=\"twitter:data2\" content=\"3 minutes\" \/>\n<script type=\"application\/ld+json\" class=\"yoast-schema-graph\">{\"@context\":\"https:\\\/\\\/schema.org\",\"@graph\":[{\"@type\":\"Article\",\"@id\":\"https:\\\/\\\/www.fundacioires.org\\\/ca\\\/eurofragance-se-suma-al-voluntariat-de-la-fundacio-ires-pel-seu-community-day\\\/#article\",\"isPartOf\":{\"@id\":\"https:\\\/\\\/www.fundacioires.org\\\/ca\\\/eurofragance-se-suma-al-voluntariat-de-la-fundacio-ires-pel-seu-community-day\\\/\"},\"author\":{\"name\":\"Fundaci\u00f3 IRES\",\"@id\":\"https:\\\/\\\/www.fundacioires.org\\\/#\\\/schema\\\/person\\\/160af843c565221ef4664a5c7000791c\"},\"headline\":\"Eurofragance se suma al voluntariat de la Fundaci\u00f3 IRES pel seu \u201cCommunity Day\u201d\",\"datePublished\":\"2025-12-30T09:08:38+00:00\",\"dateModified\":\"2026-03-10T11:11:25+00:00\",\"mainEntityOfPage\":{\"@id\":\"https:\\\/\\\/www.fundacioires.org\\\/ca\\\/eurofragance-se-suma-al-voluntariat-de-la-fundacio-ires-pel-seu-community-day\\\/\"},\"wordCount\":485,\"publisher\":{\"@id\":\"https:\\\/\\\/www.fundacioires.org\\\/#organization\"},\"image\":{\"@id\":\"https:\\\/\\\/www.fundacioires.org\\\/ca\\\/eurofragance-se-suma-al-voluntariat-de-la-fundacio-ires-pel-seu-community-day\\\/#primaryimage\"},\"thumbnailUrl\":\"https:\\\/\\\/i0.wp.com\\\/www.fundacioires.org\\\/wp-content\\\/uploads\\\/eurofragance4-1.jpg?fit=1920%2C1080&ssl=1\",\"keywords\":[\"Voluntariat\"],\"articleSection\":[\"IRES-Blog\",\"Voluntariat a IRES\"],\"inLanguage\":\"ca-ES\"},{\"@type\":\"WebPage\",\"@id\":\"https:\\\/\\\/www.fundacioires.org\\\/ca\\\/eurofragance-se-suma-al-voluntariat-de-la-fundacio-ires-pel-seu-community-day\\\/\",\"url\":\"https:\\\/\\\/www.fundacioires.org\\\/ca\\\/eurofragance-se-suma-al-voluntariat-de-la-fundacio-ires-pel-seu-community-day\\\/\",\"name\":\"Eurofragance se suma al voluntariat de la Fundaci\u00f3 IRES pel seu \u201cCommunity Day\u201d - Fundaci\u00f3 IRES\",\"isPartOf\":{\"@id\":\"https:\\\/\\\/www.fundacioires.org\\\/#website\"},\"primaryImageOfPage\":{\"@id\":\"https:\\\/\\\/www.fundacioires.org\\\/ca\\\/eurofragance-se-suma-al-voluntariat-de-la-fundacio-ires-pel-seu-community-day\\\/#primaryimage\"},\"image\":{\"@id\":\"https:\\\/\\\/www.fundacioires.org\\\/ca\\\/eurofragance-se-suma-al-voluntariat-de-la-fundacio-ires-pel-seu-community-day\\\/#primaryimage\"},\"thumbnailUrl\":\"https:\\\/\\\/i0.wp.com\\\/www.fundacioires.org\\\/wp-content\\\/uploads\\\/eurofragance4-1.jpg?fit=1920%2C1080&ssl=1\",\"datePublished\":\"2025-12-30T09:08:38+00:00\",\"dateModified\":\"2026-03-10T11:11:25+00:00\",\"description\":\"25 persones han participat en dues accions de millora d\u2019instal\u00b7lacions i un taller sensorial.\",\"breadcrumb\":{\"@id\":\"https:\\\/\\\/www.fundacioires.org\\\/ca\\\/eurofragance-se-suma-al-voluntariat-de-la-fundacio-ires-pel-seu-community-day\\\/#breadcrumb\"},\"inLanguage\":\"ca-ES\",\"potentialAction\":[{\"@type\":\"ReadAction\",\"target\":[\"https:\\\/\\\/www.fundacioires.org\\\/ca\\\/eurofragance-se-suma-al-voluntariat-de-la-fundacio-ires-pel-seu-community-day\\\/\"]}]},{\"@type\":\"ImageObject\",\"inLanguage\":\"ca-ES\",\"@id\":\"https:\\\/\\\/www.fundacioires.org\\\/ca\\\/eurofragance-se-suma-al-voluntariat-de-la-fundacio-ires-pel-seu-community-day\\\/#primaryimage\",\"url\":\"https:\\\/\\\/i0.wp.com\\\/www.fundacioires.org\\\/wp-content\\\/uploads\\\/eurofragance4-1.jpg?fit=1920%2C1080&ssl=1\",\"contentUrl\":\"https:\\\/\\\/i0.wp.com\\\/www.fundacioires.org\\\/wp-content\\\/uploads\\\/eurofragance4-1.jpg?fit=1920%2C1080&ssl=1\",\"width\":1920,\"height\":1080},{\"@type\":\"BreadcrumbList\",\"@id\":\"https:\\\/\\\/www.fundacioires.org\\\/ca\\\/eurofragance-se-suma-al-voluntariat-de-la-fundacio-ires-pel-seu-community-day\\\/#breadcrumb\",\"itemListElement\":[{\"@type\":\"ListItem\",\"position\":1,\"name\":\"Portada\",\"item\":\"https:\\\/\\\/www.fundacioires.org\\\/\"},{\"@type\":\"ListItem\",\"position\":2,\"name\":\"Eurofragance se suma al voluntariat de la Fundaci\u00f3 IRES pel seu \u201cCommunity Day\u201d\"}]},{\"@type\":\"WebSite\",\"@id\":\"https:\\\/\\\/www.fundacioires.org\\\/#website\",\"url\":\"https:\\\/\\\/www.fundacioires.org\\\/\",\"name\":\"Fundaci\u00f3 IRES\",\"description\":\"\",\"publisher\":{\"@id\":\"https:\\\/\\\/www.fundacioires.org\\\/#organization\"},\"potentialAction\":[{\"@type\":\"SearchAction\",\"target\":{\"@type\":\"EntryPoint\",\"urlTemplate\":\"https:\\\/\\\/www.fundacioires.org\\\/?s={search_term_string}\"},\"query-input\":{\"@type\":\"PropertyValueSpecification\",\"valueRequired\":true,\"valueName\":\"search_term_string\"}}],\"inLanguage\":\"ca-ES\"},{\"@type\":\"Organization\",\"@id\":\"https:\\\/\\\/www.fundacioires.org\\\/#organization\",\"name\":\"Fundanci\u00f3n IRES\",\"url\":\"https:\\\/\\\/www.fundacioires.org\\\/\",\"logo\":{\"@type\":\"ImageObject\",\"inLanguage\":\"ca-ES\",\"@id\":\"https:\\\/\\\/www.fundacioires.org\\\/#\\\/schema\\\/logo\\\/image\\\/\",\"url\":\"https:\\\/\\\/i0.wp.com\\\/www.fundacioires.org\\\/wp-content\\\/uploads\\\/faviconIRES.png?fit=32%2C32&ssl=1\",\"contentUrl\":\"https:\\\/\\\/i0.wp.com\\\/www.fundacioires.org\\\/wp-content\\\/uploads\\\/faviconIRES.png?fit=32%2C32&ssl=1\",\"width\":32,\"height\":32,\"caption\":\"Fundanci\u00f3n IRES\"},\"image\":{\"@id\":\"https:\\\/\\\/www.fundacioires.org\\\/#\\\/schema\\\/logo\\\/image\\\/\"}},{\"@type\":\"Person\",\"@id\":\"https:\\\/\\\/www.fundacioires.org\\\/#\\\/schema\\\/person\\\/160af843c565221ef4664a5c7000791c\",\"name\":\"Fundaci\u00f3 IRES\"}]}<\/script>\n<!-- \/ Yoast SEO plugin. -->","yoast_head_json":{"title":"Eurofragance se suma al voluntariat de la Fundaci\u00f3 IRES pel seu \u201cCommunity Day\u201d - Fundaci\u00f3 IRES","description":"25 persones han participat en dues accions de millora d\u2019instal\u00b7lacions i un taller sensorial.","robots":{"index":"index","follow":"follow","max-snippet":"max-snippet:-1","max-image-preview":"max-image-preview:large","max-video-preview":"max-video-preview:-1"},"canonical":"https:\/\/www.fundacioires.org\/ca\/eurofragance-se-suma-al-voluntariat-de-la-fundacio-ires-pel-seu-community-day\/","og_locale":"ca_ES","og_type":"article","og_title":"Eurofragance se suma al voluntariat de la Fundaci\u00f3 IRES pel seu \u201cCommunity Day\u201d - Fundaci\u00f3 IRES","og_description":"25 persones han participat en dues accions de millora d\u2019instal\u00b7lacions i un taller sensorial.","og_url":"https:\/\/www.fundacioires.org\/ca\/eurofragance-se-suma-al-voluntariat-de-la-fundacio-ires-pel-seu-community-day\/","og_site_name":"Fundaci\u00f3 IRES","article_published_time":"2025-12-30T09:08:38+00:00","article_modified_time":"2026-03-10T11:11:25+00:00","og_image":[{"width":1920,"height":1080,"url":"https:\/\/www.fundacioires.org\/wp-content\/uploads\/eurofragance4-1.jpg","type":"image\/jpeg"}],"author":"Fundaci\u00f3 IRES","twitter_card":"summary_large_image","twitter_misc":{"Written by":"Fundaci\u00f3 IRES","Est. reading time":"3 minutes"},"schema":{"@context":"https:\/\/schema.org","@graph":[{"@type":"Article","@id":"https:\/\/www.fundacioires.org\/ca\/eurofragance-se-suma-al-voluntariat-de-la-fundacio-ires-pel-seu-community-day\/#article","isPartOf":{"@id":"https:\/\/www.fundacioires.org\/ca\/eurofragance-se-suma-al-voluntariat-de-la-fundacio-ires-pel-seu-community-day\/"},"author":{"name":"Fundaci\u00f3 IRES","@id":"https:\/\/www.fundacioires.org\/#\/schema\/person\/160af843c565221ef4664a5c7000791c"},"headline":"Eurofragance se suma al voluntariat de la Fundaci\u00f3 IRES pel seu \u201cCommunity Day\u201d","datePublished":"2025-12-30T09:08:38+00:00","dateModified":"2026-03-10T11:11:25+00:00","mainEntityOfPage":{"@id":"https:\/\/www.fundacioires.org\/ca\/eurofragance-se-suma-al-voluntariat-de-la-fundacio-ires-pel-seu-community-day\/"},"wordCount":485,"publisher":{"@id":"https:\/\/www.fundacioires.org\/#organization"},"image":{"@id":"https:\/\/www.fundacioires.org\/ca\/eurofragance-se-suma-al-voluntariat-de-la-fundacio-ires-pel-seu-community-day\/#primaryimage"},"thumbnailUrl":"https:\/\/i0.wp.com\/www.fundacioires.org\/wp-content\/uploads\/eurofragance4-1.jpg?fit=1920%2C1080&ssl=1","keywords":["Voluntariat"],"articleSection":["IRES-Blog","Voluntariat a IRES"],"inLanguage":"ca-ES"},{"@type":"WebPage","@id":"https:\/\/www.fundacioires.org\/ca\/eurofragance-se-suma-al-voluntariat-de-la-fundacio-ires-pel-seu-community-day\/","url":"https:\/\/www.fundacioires.org\/ca\/eurofragance-se-suma-al-voluntariat-de-la-fundacio-ires-pel-seu-community-day\/","name":"Eurofragance se suma al voluntariat de la Fundaci\u00f3 IRES pel seu \u201cCommunity Day\u201d - Fundaci\u00f3 IRES","isPartOf":{"@id":"https:\/\/www.fundacioires.org\/#website"},"primaryImageOfPage":{"@id":"https:\/\/www.fundacioires.org\/ca\/eurofragance-se-suma-al-voluntariat-de-la-fundacio-ires-pel-seu-community-day\/#primaryimage"},"image":{"@id":"https:\/\/www.fundacioires.org\/ca\/eurofragance-se-suma-al-voluntariat-de-la-fundacio-ires-pel-seu-community-day\/#primaryimage"},"thumbnailUrl":"https:\/\/i0.wp.com\/www.fundacioires.org\/wp-content\/uploads\/eurofragance4-1.jpg?fit=1920%2C1080&ssl=1","datePublished":"2025-12-30T09:08:38+00:00","dateModified":"2026-03-10T11:11:25+00:00","description":"25 persones han participat en dues accions de millora d\u2019instal\u00b7lacions i un taller sensorial.","breadcrumb":{"@id":"https:\/\/www.fundacioires.org\/ca\/eurofragance-se-suma-al-voluntariat-de-la-fundacio-ires-pel-seu-community-day\/#breadcrumb"},"inLanguage":"ca-ES","potentialAction":[{"@type":"ReadAction","target":["https:\/\/www.fundacioires.org\/ca\/eurofragance-se-suma-al-voluntariat-de-la-fundacio-ires-pel-seu-community-day\/"]}]},{"@type":"ImageObject","inLanguage":"ca-ES","@id":"https:\/\/www.fundacioires.org\/ca\/eurofragance-se-suma-al-voluntariat-de-la-fundacio-ires-pel-seu-community-day\/#primaryimage","url":"https:\/\/i0.wp.com\/www.fundacioires.org\/wp-content\/uploads\/eurofragance4-1.jpg?fit=1920%2C1080&ssl=1","contentUrl":"https:\/\/i0.wp.com\/www.fundacioires.org\/wp-content\/uploads\/eurofragance4-1.jpg?fit=1920%2C1080&ssl=1","width":1920,"height":1080},{"@type":"BreadcrumbList","@id":"https:\/\/www.fundacioires.org\/ca\/eurofragance-se-suma-al-voluntariat-de-la-fundacio-ires-pel-seu-community-day\/#breadcrumb","itemListElement":[{"@type":"ListItem","position":1,"name":"Portada","item":"https:\/\/www.fundacioires.org\/"},{"@type":"ListItem","position":2,"name":"Eurofragance se suma al voluntariat de la Fundaci\u00f3 IRES pel seu \u201cCommunity Day\u201d"}]},{"@type":"WebSite","@id":"https:\/\/www.fundacioires.org\/#website","url":"https:\/\/www.fundacioires.org\/","name":"Fundaci\u00f3 IRES","description":"","publisher":{"@id":"https:\/\/www.fundacioires.org\/#organization"},"potentialAction":[{"@type":"SearchAction","target":{"@type":"EntryPoint","urlTemplate":"https:\/\/www.fundacioires.org\/?s={search_term_string}"},"query-input":{"@type":"PropertyValueSpecification","valueRequired":true,"valueName":"search_term_string"}}],"inLanguage":"ca-ES"},{"@type":"Organization","@id":"https:\/\/www.fundacioires.org\/#organization","name":"Fundanci\u00f3n IRES","url":"https:\/\/www.fundacioires.org\/","logo":{"@type":"ImageObject","inLanguage":"ca-ES","@id":"https:\/\/www.fundacioires.org\/#\/schema\/logo\/image\/","url":"https:\/\/i0.wp.com\/www.fundacioires.org\/wp-content\/uploads\/faviconIRES.png?fit=32%2C32&ssl=1","contentUrl":"https:\/\/i0.wp.com\/www.fundacioires.org\/wp-content\/uploads\/faviconIRES.png?fit=32%2C32&ssl=1","width":32,"height":32,"caption":"Fundanci\u00f3n IRES"},"image":{"@id":"https:\/\/www.fundacioires.org\/#\/schema\/logo\/image\/"}},{"@type":"Person","@id":"https:\/\/www.fundacioires.org\/#\/schema\/person\/160af843c565221ef4664a5c7000791c","name":"Fundaci\u00f3 IRES"}]}},"jetpack_featured_media_url":"https:\/\/i0.wp.com\/www.fundacioires.org\/wp-content\/uploads\/eurofragance4-1.jpg?fit=1920%2C1080&ssl=1","jetpack_sharing_enabled":true,"_links":{"self":[{"href":"https:\/\/www.fundacioires.org\/ca\/wp-json\/wp\/v2\/posts\/82246","targetHints":{"allow":["GET"]}}],"collection":[{"href":"https:\/\/www.fundacioires.org\/ca\/wp-json\/wp\/v2\/posts"}],"about":[{"href":"https:\/\/www.fundacioires.org\/ca\/wp-json\/wp\/v2\/types\/post"}],"author":[{"embeddable":true,"href":"https:\/\/www.fundacioires.org\/ca\/wp-json\/wp\/v2\/users\/7"}],"replies":[{"embeddable":true,"href":"https:\/\/www.fundacioires.org\/ca\/wp-json\/wp\/v2\/comments?post=82246"}],"version-history":[{"count":1,"href":"https:\/\/www.fundacioires.org\/ca\/wp-json\/wp\/v2\/posts\/82246\/revisions"}],"predecessor-version":[{"id":82263,"href":"https:\/\/www.fundacioires.org\/ca\/wp-json\/wp\/v2\/posts\/82246\/revisions\/82263"}],"wp:featuredmedia":[{"embeddable":true,"href":"https:\/\/www.fundacioires.org\/ca\/wp-json\/wp\/v2\/media\/82257"}],"wp:attachment":[{"href":"https:\/\/www.fundacioires.org\/ca\/wp-json\/wp\/v2\/media?parent=82246"}],"wp:term":[{"taxonomy":"category","embeddable":true,"href":"https:\/\/www.fundacioires.org\/ca\/wp-json\/wp\/v2\/categories?post=82246"},{"taxonomy":"post_tag","embeddable":true,"href":"https:\/\/www.fundacioires.org\/ca\/wp-json\/wp\/v2\/tags?post=82246"}],"curies":[{"name":"wp","href":"https:\/\/api.w.org\/{rel}","templated":true}]}}