{"id":82268,"date":"2025-12-30T11:09:30","date_gmt":"2025-12-30T10:09:30","guid":{"rendered":"https:\/\/www.fundacioires.org\/?p=82268"},"modified":"2026-03-10T12:11:25","modified_gmt":"2026-03-10T11:11:25","slug":"inetum-impulsa-el-seu-compromis-social-amb-el-voluntariat-de-la-fundacio-ires","status":"publish","type":"post","link":"https:\/\/www.fundacioires.org\/ca\/inetum-impulsa-el-seu-compromis-social-amb-el-voluntariat-de-la-fundacio-ires\/","title":{"rendered":"Inetum impulsa el seu comprom\u00eds social amb el voluntariat de la Fundaci\u00f3 IRES"},"content":{"rendered":"\n<p>Aquest mes de novembre, Inetum ha col\u00b7laborat amb el voluntariat de la Fundaci\u00f3 IRES, a trav\u00e9s de dues accions solid\u00e0ries combinant <strong>acompanyament professional<\/strong> en l\u2019\u00e0mbit laboral <strong>i millora d\u2019espais d\u2019atenci\u00f3<\/strong>. La iniciativa refor\u00e7a el <strong>comprom\u00eds de la companyia<\/strong> amb projectes que generen oportunitats reals per a les persones i fam\u00edlies ateses per l\u2019IRES.<\/p>\n\n\n\n<p><strong>Taller pr\u00e0ctic per ampliar eines i recursos en la cerca de feina<\/strong><\/p>\n\n\n\n<p>Dins d\u2019aquestes accions, tres persones volunt\u00e0ries de l\u2019equip d\u2019Inetum han aportat el seu coneixement i dedicaci\u00f3 a un <strong>taller molt pr\u00e0ctic i proper<\/strong>, orientat a <strong>refor\u00e7ar les eines en la cerca de feina<\/strong> de les persones assistents.<\/p>\n\n\n\n<p>La sessi\u00f3 ha reunit set persones <strong>participants del Programa de Mesures Actives d\u2019Inserci\u00f3 (Programa MAIS)<\/strong>, que acompanya beneficiaris i benefici\u00e0ries de la Renda Garantida de Ciutadania i persones en risc o situaci\u00f3 d\u2019exclusi\u00f3 social. Durant el taller, ha abordat com <strong>millorar els perfils professionals als portals de feina i recursos per afrontar entrevistes <\/strong>laborals.<\/p>\n\n\n\n<p><strong>Millora d\u2019espais d\u2019atenci\u00f3<\/strong><\/p>\n\n\n\n<p>L\u2019empresa tamb\u00e9 ha impulsat una acci\u00f3 molt especial a la nostra seu d\u2019Avinguda Roma, a Barcelona. Un grup d\u2019onze persones volunt\u00e0ries ha destinat el seu temps i entusiasme a <strong>pintar les sales d\u2019atenci\u00f3 a usuaris i usu\u00e0ries<\/strong>, ajudant-nos a cuidar uns <strong>espais que s\u00f3n punt de trobada i acompanyament per a moltes persones<\/strong>.<\/p>\n\n\n\n<p>\u00c9s des d\u2019aquestes sales que acompanyem les fam\u00edlies vinculades al Servei d\u2019Adopci\u00f3 d\u2019Infants amb Necessitats Especials i al Servei d\u2019Acolliment Familiar, processos plens d\u2019il\u00b7lusi\u00f3 que requereixen un entorn c\u00e0lid i confortable.<\/p>\n\n\n\n<figure class=\"wp-block-gallery has-nested-images columns-2 is-cropped wp-block-gallery-1 is-layout-flex wp-block-gallery-is-layout-flex\">\n<figure class=\"wp-block-image size-large\"><img data-recalc-dims=\"1\" loading=\"lazy\" decoding=\"async\" width=\"1024\" height=\"576\" data-id=\"82273\" src=\"https:\/\/i0.wp.com\/www.fundacioires.org\/wp-content\/uploads\/inetum-3.jpg?resize=1024%2C576&#038;ssl=1\" alt=\"\" class=\"wp-image-82273\" srcset=\"https:\/\/i0.wp.com\/www.fundacioires.org\/wp-content\/uploads\/inetum-3.jpg?resize=1024%2C576&amp;ssl=1 1024w, https:\/\/i0.wp.com\/www.fundacioires.org\/wp-content\/uploads\/inetum-3.jpg?resize=300%2C169&amp;ssl=1 300w, https:\/\/i0.wp.com\/www.fundacioires.org\/wp-content\/uploads\/inetum-3.jpg?resize=768%2C432&amp;ssl=1 768w, https:\/\/i0.wp.com\/www.fundacioires.org\/wp-content\/uploads\/inetum-3.jpg?resize=1536%2C864&amp;ssl=1 1536w, https:\/\/i0.wp.com\/www.fundacioires.org\/wp-content\/uploads\/inetum-3.jpg?w=1920&amp;ssl=1 1920w\" sizes=\"(max-width: 1000px) 100vw, 1000px\" \/><\/figure>\n\n\n\n<figure class=\"wp-block-image size-large\"><img data-recalc-dims=\"1\" loading=\"lazy\" decoding=\"async\" width=\"1024\" height=\"576\" data-id=\"82269\" src=\"https:\/\/i0.wp.com\/www.fundacioires.org\/wp-content\/uploads\/inetum-2.jpg?resize=1024%2C576&#038;ssl=1\" alt=\"\" class=\"wp-image-82269\" srcset=\"https:\/\/i0.wp.com\/www.fundacioires.org\/wp-content\/uploads\/inetum-2.jpg?resize=1024%2C576&amp;ssl=1 1024w, https:\/\/i0.wp.com\/www.fundacioires.org\/wp-content\/uploads\/inetum-2.jpg?resize=300%2C169&amp;ssl=1 300w, https:\/\/i0.wp.com\/www.fundacioires.org\/wp-content\/uploads\/inetum-2.jpg?resize=768%2C432&amp;ssl=1 768w, https:\/\/i0.wp.com\/www.fundacioires.org\/wp-content\/uploads\/inetum-2.jpg?resize=1536%2C864&amp;ssl=1 1536w, https:\/\/i0.wp.com\/www.fundacioires.org\/wp-content\/uploads\/inetum-2.jpg?w=1920&amp;ssl=1 1920w\" sizes=\"(max-width: 1000px) 100vw, 1000px\" \/><\/figure>\n<\/figure>\n\n\n\n<p><strong>Una implicaci\u00f3 que es converteix en impacte<\/strong><\/p>\n\n\n\n<p>Les accions d\u2019aquest novembre mostren la <strong>implicaci\u00f3 d\u2019Inetum, <\/strong>empresa referent en serveis digitals, amb el voluntariat de l\u2019IRES i el seu <strong>comprom\u00eds amb les fam\u00edlies que atenem<\/strong>.<\/p>\n\n\n\n<p><strong>Gr\u00e0cies a totes les persones volunt\u00e0ries de l\u2019equip<\/strong> per ser-hi, per la vostra energia i per fer possible aquestes dues jornades.<\/p>\n\n\n\n<p>A la Fundaci\u00f3 IRES #TuHoFasPossible. Aquest servei compta amb el suport del Departament de Drets socials de la Generalitat de Catalunya.<\/p>\n","protected":false},"excerpt":{"rendered":"<p>Promou una doble acci\u00f3 pensada per sumar suport a les persones i cura dels espais d\u2019atenci\u00f3.<\/p>\n","protected":false},"author":7,"featured_media":82271,"comment_status":"closed","ping_status":"closed","sticky":false,"template":"","format":"standard","meta":{"_jetpack_memberships_contains_paid_content":false,"footnotes":""},"categories":[19,27],"tags":[172],"class_list":["post-82268","post","type-post","status-publish","format-standard","has-post-thumbnail","hentry","category-ires-blog","category-voluntariat-a-ires","tag-voluntariat"],"yoast_head":"<!-- This site is optimized with the Yoast SEO plugin v27.4 - https:\/\/yoast.com\/product\/yoast-seo-wordpress\/ -->\n<title>Inetum impulsa el seu comprom\u00eds social amb el voluntariat de la Fundaci\u00f3 IRES - Fundaci\u00f3 IRES<\/title>\n<meta name=\"description\" content=\"Promou una doble acci\u00f3 pensada per sumar suport a les persones i cura dels espais d\u2019atenci\u00f3.\" \/>\n<meta name=\"robots\" content=\"index, follow, max-snippet:-1, max-image-preview:large, max-video-preview:-1\" \/>\n<link rel=\"canonical\" href=\"https:\/\/www.fundacioires.org\/ca\/inetum-impulsa-el-seu-compromis-social-amb-el-voluntariat-de-la-fundacio-ires\/\" \/>\n<meta property=\"og:locale\" content=\"ca_ES\" \/>\n<meta property=\"og:type\" content=\"article\" \/>\n<meta property=\"og:title\" content=\"Inetum impulsa el seu comprom\u00eds social amb el voluntariat de la Fundaci\u00f3 IRES - Fundaci\u00f3 IRES\" \/>\n<meta property=\"og:description\" content=\"Promou una doble acci\u00f3 pensada per sumar suport a les persones i cura dels espais d\u2019atenci\u00f3.\" \/>\n<meta property=\"og:url\" content=\"https:\/\/www.fundacioires.org\/ca\/inetum-impulsa-el-seu-compromis-social-amb-el-voluntariat-de-la-fundacio-ires\/\" \/>\n<meta property=\"og:site_name\" content=\"Fundaci\u00f3 IRES\" \/>\n<meta property=\"article:published_time\" content=\"2025-12-30T10:09:30+00:00\" \/>\n<meta property=\"article:modified_time\" content=\"2026-03-10T11:11:25+00:00\" \/>\n<meta property=\"og:image\" content=\"https:\/\/www.fundacioires.org\/wp-content\/uploads\/inetum.jpg\" \/>\n\t<meta property=\"og:image:width\" content=\"1920\" \/>\n\t<meta property=\"og:image:height\" content=\"1080\" \/>\n\t<meta property=\"og:image:type\" content=\"image\/jpeg\" \/>\n<meta name=\"author\" content=\"Fundaci\u00f3 IRES\" \/>\n<meta name=\"twitter:card\" content=\"summary_large_image\" \/>\n<meta name=\"twitter:label1\" content=\"Written by\" \/>\n\t<meta name=\"twitter:data1\" content=\"Fundaci\u00f3 IRES\" \/>\n\t<meta name=\"twitter:label2\" content=\"Est. reading time\" \/>\n\t<meta name=\"twitter:data2\" content=\"3 minutes\" \/>\n<script type=\"application\/ld+json\" class=\"yoast-schema-graph\">{\"@context\":\"https:\\\/\\\/schema.org\",\"@graph\":[{\"@type\":\"Article\",\"@id\":\"https:\\\/\\\/www.fundacioires.org\\\/ca\\\/inetum-impulsa-el-seu-compromis-social-amb-el-voluntariat-de-la-fundacio-ires\\\/#article\",\"isPartOf\":{\"@id\":\"https:\\\/\\\/www.fundacioires.org\\\/ca\\\/inetum-impulsa-el-seu-compromis-social-amb-el-voluntariat-de-la-fundacio-ires\\\/\"},\"author\":{\"name\":\"Fundaci\u00f3 IRES\",\"@id\":\"https:\\\/\\\/www.fundacioires.org\\\/#\\\/schema\\\/person\\\/160af843c565221ef4664a5c7000791c\"},\"headline\":\"Inetum impulsa el seu comprom\u00eds social amb el voluntariat de la Fundaci\u00f3 IRES\",\"datePublished\":\"2025-12-30T10:09:30+00:00\",\"dateModified\":\"2026-03-10T11:11:25+00:00\",\"mainEntityOfPage\":{\"@id\":\"https:\\\/\\\/www.fundacioires.org\\\/ca\\\/inetum-impulsa-el-seu-compromis-social-amb-el-voluntariat-de-la-fundacio-ires\\\/\"},\"wordCount\":378,\"publisher\":{\"@id\":\"https:\\\/\\\/www.fundacioires.org\\\/#organization\"},\"image\":{\"@id\":\"https:\\\/\\\/www.fundacioires.org\\\/ca\\\/inetum-impulsa-el-seu-compromis-social-amb-el-voluntariat-de-la-fundacio-ires\\\/#primaryimage\"},\"thumbnailUrl\":\"https:\\\/\\\/i0.wp.com\\\/www.fundacioires.org\\\/wp-content\\\/uploads\\\/inetum.jpg?fit=1920%2C1080&ssl=1\",\"keywords\":[\"Voluntariat\"],\"articleSection\":[\"IRES-Blog\",\"Voluntariat a IRES\"],\"inLanguage\":\"ca-ES\"},{\"@type\":\"WebPage\",\"@id\":\"https:\\\/\\\/www.fundacioires.org\\\/ca\\\/inetum-impulsa-el-seu-compromis-social-amb-el-voluntariat-de-la-fundacio-ires\\\/\",\"url\":\"https:\\\/\\\/www.fundacioires.org\\\/ca\\\/inetum-impulsa-el-seu-compromis-social-amb-el-voluntariat-de-la-fundacio-ires\\\/\",\"name\":\"Inetum impulsa el seu comprom\u00eds social amb el voluntariat de la Fundaci\u00f3 IRES - Fundaci\u00f3 IRES\",\"isPartOf\":{\"@id\":\"https:\\\/\\\/www.fundacioires.org\\\/#website\"},\"primaryImageOfPage\":{\"@id\":\"https:\\\/\\\/www.fundacioires.org\\\/ca\\\/inetum-impulsa-el-seu-compromis-social-amb-el-voluntariat-de-la-fundacio-ires\\\/#primaryimage\"},\"image\":{\"@id\":\"https:\\\/\\\/www.fundacioires.org\\\/ca\\\/inetum-impulsa-el-seu-compromis-social-amb-el-voluntariat-de-la-fundacio-ires\\\/#primaryimage\"},\"thumbnailUrl\":\"https:\\\/\\\/i0.wp.com\\\/www.fundacioires.org\\\/wp-content\\\/uploads\\\/inetum.jpg?fit=1920%2C1080&ssl=1\",\"datePublished\":\"2025-12-30T10:09:30+00:00\",\"dateModified\":\"2026-03-10T11:11:25+00:00\",\"description\":\"Promou una doble acci\u00f3 pensada per sumar suport a les persones i cura dels espais d\u2019atenci\u00f3.\",\"breadcrumb\":{\"@id\":\"https:\\\/\\\/www.fundacioires.org\\\/ca\\\/inetum-impulsa-el-seu-compromis-social-amb-el-voluntariat-de-la-fundacio-ires\\\/#breadcrumb\"},\"inLanguage\":\"ca-ES\",\"potentialAction\":[{\"@type\":\"ReadAction\",\"target\":[\"https:\\\/\\\/www.fundacioires.org\\\/ca\\\/inetum-impulsa-el-seu-compromis-social-amb-el-voluntariat-de-la-fundacio-ires\\\/\"]}]},{\"@type\":\"ImageObject\",\"inLanguage\":\"ca-ES\",\"@id\":\"https:\\\/\\\/www.fundacioires.org\\\/ca\\\/inetum-impulsa-el-seu-compromis-social-amb-el-voluntariat-de-la-fundacio-ires\\\/#primaryimage\",\"url\":\"https:\\\/\\\/i0.wp.com\\\/www.fundacioires.org\\\/wp-content\\\/uploads\\\/inetum.jpg?fit=1920%2C1080&ssl=1\",\"contentUrl\":\"https:\\\/\\\/i0.wp.com\\\/www.fundacioires.org\\\/wp-content\\\/uploads\\\/inetum.jpg?fit=1920%2C1080&ssl=1\",\"width\":1920,\"height\":1080},{\"@type\":\"BreadcrumbList\",\"@id\":\"https:\\\/\\\/www.fundacioires.org\\\/ca\\\/inetum-impulsa-el-seu-compromis-social-amb-el-voluntariat-de-la-fundacio-ires\\\/#breadcrumb\",\"itemListElement\":[{\"@type\":\"ListItem\",\"position\":1,\"name\":\"Portada\",\"item\":\"https:\\\/\\\/www.fundacioires.org\\\/\"},{\"@type\":\"ListItem\",\"position\":2,\"name\":\"Inetum impulsa el seu comprom\u00eds social amb el voluntariat de la Fundaci\u00f3 IRES\"}]},{\"@type\":\"WebSite\",\"@id\":\"https:\\\/\\\/www.fundacioires.org\\\/#website\",\"url\":\"https:\\\/\\\/www.fundacioires.org\\\/\",\"name\":\"Fundaci\u00f3 IRES\",\"description\":\"\",\"publisher\":{\"@id\":\"https:\\\/\\\/www.fundacioires.org\\\/#organization\"},\"potentialAction\":[{\"@type\":\"SearchAction\",\"target\":{\"@type\":\"EntryPoint\",\"urlTemplate\":\"https:\\\/\\\/www.fundacioires.org\\\/?s={search_term_string}\"},\"query-input\":{\"@type\":\"PropertyValueSpecification\",\"valueRequired\":true,\"valueName\":\"search_term_string\"}}],\"inLanguage\":\"ca-ES\"},{\"@type\":\"Organization\",\"@id\":\"https:\\\/\\\/www.fundacioires.org\\\/#organization\",\"name\":\"Fundanci\u00f3n IRES\",\"url\":\"https:\\\/\\\/www.fundacioires.org\\\/\",\"logo\":{\"@type\":\"ImageObject\",\"inLanguage\":\"ca-ES\",\"@id\":\"https:\\\/\\\/www.fundacioires.org\\\/#\\\/schema\\\/logo\\\/image\\\/\",\"url\":\"https:\\\/\\\/i0.wp.com\\\/www.fundacioires.org\\\/wp-content\\\/uploads\\\/faviconIRES.png?fit=32%2C32&ssl=1\",\"contentUrl\":\"https:\\\/\\\/i0.wp.com\\\/www.fundacioires.org\\\/wp-content\\\/uploads\\\/faviconIRES.png?fit=32%2C32&ssl=1\",\"width\":32,\"height\":32,\"caption\":\"Fundanci\u00f3n IRES\"},\"image\":{\"@id\":\"https:\\\/\\\/www.fundacioires.org\\\/#\\\/schema\\\/logo\\\/image\\\/\"}},{\"@type\":\"Person\",\"@id\":\"https:\\\/\\\/www.fundacioires.org\\\/#\\\/schema\\\/person\\\/160af843c565221ef4664a5c7000791c\",\"name\":\"Fundaci\u00f3 IRES\"}]}<\/script>\n<!-- \/ Yoast SEO plugin. -->","yoast_head_json":{"title":"Inetum impulsa el seu comprom\u00eds social amb el voluntariat de la Fundaci\u00f3 IRES - Fundaci\u00f3 IRES","description":"Promou una doble acci\u00f3 pensada per sumar suport a les persones i cura dels espais d\u2019atenci\u00f3.","robots":{"index":"index","follow":"follow","max-snippet":"max-snippet:-1","max-image-preview":"max-image-preview:large","max-video-preview":"max-video-preview:-1"},"canonical":"https:\/\/www.fundacioires.org\/ca\/inetum-impulsa-el-seu-compromis-social-amb-el-voluntariat-de-la-fundacio-ires\/","og_locale":"ca_ES","og_type":"article","og_title":"Inetum impulsa el seu comprom\u00eds social amb el voluntariat de la Fundaci\u00f3 IRES - Fundaci\u00f3 IRES","og_description":"Promou una doble acci\u00f3 pensada per sumar suport a les persones i cura dels espais d\u2019atenci\u00f3.","og_url":"https:\/\/www.fundacioires.org\/ca\/inetum-impulsa-el-seu-compromis-social-amb-el-voluntariat-de-la-fundacio-ires\/","og_site_name":"Fundaci\u00f3 IRES","article_published_time":"2025-12-30T10:09:30+00:00","article_modified_time":"2026-03-10T11:11:25+00:00","og_image":[{"width":1920,"height":1080,"url":"https:\/\/www.fundacioires.org\/wp-content\/uploads\/inetum.jpg","type":"image\/jpeg"}],"author":"Fundaci\u00f3 IRES","twitter_card":"summary_large_image","twitter_misc":{"Written by":"Fundaci\u00f3 IRES","Est. reading time":"3 minutes"},"schema":{"@context":"https:\/\/schema.org","@graph":[{"@type":"Article","@id":"https:\/\/www.fundacioires.org\/ca\/inetum-impulsa-el-seu-compromis-social-amb-el-voluntariat-de-la-fundacio-ires\/#article","isPartOf":{"@id":"https:\/\/www.fundacioires.org\/ca\/inetum-impulsa-el-seu-compromis-social-amb-el-voluntariat-de-la-fundacio-ires\/"},"author":{"name":"Fundaci\u00f3 IRES","@id":"https:\/\/www.fundacioires.org\/#\/schema\/person\/160af843c565221ef4664a5c7000791c"},"headline":"Inetum impulsa el seu comprom\u00eds social amb el voluntariat de la Fundaci\u00f3 IRES","datePublished":"2025-12-30T10:09:30+00:00","dateModified":"2026-03-10T11:11:25+00:00","mainEntityOfPage":{"@id":"https:\/\/www.fundacioires.org\/ca\/inetum-impulsa-el-seu-compromis-social-amb-el-voluntariat-de-la-fundacio-ires\/"},"wordCount":378,"publisher":{"@id":"https:\/\/www.fundacioires.org\/#organization"},"image":{"@id":"https:\/\/www.fundacioires.org\/ca\/inetum-impulsa-el-seu-compromis-social-amb-el-voluntariat-de-la-fundacio-ires\/#primaryimage"},"thumbnailUrl":"https:\/\/i0.wp.com\/www.fundacioires.org\/wp-content\/uploads\/inetum.jpg?fit=1920%2C1080&ssl=1","keywords":["Voluntariat"],"articleSection":["IRES-Blog","Voluntariat a IRES"],"inLanguage":"ca-ES"},{"@type":"WebPage","@id":"https:\/\/www.fundacioires.org\/ca\/inetum-impulsa-el-seu-compromis-social-amb-el-voluntariat-de-la-fundacio-ires\/","url":"https:\/\/www.fundacioires.org\/ca\/inetum-impulsa-el-seu-compromis-social-amb-el-voluntariat-de-la-fundacio-ires\/","name":"Inetum impulsa el seu comprom\u00eds social amb el voluntariat de la Fundaci\u00f3 IRES - Fundaci\u00f3 IRES","isPartOf":{"@id":"https:\/\/www.fundacioires.org\/#website"},"primaryImageOfPage":{"@id":"https:\/\/www.fundacioires.org\/ca\/inetum-impulsa-el-seu-compromis-social-amb-el-voluntariat-de-la-fundacio-ires\/#primaryimage"},"image":{"@id":"https:\/\/www.fundacioires.org\/ca\/inetum-impulsa-el-seu-compromis-social-amb-el-voluntariat-de-la-fundacio-ires\/#primaryimage"},"thumbnailUrl":"https:\/\/i0.wp.com\/www.fundacioires.org\/wp-content\/uploads\/inetum.jpg?fit=1920%2C1080&ssl=1","datePublished":"2025-12-30T10:09:30+00:00","dateModified":"2026-03-10T11:11:25+00:00","description":"Promou una doble acci\u00f3 pensada per sumar suport a les persones i cura dels espais d\u2019atenci\u00f3.","breadcrumb":{"@id":"https:\/\/www.fundacioires.org\/ca\/inetum-impulsa-el-seu-compromis-social-amb-el-voluntariat-de-la-fundacio-ires\/#breadcrumb"},"inLanguage":"ca-ES","potentialAction":[{"@type":"ReadAction","target":["https:\/\/www.fundacioires.org\/ca\/inetum-impulsa-el-seu-compromis-social-amb-el-voluntariat-de-la-fundacio-ires\/"]}]},{"@type":"ImageObject","inLanguage":"ca-ES","@id":"https:\/\/www.fundacioires.org\/ca\/inetum-impulsa-el-seu-compromis-social-amb-el-voluntariat-de-la-fundacio-ires\/#primaryimage","url":"https:\/\/i0.wp.com\/www.fundacioires.org\/wp-content\/uploads\/inetum.jpg?fit=1920%2C1080&ssl=1","contentUrl":"https:\/\/i0.wp.com\/www.fundacioires.org\/wp-content\/uploads\/inetum.jpg?fit=1920%2C1080&ssl=1","width":1920,"height":1080},{"@type":"BreadcrumbList","@id":"https:\/\/www.fundacioires.org\/ca\/inetum-impulsa-el-seu-compromis-social-amb-el-voluntariat-de-la-fundacio-ires\/#breadcrumb","itemListElement":[{"@type":"ListItem","position":1,"name":"Portada","item":"https:\/\/www.fundacioires.org\/"},{"@type":"ListItem","position":2,"name":"Inetum impulsa el seu comprom\u00eds social amb el voluntariat de la Fundaci\u00f3 IRES"}]},{"@type":"WebSite","@id":"https:\/\/www.fundacioires.org\/#website","url":"https:\/\/www.fundacioires.org\/","name":"Fundaci\u00f3 IRES","description":"","publisher":{"@id":"https:\/\/www.fundacioires.org\/#organization"},"potentialAction":[{"@type":"SearchAction","target":{"@type":"EntryPoint","urlTemplate":"https:\/\/www.fundacioires.org\/?s={search_term_string}"},"query-input":{"@type":"PropertyValueSpecification","valueRequired":true,"valueName":"search_term_string"}}],"inLanguage":"ca-ES"},{"@type":"Organization","@id":"https:\/\/www.fundacioires.org\/#organization","name":"Fundanci\u00f3n IRES","url":"https:\/\/www.fundacioires.org\/","logo":{"@type":"ImageObject","inLanguage":"ca-ES","@id":"https:\/\/www.fundacioires.org\/#\/schema\/logo\/image\/","url":"https:\/\/i0.wp.com\/www.fundacioires.org\/wp-content\/uploads\/faviconIRES.png?fit=32%2C32&ssl=1","contentUrl":"https:\/\/i0.wp.com\/www.fundacioires.org\/wp-content\/uploads\/faviconIRES.png?fit=32%2C32&ssl=1","width":32,"height":32,"caption":"Fundanci\u00f3n IRES"},"image":{"@id":"https:\/\/www.fundacioires.org\/#\/schema\/logo\/image\/"}},{"@type":"Person","@id":"https:\/\/www.fundacioires.org\/#\/schema\/person\/160af843c565221ef4664a5c7000791c","name":"Fundaci\u00f3 IRES"}]}},"jetpack_featured_media_url":"https:\/\/i0.wp.com\/www.fundacioires.org\/wp-content\/uploads\/inetum.jpg?fit=1920%2C1080&ssl=1","jetpack_sharing_enabled":true,"_links":{"self":[{"href":"https:\/\/www.fundacioires.org\/ca\/wp-json\/wp\/v2\/posts\/82268","targetHints":{"allow":["GET"]}}],"collection":[{"href":"https:\/\/www.fundacioires.org\/ca\/wp-json\/wp\/v2\/posts"}],"about":[{"href":"https:\/\/www.fundacioires.org\/ca\/wp-json\/wp\/v2\/types\/post"}],"author":[{"embeddable":true,"href":"https:\/\/www.fundacioires.org\/ca\/wp-json\/wp\/v2\/users\/7"}],"replies":[{"embeddable":true,"href":"https:\/\/www.fundacioires.org\/ca\/wp-json\/wp\/v2\/comments?post=82268"}],"version-history":[{"count":1,"href":"https:\/\/www.fundacioires.org\/ca\/wp-json\/wp\/v2\/posts\/82268\/revisions"}],"predecessor-version":[{"id":82275,"href":"https:\/\/www.fundacioires.org\/ca\/wp-json\/wp\/v2\/posts\/82268\/revisions\/82275"}],"wp:featuredmedia":[{"embeddable":true,"href":"https:\/\/www.fundacioires.org\/ca\/wp-json\/wp\/v2\/media\/82271"}],"wp:attachment":[{"href":"https:\/\/www.fundacioires.org\/ca\/wp-json\/wp\/v2\/media?parent=82268"}],"wp:term":[{"taxonomy":"category","embeddable":true,"href":"https:\/\/www.fundacioires.org\/ca\/wp-json\/wp\/v2\/categories?post=82268"},{"taxonomy":"post_tag","embeddable":true,"href":"https:\/\/www.fundacioires.org\/ca\/wp-json\/wp\/v2\/tags?post=82268"}],"curies":[{"name":"wp","href":"https:\/\/api.w.org\/{rel}","templated":true}]}}