{"id":82279,"date":"2025-12-30T11:23:37","date_gmt":"2025-12-30T10:23:37","guid":{"rendered":"https:\/\/www.fundacioires.org\/?p=82279"},"modified":"2026-03-10T12:11:25","modified_gmt":"2026-03-10T11:11:25","slug":"t-systems-i-la-fundacio-ires-quatre-anys-promovent-la-formacio-digital-com-a-eina-dinclusio","status":"publish","type":"post","link":"https:\/\/www.fundacioires.org\/ca\/t-systems-i-la-fundacio-ires-quatre-anys-promovent-la-formacio-digital-com-a-eina-dinclusio\/","title":{"rendered":"T-Systems i la Fundaci\u00f3 IRES, quatre anys promovent la formaci\u00f3 digital com a eina d\u2019inclusi\u00f3"},"content":{"rendered":"\n<p>Per quart any consecutiu, l\u2019empresa T-Systems ha col\u00b7laborat amb la Fundaci\u00f3 IRES en una acci\u00f3 de <strong>voluntariat corporatiu<\/strong> dirigida a apropar la tecnologia i les possibilitats que aquesta pot oferir a persones en situaci\u00f3 de vulnerabilitat.<\/p>\n\n\n\n<p>A trav\u00e9s de tres sessions formatives, les persones assistents han pogut ampliar i refor\u00e7ar els seus <strong>coneixements b\u00e0sics en l\u2019\u00fas del tel\u00e8fon m\u00f2bil i de diferents aplicacions<\/strong>, afavorint la seva inclusi\u00f3 digital i la seva autonomia en gestions i tr\u00e0mits administratius en l\u00ednia.<\/p>\n\n\n\n<p>Aix\u00ed, gr\u00e0cies als coneixements i la dedicaci\u00f3 de <strong>tres persones volunt\u00e0ries de T-Systems<\/strong>, deu persones participants de <strong>l\u2019Ecosistema Sant Mart\u00ed<\/strong> (Barcelona) han gaudit d\u2019unes <strong>sessions din\u00e0miques i pr\u00e0ctiques<\/strong> en qu\u00e8 aprofundir en eines avui molt presents en el dia a dia personal i professional. El temari ha abordat aspectes com els navegadors web, les plataformes d\u2019intel\u00b7lig\u00e8ncia artificial o les aplicacions per realitzar videoconfer\u00e8ncies, a m\u00e9s de processos administratius habituals, entre d\u2019altres.<\/p>\n\n\n\n<p>Amb aquesta formaci\u00f3, l\u2019empresa ha tornat a posar a disposici\u00f3 la seva experi\u00e8ncia i recursos per facilitar l\u2019acc\u00e9s a continguts formatius a aquelles persones que m\u00e9s ho necessiten, contribuint a millorar les seves <strong>compet\u00e8ncies tecnol\u00f2giques<\/strong> i en l\u2019\u00fas d\u2019Internet &nbsp;en la seva vida quotidiana i professional.<\/p>\n\n\n\n<p><strong>Comprom\u00eds amb la igualtat d\u2019oportunitats i la innovaci\u00f3 social<\/strong><\/p>\n\n\n\n<p>T-Systems, referent en processos de transformaci\u00f3 digital, ha reafirmat un any m\u00e9s el seu comprom\u00eds amb la <strong>capacitaci\u00f3 digital<\/strong>. En un entorn cada cop m\u00e9s digitalitzat, la manca d\u2019<strong>acc\u00e9s a la tecnologia i a coneixements essencials <\/strong>es tradueix en una barrera social que repercuteix en els col\u00b7lectius m\u00e9s vulnerables i iniciatives com aquesta contribueixen a trencar aquesta barrera i a reduir les desigualtats. Des de la Fundaci\u00f3 IRES, volem recon\u00e8ixer i agrair la implicaci\u00f3 de les <strong>persones volunt\u00e0ries<\/strong> que han acompanyat les participants en aquest aprenentatge.<\/p>\n\n\n\n<p>Aquesta col\u00b7laboraci\u00f3 amb la Fundaci\u00f3 IRES, que ja suma quatre edicions consecutives, consolida &nbsp;aix\u00ed una alian\u00e7a que promou la <strong>igualtat d\u2019oportunitats<\/strong>, la <strong>innovaci\u00f3 social<\/strong> i la <strong>transformaci\u00f3 digital<\/strong> com a palanques d\u2019una societat m\u00e9s equitativa.<\/p>\n\n\n\n<p>A la Fundaci\u00f3 IRES #TuHoFasPossible. Aquest servei compta amb el suport del Departament de Drets socials de la Generalitat de Catalunya.<\/p>\n\n\n\n<p><\/p>\n","protected":false},"excerpt":{"rendered":"<p>L\u2019empresa col\u00b7labora amb el voluntariat de la Fundaci\u00f3 per ampliar les compet\u00e8ncies digitals de persones en situaci\u00f3 de vulnerabilitat a l\u2019Ecosistema Sant Mart\u00ed.<\/p>\n","protected":false},"author":7,"featured_media":82280,"comment_status":"closed","ping_status":"closed","sticky":false,"template":"","format":"standard","meta":{"_jetpack_memberships_contains_paid_content":false,"footnotes":""},"categories":[],"tags":[172],"class_list":["post-82279","post","type-post","status-publish","format-standard","has-post-thumbnail","hentry","tag-voluntariat"],"yoast_head":"<!-- This site is optimized with the Yoast SEO plugin v27.4 - https:\/\/yoast.com\/product\/yoast-seo-wordpress\/ -->\n<title>T-Systems i la Fundaci\u00f3 IRES, quatre anys promovent la formaci\u00f3 digital com a eina d\u2019inclusi\u00f3 - Fundaci\u00f3 IRES<\/title>\n<meta name=\"description\" content=\"L\u2019empresa col\u00b7labora amb el voluntariat de la Fundaci\u00f3 per ampliar les compet\u00e8ncies digitals de persones en situaci\u00f3 de vulnerabilitat a l\u2019Ecosistema Sant Mart\u00ed.\" \/>\n<meta name=\"robots\" content=\"index, follow, max-snippet:-1, max-image-preview:large, max-video-preview:-1\" \/>\n<link rel=\"canonical\" href=\"https:\/\/www.fundacioires.org\/ca\/t-systems-i-la-fundacio-ires-quatre-anys-promovent-la-formacio-digital-com-a-eina-dinclusio\/\" \/>\n<meta property=\"og:locale\" content=\"ca_ES\" \/>\n<meta property=\"og:type\" content=\"article\" \/>\n<meta property=\"og:title\" content=\"T-Systems i la Fundaci\u00f3 IRES, quatre anys promovent la formaci\u00f3 digital com a eina d\u2019inclusi\u00f3 - Fundaci\u00f3 IRES\" \/>\n<meta property=\"og:description\" content=\"L\u2019empresa col\u00b7labora amb el voluntariat de la Fundaci\u00f3 per ampliar les compet\u00e8ncies digitals de persones en situaci\u00f3 de vulnerabilitat a l\u2019Ecosistema Sant Mart\u00ed.\" \/>\n<meta property=\"og:url\" content=\"https:\/\/www.fundacioires.org\/ca\/t-systems-i-la-fundacio-ires-quatre-anys-promovent-la-formacio-digital-com-a-eina-dinclusio\/\" \/>\n<meta property=\"og:site_name\" content=\"Fundaci\u00f3 IRES\" \/>\n<meta property=\"article:published_time\" content=\"2025-12-30T10:23:37+00:00\" \/>\n<meta property=\"article:modified_time\" content=\"2026-03-10T11:11:25+00:00\" \/>\n<meta property=\"og:image\" content=\"https:\/\/www.fundacioires.org\/wp-content\/uploads\/t-systems-2.jpg\" \/>\n\t<meta property=\"og:image:width\" content=\"1920\" \/>\n\t<meta property=\"og:image:height\" content=\"1080\" \/>\n\t<meta property=\"og:image:type\" content=\"image\/jpeg\" \/>\n<meta name=\"author\" content=\"Fundaci\u00f3 IRES\" \/>\n<meta name=\"twitter:card\" content=\"summary_large_image\" \/>\n<meta name=\"twitter:label1\" content=\"Written by\" \/>\n\t<meta name=\"twitter:data1\" content=\"Fundaci\u00f3 IRES\" \/>\n\t<meta name=\"twitter:label2\" content=\"Est. reading time\" \/>\n\t<meta name=\"twitter:data2\" content=\"2 minutes\" \/>\n<script type=\"application\/ld+json\" class=\"yoast-schema-graph\">{\"@context\":\"https:\\\/\\\/schema.org\",\"@graph\":[{\"@type\":\"Article\",\"@id\":\"https:\\\/\\\/www.fundacioires.org\\\/ca\\\/t-systems-i-la-fundacio-ires-quatre-anys-promovent-la-formacio-digital-com-a-eina-dinclusio\\\/#article\",\"isPartOf\":{\"@id\":\"https:\\\/\\\/www.fundacioires.org\\\/ca\\\/t-systems-i-la-fundacio-ires-quatre-anys-promovent-la-formacio-digital-com-a-eina-dinclusio\\\/\"},\"author\":{\"name\":\"Fundaci\u00f3 IRES\",\"@id\":\"https:\\\/\\\/www.fundacioires.org\\\/#\\\/schema\\\/person\\\/160af843c565221ef4664a5c7000791c\"},\"headline\":\"T-Systems i la Fundaci\u00f3 IRES, quatre anys promovent la formaci\u00f3 digital com a eina d\u2019inclusi\u00f3\",\"datePublished\":\"2025-12-30T10:23:37+00:00\",\"dateModified\":\"2026-03-10T11:11:25+00:00\",\"mainEntityOfPage\":{\"@id\":\"https:\\\/\\\/www.fundacioires.org\\\/ca\\\/t-systems-i-la-fundacio-ires-quatre-anys-promovent-la-formacio-digital-com-a-eina-dinclusio\\\/\"},\"wordCount\":412,\"publisher\":{\"@id\":\"https:\\\/\\\/www.fundacioires.org\\\/#organization\"},\"image\":{\"@id\":\"https:\\\/\\\/www.fundacioires.org\\\/ca\\\/t-systems-i-la-fundacio-ires-quatre-anys-promovent-la-formacio-digital-com-a-eina-dinclusio\\\/#primaryimage\"},\"thumbnailUrl\":\"https:\\\/\\\/i0.wp.com\\\/www.fundacioires.org\\\/wp-content\\\/uploads\\\/t-systems-2.jpg?fit=1920%2C1080&ssl=1\",\"keywords\":[\"Voluntariat\"],\"inLanguage\":\"ca-ES\"},{\"@type\":\"WebPage\",\"@id\":\"https:\\\/\\\/www.fundacioires.org\\\/ca\\\/t-systems-i-la-fundacio-ires-quatre-anys-promovent-la-formacio-digital-com-a-eina-dinclusio\\\/\",\"url\":\"https:\\\/\\\/www.fundacioires.org\\\/ca\\\/t-systems-i-la-fundacio-ires-quatre-anys-promovent-la-formacio-digital-com-a-eina-dinclusio\\\/\",\"name\":\"T-Systems i la Fundaci\u00f3 IRES, quatre anys promovent la formaci\u00f3 digital com a eina d\u2019inclusi\u00f3 - Fundaci\u00f3 IRES\",\"isPartOf\":{\"@id\":\"https:\\\/\\\/www.fundacioires.org\\\/#website\"},\"primaryImageOfPage\":{\"@id\":\"https:\\\/\\\/www.fundacioires.org\\\/ca\\\/t-systems-i-la-fundacio-ires-quatre-anys-promovent-la-formacio-digital-com-a-eina-dinclusio\\\/#primaryimage\"},\"image\":{\"@id\":\"https:\\\/\\\/www.fundacioires.org\\\/ca\\\/t-systems-i-la-fundacio-ires-quatre-anys-promovent-la-formacio-digital-com-a-eina-dinclusio\\\/#primaryimage\"},\"thumbnailUrl\":\"https:\\\/\\\/i0.wp.com\\\/www.fundacioires.org\\\/wp-content\\\/uploads\\\/t-systems-2.jpg?fit=1920%2C1080&ssl=1\",\"datePublished\":\"2025-12-30T10:23:37+00:00\",\"dateModified\":\"2026-03-10T11:11:25+00:00\",\"description\":\"L\u2019empresa col\u00b7labora amb el voluntariat de la Fundaci\u00f3 per ampliar les compet\u00e8ncies digitals de persones en situaci\u00f3 de vulnerabilitat a l\u2019Ecosistema Sant Mart\u00ed.\",\"breadcrumb\":{\"@id\":\"https:\\\/\\\/www.fundacioires.org\\\/ca\\\/t-systems-i-la-fundacio-ires-quatre-anys-promovent-la-formacio-digital-com-a-eina-dinclusio\\\/#breadcrumb\"},\"inLanguage\":\"ca-ES\",\"potentialAction\":[{\"@type\":\"ReadAction\",\"target\":[\"https:\\\/\\\/www.fundacioires.org\\\/ca\\\/t-systems-i-la-fundacio-ires-quatre-anys-promovent-la-formacio-digital-com-a-eina-dinclusio\\\/\"]}]},{\"@type\":\"ImageObject\",\"inLanguage\":\"ca-ES\",\"@id\":\"https:\\\/\\\/www.fundacioires.org\\\/ca\\\/t-systems-i-la-fundacio-ires-quatre-anys-promovent-la-formacio-digital-com-a-eina-dinclusio\\\/#primaryimage\",\"url\":\"https:\\\/\\\/i0.wp.com\\\/www.fundacioires.org\\\/wp-content\\\/uploads\\\/t-systems-2.jpg?fit=1920%2C1080&ssl=1\",\"contentUrl\":\"https:\\\/\\\/i0.wp.com\\\/www.fundacioires.org\\\/wp-content\\\/uploads\\\/t-systems-2.jpg?fit=1920%2C1080&ssl=1\",\"width\":1920,\"height\":1080},{\"@type\":\"BreadcrumbList\",\"@id\":\"https:\\\/\\\/www.fundacioires.org\\\/ca\\\/t-systems-i-la-fundacio-ires-quatre-anys-promovent-la-formacio-digital-com-a-eina-dinclusio\\\/#breadcrumb\",\"itemListElement\":[{\"@type\":\"ListItem\",\"position\":1,\"name\":\"Portada\",\"item\":\"https:\\\/\\\/www.fundacioires.org\\\/\"},{\"@type\":\"ListItem\",\"position\":2,\"name\":\"T-Systems i la Fundaci\u00f3 IRES, quatre anys promovent la formaci\u00f3 digital com a eina d\u2019inclusi\u00f3\"}]},{\"@type\":\"WebSite\",\"@id\":\"https:\\\/\\\/www.fundacioires.org\\\/#website\",\"url\":\"https:\\\/\\\/www.fundacioires.org\\\/\",\"name\":\"Fundaci\u00f3 IRES\",\"description\":\"\",\"publisher\":{\"@id\":\"https:\\\/\\\/www.fundacioires.org\\\/#organization\"},\"potentialAction\":[{\"@type\":\"SearchAction\",\"target\":{\"@type\":\"EntryPoint\",\"urlTemplate\":\"https:\\\/\\\/www.fundacioires.org\\\/?s={search_term_string}\"},\"query-input\":{\"@type\":\"PropertyValueSpecification\",\"valueRequired\":true,\"valueName\":\"search_term_string\"}}],\"inLanguage\":\"ca-ES\"},{\"@type\":\"Organization\",\"@id\":\"https:\\\/\\\/www.fundacioires.org\\\/#organization\",\"name\":\"Fundanci\u00f3n IRES\",\"url\":\"https:\\\/\\\/www.fundacioires.org\\\/\",\"logo\":{\"@type\":\"ImageObject\",\"inLanguage\":\"ca-ES\",\"@id\":\"https:\\\/\\\/www.fundacioires.org\\\/#\\\/schema\\\/logo\\\/image\\\/\",\"url\":\"https:\\\/\\\/i0.wp.com\\\/www.fundacioires.org\\\/wp-content\\\/uploads\\\/faviconIRES.png?fit=32%2C32&ssl=1\",\"contentUrl\":\"https:\\\/\\\/i0.wp.com\\\/www.fundacioires.org\\\/wp-content\\\/uploads\\\/faviconIRES.png?fit=32%2C32&ssl=1\",\"width\":32,\"height\":32,\"caption\":\"Fundanci\u00f3n IRES\"},\"image\":{\"@id\":\"https:\\\/\\\/www.fundacioires.org\\\/#\\\/schema\\\/logo\\\/image\\\/\"}},{\"@type\":\"Person\",\"@id\":\"https:\\\/\\\/www.fundacioires.org\\\/#\\\/schema\\\/person\\\/160af843c565221ef4664a5c7000791c\",\"name\":\"Fundaci\u00f3 IRES\"}]}<\/script>\n<!-- \/ Yoast SEO plugin. -->","yoast_head_json":{"title":"T-Systems i la Fundaci\u00f3 IRES, quatre anys promovent la formaci\u00f3 digital com a eina d\u2019inclusi\u00f3 - Fundaci\u00f3 IRES","description":"L\u2019empresa col\u00b7labora amb el voluntariat de la Fundaci\u00f3 per ampliar les compet\u00e8ncies digitals de persones en situaci\u00f3 de vulnerabilitat a l\u2019Ecosistema Sant Mart\u00ed.","robots":{"index":"index","follow":"follow","max-snippet":"max-snippet:-1","max-image-preview":"max-image-preview:large","max-video-preview":"max-video-preview:-1"},"canonical":"https:\/\/www.fundacioires.org\/ca\/t-systems-i-la-fundacio-ires-quatre-anys-promovent-la-formacio-digital-com-a-eina-dinclusio\/","og_locale":"ca_ES","og_type":"article","og_title":"T-Systems i la Fundaci\u00f3 IRES, quatre anys promovent la formaci\u00f3 digital com a eina d\u2019inclusi\u00f3 - Fundaci\u00f3 IRES","og_description":"L\u2019empresa col\u00b7labora amb el voluntariat de la Fundaci\u00f3 per ampliar les compet\u00e8ncies digitals de persones en situaci\u00f3 de vulnerabilitat a l\u2019Ecosistema Sant Mart\u00ed.","og_url":"https:\/\/www.fundacioires.org\/ca\/t-systems-i-la-fundacio-ires-quatre-anys-promovent-la-formacio-digital-com-a-eina-dinclusio\/","og_site_name":"Fundaci\u00f3 IRES","article_published_time":"2025-12-30T10:23:37+00:00","article_modified_time":"2026-03-10T11:11:25+00:00","og_image":[{"width":1920,"height":1080,"url":"https:\/\/www.fundacioires.org\/wp-content\/uploads\/t-systems-2.jpg","type":"image\/jpeg"}],"author":"Fundaci\u00f3 IRES","twitter_card":"summary_large_image","twitter_misc":{"Written by":"Fundaci\u00f3 IRES","Est. reading time":"2 minutes"},"schema":{"@context":"https:\/\/schema.org","@graph":[{"@type":"Article","@id":"https:\/\/www.fundacioires.org\/ca\/t-systems-i-la-fundacio-ires-quatre-anys-promovent-la-formacio-digital-com-a-eina-dinclusio\/#article","isPartOf":{"@id":"https:\/\/www.fundacioires.org\/ca\/t-systems-i-la-fundacio-ires-quatre-anys-promovent-la-formacio-digital-com-a-eina-dinclusio\/"},"author":{"name":"Fundaci\u00f3 IRES","@id":"https:\/\/www.fundacioires.org\/#\/schema\/person\/160af843c565221ef4664a5c7000791c"},"headline":"T-Systems i la Fundaci\u00f3 IRES, quatre anys promovent la formaci\u00f3 digital com a eina d\u2019inclusi\u00f3","datePublished":"2025-12-30T10:23:37+00:00","dateModified":"2026-03-10T11:11:25+00:00","mainEntityOfPage":{"@id":"https:\/\/www.fundacioires.org\/ca\/t-systems-i-la-fundacio-ires-quatre-anys-promovent-la-formacio-digital-com-a-eina-dinclusio\/"},"wordCount":412,"publisher":{"@id":"https:\/\/www.fundacioires.org\/#organization"},"image":{"@id":"https:\/\/www.fundacioires.org\/ca\/t-systems-i-la-fundacio-ires-quatre-anys-promovent-la-formacio-digital-com-a-eina-dinclusio\/#primaryimage"},"thumbnailUrl":"https:\/\/i0.wp.com\/www.fundacioires.org\/wp-content\/uploads\/t-systems-2.jpg?fit=1920%2C1080&ssl=1","keywords":["Voluntariat"],"inLanguage":"ca-ES"},{"@type":"WebPage","@id":"https:\/\/www.fundacioires.org\/ca\/t-systems-i-la-fundacio-ires-quatre-anys-promovent-la-formacio-digital-com-a-eina-dinclusio\/","url":"https:\/\/www.fundacioires.org\/ca\/t-systems-i-la-fundacio-ires-quatre-anys-promovent-la-formacio-digital-com-a-eina-dinclusio\/","name":"T-Systems i la Fundaci\u00f3 IRES, quatre anys promovent la formaci\u00f3 digital com a eina d\u2019inclusi\u00f3 - Fundaci\u00f3 IRES","isPartOf":{"@id":"https:\/\/www.fundacioires.org\/#website"},"primaryImageOfPage":{"@id":"https:\/\/www.fundacioires.org\/ca\/t-systems-i-la-fundacio-ires-quatre-anys-promovent-la-formacio-digital-com-a-eina-dinclusio\/#primaryimage"},"image":{"@id":"https:\/\/www.fundacioires.org\/ca\/t-systems-i-la-fundacio-ires-quatre-anys-promovent-la-formacio-digital-com-a-eina-dinclusio\/#primaryimage"},"thumbnailUrl":"https:\/\/i0.wp.com\/www.fundacioires.org\/wp-content\/uploads\/t-systems-2.jpg?fit=1920%2C1080&ssl=1","datePublished":"2025-12-30T10:23:37+00:00","dateModified":"2026-03-10T11:11:25+00:00","description":"L\u2019empresa col\u00b7labora amb el voluntariat de la Fundaci\u00f3 per ampliar les compet\u00e8ncies digitals de persones en situaci\u00f3 de vulnerabilitat a l\u2019Ecosistema Sant Mart\u00ed.","breadcrumb":{"@id":"https:\/\/www.fundacioires.org\/ca\/t-systems-i-la-fundacio-ires-quatre-anys-promovent-la-formacio-digital-com-a-eina-dinclusio\/#breadcrumb"},"inLanguage":"ca-ES","potentialAction":[{"@type":"ReadAction","target":["https:\/\/www.fundacioires.org\/ca\/t-systems-i-la-fundacio-ires-quatre-anys-promovent-la-formacio-digital-com-a-eina-dinclusio\/"]}]},{"@type":"ImageObject","inLanguage":"ca-ES","@id":"https:\/\/www.fundacioires.org\/ca\/t-systems-i-la-fundacio-ires-quatre-anys-promovent-la-formacio-digital-com-a-eina-dinclusio\/#primaryimage","url":"https:\/\/i0.wp.com\/www.fundacioires.org\/wp-content\/uploads\/t-systems-2.jpg?fit=1920%2C1080&ssl=1","contentUrl":"https:\/\/i0.wp.com\/www.fundacioires.org\/wp-content\/uploads\/t-systems-2.jpg?fit=1920%2C1080&ssl=1","width":1920,"height":1080},{"@type":"BreadcrumbList","@id":"https:\/\/www.fundacioires.org\/ca\/t-systems-i-la-fundacio-ires-quatre-anys-promovent-la-formacio-digital-com-a-eina-dinclusio\/#breadcrumb","itemListElement":[{"@type":"ListItem","position":1,"name":"Portada","item":"https:\/\/www.fundacioires.org\/"},{"@type":"ListItem","position":2,"name":"T-Systems i la Fundaci\u00f3 IRES, quatre anys promovent la formaci\u00f3 digital com a eina d\u2019inclusi\u00f3"}]},{"@type":"WebSite","@id":"https:\/\/www.fundacioires.org\/#website","url":"https:\/\/www.fundacioires.org\/","name":"Fundaci\u00f3 IRES","description":"","publisher":{"@id":"https:\/\/www.fundacioires.org\/#organization"},"potentialAction":[{"@type":"SearchAction","target":{"@type":"EntryPoint","urlTemplate":"https:\/\/www.fundacioires.org\/?s={search_term_string}"},"query-input":{"@type":"PropertyValueSpecification","valueRequired":true,"valueName":"search_term_string"}}],"inLanguage":"ca-ES"},{"@type":"Organization","@id":"https:\/\/www.fundacioires.org\/#organization","name":"Fundanci\u00f3n IRES","url":"https:\/\/www.fundacioires.org\/","logo":{"@type":"ImageObject","inLanguage":"ca-ES","@id":"https:\/\/www.fundacioires.org\/#\/schema\/logo\/image\/","url":"https:\/\/i0.wp.com\/www.fundacioires.org\/wp-content\/uploads\/faviconIRES.png?fit=32%2C32&ssl=1","contentUrl":"https:\/\/i0.wp.com\/www.fundacioires.org\/wp-content\/uploads\/faviconIRES.png?fit=32%2C32&ssl=1","width":32,"height":32,"caption":"Fundanci\u00f3n IRES"},"image":{"@id":"https:\/\/www.fundacioires.org\/#\/schema\/logo\/image\/"}},{"@type":"Person","@id":"https:\/\/www.fundacioires.org\/#\/schema\/person\/160af843c565221ef4664a5c7000791c","name":"Fundaci\u00f3 IRES"}]}},"jetpack_featured_media_url":"https:\/\/i0.wp.com\/www.fundacioires.org\/wp-content\/uploads\/t-systems-2.jpg?fit=1920%2C1080&ssl=1","jetpack_sharing_enabled":true,"_links":{"self":[{"href":"https:\/\/www.fundacioires.org\/ca\/wp-json\/wp\/v2\/posts\/82279","targetHints":{"allow":["GET"]}}],"collection":[{"href":"https:\/\/www.fundacioires.org\/ca\/wp-json\/wp\/v2\/posts"}],"about":[{"href":"https:\/\/www.fundacioires.org\/ca\/wp-json\/wp\/v2\/types\/post"}],"author":[{"embeddable":true,"href":"https:\/\/www.fundacioires.org\/ca\/wp-json\/wp\/v2\/users\/7"}],"replies":[{"embeddable":true,"href":"https:\/\/www.fundacioires.org\/ca\/wp-json\/wp\/v2\/comments?post=82279"}],"version-history":[{"count":1,"href":"https:\/\/www.fundacioires.org\/ca\/wp-json\/wp\/v2\/posts\/82279\/revisions"}],"predecessor-version":[{"id":82282,"href":"https:\/\/www.fundacioires.org\/ca\/wp-json\/wp\/v2\/posts\/82279\/revisions\/82282"}],"wp:featuredmedia":[{"embeddable":true,"href":"https:\/\/www.fundacioires.org\/ca\/wp-json\/wp\/v2\/media\/82280"}],"wp:attachment":[{"href":"https:\/\/www.fundacioires.org\/ca\/wp-json\/wp\/v2\/media?parent=82279"}],"wp:term":[{"taxonomy":"category","embeddable":true,"href":"https:\/\/www.fundacioires.org\/ca\/wp-json\/wp\/v2\/categories?post=82279"},{"taxonomy":"post_tag","embeddable":true,"href":"https:\/\/www.fundacioires.org\/ca\/wp-json\/wp\/v2\/tags?post=82279"}],"curies":[{"name":"wp","href":"https:\/\/api.w.org\/{rel}","templated":true}]}}