{"id":82479,"date":"2026-01-12T11:11:56","date_gmt":"2026-01-12T10:11:56","guid":{"rendered":"https:\/\/www.fundacioires.org\/?p=82479"},"modified":"2026-03-10T12:11:25","modified_gmt":"2026-03-10T11:11:25","slug":"casal-en-familia-2025-2026","status":"publish","type":"post","link":"https:\/\/www.fundacioires.org\/ca\/casal-en-familia-2025-2026\/","title":{"rendered":"Casal en Fam\u00edlia de Barcelona: un primer trimestre ple de vida i noves connexions"},"content":{"rendered":"\n<p>Enguany al casal en Fam\u00edlia de Barcelona, un nou espai ens acull i despr\u00e9s de m\u00e9s de 10 anys a l&#8217;escola la Pau, comencem ara, un nou cicle en la <strong>Escola Bressol Margall\u00f3<\/strong>. Amb el canvi de seu iniciem una nova etapa il\u00b7lusionant que, m\u00e9s enll\u00e0 d&#8217;un simple trasllat f\u00edsic, ens obre la porta a un espai renovat ple de possibilitats, on podran sorgir noves activitats, trobades i projectes que enfortiran la comunitat i ens permetran cr\u00e9ixer, adaptar-nos i continuar construint junts un lloc obert, din\u00e0mic i acollidor.<\/p>\n\n\n\n<div class=\"wp-block-jetpack-tiled-gallery aligncenter is-style-columns\"><div class=\"has-rounded-corners-12\"><div class=\"tiled-gallery__gallery\"><div class=\"tiled-gallery__row\"><div class=\"tiled-gallery__col\" style=\"flex-basis:12.72836%\"><figure class=\"tiled-gallery__item\"><img decoding=\"async\" srcset=\"https:\/\/i0.wp.com\/www.fundacioires.org\/wp-content\/uploads\/1ce1afcd-de97-415d-be50-c5a958bb9a76-768x1024.jpg?strip=info&#038;w=600&#038;ssl=1 600w,https:\/\/i0.wp.com\/www.fundacioires.org\/wp-content\/uploads\/1ce1afcd-de97-415d-be50-c5a958bb9a76-768x1024.jpg?strip=info&#038;w=900&#038;ssl=1 900w,https:\/\/i0.wp.com\/www.fundacioires.org\/wp-content\/uploads\/1ce1afcd-de97-415d-be50-c5a958bb9a76-768x1024.jpg?strip=info&#038;w=1200&#038;ssl=1 1200w,https:\/\/i0.wp.com\/www.fundacioires.org\/wp-content\/uploads\/1ce1afcd-de97-415d-be50-c5a958bb9a76-768x1024.jpg?strip=info&#038;w=1500&#038;ssl=1 1500w,https:\/\/i0.wp.com\/www.fundacioires.org\/wp-content\/uploads\/1ce1afcd-de97-415d-be50-c5a958bb9a76-768x1024.jpg?strip=info&#038;w=1536&#038;ssl=1 1536w\" alt=\"\" data-height=\"2048\" data-id=\"82482\" data-link=\"https:\/\/www.fundacioires.org\/ca\/?attachment_id=82482\" data-url=\"https:\/\/www.fundacioires.org\/wp-content\/uploads\/1ce1afcd-de97-415d-be50-c5a958bb9a76-768x1024.jpg\" data-width=\"1536\" src=\"https:\/\/i0.wp.com\/www.fundacioires.org\/wp-content\/uploads\/1ce1afcd-de97-415d-be50-c5a958bb9a76-768x1024.jpg?ssl=1\" data-amp-layout=\"responsive\"\/><\/figure><figure class=\"tiled-gallery__item\"><img decoding=\"async\" srcset=\"https:\/\/i0.wp.com\/www.fundacioires.org\/wp-content\/uploads\/96dadfe3-ffe0-4320-960d-c085f292c595-768x1024.jpg?strip=info&#038;w=600&#038;ssl=1 600w,https:\/\/i0.wp.com\/www.fundacioires.org\/wp-content\/uploads\/96dadfe3-ffe0-4320-960d-c085f292c595-768x1024.jpg?strip=info&#038;w=900&#038;ssl=1 900w,https:\/\/i0.wp.com\/www.fundacioires.org\/wp-content\/uploads\/96dadfe3-ffe0-4320-960d-c085f292c595-768x1024.jpg?strip=info&#038;w=1200&#038;ssl=1 1200w\" alt=\"\" data-height=\"1600\" data-id=\"82483\" data-link=\"https:\/\/www.fundacioires.org\/ca\/?attachment_id=82483\" data-url=\"https:\/\/www.fundacioires.org\/wp-content\/uploads\/96dadfe3-ffe0-4320-960d-c085f292c595-768x1024.jpg\" data-width=\"1200\" src=\"https:\/\/i0.wp.com\/www.fundacioires.org\/wp-content\/uploads\/96dadfe3-ffe0-4320-960d-c085f292c595-768x1024.jpg?ssl=1\" data-amp-layout=\"responsive\"\/><\/figure><figure class=\"tiled-gallery__item\"><img decoding=\"async\" srcset=\"https:\/\/i0.wp.com\/www.fundacioires.org\/wp-content\/uploads\/0112f5f8-7b4b-4800-a852-e2768a3ed43a-1024x768.jpg?strip=info&#038;w=600&#038;ssl=1 600w,https:\/\/i0.wp.com\/www.fundacioires.org\/wp-content\/uploads\/0112f5f8-7b4b-4800-a852-e2768a3ed43a-1024x768.jpg?strip=info&#038;w=900&#038;ssl=1 900w,https:\/\/i0.wp.com\/www.fundacioires.org\/wp-content\/uploads\/0112f5f8-7b4b-4800-a852-e2768a3ed43a-1024x768.jpg?strip=info&#038;w=1200&#038;ssl=1 1200w,https:\/\/i0.wp.com\/www.fundacioires.org\/wp-content\/uploads\/0112f5f8-7b4b-4800-a852-e2768a3ed43a-1024x768.jpg?strip=info&#038;w=1500&#038;ssl=1 1500w,https:\/\/i0.wp.com\/www.fundacioires.org\/wp-content\/uploads\/0112f5f8-7b4b-4800-a852-e2768a3ed43a-1024x768.jpg?strip=info&#038;w=1600&#038;ssl=1 1600w\" alt=\"\" data-height=\"1200\" data-id=\"82486\" data-link=\"https:\/\/www.fundacioires.org\/ca\/?attachment_id=82486\" data-url=\"https:\/\/www.fundacioires.org\/wp-content\/uploads\/0112f5f8-7b4b-4800-a852-e2768a3ed43a-1024x768.jpg\" data-width=\"1600\" src=\"https:\/\/i0.wp.com\/www.fundacioires.org\/wp-content\/uploads\/0112f5f8-7b4b-4800-a852-e2768a3ed43a-1024x768.jpg?ssl=1\" data-amp-layout=\"responsive\"\/><\/figure><\/div><div class=\"tiled-gallery__col\" style=\"flex-basis:54.25216%\"><figure class=\"tiled-gallery__item\"><img decoding=\"async\" srcset=\"https:\/\/i0.wp.com\/www.fundacioires.org\/wp-content\/uploads\/dd09974e-512d-459e-a601-84e1a8f8a2f8-1024x829.png?strip=info&#038;w=600&#038;ssl=1 600w,https:\/\/i0.wp.com\/www.fundacioires.org\/wp-content\/uploads\/dd09974e-512d-459e-a601-84e1a8f8a2f8-1024x829.png?strip=info&#038;w=900&#038;ssl=1 900w,https:\/\/i0.wp.com\/www.fundacioires.org\/wp-content\/uploads\/dd09974e-512d-459e-a601-84e1a8f8a2f8-1024x829.png?strip=info&#038;w=1200&#038;ssl=1 1200w,https:\/\/i0.wp.com\/www.fundacioires.org\/wp-content\/uploads\/dd09974e-512d-459e-a601-84e1a8f8a2f8-1024x829.png?strip=info&#038;w=1354&#038;ssl=1 1354w\" alt=\"\" data-height=\"1096\" data-id=\"82490\" data-link=\"https:\/\/www.fundacioires.org\/ca\/?attachment_id=82490\" data-url=\"https:\/\/www.fundacioires.org\/wp-content\/uploads\/dd09974e-512d-459e-a601-84e1a8f8a2f8-1024x829.png\" data-width=\"1354\" src=\"https:\/\/i0.wp.com\/www.fundacioires.org\/wp-content\/uploads\/dd09974e-512d-459e-a601-84e1a8f8a2f8-1024x829.png?ssl=1\" data-amp-layout=\"responsive\"\/><\/figure><\/div><div class=\"tiled-gallery__col\" style=\"flex-basis:33.01949%\"><figure class=\"tiled-gallery__item\"><img decoding=\"async\" srcset=\"https:\/\/i0.wp.com\/www.fundacioires.org\/wp-content\/uploads\/ea61cd3b-cc58-442b-b85a-f36a83eb2866-768x1024.jpg?strip=info&#038;w=600&#038;ssl=1 600w,https:\/\/i0.wp.com\/www.fundacioires.org\/wp-content\/uploads\/ea61cd3b-cc58-442b-b85a-f36a83eb2866-768x1024.jpg?strip=info&#038;w=900&#038;ssl=1 900w,https:\/\/i0.wp.com\/www.fundacioires.org\/wp-content\/uploads\/ea61cd3b-cc58-442b-b85a-f36a83eb2866-768x1024.jpg?strip=info&#038;w=1200&#038;ssl=1 1200w,https:\/\/i0.wp.com\/www.fundacioires.org\/wp-content\/uploads\/ea61cd3b-cc58-442b-b85a-f36a83eb2866-768x1024.jpg?strip=info&#038;w=1500&#038;ssl=1 1500w,https:\/\/i0.wp.com\/www.fundacioires.org\/wp-content\/uploads\/ea61cd3b-cc58-442b-b85a-f36a83eb2866-768x1024.jpg?strip=info&#038;w=1536&#038;ssl=1 1536w\" alt=\"\" data-height=\"2048\" data-id=\"82488\" data-link=\"https:\/\/www.fundacioires.org\/ca\/?attachment_id=82488\" data-url=\"https:\/\/www.fundacioires.org\/wp-content\/uploads\/ea61cd3b-cc58-442b-b85a-f36a83eb2866-768x1024.jpg\" data-width=\"1536\" src=\"https:\/\/i0.wp.com\/www.fundacioires.org\/wp-content\/uploads\/ea61cd3b-cc58-442b-b85a-f36a83eb2866-768x1024.jpg?ssl=1\" data-amp-layout=\"responsive\"\/><\/figure><\/div><\/div><\/div><\/div><\/div>\n\n\n\n<p><strong>16 noves fam\u00edlies amb 9 nens i 11 nenes (3 -12 anys)<\/strong> han portat amb si noves energies, somriures i experi\u00e8ncies compartides. Cada sessi\u00f3 ha perm\u00e8s a pares, mares, fills i filles aprendre junts, compartir experi\u00e8ncies i sentir-se part d&#8217;un entorn segur i pr\u00f2xim.<\/p>\n\n\n\n<p>Durant aquests primers mesos, el Casal ha estat tamb\u00e9 un punt de trobada on es <strong>barregen generacions, se celebren les difer\u00e8ncies i es construeixen relacions basades en la confian\u00e7a i el respecte<\/strong>. Els nous espais descoberts i les activitats realitzades han fomentat la creativitat, la col\u00b7laboraci\u00f3 i la connexi\u00f3 entre tots els membres de la comunitat.<\/p>\n\n\n\n<p>Hem acomiadat el trimestre amb T\u00edo que ens va regalar alguns jocs de construcci\u00f3 per a compartir en fam\u00edlia. Els nens, amb rialles i can\u00e7ons, van fer cagar el ti\u00f3, omplint el moment de m\u00e0gia, il\u00b7lusi\u00f3 i alegria compartida. \ud83c\udf84\u2728<\/p>\n\n\n\n<p><\/p>\n","protected":false},"excerpt":{"rendered":"<p>Iniciem una nova etapa il\u00b7lusionant que, m\u00e9s enll\u00e0 d&#8217;un simple trasllat f\u00edsic, ens obre la porta a un espai renovat ple de possibilitats<\/p>\n","protected":false},"author":7,"featured_media":82492,"comment_status":"closed","ping_status":"closed","sticky":false,"template":"","format":"standard","meta":{"_jetpack_memberships_contains_paid_content":false,"footnotes":""},"categories":[19],"tags":[],"class_list":["post-82479","post","type-post","status-publish","format-standard","has-post-thumbnail","hentry","category-ires-blog"],"yoast_head":"<!-- This site is optimized with the Yoast SEO plugin v27.4 - https:\/\/yoast.com\/product\/yoast-seo-wordpress\/ -->\n<title>Un primer trimestre ple de vida i noves connexions<\/title>\n<meta name=\"description\" content=\"Iniciem una nova etapa il\u00b7lusionant que, m\u00e9s enll\u00e0 d&#039;un simple trasllat f\u00edsic, ens obre la porta a un espai renovat ple de possibilitats\" \/>\n<meta name=\"robots\" content=\"index, follow, max-snippet:-1, max-image-preview:large, max-video-preview:-1\" \/>\n<link rel=\"canonical\" href=\"https:\/\/www.fundacioires.org\/ca\/casal-en-familia-2025-2026\/\" \/>\n<meta property=\"og:locale\" content=\"ca_ES\" \/>\n<meta property=\"og:type\" content=\"article\" \/>\n<meta property=\"og:title\" content=\"Un primer trimestre ple de vida i noves connexions\" \/>\n<meta property=\"og:description\" content=\"Iniciem una nova etapa il\u00b7lusionant que, m\u00e9s enll\u00e0 d&#039;un simple trasllat f\u00edsic, ens obre la porta a un espai renovat ple de possibilitats\" \/>\n<meta property=\"og:url\" content=\"https:\/\/www.fundacioires.org\/ca\/casal-en-familia-2025-2026\/\" \/>\n<meta property=\"og:site_name\" content=\"Fundaci\u00f3 IRES\" \/>\n<meta property=\"article:published_time\" content=\"2026-01-12T10:11:56+00:00\" \/>\n<meta property=\"article:modified_time\" content=\"2026-03-10T11:11:25+00:00\" \/>\n<meta property=\"og:image\" content=\"https:\/\/www.fundacioires.org\/wp-content\/uploads\/CONCERT-SOLIDARI-1.png\" \/>\n\t<meta property=\"og:image:width\" content=\"1200\" \/>\n\t<meta property=\"og:image:height\" content=\"628\" \/>\n\t<meta property=\"og:image:type\" content=\"image\/png\" \/>\n<meta name=\"author\" content=\"Fundaci\u00f3 IRES\" \/>\n<meta name=\"twitter:card\" content=\"summary_large_image\" \/>\n<meta name=\"twitter:label1\" content=\"Written by\" \/>\n\t<meta name=\"twitter:data1\" content=\"Fundaci\u00f3 IRES\" \/>\n\t<meta name=\"twitter:label2\" content=\"Est. reading time\" \/>\n\t<meta name=\"twitter:data2\" content=\"3 minutes\" \/>\n<script type=\"application\/ld+json\" class=\"yoast-schema-graph\">{\"@context\":\"https:\\\/\\\/schema.org\",\"@graph\":[{\"@type\":\"Article\",\"@id\":\"https:\\\/\\\/www.fundacioires.org\\\/ca\\\/casal-en-familia-2025-2026\\\/#article\",\"isPartOf\":{\"@id\":\"https:\\\/\\\/www.fundacioires.org\\\/ca\\\/casal-en-familia-2025-2026\\\/\"},\"author\":{\"name\":\"Fundaci\u00f3 IRES\",\"@id\":\"https:\\\/\\\/www.fundacioires.org\\\/#\\\/schema\\\/person\\\/160af843c565221ef4664a5c7000791c\"},\"headline\":\"Casal en Fam\u00edlia de Barcelona: un primer trimestre ple de vida i noves connexions\",\"datePublished\":\"2026-01-12T10:11:56+00:00\",\"dateModified\":\"2026-03-10T11:11:25+00:00\",\"mainEntityOfPage\":{\"@id\":\"https:\\\/\\\/www.fundacioires.org\\\/ca\\\/casal-en-familia-2025-2026\\\/\"},\"wordCount\":261,\"publisher\":{\"@id\":\"https:\\\/\\\/www.fundacioires.org\\\/#organization\"},\"image\":{\"@id\":\"https:\\\/\\\/www.fundacioires.org\\\/ca\\\/casal-en-familia-2025-2026\\\/#primaryimage\"},\"thumbnailUrl\":\"https:\\\/\\\/i0.wp.com\\\/www.fundacioires.org\\\/wp-content\\\/uploads\\\/CONCERT-SOLIDARI-1.png?fit=1200%2C628&ssl=1\",\"articleSection\":[\"IRES-Blog\"],\"inLanguage\":\"ca-ES\"},{\"@type\":\"WebPage\",\"@id\":\"https:\\\/\\\/www.fundacioires.org\\\/ca\\\/casal-en-familia-2025-2026\\\/\",\"url\":\"https:\\\/\\\/www.fundacioires.org\\\/ca\\\/casal-en-familia-2025-2026\\\/\",\"name\":\"Un primer trimestre ple de vida i noves connexions\",\"isPartOf\":{\"@id\":\"https:\\\/\\\/www.fundacioires.org\\\/#website\"},\"primaryImageOfPage\":{\"@id\":\"https:\\\/\\\/www.fundacioires.org\\\/ca\\\/casal-en-familia-2025-2026\\\/#primaryimage\"},\"image\":{\"@id\":\"https:\\\/\\\/www.fundacioires.org\\\/ca\\\/casal-en-familia-2025-2026\\\/#primaryimage\"},\"thumbnailUrl\":\"https:\\\/\\\/i0.wp.com\\\/www.fundacioires.org\\\/wp-content\\\/uploads\\\/CONCERT-SOLIDARI-1.png?fit=1200%2C628&ssl=1\",\"datePublished\":\"2026-01-12T10:11:56+00:00\",\"dateModified\":\"2026-03-10T11:11:25+00:00\",\"description\":\"Iniciem una nova etapa il\u00b7lusionant que, m\u00e9s enll\u00e0 d'un simple trasllat f\u00edsic, ens obre la porta a un espai renovat ple de possibilitats\",\"breadcrumb\":{\"@id\":\"https:\\\/\\\/www.fundacioires.org\\\/ca\\\/casal-en-familia-2025-2026\\\/#breadcrumb\"},\"inLanguage\":\"ca-ES\",\"potentialAction\":[{\"@type\":\"ReadAction\",\"target\":[\"https:\\\/\\\/www.fundacioires.org\\\/ca\\\/casal-en-familia-2025-2026\\\/\"]}]},{\"@type\":\"ImageObject\",\"inLanguage\":\"ca-ES\",\"@id\":\"https:\\\/\\\/www.fundacioires.org\\\/ca\\\/casal-en-familia-2025-2026\\\/#primaryimage\",\"url\":\"https:\\\/\\\/i0.wp.com\\\/www.fundacioires.org\\\/wp-content\\\/uploads\\\/CONCERT-SOLIDARI-1.png?fit=1200%2C628&ssl=1\",\"contentUrl\":\"https:\\\/\\\/i0.wp.com\\\/www.fundacioires.org\\\/wp-content\\\/uploads\\\/CONCERT-SOLIDARI-1.png?fit=1200%2C628&ssl=1\",\"width\":1200,\"height\":628},{\"@type\":\"BreadcrumbList\",\"@id\":\"https:\\\/\\\/www.fundacioires.org\\\/ca\\\/casal-en-familia-2025-2026\\\/#breadcrumb\",\"itemListElement\":[{\"@type\":\"ListItem\",\"position\":1,\"name\":\"Portada\",\"item\":\"https:\\\/\\\/www.fundacioires.org\\\/\"},{\"@type\":\"ListItem\",\"position\":2,\"name\":\"Casal en Fam\u00edlia de Barcelona: un primer trimestre ple de vida i noves connexions\"}]},{\"@type\":\"WebSite\",\"@id\":\"https:\\\/\\\/www.fundacioires.org\\\/#website\",\"url\":\"https:\\\/\\\/www.fundacioires.org\\\/\",\"name\":\"Fundaci\u00f3 IRES\",\"description\":\"\",\"publisher\":{\"@id\":\"https:\\\/\\\/www.fundacioires.org\\\/#organization\"},\"potentialAction\":[{\"@type\":\"SearchAction\",\"target\":{\"@type\":\"EntryPoint\",\"urlTemplate\":\"https:\\\/\\\/www.fundacioires.org\\\/?s={search_term_string}\"},\"query-input\":{\"@type\":\"PropertyValueSpecification\",\"valueRequired\":true,\"valueName\":\"search_term_string\"}}],\"inLanguage\":\"ca-ES\"},{\"@type\":\"Organization\",\"@id\":\"https:\\\/\\\/www.fundacioires.org\\\/#organization\",\"name\":\"Fundanci\u00f3n IRES\",\"url\":\"https:\\\/\\\/www.fundacioires.org\\\/\",\"logo\":{\"@type\":\"ImageObject\",\"inLanguage\":\"ca-ES\",\"@id\":\"https:\\\/\\\/www.fundacioires.org\\\/#\\\/schema\\\/logo\\\/image\\\/\",\"url\":\"https:\\\/\\\/i0.wp.com\\\/www.fundacioires.org\\\/wp-content\\\/uploads\\\/faviconIRES.png?fit=32%2C32&ssl=1\",\"contentUrl\":\"https:\\\/\\\/i0.wp.com\\\/www.fundacioires.org\\\/wp-content\\\/uploads\\\/faviconIRES.png?fit=32%2C32&ssl=1\",\"width\":32,\"height\":32,\"caption\":\"Fundanci\u00f3n IRES\"},\"image\":{\"@id\":\"https:\\\/\\\/www.fundacioires.org\\\/#\\\/schema\\\/logo\\\/image\\\/\"}},{\"@type\":\"Person\",\"@id\":\"https:\\\/\\\/www.fundacioires.org\\\/#\\\/schema\\\/person\\\/160af843c565221ef4664a5c7000791c\",\"name\":\"Fundaci\u00f3 IRES\"}]}<\/script>\n<!-- \/ Yoast SEO plugin. -->","yoast_head_json":{"title":"Un primer trimestre ple de vida i noves connexions","description":"Iniciem una nova etapa il\u00b7lusionant que, m\u00e9s enll\u00e0 d'un simple trasllat f\u00edsic, ens obre la porta a un espai renovat ple de possibilitats","robots":{"index":"index","follow":"follow","max-snippet":"max-snippet:-1","max-image-preview":"max-image-preview:large","max-video-preview":"max-video-preview:-1"},"canonical":"https:\/\/www.fundacioires.org\/ca\/casal-en-familia-2025-2026\/","og_locale":"ca_ES","og_type":"article","og_title":"Un primer trimestre ple de vida i noves connexions","og_description":"Iniciem una nova etapa il\u00b7lusionant que, m\u00e9s enll\u00e0 d'un simple trasllat f\u00edsic, ens obre la porta a un espai renovat ple de possibilitats","og_url":"https:\/\/www.fundacioires.org\/ca\/casal-en-familia-2025-2026\/","og_site_name":"Fundaci\u00f3 IRES","article_published_time":"2026-01-12T10:11:56+00:00","article_modified_time":"2026-03-10T11:11:25+00:00","og_image":[{"width":1200,"height":628,"url":"https:\/\/www.fundacioires.org\/wp-content\/uploads\/CONCERT-SOLIDARI-1.png","type":"image\/png"}],"author":"Fundaci\u00f3 IRES","twitter_card":"summary_large_image","twitter_misc":{"Written by":"Fundaci\u00f3 IRES","Est. reading time":"3 minutes"},"schema":{"@context":"https:\/\/schema.org","@graph":[{"@type":"Article","@id":"https:\/\/www.fundacioires.org\/ca\/casal-en-familia-2025-2026\/#article","isPartOf":{"@id":"https:\/\/www.fundacioires.org\/ca\/casal-en-familia-2025-2026\/"},"author":{"name":"Fundaci\u00f3 IRES","@id":"https:\/\/www.fundacioires.org\/#\/schema\/person\/160af843c565221ef4664a5c7000791c"},"headline":"Casal en Fam\u00edlia de Barcelona: un primer trimestre ple de vida i noves connexions","datePublished":"2026-01-12T10:11:56+00:00","dateModified":"2026-03-10T11:11:25+00:00","mainEntityOfPage":{"@id":"https:\/\/www.fundacioires.org\/ca\/casal-en-familia-2025-2026\/"},"wordCount":261,"publisher":{"@id":"https:\/\/www.fundacioires.org\/#organization"},"image":{"@id":"https:\/\/www.fundacioires.org\/ca\/casal-en-familia-2025-2026\/#primaryimage"},"thumbnailUrl":"https:\/\/i0.wp.com\/www.fundacioires.org\/wp-content\/uploads\/CONCERT-SOLIDARI-1.png?fit=1200%2C628&ssl=1","articleSection":["IRES-Blog"],"inLanguage":"ca-ES"},{"@type":"WebPage","@id":"https:\/\/www.fundacioires.org\/ca\/casal-en-familia-2025-2026\/","url":"https:\/\/www.fundacioires.org\/ca\/casal-en-familia-2025-2026\/","name":"Un primer trimestre ple de vida i noves connexions","isPartOf":{"@id":"https:\/\/www.fundacioires.org\/#website"},"primaryImageOfPage":{"@id":"https:\/\/www.fundacioires.org\/ca\/casal-en-familia-2025-2026\/#primaryimage"},"image":{"@id":"https:\/\/www.fundacioires.org\/ca\/casal-en-familia-2025-2026\/#primaryimage"},"thumbnailUrl":"https:\/\/i0.wp.com\/www.fundacioires.org\/wp-content\/uploads\/CONCERT-SOLIDARI-1.png?fit=1200%2C628&ssl=1","datePublished":"2026-01-12T10:11:56+00:00","dateModified":"2026-03-10T11:11:25+00:00","description":"Iniciem una nova etapa il\u00b7lusionant que, m\u00e9s enll\u00e0 d'un simple trasllat f\u00edsic, ens obre la porta a un espai renovat ple de possibilitats","breadcrumb":{"@id":"https:\/\/www.fundacioires.org\/ca\/casal-en-familia-2025-2026\/#breadcrumb"},"inLanguage":"ca-ES","potentialAction":[{"@type":"ReadAction","target":["https:\/\/www.fundacioires.org\/ca\/casal-en-familia-2025-2026\/"]}]},{"@type":"ImageObject","inLanguage":"ca-ES","@id":"https:\/\/www.fundacioires.org\/ca\/casal-en-familia-2025-2026\/#primaryimage","url":"https:\/\/i0.wp.com\/www.fundacioires.org\/wp-content\/uploads\/CONCERT-SOLIDARI-1.png?fit=1200%2C628&ssl=1","contentUrl":"https:\/\/i0.wp.com\/www.fundacioires.org\/wp-content\/uploads\/CONCERT-SOLIDARI-1.png?fit=1200%2C628&ssl=1","width":1200,"height":628},{"@type":"BreadcrumbList","@id":"https:\/\/www.fundacioires.org\/ca\/casal-en-familia-2025-2026\/#breadcrumb","itemListElement":[{"@type":"ListItem","position":1,"name":"Portada","item":"https:\/\/www.fundacioires.org\/"},{"@type":"ListItem","position":2,"name":"Casal en Fam\u00edlia de Barcelona: un primer trimestre ple de vida i noves connexions"}]},{"@type":"WebSite","@id":"https:\/\/www.fundacioires.org\/#website","url":"https:\/\/www.fundacioires.org\/","name":"Fundaci\u00f3 IRES","description":"","publisher":{"@id":"https:\/\/www.fundacioires.org\/#organization"},"potentialAction":[{"@type":"SearchAction","target":{"@type":"EntryPoint","urlTemplate":"https:\/\/www.fundacioires.org\/?s={search_term_string}"},"query-input":{"@type":"PropertyValueSpecification","valueRequired":true,"valueName":"search_term_string"}}],"inLanguage":"ca-ES"},{"@type":"Organization","@id":"https:\/\/www.fundacioires.org\/#organization","name":"Fundanci\u00f3n IRES","url":"https:\/\/www.fundacioires.org\/","logo":{"@type":"ImageObject","inLanguage":"ca-ES","@id":"https:\/\/www.fundacioires.org\/#\/schema\/logo\/image\/","url":"https:\/\/i0.wp.com\/www.fundacioires.org\/wp-content\/uploads\/faviconIRES.png?fit=32%2C32&ssl=1","contentUrl":"https:\/\/i0.wp.com\/www.fundacioires.org\/wp-content\/uploads\/faviconIRES.png?fit=32%2C32&ssl=1","width":32,"height":32,"caption":"Fundanci\u00f3n IRES"},"image":{"@id":"https:\/\/www.fundacioires.org\/#\/schema\/logo\/image\/"}},{"@type":"Person","@id":"https:\/\/www.fundacioires.org\/#\/schema\/person\/160af843c565221ef4664a5c7000791c","name":"Fundaci\u00f3 IRES"}]}},"jetpack_featured_media_url":"https:\/\/i0.wp.com\/www.fundacioires.org\/wp-content\/uploads\/CONCERT-SOLIDARI-1.png?fit=1200%2C628&ssl=1","jetpack_sharing_enabled":true,"_links":{"self":[{"href":"https:\/\/www.fundacioires.org\/ca\/wp-json\/wp\/v2\/posts\/82479","targetHints":{"allow":["GET"]}}],"collection":[{"href":"https:\/\/www.fundacioires.org\/ca\/wp-json\/wp\/v2\/posts"}],"about":[{"href":"https:\/\/www.fundacioires.org\/ca\/wp-json\/wp\/v2\/types\/post"}],"author":[{"embeddable":true,"href":"https:\/\/www.fundacioires.org\/ca\/wp-json\/wp\/v2\/users\/7"}],"replies":[{"embeddable":true,"href":"https:\/\/www.fundacioires.org\/ca\/wp-json\/wp\/v2\/comments?post=82479"}],"version-history":[{"count":3,"href":"https:\/\/www.fundacioires.org\/ca\/wp-json\/wp\/v2\/posts\/82479\/revisions"}],"predecessor-version":[{"id":82500,"href":"https:\/\/www.fundacioires.org\/ca\/wp-json\/wp\/v2\/posts\/82479\/revisions\/82500"}],"wp:featuredmedia":[{"embeddable":true,"href":"https:\/\/www.fundacioires.org\/ca\/wp-json\/wp\/v2\/media\/82492"}],"wp:attachment":[{"href":"https:\/\/www.fundacioires.org\/ca\/wp-json\/wp\/v2\/media?parent=82479"}],"wp:term":[{"taxonomy":"category","embeddable":true,"href":"https:\/\/www.fundacioires.org\/ca\/wp-json\/wp\/v2\/categories?post=82479"},{"taxonomy":"post_tag","embeddable":true,"href":"https:\/\/www.fundacioires.org\/ca\/wp-json\/wp\/v2\/tags?post=82479"}],"curies":[{"name":"wp","href":"https:\/\/api.w.org\/{rel}","templated":true}]}}