{"id":82872,"date":"2026-01-15T21:30:27","date_gmt":"2026-01-15T20:30:27","guid":{"rendered":"https:\/\/www.fundacioires.org\/?p=82872"},"modified":"2026-03-10T12:11:25","modified_gmt":"2026-03-10T11:11:25","slug":"solidaritat-nadalenca-ha-tornat-a-fer-realitat-els-somnis-dels-nens-i-nenes","status":"publish","type":"post","link":"https:\/\/www.fundacioires.org\/ca\/solidaritat-nadalenca-ha-tornat-a-fer-realitat-els-somnis-dels-nens-i-nenes\/","title":{"rendered":"La solidaritat nadalenca ha tornat a fer realitat els somnis dels nens i nenes de la Fundaci\u00f3 IRES"},"content":{"rendered":"\n<p>Aquest Nadal, la solidaritat i el suport de persones, empreses i entitats han tornat a fer realitat la m\u00e0gia d\u2019aquestes festes per als nens i nenes de la Fundaci\u00f3 IRES. Amb molta emoci\u00f3, han rebut regals pensats especialment per a ells i elles, que s\u2019han convertit en moments inoblidables.<\/p>\n\n\n\n<p><strong>La solidaritat, motor fonamental de transformaci\u00f3 social<\/strong><\/p>\n\n\n\n<p>Entre les iniciatives que han contribu\u00eft a fer realitat els somnis dels nens i nenes, destaca la primera edici\u00f3 del <em>Christmas Family Fest Solidari<\/em>, impulsada per la influencer i psic\u00f2loga Irina Soldevila en el marc de la campanya <em>Joguines per a regalar somriures<\/em>, una jornada per gaudir i mostrar com la cooperaci\u00f3 \u00e9s un motor de transformaci\u00f3 social.<\/p>\n\n\n\n<p>La participaci\u00f3 de m\u00e9s de 700 persones, juntament amb el suport de 30 voluntaris i volunt\u00e0ries i la col\u00b7laboraci\u00f3 d\u2019empreses i entitats com Luz de Gas, The Tutsies, Majestic Hotel &amp; SPA Barcelona, House of Candy, White Rabbit, Cl\u00ednica Pfaff, Ponce Studio, Escola ARA, Danceescool, El Fornet, Flaixmat\u00f3n, Fourvenues, Maria Padilla i El Tardet, han estat fonamentals perqu\u00e8 els i les menors en situaci\u00f3 de vulnerabilitat poguessin gaudir d\u2019unes festes amb il\u00b7lusi\u00f3.<\/p>\n\n\n\n<p>Al mateix temps, la campanya <em>Apadrina una carta<\/em> tamb\u00e9 ha sumat esfor\u00e7os, un any m\u00e9s, perqu\u00e8 puguin expressar els seus desitjos als Reis Mags. Gr\u00e0cies a Irina Soldevila i al suport d\u2019empreses com Baker McKenzie, Salas, Mandarin Oriental Palma i la Fundaci\u00f3 \u201cla Caixa\u201d, aquesta iniciativa ha tornat a reflectir el comprom\u00eds compartit amb la inf\u00e0ncia.<\/p>\n\n\n\n<p><strong>Gr\u00e0cies per sumar oportunitats per a la inf\u00e0ncia<\/strong><\/p>\n\n\n\n<p>Des de la Fundaci\u00f3 IRES volem agrair de manera especial a totes les persones, voluntaris i volunt\u00e0ries, empreses i entitats que han participat en aquestes iniciatives.<\/p>\n\n\n\n<p>El seu impuls ha estat clau per generar un impacte social real; aquestes accions no nom\u00e9s han omplert d\u2019il\u00b7lusi\u00f3 els nens i nenes de la Fundaci\u00f3, sin\u00f3 que tamb\u00e9 els han ofert oportunitats a trav\u00e9s d\u2019experi\u00e8ncies compartides i espais d\u2019acompanyament. Perqu\u00e8 entre tots i totes podem construir un futur ple d\u2019esperan\u00e7a.<\/p>\n\n\n\n<p>El projecte de voluntariat de la Fundaci\u00f3 IRES, #TuHoFasPossible, compta amb el suport del Departament de Drets Socials de la Generalitat de Catalunya i del Consell de Mallorca.<\/p>\n","protected":false},"excerpt":{"rendered":"<p>Des de la Fundaci\u00f3 IRES volem agrair de manera especial a totes les persones, voluntaris i volunt\u00e0ries, empreses i entitats que han participat en aquestes iniciatives.<\/p>\n","protected":false},"author":7,"featured_media":82873,"comment_status":"closed","ping_status":"closed","sticky":false,"template":"","format":"standard","meta":{"_jetpack_memberships_contains_paid_content":false,"footnotes":""},"categories":[17],"tags":[],"class_list":["post-82872","post","type-post","status-publish","format-standard","has-post-thumbnail","hentry","category-sense-categoria"],"yoast_head":"<!-- This site is optimized with the Yoast SEO plugin v27.4 - https:\/\/yoast.com\/product\/yoast-seo-wordpress\/ -->\n<title>La solidaritat nadalenca ha tornat a fer realitat els somnis<\/title>\n<meta name=\"description\" content=\"Des de la Fundaci\u00f3 IRES volem agrair de manera especial a totes les persones que han participat en aquestes iniciatives.\" \/>\n<meta name=\"robots\" content=\"index, follow, max-snippet:-1, max-image-preview:large, max-video-preview:-1\" \/>\n<link rel=\"canonical\" href=\"https:\/\/www.fundacioires.org\/ca\/solidaritat-nadalenca-ha-tornat-a-fer-realitat-els-somnis-dels-nens-i-nenes\/\" \/>\n<meta property=\"og:locale\" content=\"ca_ES\" \/>\n<meta property=\"og:type\" content=\"article\" \/>\n<meta property=\"og:title\" content=\"La solidaritat nadalenca ha tornat a fer realitat els somnis\" \/>\n<meta property=\"og:description\" content=\"Des de la Fundaci\u00f3 IRES volem agrair de manera especial a totes les persones que han participat en aquestes iniciatives.\" \/>\n<meta property=\"og:url\" content=\"https:\/\/www.fundacioires.org\/ca\/solidaritat-nadalenca-ha-tornat-a-fer-realitat-els-somnis-dels-nens-i-nenes\/\" \/>\n<meta property=\"og:site_name\" content=\"Fundaci\u00f3 IRES\" \/>\n<meta property=\"article:published_time\" content=\"2026-01-15T20:30:27+00:00\" \/>\n<meta property=\"article:modified_time\" content=\"2026-03-10T11:11:25+00:00\" \/>\n<meta property=\"og:image\" content=\"https:\/\/www.fundacioires.org\/wp-content\/uploads\/IGUALTAT-ACCESIBLE.jpg\" \/>\n\t<meta property=\"og:image:width\" content=\"1200\" \/>\n\t<meta property=\"og:image:height\" content=\"628\" \/>\n\t<meta property=\"og:image:type\" content=\"image\/jpeg\" \/>\n<meta name=\"author\" content=\"Fundaci\u00f3 IRES\" \/>\n<meta name=\"twitter:card\" content=\"summary_large_image\" \/>\n<meta name=\"twitter:label1\" content=\"Written by\" \/>\n\t<meta name=\"twitter:data1\" content=\"Fundaci\u00f3 IRES\" \/>\n\t<meta name=\"twitter:label2\" content=\"Est. reading time\" \/>\n\t<meta name=\"twitter:data2\" content=\"2 minutes\" \/>\n<script type=\"application\/ld+json\" class=\"yoast-schema-graph\">{\"@context\":\"https:\\\/\\\/schema.org\",\"@graph\":[{\"@type\":\"Article\",\"@id\":\"https:\\\/\\\/www.fundacioires.org\\\/ca\\\/solidaritat-nadalenca-ha-tornat-a-fer-realitat-els-somnis-dels-nens-i-nenes\\\/#article\",\"isPartOf\":{\"@id\":\"https:\\\/\\\/www.fundacioires.org\\\/ca\\\/solidaritat-nadalenca-ha-tornat-a-fer-realitat-els-somnis-dels-nens-i-nenes\\\/\"},\"author\":{\"name\":\"Fundaci\u00f3 IRES\",\"@id\":\"https:\\\/\\\/www.fundacioires.org\\\/#\\\/schema\\\/person\\\/160af843c565221ef4664a5c7000791c\"},\"headline\":\"La solidaritat nadalenca ha tornat a fer realitat els somnis dels nens i nenes de la Fundaci\u00f3 IRES\",\"datePublished\":\"2026-01-15T20:30:27+00:00\",\"dateModified\":\"2026-03-10T11:11:25+00:00\",\"mainEntityOfPage\":{\"@id\":\"https:\\\/\\\/www.fundacioires.org\\\/ca\\\/solidaritat-nadalenca-ha-tornat-a-fer-realitat-els-somnis-dels-nens-i-nenes\\\/\"},\"wordCount\":402,\"publisher\":{\"@id\":\"https:\\\/\\\/www.fundacioires.org\\\/#organization\"},\"image\":{\"@id\":\"https:\\\/\\\/www.fundacioires.org\\\/ca\\\/solidaritat-nadalenca-ha-tornat-a-fer-realitat-els-somnis-dels-nens-i-nenes\\\/#primaryimage\"},\"thumbnailUrl\":\"https:\\\/\\\/i0.wp.com\\\/www.fundacioires.org\\\/wp-content\\\/uploads\\\/IGUALTAT-ACCESIBLE.jpg?fit=1200%2C628&ssl=1\",\"articleSection\":[\"Sense categoria\"],\"inLanguage\":\"ca-ES\"},{\"@type\":\"WebPage\",\"@id\":\"https:\\\/\\\/www.fundacioires.org\\\/ca\\\/solidaritat-nadalenca-ha-tornat-a-fer-realitat-els-somnis-dels-nens-i-nenes\\\/\",\"url\":\"https:\\\/\\\/www.fundacioires.org\\\/ca\\\/solidaritat-nadalenca-ha-tornat-a-fer-realitat-els-somnis-dels-nens-i-nenes\\\/\",\"name\":\"La solidaritat nadalenca ha tornat a fer realitat els somnis\",\"isPartOf\":{\"@id\":\"https:\\\/\\\/www.fundacioires.org\\\/#website\"},\"primaryImageOfPage\":{\"@id\":\"https:\\\/\\\/www.fundacioires.org\\\/ca\\\/solidaritat-nadalenca-ha-tornat-a-fer-realitat-els-somnis-dels-nens-i-nenes\\\/#primaryimage\"},\"image\":{\"@id\":\"https:\\\/\\\/www.fundacioires.org\\\/ca\\\/solidaritat-nadalenca-ha-tornat-a-fer-realitat-els-somnis-dels-nens-i-nenes\\\/#primaryimage\"},\"thumbnailUrl\":\"https:\\\/\\\/i0.wp.com\\\/www.fundacioires.org\\\/wp-content\\\/uploads\\\/IGUALTAT-ACCESIBLE.jpg?fit=1200%2C628&ssl=1\",\"datePublished\":\"2026-01-15T20:30:27+00:00\",\"dateModified\":\"2026-03-10T11:11:25+00:00\",\"description\":\"Des de la Fundaci\u00f3 IRES volem agrair de manera especial a totes les persones que han participat en aquestes iniciatives.\",\"breadcrumb\":{\"@id\":\"https:\\\/\\\/www.fundacioires.org\\\/ca\\\/solidaritat-nadalenca-ha-tornat-a-fer-realitat-els-somnis-dels-nens-i-nenes\\\/#breadcrumb\"},\"inLanguage\":\"ca-ES\",\"potentialAction\":[{\"@type\":\"ReadAction\",\"target\":[\"https:\\\/\\\/www.fundacioires.org\\\/ca\\\/solidaritat-nadalenca-ha-tornat-a-fer-realitat-els-somnis-dels-nens-i-nenes\\\/\"]}]},{\"@type\":\"ImageObject\",\"inLanguage\":\"ca-ES\",\"@id\":\"https:\\\/\\\/www.fundacioires.org\\\/ca\\\/solidaritat-nadalenca-ha-tornat-a-fer-realitat-els-somnis-dels-nens-i-nenes\\\/#primaryimage\",\"url\":\"https:\\\/\\\/i0.wp.com\\\/www.fundacioires.org\\\/wp-content\\\/uploads\\\/IGUALTAT-ACCESIBLE.jpg?fit=1200%2C628&ssl=1\",\"contentUrl\":\"https:\\\/\\\/i0.wp.com\\\/www.fundacioires.org\\\/wp-content\\\/uploads\\\/IGUALTAT-ACCESIBLE.jpg?fit=1200%2C628&ssl=1\",\"width\":1200,\"height\":628},{\"@type\":\"BreadcrumbList\",\"@id\":\"https:\\\/\\\/www.fundacioires.org\\\/ca\\\/solidaritat-nadalenca-ha-tornat-a-fer-realitat-els-somnis-dels-nens-i-nenes\\\/#breadcrumb\",\"itemListElement\":[{\"@type\":\"ListItem\",\"position\":1,\"name\":\"Portada\",\"item\":\"https:\\\/\\\/www.fundacioires.org\\\/\"},{\"@type\":\"ListItem\",\"position\":2,\"name\":\"La solidaritat nadalenca ha tornat a fer realitat els somnis dels nens i nenes de la Fundaci\u00f3 IRES\"}]},{\"@type\":\"WebSite\",\"@id\":\"https:\\\/\\\/www.fundacioires.org\\\/#website\",\"url\":\"https:\\\/\\\/www.fundacioires.org\\\/\",\"name\":\"Fundaci\u00f3 IRES\",\"description\":\"\",\"publisher\":{\"@id\":\"https:\\\/\\\/www.fundacioires.org\\\/#organization\"},\"potentialAction\":[{\"@type\":\"SearchAction\",\"target\":{\"@type\":\"EntryPoint\",\"urlTemplate\":\"https:\\\/\\\/www.fundacioires.org\\\/?s={search_term_string}\"},\"query-input\":{\"@type\":\"PropertyValueSpecification\",\"valueRequired\":true,\"valueName\":\"search_term_string\"}}],\"inLanguage\":\"ca-ES\"},{\"@type\":\"Organization\",\"@id\":\"https:\\\/\\\/www.fundacioires.org\\\/#organization\",\"name\":\"Fundanci\u00f3n IRES\",\"url\":\"https:\\\/\\\/www.fundacioires.org\\\/\",\"logo\":{\"@type\":\"ImageObject\",\"inLanguage\":\"ca-ES\",\"@id\":\"https:\\\/\\\/www.fundacioires.org\\\/#\\\/schema\\\/logo\\\/image\\\/\",\"url\":\"https:\\\/\\\/i0.wp.com\\\/www.fundacioires.org\\\/wp-content\\\/uploads\\\/faviconIRES.png?fit=32%2C32&ssl=1\",\"contentUrl\":\"https:\\\/\\\/i0.wp.com\\\/www.fundacioires.org\\\/wp-content\\\/uploads\\\/faviconIRES.png?fit=32%2C32&ssl=1\",\"width\":32,\"height\":32,\"caption\":\"Fundanci\u00f3n IRES\"},\"image\":{\"@id\":\"https:\\\/\\\/www.fundacioires.org\\\/#\\\/schema\\\/logo\\\/image\\\/\"}},{\"@type\":\"Person\",\"@id\":\"https:\\\/\\\/www.fundacioires.org\\\/#\\\/schema\\\/person\\\/160af843c565221ef4664a5c7000791c\",\"name\":\"Fundaci\u00f3 IRES\"}]}<\/script>\n<!-- \/ Yoast SEO plugin. -->","yoast_head_json":{"title":"La solidaritat nadalenca ha tornat a fer realitat els somnis","description":"Des de la Fundaci\u00f3 IRES volem agrair de manera especial a totes les persones que han participat en aquestes iniciatives.","robots":{"index":"index","follow":"follow","max-snippet":"max-snippet:-1","max-image-preview":"max-image-preview:large","max-video-preview":"max-video-preview:-1"},"canonical":"https:\/\/www.fundacioires.org\/ca\/solidaritat-nadalenca-ha-tornat-a-fer-realitat-els-somnis-dels-nens-i-nenes\/","og_locale":"ca_ES","og_type":"article","og_title":"La solidaritat nadalenca ha tornat a fer realitat els somnis","og_description":"Des de la Fundaci\u00f3 IRES volem agrair de manera especial a totes les persones que han participat en aquestes iniciatives.","og_url":"https:\/\/www.fundacioires.org\/ca\/solidaritat-nadalenca-ha-tornat-a-fer-realitat-els-somnis-dels-nens-i-nenes\/","og_site_name":"Fundaci\u00f3 IRES","article_published_time":"2026-01-15T20:30:27+00:00","article_modified_time":"2026-03-10T11:11:25+00:00","og_image":[{"width":1200,"height":628,"url":"https:\/\/www.fundacioires.org\/wp-content\/uploads\/IGUALTAT-ACCESIBLE.jpg","type":"image\/jpeg"}],"author":"Fundaci\u00f3 IRES","twitter_card":"summary_large_image","twitter_misc":{"Written by":"Fundaci\u00f3 IRES","Est. reading time":"2 minutes"},"schema":{"@context":"https:\/\/schema.org","@graph":[{"@type":"Article","@id":"https:\/\/www.fundacioires.org\/ca\/solidaritat-nadalenca-ha-tornat-a-fer-realitat-els-somnis-dels-nens-i-nenes\/#article","isPartOf":{"@id":"https:\/\/www.fundacioires.org\/ca\/solidaritat-nadalenca-ha-tornat-a-fer-realitat-els-somnis-dels-nens-i-nenes\/"},"author":{"name":"Fundaci\u00f3 IRES","@id":"https:\/\/www.fundacioires.org\/#\/schema\/person\/160af843c565221ef4664a5c7000791c"},"headline":"La solidaritat nadalenca ha tornat a fer realitat els somnis dels nens i nenes de la Fundaci\u00f3 IRES","datePublished":"2026-01-15T20:30:27+00:00","dateModified":"2026-03-10T11:11:25+00:00","mainEntityOfPage":{"@id":"https:\/\/www.fundacioires.org\/ca\/solidaritat-nadalenca-ha-tornat-a-fer-realitat-els-somnis-dels-nens-i-nenes\/"},"wordCount":402,"publisher":{"@id":"https:\/\/www.fundacioires.org\/#organization"},"image":{"@id":"https:\/\/www.fundacioires.org\/ca\/solidaritat-nadalenca-ha-tornat-a-fer-realitat-els-somnis-dels-nens-i-nenes\/#primaryimage"},"thumbnailUrl":"https:\/\/i0.wp.com\/www.fundacioires.org\/wp-content\/uploads\/IGUALTAT-ACCESIBLE.jpg?fit=1200%2C628&ssl=1","articleSection":["Sense categoria"],"inLanguage":"ca-ES"},{"@type":"WebPage","@id":"https:\/\/www.fundacioires.org\/ca\/solidaritat-nadalenca-ha-tornat-a-fer-realitat-els-somnis-dels-nens-i-nenes\/","url":"https:\/\/www.fundacioires.org\/ca\/solidaritat-nadalenca-ha-tornat-a-fer-realitat-els-somnis-dels-nens-i-nenes\/","name":"La solidaritat nadalenca ha tornat a fer realitat els somnis","isPartOf":{"@id":"https:\/\/www.fundacioires.org\/#website"},"primaryImageOfPage":{"@id":"https:\/\/www.fundacioires.org\/ca\/solidaritat-nadalenca-ha-tornat-a-fer-realitat-els-somnis-dels-nens-i-nenes\/#primaryimage"},"image":{"@id":"https:\/\/www.fundacioires.org\/ca\/solidaritat-nadalenca-ha-tornat-a-fer-realitat-els-somnis-dels-nens-i-nenes\/#primaryimage"},"thumbnailUrl":"https:\/\/i0.wp.com\/www.fundacioires.org\/wp-content\/uploads\/IGUALTAT-ACCESIBLE.jpg?fit=1200%2C628&ssl=1","datePublished":"2026-01-15T20:30:27+00:00","dateModified":"2026-03-10T11:11:25+00:00","description":"Des de la Fundaci\u00f3 IRES volem agrair de manera especial a totes les persones que han participat en aquestes iniciatives.","breadcrumb":{"@id":"https:\/\/www.fundacioires.org\/ca\/solidaritat-nadalenca-ha-tornat-a-fer-realitat-els-somnis-dels-nens-i-nenes\/#breadcrumb"},"inLanguage":"ca-ES","potentialAction":[{"@type":"ReadAction","target":["https:\/\/www.fundacioires.org\/ca\/solidaritat-nadalenca-ha-tornat-a-fer-realitat-els-somnis-dels-nens-i-nenes\/"]}]},{"@type":"ImageObject","inLanguage":"ca-ES","@id":"https:\/\/www.fundacioires.org\/ca\/solidaritat-nadalenca-ha-tornat-a-fer-realitat-els-somnis-dels-nens-i-nenes\/#primaryimage","url":"https:\/\/i0.wp.com\/www.fundacioires.org\/wp-content\/uploads\/IGUALTAT-ACCESIBLE.jpg?fit=1200%2C628&ssl=1","contentUrl":"https:\/\/i0.wp.com\/www.fundacioires.org\/wp-content\/uploads\/IGUALTAT-ACCESIBLE.jpg?fit=1200%2C628&ssl=1","width":1200,"height":628},{"@type":"BreadcrumbList","@id":"https:\/\/www.fundacioires.org\/ca\/solidaritat-nadalenca-ha-tornat-a-fer-realitat-els-somnis-dels-nens-i-nenes\/#breadcrumb","itemListElement":[{"@type":"ListItem","position":1,"name":"Portada","item":"https:\/\/www.fundacioires.org\/"},{"@type":"ListItem","position":2,"name":"La solidaritat nadalenca ha tornat a fer realitat els somnis dels nens i nenes de la Fundaci\u00f3 IRES"}]},{"@type":"WebSite","@id":"https:\/\/www.fundacioires.org\/#website","url":"https:\/\/www.fundacioires.org\/","name":"Fundaci\u00f3 IRES","description":"","publisher":{"@id":"https:\/\/www.fundacioires.org\/#organization"},"potentialAction":[{"@type":"SearchAction","target":{"@type":"EntryPoint","urlTemplate":"https:\/\/www.fundacioires.org\/?s={search_term_string}"},"query-input":{"@type":"PropertyValueSpecification","valueRequired":true,"valueName":"search_term_string"}}],"inLanguage":"ca-ES"},{"@type":"Organization","@id":"https:\/\/www.fundacioires.org\/#organization","name":"Fundanci\u00f3n IRES","url":"https:\/\/www.fundacioires.org\/","logo":{"@type":"ImageObject","inLanguage":"ca-ES","@id":"https:\/\/www.fundacioires.org\/#\/schema\/logo\/image\/","url":"https:\/\/i0.wp.com\/www.fundacioires.org\/wp-content\/uploads\/faviconIRES.png?fit=32%2C32&ssl=1","contentUrl":"https:\/\/i0.wp.com\/www.fundacioires.org\/wp-content\/uploads\/faviconIRES.png?fit=32%2C32&ssl=1","width":32,"height":32,"caption":"Fundanci\u00f3n IRES"},"image":{"@id":"https:\/\/www.fundacioires.org\/#\/schema\/logo\/image\/"}},{"@type":"Person","@id":"https:\/\/www.fundacioires.org\/#\/schema\/person\/160af843c565221ef4664a5c7000791c","name":"Fundaci\u00f3 IRES"}]}},"jetpack_featured_media_url":"https:\/\/i0.wp.com\/www.fundacioires.org\/wp-content\/uploads\/IGUALTAT-ACCESIBLE.jpg?fit=1200%2C628&ssl=1","jetpack_sharing_enabled":true,"_links":{"self":[{"href":"https:\/\/www.fundacioires.org\/ca\/wp-json\/wp\/v2\/posts\/82872","targetHints":{"allow":["GET"]}}],"collection":[{"href":"https:\/\/www.fundacioires.org\/ca\/wp-json\/wp\/v2\/posts"}],"about":[{"href":"https:\/\/www.fundacioires.org\/ca\/wp-json\/wp\/v2\/types\/post"}],"author":[{"embeddable":true,"href":"https:\/\/www.fundacioires.org\/ca\/wp-json\/wp\/v2\/users\/7"}],"replies":[{"embeddable":true,"href":"https:\/\/www.fundacioires.org\/ca\/wp-json\/wp\/v2\/comments?post=82872"}],"version-history":[{"count":1,"href":"https:\/\/www.fundacioires.org\/ca\/wp-json\/wp\/v2\/posts\/82872\/revisions"}],"predecessor-version":[{"id":82875,"href":"https:\/\/www.fundacioires.org\/ca\/wp-json\/wp\/v2\/posts\/82872\/revisions\/82875"}],"wp:featuredmedia":[{"embeddable":true,"href":"https:\/\/www.fundacioires.org\/ca\/wp-json\/wp\/v2\/media\/82873"}],"wp:attachment":[{"href":"https:\/\/www.fundacioires.org\/ca\/wp-json\/wp\/v2\/media?parent=82872"}],"wp:term":[{"taxonomy":"category","embeddable":true,"href":"https:\/\/www.fundacioires.org\/ca\/wp-json\/wp\/v2\/categories?post=82872"},{"taxonomy":"post_tag","embeddable":true,"href":"https:\/\/www.fundacioires.org\/ca\/wp-json\/wp\/v2\/tags?post=82872"}],"curies":[{"name":"wp","href":"https:\/\/api.w.org\/{rel}","templated":true}]}}