{"id":83377,"date":"2026-03-07T22:34:21","date_gmt":"2026-03-07T21:34:21","guid":{"rendered":"https:\/\/www.fundacioires.org\/?p=83377"},"modified":"2026-03-11T14:06:47","modified_gmt":"2026-03-11T13:06:47","slug":"8m-lectures-transformadores","status":"publish","type":"post","link":"https:\/\/www.fundacioires.org\/ca\/8m-lectures-transformadores\/","title":{"rendered":"Llegir per a transformar: recomanacions de llibres que eduquen en igualtat"},"content":{"rendered":"\n<p><strong>La lectura \u00e9s molt m\u00e9s que un plaer:<\/strong> \u00e9s una porta oberta a noves idees, a la comprensi\u00f3 de realitats diverses i a la construcci\u00f3 d\u2019una societat m\u00e9s justa. En el marc del <strong>Dia Internacional de les Dones<\/strong>, el 8 de mar\u00e7, volem compartir recomanacions liter\u00e0ries amb una premissa clara: <strong>educar en la igualtat a trav\u00e9s de lectures transformadores.<\/strong><\/p>\n\n\n\n<p>Els llibres tenen la capacitat d\u2019<strong>ampliar la mirada i q\u00fcestionar<\/strong> els estereotips que sovint es transmeten de generaci\u00f3 en generaci\u00f3. Llegir hist\u00f2ries que posen al centre les experi\u00e8ncies de les dones, que reflexionen sobre les desigualtats o que reivindiquen els drets feministes ajuda a construir una consci\u00e8ncia cr\u00edtica i a fomentar valors com el respecte, la diversitat i l\u2019equitat. Una manera de con\u00e8ixer diferents realitats i reflexionar sobre elles.<\/p>\n\n\n\n<p>Compartir lectures feministes \u00e9s tamb\u00e9 una manera de reivindicar la import\u00e0ncia de l\u2019educaci\u00f3 en igualtat. Promoure llibres que convidin a pensar, a q\u00fcestionar, a sacsejar-nos per dins i a imaginar societats m\u00e9s equitatives \u00e9s una aposta per una ciutadania m\u00e9s conscient i compromesa.<\/p>\n\n\n\n<p>Amb aquesta iniciativa, des de la Fundaci\u00f3 IRES reafirmem el nostre <strong>comprom\u00eds amb la promoci\u00f3 de la igualtat i el pensament cr\u00edtic<\/strong>. Perqu\u00e8, de vegades, un llibre pot ser l\u2019inici d\u2019una conversa, d\u2019una presa de consci\u00e8ncia o fins i tot d\u2019una transformaci\u00f3 personal, social i col\u00b7lectiva.<\/p>\n\n\n\n<p>Compartim amb vosaltres algunes <strong>lectures que van proposar els equips de la Fundaci\u00f3:<\/strong><br>\ud83d\udcd5 \u201cLa guerra m\u00e1s larga de la historia\u201d, (Isabel Mart\u00ednez; Lola Venegas; Marg\u00f3 Venegas)<br>\ud83d\udcd7 \u201cTu argumentario feminista en datos\u201d (Julia Salander)<br>\ud83d\udcd8 \u201cLeia, Rihanna &amp; Trump\u201d (Proyecto Una)<br>\ud83d\udcd9 \u201cMi nombre es Emilia del Valle\u201d (Isabel Allende)<br>\ud83d\udcd5 \u201cLa nieta del se\u00f1or Linh\u201d (Philippe Claudel)<br>\ud83d\udcd7 \u201cExpedici\u00f3 al sostre de vidre\u201d (Araceli Segarra; Marta Dur\u00e1n)<br>\ud83d\udcd8 \u201cDuelos y Quebrantos\u201d (Amada Blasco Vall\u00e9s)<\/p>\n\n\n\n<p class=\"has-text-color has-link-color wp-elements-574a798c84e95354f3b8ceedd79aba25\" style=\"color:#5d32a7\"><strong>I per a vosaltres, quina \u00e9s la vostra lectura transformadora?<\/strong><\/p>\n\n\n\n<p class=\"has-background\" style=\"background-color:#f5efff\">Des de la <strong>Comissi\u00f3 d\u2019Igualtat<\/strong> de la Fundaci\u00f3 IRES impulsem el comprom\u00eds amb la igualtat de g\u00e8nere i la no-discriminaci\u00f3 a l\u2019organitzaci\u00f3. Aquesta \u00e9s una mesura implementada en el marc del <a href=\"https:\/\/www.fundacioires.org\/wp-content\/uploads\/IV-Plan-de-Igualdad-2025-2029_Fundacio-IRES.pdf\" target=\"_blank\" rel=\"noreferrer noopener\"><strong>IV Pla d\u2019Igualtat<\/strong><\/a>, eina fonamental per incorporar mesures que garanteixin l\u2019acompliment de pol\u00edtiques d\u2019igualtat en la gesti\u00f3 i cultura de la Fundaci\u00f3.<br><strong>Perqu\u00e8 som, i continuarem sent canvi!<\/strong><\/p>\n","protected":false},"excerpt":{"rendered":"<p>En el marc del 8M, compartim lectures que inspiren pensament cr\u00edtic, feminisme i comprom\u00eds social. <\/p>\n","protected":false},"author":7,"featured_media":83378,"comment_status":"closed","ping_status":"closed","sticky":false,"template":"","format":"standard","meta":{"_jetpack_memberships_contains_paid_content":false,"footnotes":""},"categories":[17],"tags":[],"class_list":["post-83377","post","type-post","status-publish","format-standard","has-post-thumbnail","hentry","category-sense-categoria"],"yoast_head":"<!-- This site is optimized with the Yoast SEO plugin v27.4 - https:\/\/yoast.com\/product\/yoast-seo-wordpress\/ -->\n<title>Llegir per a transformar: recomanacions de llibres<\/title>\n<meta name=\"description\" content=\"En el marc del 8M, compartim lectures que inspiren pensament cr\u00edtic, feminisme i comprom\u00eds social. Quina \u00e9s la vostra lectura transofrmadora?\" \/>\n<meta name=\"robots\" content=\"index, follow, max-snippet:-1, max-image-preview:large, max-video-preview:-1\" \/>\n<link rel=\"canonical\" href=\"https:\/\/www.fundacioires.org\/ca\/8m-lectures-transformadores\/\" \/>\n<meta property=\"og:locale\" content=\"ca_ES\" \/>\n<meta property=\"og:type\" content=\"article\" \/>\n<meta property=\"og:title\" content=\"Llegir per a transformar: recomanacions de llibres\" \/>\n<meta property=\"og:description\" content=\"En el marc del 8M, compartim lectures que inspiren pensament cr\u00edtic, feminisme i comprom\u00eds social. Quina \u00e9s la vostra lectura transofrmadora?\" \/>\n<meta property=\"og:url\" content=\"https:\/\/www.fundacioires.org\/ca\/8m-lectures-transformadores\/\" \/>\n<meta property=\"og:site_name\" content=\"Fundaci\u00f3 IRES\" \/>\n<meta property=\"article:published_time\" content=\"2026-03-07T21:34:21+00:00\" \/>\n<meta property=\"article:modified_time\" content=\"2026-03-11T13:06:47+00:00\" \/>\n<meta property=\"og:image\" content=\"https:\/\/www.fundacioires.org\/wp-content\/uploads\/8M.jpg\" \/>\n\t<meta property=\"og:image:width\" content=\"1200\" \/>\n\t<meta property=\"og:image:height\" content=\"628\" \/>\n\t<meta property=\"og:image:type\" content=\"image\/jpeg\" \/>\n<meta name=\"author\" content=\"Fundaci\u00f3 IRES\" \/>\n<meta name=\"twitter:card\" content=\"summary_large_image\" \/>\n<meta name=\"twitter:label1\" content=\"Written by\" \/>\n\t<meta name=\"twitter:data1\" content=\"Fundaci\u00f3 IRES\" \/>\n\t<meta name=\"twitter:label2\" content=\"Est. reading time\" \/>\n\t<meta name=\"twitter:data2\" content=\"2 minutes\" \/>\n<script type=\"application\/ld+json\" class=\"yoast-schema-graph\">{\"@context\":\"https:\\\/\\\/schema.org\",\"@graph\":[{\"@type\":\"Article\",\"@id\":\"https:\\\/\\\/www.fundacioires.org\\\/ca\\\/8m-lectures-transformadores\\\/#article\",\"isPartOf\":{\"@id\":\"https:\\\/\\\/www.fundacioires.org\\\/ca\\\/8m-lectures-transformadores\\\/\"},\"author\":{\"name\":\"Fundaci\u00f3 IRES\",\"@id\":\"https:\\\/\\\/www.fundacioires.org\\\/#\\\/schema\\\/person\\\/160af843c565221ef4664a5c7000791c\"},\"headline\":\"Llegir per a transformar: recomanacions de llibres que eduquen en igualtat\",\"datePublished\":\"2026-03-07T21:34:21+00:00\",\"dateModified\":\"2026-03-11T13:06:47+00:00\",\"mainEntityOfPage\":{\"@id\":\"https:\\\/\\\/www.fundacioires.org\\\/ca\\\/8m-lectures-transformadores\\\/\"},\"wordCount\":404,\"publisher\":{\"@id\":\"https:\\\/\\\/www.fundacioires.org\\\/#organization\"},\"image\":{\"@id\":\"https:\\\/\\\/www.fundacioires.org\\\/ca\\\/8m-lectures-transformadores\\\/#primaryimage\"},\"thumbnailUrl\":\"https:\\\/\\\/i0.wp.com\\\/www.fundacioires.org\\\/wp-content\\\/uploads\\\/8M.jpg?fit=1200%2C628&ssl=1\",\"articleSection\":[\"Sense categoria\"],\"inLanguage\":\"ca-ES\"},{\"@type\":\"WebPage\",\"@id\":\"https:\\\/\\\/www.fundacioires.org\\\/ca\\\/8m-lectures-transformadores\\\/\",\"url\":\"https:\\\/\\\/www.fundacioires.org\\\/ca\\\/8m-lectures-transformadores\\\/\",\"name\":\"Llegir per a transformar: recomanacions de llibres\",\"isPartOf\":{\"@id\":\"https:\\\/\\\/www.fundacioires.org\\\/#website\"},\"primaryImageOfPage\":{\"@id\":\"https:\\\/\\\/www.fundacioires.org\\\/ca\\\/8m-lectures-transformadores\\\/#primaryimage\"},\"image\":{\"@id\":\"https:\\\/\\\/www.fundacioires.org\\\/ca\\\/8m-lectures-transformadores\\\/#primaryimage\"},\"thumbnailUrl\":\"https:\\\/\\\/i0.wp.com\\\/www.fundacioires.org\\\/wp-content\\\/uploads\\\/8M.jpg?fit=1200%2C628&ssl=1\",\"datePublished\":\"2026-03-07T21:34:21+00:00\",\"dateModified\":\"2026-03-11T13:06:47+00:00\",\"description\":\"En el marc del 8M, compartim lectures que inspiren pensament cr\u00edtic, feminisme i comprom\u00eds social. Quina \u00e9s la vostra lectura transofrmadora?\",\"breadcrumb\":{\"@id\":\"https:\\\/\\\/www.fundacioires.org\\\/ca\\\/8m-lectures-transformadores\\\/#breadcrumb\"},\"inLanguage\":\"ca-ES\",\"potentialAction\":[{\"@type\":\"ReadAction\",\"target\":[\"https:\\\/\\\/www.fundacioires.org\\\/ca\\\/8m-lectures-transformadores\\\/\"]}]},{\"@type\":\"ImageObject\",\"inLanguage\":\"ca-ES\",\"@id\":\"https:\\\/\\\/www.fundacioires.org\\\/ca\\\/8m-lectures-transformadores\\\/#primaryimage\",\"url\":\"https:\\\/\\\/i0.wp.com\\\/www.fundacioires.org\\\/wp-content\\\/uploads\\\/8M.jpg?fit=1200%2C628&ssl=1\",\"contentUrl\":\"https:\\\/\\\/i0.wp.com\\\/www.fundacioires.org\\\/wp-content\\\/uploads\\\/8M.jpg?fit=1200%2C628&ssl=1\",\"width\":1200,\"height\":628},{\"@type\":\"BreadcrumbList\",\"@id\":\"https:\\\/\\\/www.fundacioires.org\\\/ca\\\/8m-lectures-transformadores\\\/#breadcrumb\",\"itemListElement\":[{\"@type\":\"ListItem\",\"position\":1,\"name\":\"Portada\",\"item\":\"https:\\\/\\\/www.fundacioires.org\\\/\"},{\"@type\":\"ListItem\",\"position\":2,\"name\":\"Llegir per a transformar: recomanacions de llibres que eduquen en igualtat\"}]},{\"@type\":\"WebSite\",\"@id\":\"https:\\\/\\\/www.fundacioires.org\\\/#website\",\"url\":\"https:\\\/\\\/www.fundacioires.org\\\/\",\"name\":\"Fundaci\u00f3 IRES\",\"description\":\"\",\"publisher\":{\"@id\":\"https:\\\/\\\/www.fundacioires.org\\\/#organization\"},\"potentialAction\":[{\"@type\":\"SearchAction\",\"target\":{\"@type\":\"EntryPoint\",\"urlTemplate\":\"https:\\\/\\\/www.fundacioires.org\\\/?s={search_term_string}\"},\"query-input\":{\"@type\":\"PropertyValueSpecification\",\"valueRequired\":true,\"valueName\":\"search_term_string\"}}],\"inLanguage\":\"ca-ES\"},{\"@type\":\"Organization\",\"@id\":\"https:\\\/\\\/www.fundacioires.org\\\/#organization\",\"name\":\"Fundanci\u00f3n IRES\",\"url\":\"https:\\\/\\\/www.fundacioires.org\\\/\",\"logo\":{\"@type\":\"ImageObject\",\"inLanguage\":\"ca-ES\",\"@id\":\"https:\\\/\\\/www.fundacioires.org\\\/#\\\/schema\\\/logo\\\/image\\\/\",\"url\":\"https:\\\/\\\/i0.wp.com\\\/www.fundacioires.org\\\/wp-content\\\/uploads\\\/faviconIRES.png?fit=32%2C32&ssl=1\",\"contentUrl\":\"https:\\\/\\\/i0.wp.com\\\/www.fundacioires.org\\\/wp-content\\\/uploads\\\/faviconIRES.png?fit=32%2C32&ssl=1\",\"width\":32,\"height\":32,\"caption\":\"Fundanci\u00f3n IRES\"},\"image\":{\"@id\":\"https:\\\/\\\/www.fundacioires.org\\\/#\\\/schema\\\/logo\\\/image\\\/\"}},{\"@type\":\"Person\",\"@id\":\"https:\\\/\\\/www.fundacioires.org\\\/#\\\/schema\\\/person\\\/160af843c565221ef4664a5c7000791c\",\"name\":\"Fundaci\u00f3 IRES\"}]}<\/script>\n<!-- \/ Yoast SEO plugin. -->","yoast_head_json":{"title":"Llegir per a transformar: recomanacions de llibres","description":"En el marc del 8M, compartim lectures que inspiren pensament cr\u00edtic, feminisme i comprom\u00eds social. Quina \u00e9s la vostra lectura transofrmadora?","robots":{"index":"index","follow":"follow","max-snippet":"max-snippet:-1","max-image-preview":"max-image-preview:large","max-video-preview":"max-video-preview:-1"},"canonical":"https:\/\/www.fundacioires.org\/ca\/8m-lectures-transformadores\/","og_locale":"ca_ES","og_type":"article","og_title":"Llegir per a transformar: recomanacions de llibres","og_description":"En el marc del 8M, compartim lectures que inspiren pensament cr\u00edtic, feminisme i comprom\u00eds social. Quina \u00e9s la vostra lectura transofrmadora?","og_url":"https:\/\/www.fundacioires.org\/ca\/8m-lectures-transformadores\/","og_site_name":"Fundaci\u00f3 IRES","article_published_time":"2026-03-07T21:34:21+00:00","article_modified_time":"2026-03-11T13:06:47+00:00","og_image":[{"width":1200,"height":628,"url":"https:\/\/www.fundacioires.org\/wp-content\/uploads\/8M.jpg","type":"image\/jpeg"}],"author":"Fundaci\u00f3 IRES","twitter_card":"summary_large_image","twitter_misc":{"Written by":"Fundaci\u00f3 IRES","Est. reading time":"2 minutes"},"schema":{"@context":"https:\/\/schema.org","@graph":[{"@type":"Article","@id":"https:\/\/www.fundacioires.org\/ca\/8m-lectures-transformadores\/#article","isPartOf":{"@id":"https:\/\/www.fundacioires.org\/ca\/8m-lectures-transformadores\/"},"author":{"name":"Fundaci\u00f3 IRES","@id":"https:\/\/www.fundacioires.org\/#\/schema\/person\/160af843c565221ef4664a5c7000791c"},"headline":"Llegir per a transformar: recomanacions de llibres que eduquen en igualtat","datePublished":"2026-03-07T21:34:21+00:00","dateModified":"2026-03-11T13:06:47+00:00","mainEntityOfPage":{"@id":"https:\/\/www.fundacioires.org\/ca\/8m-lectures-transformadores\/"},"wordCount":404,"publisher":{"@id":"https:\/\/www.fundacioires.org\/#organization"},"image":{"@id":"https:\/\/www.fundacioires.org\/ca\/8m-lectures-transformadores\/#primaryimage"},"thumbnailUrl":"https:\/\/i0.wp.com\/www.fundacioires.org\/wp-content\/uploads\/8M.jpg?fit=1200%2C628&ssl=1","articleSection":["Sense categoria"],"inLanguage":"ca-ES"},{"@type":"WebPage","@id":"https:\/\/www.fundacioires.org\/ca\/8m-lectures-transformadores\/","url":"https:\/\/www.fundacioires.org\/ca\/8m-lectures-transformadores\/","name":"Llegir per a transformar: recomanacions de llibres","isPartOf":{"@id":"https:\/\/www.fundacioires.org\/#website"},"primaryImageOfPage":{"@id":"https:\/\/www.fundacioires.org\/ca\/8m-lectures-transformadores\/#primaryimage"},"image":{"@id":"https:\/\/www.fundacioires.org\/ca\/8m-lectures-transformadores\/#primaryimage"},"thumbnailUrl":"https:\/\/i0.wp.com\/www.fundacioires.org\/wp-content\/uploads\/8M.jpg?fit=1200%2C628&ssl=1","datePublished":"2026-03-07T21:34:21+00:00","dateModified":"2026-03-11T13:06:47+00:00","description":"En el marc del 8M, compartim lectures que inspiren pensament cr\u00edtic, feminisme i comprom\u00eds social. Quina \u00e9s la vostra lectura transofrmadora?","breadcrumb":{"@id":"https:\/\/www.fundacioires.org\/ca\/8m-lectures-transformadores\/#breadcrumb"},"inLanguage":"ca-ES","potentialAction":[{"@type":"ReadAction","target":["https:\/\/www.fundacioires.org\/ca\/8m-lectures-transformadores\/"]}]},{"@type":"ImageObject","inLanguage":"ca-ES","@id":"https:\/\/www.fundacioires.org\/ca\/8m-lectures-transformadores\/#primaryimage","url":"https:\/\/i0.wp.com\/www.fundacioires.org\/wp-content\/uploads\/8M.jpg?fit=1200%2C628&ssl=1","contentUrl":"https:\/\/i0.wp.com\/www.fundacioires.org\/wp-content\/uploads\/8M.jpg?fit=1200%2C628&ssl=1","width":1200,"height":628},{"@type":"BreadcrumbList","@id":"https:\/\/www.fundacioires.org\/ca\/8m-lectures-transformadores\/#breadcrumb","itemListElement":[{"@type":"ListItem","position":1,"name":"Portada","item":"https:\/\/www.fundacioires.org\/"},{"@type":"ListItem","position":2,"name":"Llegir per a transformar: recomanacions de llibres que eduquen en igualtat"}]},{"@type":"WebSite","@id":"https:\/\/www.fundacioires.org\/#website","url":"https:\/\/www.fundacioires.org\/","name":"Fundaci\u00f3 IRES","description":"","publisher":{"@id":"https:\/\/www.fundacioires.org\/#organization"},"potentialAction":[{"@type":"SearchAction","target":{"@type":"EntryPoint","urlTemplate":"https:\/\/www.fundacioires.org\/?s={search_term_string}"},"query-input":{"@type":"PropertyValueSpecification","valueRequired":true,"valueName":"search_term_string"}}],"inLanguage":"ca-ES"},{"@type":"Organization","@id":"https:\/\/www.fundacioires.org\/#organization","name":"Fundanci\u00f3n IRES","url":"https:\/\/www.fundacioires.org\/","logo":{"@type":"ImageObject","inLanguage":"ca-ES","@id":"https:\/\/www.fundacioires.org\/#\/schema\/logo\/image\/","url":"https:\/\/i0.wp.com\/www.fundacioires.org\/wp-content\/uploads\/faviconIRES.png?fit=32%2C32&ssl=1","contentUrl":"https:\/\/i0.wp.com\/www.fundacioires.org\/wp-content\/uploads\/faviconIRES.png?fit=32%2C32&ssl=1","width":32,"height":32,"caption":"Fundanci\u00f3n IRES"},"image":{"@id":"https:\/\/www.fundacioires.org\/#\/schema\/logo\/image\/"}},{"@type":"Person","@id":"https:\/\/www.fundacioires.org\/#\/schema\/person\/160af843c565221ef4664a5c7000791c","name":"Fundaci\u00f3 IRES"}]}},"jetpack_featured_media_url":"https:\/\/i0.wp.com\/www.fundacioires.org\/wp-content\/uploads\/8M.jpg?fit=1200%2C628&ssl=1","jetpack_sharing_enabled":true,"_links":{"self":[{"href":"https:\/\/www.fundacioires.org\/ca\/wp-json\/wp\/v2\/posts\/83377","targetHints":{"allow":["GET"]}}],"collection":[{"href":"https:\/\/www.fundacioires.org\/ca\/wp-json\/wp\/v2\/posts"}],"about":[{"href":"https:\/\/www.fundacioires.org\/ca\/wp-json\/wp\/v2\/types\/post"}],"author":[{"embeddable":true,"href":"https:\/\/www.fundacioires.org\/ca\/wp-json\/wp\/v2\/users\/7"}],"replies":[{"embeddable":true,"href":"https:\/\/www.fundacioires.org\/ca\/wp-json\/wp\/v2\/comments?post=83377"}],"version-history":[{"count":3,"href":"https:\/\/www.fundacioires.org\/ca\/wp-json\/wp\/v2\/posts\/83377\/revisions"}],"predecessor-version":[{"id":83430,"href":"https:\/\/www.fundacioires.org\/ca\/wp-json\/wp\/v2\/posts\/83377\/revisions\/83430"}],"wp:featuredmedia":[{"embeddable":true,"href":"https:\/\/www.fundacioires.org\/ca\/wp-json\/wp\/v2\/media\/83378"}],"wp:attachment":[{"href":"https:\/\/www.fundacioires.org\/ca\/wp-json\/wp\/v2\/media?parent=83377"}],"wp:term":[{"taxonomy":"category","embeddable":true,"href":"https:\/\/www.fundacioires.org\/ca\/wp-json\/wp\/v2\/categories?post=83377"},{"taxonomy":"post_tag","embeddable":true,"href":"https:\/\/www.fundacioires.org\/ca\/wp-json\/wp\/v2\/tags?post=83377"}],"curies":[{"name":"wp","href":"https:\/\/api.w.org\/{rel}","templated":true}]}}