{"id":84877,"date":"2026-04-24T17:13:43","date_gmt":"2026-04-24T15:13:43","guid":{"rendered":"https:\/\/www.fundacioires.org\/?p=84877"},"modified":"2026-04-24T17:13:47","modified_gmt":"2026-04-24T15:13:47","slug":"sant-jordi-2026","status":"publish","type":"post","link":"https:\/\/www.fundacioires.org\/ca\/sant-jordi-2026\/","title":{"rendered":"Un Sant Jordi que ha ajudat fam\u00edlies en situaci\u00f3 de vulnerabilitat a reescriure el seu futur"},"content":{"rendered":"\n<p>La <strong>Fundaci\u00f3 IRES, amb el Majestic Hotel &amp; Spa Barcelona<\/strong> i la col\u00b7laboraci\u00f3 de diverses empreses i entitats, ha celebrat una nova edici\u00f3 de la campanya \u201cUna rosa per una causa\u201d, convertint Sant Jordi en una jornada plena de participaci\u00f3 i comprom\u00eds social.<\/p>\n\n\n\n<p>Enguany, la iniciativa ha recaptat 21.172,68\u20ac refor\u00e7ant aix\u00ed els recursos destinats als programes d\u2019atenci\u00f3 integral a les fam\u00edlies en situaci\u00f3 de vulnerabilitat que acompanya la Fundaci\u00f3.<\/p>\n\n\n\n<p>A m\u00e9s de les roses, la parada va viure ahir una jornada plena d\u2019activitat i sorpreses, amb la participaci\u00f3 d\u2019un drac molt especial que va aportar un toc festiu i diversi\u00f3 per a infants i adults a la diada. Des d\u2019aquest espai, m\u00e9s de 60 persones volunt\u00e0ries van contribuir amb entusiasme i dedicaci\u00f3 a donar a con\u00e8ixer la tasca de la Fundaci\u00f3. Moltes gr\u00e0cies a totes elles!<\/p>\n\n\n\n<h3 class=\"wp-block-heading\"><strong>Solidaritat que transforma vides<\/strong><\/h3>\n\n\n\n<p>L\u2019edici\u00f3 d\u2019enguany ha volgut posar en valor la singularitat de cada vida. Igual que cada rosa t\u00e9 la seva hist\u00f2ria, les persones i fam\u00edlies que atenem tenen el seu propi relat: preci\u00f3s, fr\u00e0gil i irrepetible. Totes les persones i entitats participants han contribu\u00eft a generar noves oportunitats perqu\u00e8 aquestes fam\u00edlies puguin reescriure el seu futur.<\/p>\n\n\n\n<p>L\u2019acci\u00f3 ha comptat amb el suport del Majestic Hotel &amp; Spa Barcelona, aix\u00ed com amb la participaci\u00f3 de la Facultat de Comunicaci\u00f3 Blanquerna \u2013 Universitat Ramon Llull, els alumnes de la qual han definit el concepte creatiu i el disseny de la caixa. En aquest sentit, volem fer una menci\u00f3 especial a Joan-Tor Pall\u00e0s i Berta Alarc\u00f3n, a qui es va fer entrega durant la diada del premi com a guanyadors del concurs de disseny que ha donat forma a la imatge de la campanya.<\/p>\n\n\n\n<p>Alhora, destacar la implicaci\u00f3 de l&#8217;equip del Majestic Hotel &amp; Spa Barcelona, que enguany ha volgut regalar les seves roses a la causa, sumant-se aix\u00ed a la iniciativa solid\u00e0ria.&nbsp;<\/p>\n\n\n\n<p>La campanya tamb\u00e9 ha comptat amb el comprom\u00eds de diverses empreses: Idilia Foods, S.L.U,INETUM Espa\u00f1a, S.A.,&nbsp; SIGMA Gesti\u00f3n Universitaria, AIE, Hotel Mandarin Oriental, Manglar, ALLYON ETL, S.L., Premium Delevent, S.L., TEIBOLTOP SL &#8211; Club Pilates Sant Cugat, OHL SERVICIOS INGESAN, S.A., Apple, Central Bar, S.A., GIR\u00d3 GH S.A., Editorial Salvat S.L., Innovat Hotels, S.L., Sainz de Baranda Advocats i Economistes SAP, l\u2019Associaci\u00f3 d&#8217;Empreses i Institucions 22@ Barcelona, WHIM GROUP SCP, Felca Servicio, S.A., Comercial Masoliver, S.A.U.,&nbsp; Beveland, S.A. i Suara Cooperativa, Per la seva banda, l\u2019equip de Carburos Met\u00e1licos tamb\u00e9 ha volgut contribuir a la causa donant les seves roses solid\u00e0ries.<\/p>\n\n\n\n<p>Gr\u00e0cies al comprom\u00eds de tots i totes, persones, empreses i entitats, les persones i fam\u00edlies en situaci\u00f3 de vulnerabilitat ateses per la Fundaci\u00f3 rebran una atenci\u00f3 integral a trav\u00e9s de projectes d\u2019acompanyament social, psicol\u00f2gic i educatiu que promoven noves oportunitats de futur.<\/p>\n","protected":false},"excerpt":{"rendered":"<p>La Fundaci\u00f3 IRES i el Majestic Hotel &#038; Spa Barcelona impulsen una nova edici\u00f3 de la campanya solid\u00e0ria \u201cUna rosa per una causa\u201d.<\/p>\n","protected":false},"author":7,"featured_media":84880,"comment_status":"closed","ping_status":"closed","sticky":false,"template":"","format":"standard","meta":{"_jetpack_memberships_contains_paid_content":false,"footnotes":""},"categories":[17],"tags":[],"class_list":["post-84877","post","type-post","status-publish","format-standard","has-post-thumbnail","hentry","category-sense-categoria"],"yoast_head":"<!-- This site is optimized with the Yoast SEO plugin v27.4 - https:\/\/yoast.com\/product\/yoast-seo-wordpress\/ -->\n<title>Un Sant Jordi per reescriure molts futurs<\/title>\n<meta name=\"description\" content=\"La Fundaci\u00f3 IRES i el Majestic Hotel &amp; Spa Barcelona impulsen una nova edici\u00f3 de la campanya solid\u00e0ria \u201cUna rosa per una causa\u201d.\" \/>\n<meta name=\"robots\" content=\"index, follow, max-snippet:-1, max-image-preview:large, max-video-preview:-1\" \/>\n<link rel=\"canonical\" href=\"https:\/\/www.fundacioires.org\/ca\/sant-jordi-2026\/\" \/>\n<meta property=\"og:locale\" content=\"ca_ES\" \/>\n<meta property=\"og:type\" content=\"article\" \/>\n<meta property=\"og:title\" content=\"Un Sant Jordi per reescriure molts futurs\" \/>\n<meta property=\"og:description\" content=\"La Fundaci\u00f3 IRES i el Majestic Hotel &amp; Spa Barcelona impulsen una nova edici\u00f3 de la campanya solid\u00e0ria \u201cUna rosa per una causa\u201d.\" \/>\n<meta property=\"og:url\" content=\"https:\/\/www.fundacioires.org\/ca\/sant-jordi-2026\/\" \/>\n<meta property=\"og:site_name\" content=\"Fundaci\u00f3 IRES\" \/>\n<meta property=\"article:published_time\" content=\"2026-04-24T15:13:43+00:00\" \/>\n<meta property=\"article:modified_time\" content=\"2026-04-24T15:13:47+00:00\" \/>\n<meta property=\"og:image\" content=\"https:\/\/www.fundacioires.org\/wp-content\/uploads\/SJ.png\" \/>\n\t<meta property=\"og:image:width\" content=\"1200\" \/>\n\t<meta property=\"og:image:height\" content=\"628\" \/>\n\t<meta property=\"og:image:type\" content=\"image\/png\" \/>\n<meta name=\"author\" content=\"Fundaci\u00f3 IRES\" \/>\n<meta name=\"twitter:card\" content=\"summary_large_image\" \/>\n<meta name=\"twitter:label1\" content=\"Written by\" \/>\n\t<meta name=\"twitter:data1\" content=\"Fundaci\u00f3 IRES\" \/>\n\t<meta name=\"twitter:label2\" content=\"Est. reading time\" \/>\n\t<meta name=\"twitter:data2\" content=\"3 minutes\" \/>\n<script type=\"application\/ld+json\" class=\"yoast-schema-graph\">{\"@context\":\"https:\\\/\\\/schema.org\",\"@graph\":[{\"@type\":\"Article\",\"@id\":\"https:\\\/\\\/www.fundacioires.org\\\/ca\\\/sant-jordi-2026\\\/#article\",\"isPartOf\":{\"@id\":\"https:\\\/\\\/www.fundacioires.org\\\/ca\\\/sant-jordi-2026\\\/\"},\"author\":{\"name\":\"Fundaci\u00f3 IRES\",\"@id\":\"https:\\\/\\\/www.fundacioires.org\\\/#\\\/schema\\\/person\\\/160af843c565221ef4664a5c7000791c\"},\"headline\":\"Un Sant Jordi que ha ajudat fam\u00edlies en situaci\u00f3 de vulnerabilitat a reescriure el seu futur\",\"datePublished\":\"2026-04-24T15:13:43+00:00\",\"dateModified\":\"2026-04-24T15:13:47+00:00\",\"mainEntityOfPage\":{\"@id\":\"https:\\\/\\\/www.fundacioires.org\\\/ca\\\/sant-jordi-2026\\\/\"},\"wordCount\":523,\"publisher\":{\"@id\":\"https:\\\/\\\/www.fundacioires.org\\\/#organization\"},\"image\":{\"@id\":\"https:\\\/\\\/www.fundacioires.org\\\/ca\\\/sant-jordi-2026\\\/#primaryimage\"},\"thumbnailUrl\":\"https:\\\/\\\/i0.wp.com\\\/www.fundacioires.org\\\/wp-content\\\/uploads\\\/SJ.png?fit=1200%2C628&ssl=1\",\"articleSection\":[\"Sense categoria\"],\"inLanguage\":\"ca-ES\"},{\"@type\":\"WebPage\",\"@id\":\"https:\\\/\\\/www.fundacioires.org\\\/ca\\\/sant-jordi-2026\\\/\",\"url\":\"https:\\\/\\\/www.fundacioires.org\\\/ca\\\/sant-jordi-2026\\\/\",\"name\":\"Un Sant Jordi per reescriure molts futurs\",\"isPartOf\":{\"@id\":\"https:\\\/\\\/www.fundacioires.org\\\/#website\"},\"primaryImageOfPage\":{\"@id\":\"https:\\\/\\\/www.fundacioires.org\\\/ca\\\/sant-jordi-2026\\\/#primaryimage\"},\"image\":{\"@id\":\"https:\\\/\\\/www.fundacioires.org\\\/ca\\\/sant-jordi-2026\\\/#primaryimage\"},\"thumbnailUrl\":\"https:\\\/\\\/i0.wp.com\\\/www.fundacioires.org\\\/wp-content\\\/uploads\\\/SJ.png?fit=1200%2C628&ssl=1\",\"datePublished\":\"2026-04-24T15:13:43+00:00\",\"dateModified\":\"2026-04-24T15:13:47+00:00\",\"description\":\"La Fundaci\u00f3 IRES i el Majestic Hotel & Spa Barcelona impulsen una nova edici\u00f3 de la campanya solid\u00e0ria \u201cUna rosa per una causa\u201d.\",\"breadcrumb\":{\"@id\":\"https:\\\/\\\/www.fundacioires.org\\\/ca\\\/sant-jordi-2026\\\/#breadcrumb\"},\"inLanguage\":\"ca-ES\",\"potentialAction\":[{\"@type\":\"ReadAction\",\"target\":[\"https:\\\/\\\/www.fundacioires.org\\\/ca\\\/sant-jordi-2026\\\/\"]}]},{\"@type\":\"ImageObject\",\"inLanguage\":\"ca-ES\",\"@id\":\"https:\\\/\\\/www.fundacioires.org\\\/ca\\\/sant-jordi-2026\\\/#primaryimage\",\"url\":\"https:\\\/\\\/i0.wp.com\\\/www.fundacioires.org\\\/wp-content\\\/uploads\\\/SJ.png?fit=1200%2C628&ssl=1\",\"contentUrl\":\"https:\\\/\\\/i0.wp.com\\\/www.fundacioires.org\\\/wp-content\\\/uploads\\\/SJ.png?fit=1200%2C628&ssl=1\",\"width\":1200,\"height\":628},{\"@type\":\"BreadcrumbList\",\"@id\":\"https:\\\/\\\/www.fundacioires.org\\\/ca\\\/sant-jordi-2026\\\/#breadcrumb\",\"itemListElement\":[{\"@type\":\"ListItem\",\"position\":1,\"name\":\"Portada\",\"item\":\"https:\\\/\\\/www.fundacioires.org\\\/\"},{\"@type\":\"ListItem\",\"position\":2,\"name\":\"Un Sant Jordi que ha ajudat fam\u00edlies en situaci\u00f3 de vulnerabilitat a reescriure el seu futur\"}]},{\"@type\":\"WebSite\",\"@id\":\"https:\\\/\\\/www.fundacioires.org\\\/#website\",\"url\":\"https:\\\/\\\/www.fundacioires.org\\\/\",\"name\":\"Fundaci\u00f3 IRES\",\"description\":\"\",\"publisher\":{\"@id\":\"https:\\\/\\\/www.fundacioires.org\\\/#organization\"},\"potentialAction\":[{\"@type\":\"SearchAction\",\"target\":{\"@type\":\"EntryPoint\",\"urlTemplate\":\"https:\\\/\\\/www.fundacioires.org\\\/?s={search_term_string}\"},\"query-input\":{\"@type\":\"PropertyValueSpecification\",\"valueRequired\":true,\"valueName\":\"search_term_string\"}}],\"inLanguage\":\"ca-ES\"},{\"@type\":\"Organization\",\"@id\":\"https:\\\/\\\/www.fundacioires.org\\\/#organization\",\"name\":\"Fundanci\u00f3n IRES\",\"url\":\"https:\\\/\\\/www.fundacioires.org\\\/\",\"logo\":{\"@type\":\"ImageObject\",\"inLanguage\":\"ca-ES\",\"@id\":\"https:\\\/\\\/www.fundacioires.org\\\/#\\\/schema\\\/logo\\\/image\\\/\",\"url\":\"https:\\\/\\\/i0.wp.com\\\/www.fundacioires.org\\\/wp-content\\\/uploads\\\/faviconIRES.png?fit=32%2C32&ssl=1\",\"contentUrl\":\"https:\\\/\\\/i0.wp.com\\\/www.fundacioires.org\\\/wp-content\\\/uploads\\\/faviconIRES.png?fit=32%2C32&ssl=1\",\"width\":32,\"height\":32,\"caption\":\"Fundanci\u00f3n IRES\"},\"image\":{\"@id\":\"https:\\\/\\\/www.fundacioires.org\\\/#\\\/schema\\\/logo\\\/image\\\/\"}},{\"@type\":\"Person\",\"@id\":\"https:\\\/\\\/www.fundacioires.org\\\/#\\\/schema\\\/person\\\/160af843c565221ef4664a5c7000791c\",\"name\":\"Fundaci\u00f3 IRES\"}]}<\/script>\n<!-- \/ Yoast SEO plugin. -->","yoast_head_json":{"title":"Un Sant Jordi per reescriure molts futurs","description":"La Fundaci\u00f3 IRES i el Majestic Hotel & Spa Barcelona impulsen una nova edici\u00f3 de la campanya solid\u00e0ria \u201cUna rosa per una causa\u201d.","robots":{"index":"index","follow":"follow","max-snippet":"max-snippet:-1","max-image-preview":"max-image-preview:large","max-video-preview":"max-video-preview:-1"},"canonical":"https:\/\/www.fundacioires.org\/ca\/sant-jordi-2026\/","og_locale":"ca_ES","og_type":"article","og_title":"Un Sant Jordi per reescriure molts futurs","og_description":"La Fundaci\u00f3 IRES i el Majestic Hotel & Spa Barcelona impulsen una nova edici\u00f3 de la campanya solid\u00e0ria \u201cUna rosa per una causa\u201d.","og_url":"https:\/\/www.fundacioires.org\/ca\/sant-jordi-2026\/","og_site_name":"Fundaci\u00f3 IRES","article_published_time":"2026-04-24T15:13:43+00:00","article_modified_time":"2026-04-24T15:13:47+00:00","og_image":[{"width":1200,"height":628,"url":"https:\/\/www.fundacioires.org\/wp-content\/uploads\/SJ.png","type":"image\/png"}],"author":"Fundaci\u00f3 IRES","twitter_card":"summary_large_image","twitter_misc":{"Written by":"Fundaci\u00f3 IRES","Est. reading time":"3 minutes"},"schema":{"@context":"https:\/\/schema.org","@graph":[{"@type":"Article","@id":"https:\/\/www.fundacioires.org\/ca\/sant-jordi-2026\/#article","isPartOf":{"@id":"https:\/\/www.fundacioires.org\/ca\/sant-jordi-2026\/"},"author":{"name":"Fundaci\u00f3 IRES","@id":"https:\/\/www.fundacioires.org\/#\/schema\/person\/160af843c565221ef4664a5c7000791c"},"headline":"Un Sant Jordi que ha ajudat fam\u00edlies en situaci\u00f3 de vulnerabilitat a reescriure el seu futur","datePublished":"2026-04-24T15:13:43+00:00","dateModified":"2026-04-24T15:13:47+00:00","mainEntityOfPage":{"@id":"https:\/\/www.fundacioires.org\/ca\/sant-jordi-2026\/"},"wordCount":523,"publisher":{"@id":"https:\/\/www.fundacioires.org\/#organization"},"image":{"@id":"https:\/\/www.fundacioires.org\/ca\/sant-jordi-2026\/#primaryimage"},"thumbnailUrl":"https:\/\/i0.wp.com\/www.fundacioires.org\/wp-content\/uploads\/SJ.png?fit=1200%2C628&ssl=1","articleSection":["Sense categoria"],"inLanguage":"ca-ES"},{"@type":"WebPage","@id":"https:\/\/www.fundacioires.org\/ca\/sant-jordi-2026\/","url":"https:\/\/www.fundacioires.org\/ca\/sant-jordi-2026\/","name":"Un Sant Jordi per reescriure molts futurs","isPartOf":{"@id":"https:\/\/www.fundacioires.org\/#website"},"primaryImageOfPage":{"@id":"https:\/\/www.fundacioires.org\/ca\/sant-jordi-2026\/#primaryimage"},"image":{"@id":"https:\/\/www.fundacioires.org\/ca\/sant-jordi-2026\/#primaryimage"},"thumbnailUrl":"https:\/\/i0.wp.com\/www.fundacioires.org\/wp-content\/uploads\/SJ.png?fit=1200%2C628&ssl=1","datePublished":"2026-04-24T15:13:43+00:00","dateModified":"2026-04-24T15:13:47+00:00","description":"La Fundaci\u00f3 IRES i el Majestic Hotel & Spa Barcelona impulsen una nova edici\u00f3 de la campanya solid\u00e0ria \u201cUna rosa per una causa\u201d.","breadcrumb":{"@id":"https:\/\/www.fundacioires.org\/ca\/sant-jordi-2026\/#breadcrumb"},"inLanguage":"ca-ES","potentialAction":[{"@type":"ReadAction","target":["https:\/\/www.fundacioires.org\/ca\/sant-jordi-2026\/"]}]},{"@type":"ImageObject","inLanguage":"ca-ES","@id":"https:\/\/www.fundacioires.org\/ca\/sant-jordi-2026\/#primaryimage","url":"https:\/\/i0.wp.com\/www.fundacioires.org\/wp-content\/uploads\/SJ.png?fit=1200%2C628&ssl=1","contentUrl":"https:\/\/i0.wp.com\/www.fundacioires.org\/wp-content\/uploads\/SJ.png?fit=1200%2C628&ssl=1","width":1200,"height":628},{"@type":"BreadcrumbList","@id":"https:\/\/www.fundacioires.org\/ca\/sant-jordi-2026\/#breadcrumb","itemListElement":[{"@type":"ListItem","position":1,"name":"Portada","item":"https:\/\/www.fundacioires.org\/"},{"@type":"ListItem","position":2,"name":"Un Sant Jordi que ha ajudat fam\u00edlies en situaci\u00f3 de vulnerabilitat a reescriure el seu futur"}]},{"@type":"WebSite","@id":"https:\/\/www.fundacioires.org\/#website","url":"https:\/\/www.fundacioires.org\/","name":"Fundaci\u00f3 IRES","description":"","publisher":{"@id":"https:\/\/www.fundacioires.org\/#organization"},"potentialAction":[{"@type":"SearchAction","target":{"@type":"EntryPoint","urlTemplate":"https:\/\/www.fundacioires.org\/?s={search_term_string}"},"query-input":{"@type":"PropertyValueSpecification","valueRequired":true,"valueName":"search_term_string"}}],"inLanguage":"ca-ES"},{"@type":"Organization","@id":"https:\/\/www.fundacioires.org\/#organization","name":"Fundanci\u00f3n IRES","url":"https:\/\/www.fundacioires.org\/","logo":{"@type":"ImageObject","inLanguage":"ca-ES","@id":"https:\/\/www.fundacioires.org\/#\/schema\/logo\/image\/","url":"https:\/\/i0.wp.com\/www.fundacioires.org\/wp-content\/uploads\/faviconIRES.png?fit=32%2C32&ssl=1","contentUrl":"https:\/\/i0.wp.com\/www.fundacioires.org\/wp-content\/uploads\/faviconIRES.png?fit=32%2C32&ssl=1","width":32,"height":32,"caption":"Fundanci\u00f3n IRES"},"image":{"@id":"https:\/\/www.fundacioires.org\/#\/schema\/logo\/image\/"}},{"@type":"Person","@id":"https:\/\/www.fundacioires.org\/#\/schema\/person\/160af843c565221ef4664a5c7000791c","name":"Fundaci\u00f3 IRES"}]}},"jetpack_featured_media_url":"https:\/\/i0.wp.com\/www.fundacioires.org\/wp-content\/uploads\/SJ.png?fit=1200%2C628&ssl=1","jetpack_sharing_enabled":true,"_links":{"self":[{"href":"https:\/\/www.fundacioires.org\/ca\/wp-json\/wp\/v2\/posts\/84877","targetHints":{"allow":["GET"]}}],"collection":[{"href":"https:\/\/www.fundacioires.org\/ca\/wp-json\/wp\/v2\/posts"}],"about":[{"href":"https:\/\/www.fundacioires.org\/ca\/wp-json\/wp\/v2\/types\/post"}],"author":[{"embeddable":true,"href":"https:\/\/www.fundacioires.org\/ca\/wp-json\/wp\/v2\/users\/7"}],"replies":[{"embeddable":true,"href":"https:\/\/www.fundacioires.org\/ca\/wp-json\/wp\/v2\/comments?post=84877"}],"version-history":[{"count":2,"href":"https:\/\/www.fundacioires.org\/ca\/wp-json\/wp\/v2\/posts\/84877\/revisions"}],"predecessor-version":[{"id":84888,"href":"https:\/\/www.fundacioires.org\/ca\/wp-json\/wp\/v2\/posts\/84877\/revisions\/84888"}],"wp:featuredmedia":[{"embeddable":true,"href":"https:\/\/www.fundacioires.org\/ca\/wp-json\/wp\/v2\/media\/84880"}],"wp:attachment":[{"href":"https:\/\/www.fundacioires.org\/ca\/wp-json\/wp\/v2\/media?parent=84877"}],"wp:term":[{"taxonomy":"category","embeddable":true,"href":"https:\/\/www.fundacioires.org\/ca\/wp-json\/wp\/v2\/categories?post=84877"},{"taxonomy":"post_tag","embeddable":true,"href":"https:\/\/www.fundacioires.org\/ca\/wp-json\/wp\/v2\/tags?post=84877"}],"curies":[{"name":"wp","href":"https:\/\/api.w.org\/{rel}","templated":true}]}}